{"id":32223,"date":"2023-10-20T18:31:16","date_gmt":"2023-10-20T18:31:16","guid":{"rendered":"https:\/\/permbledhja.com\/?p=32223"},"modified":"2023-10-20T18:31:16","modified_gmt":"2023-10-20T18:31:16","slug":"plagosja-ne-prishtine-nga-policia-e-kosoves-shpalosin-detaje-per-07-press","status":"publish","type":"post","link":"https:\/\/permbledhja.com\/sq\/plagosja-ne-prishtine-nga-policia-e-kosoves-shpalosin-detaje-per-07-press\/","title":{"rendered":"Plagosja n\u00eb Prishtin\u00eb, nga Policia e Kosov\u00ebs shpalosin detaje p\u00ebr 07 Press"},"content":{"rendered":"<h3>Pak \u00e7aste m\u00eb par\u00eb, 07 Press raportoi p\u00ebr nj\u00eb plagosje n\u00eb kryeqytet.<\/h3>\n<p>Ka qen\u00eb z\u00ebdh\u00ebn\u00ebsja e Policis\u00eb s\u00eb Kosov\u00ebs p\u00ebr rajonin e Prishtin\u00ebs, Flora Ahmeti q\u00eb dha detaje shtes\u00eb.<\/p>\n<p>P\u00ebr 07 Press ajo tha se ngjarja raportohet t\u00eb ket\u00eb ndodhur rreth or\u00ebs 19:00.<\/p>\n<p><em>&#8220;Sot rreth or\u00ebs 19:00 policia ka marr\u00eb informat\u00ebn p\u00ebr nj\u00eb plagosje me arm\u00eb zjarri t\u00eb ndodhur n\u00eb lagjen Lakrishte n\u00eb Prishtin\u00eb. Menj\u00ebher\u00eb pas marrjes s\u00eb informat\u00ebs policia ka dal\u00eb n\u00eb vendin e ngjarjes\u00a0 dhe ka nd\u00ebrmarr\u00eb t\u00eb gjitha veprimet e nevojshme q\u00eb konsistojn\u00eb n\u00eb hetimin e rrethanave q\u00eb karakterizojn\u00eb ngjarjen. <\/em><\/p>\n<p><em>Bazuar n\u00eb t\u00eb dh\u00ebnat fillestare\u00a0 dyshohet se me arm\u00eb zjarri jan\u00eb plagosur tre persona, t\u00eb cil\u00ebt jan\u00eb d\u00ebrguar p\u00ebr tretman mjek\u00ebsor. Hetuesit policor n\u00eb koordinim me prokurorin\u00eb, po nd\u00ebrmarrin\u00a0 veprimet hetimore p\u00ebr arrestimin e dy personave t\u00eb dyshuar ( t\u00eb cil\u00ebt jan\u00eb identifikuar) si dhe ndri\u00e7imin e plot\u00eb t\u00eb rastit&#8221;<\/em>.<\/p>\n","protected":false},"excerpt":{"rendered":"<p>Pak \u00e7aste m\u00eb par\u00eb, 07 Press raportoi p\u00ebr nj\u00eb plagosje n\u00eb kryeqytet. Ka qen\u00eb z\u00ebdh\u00ebn\u00ebsja e Policis\u00eb s\u00eb Kosov\u00ebs p\u00ebr rajonin e Prishtin\u00ebs, Flora Ahmeti q\u00eb dha detaje shtes\u00eb. P\u00ebr 07 Press ajo tha se ngjarja raportohet t\u00eb ket\u00eb ndodhur rreth or\u00ebs 19:00. &#8220;Sot rreth or\u00ebs 19:00 policia ka marr\u00eb informat\u00ebn p\u00ebr nj\u00eb plagosje me [&hellip;]<\/p>\n","protected":false},"author":1,"featured_media":30848,"comment_status":"closed","ping_status":"closed","sticky":false,"template":"","format":"standard","meta":{"_monsterinsights_skip_tracking":false,"_monsterinsights_sitenote_active":false,"_monsterinsights_sitenote_note":"","_monsterinsights_sitenote_category":0,"_uf_show_specific_survey":0,"_uf_disable_surveys":false,"footnotes":""},"categories":[23,15],"tags":[102],"yoast_head":"<!-- This site is optimized with the Yoast SEO plugin v21.5 - https:\/\/yoast.com\/wordpress\/plugins\/seo\/ -->\n<title>Plagosja n\u00eb Prishtin\u00eb, nga Policia e Kosov\u00ebs shpalosin detaje p\u00ebr 07 Press<\/title>\n<meta name=\"robots\" content=\"index, follow, max-snippet:-1, max-image-preview:large, max-video-preview:-1\" \/>\n<link rel=\"canonical\" href=\"https:\/\/permbledhja.com\/sq\/plagosja-ne-prishtine-nga-policia-e-kosoves-shpalosin-detaje-per-07-press\/\" \/>\n<meta property=\"og:locale\" content=\"sq_AL\" \/>\n<meta property=\"og:type\" content=\"article\" \/>\n<meta property=\"og:title\" content=\"Plagosja n\u00eb Prishtin\u00eb, nga Policia e Kosov\u00ebs shpalosin detaje p\u00ebr 07 Press\" \/>\n<meta property=\"og:description\" content=\"Pak \u00e7aste m\u00eb par\u00eb, 07 Press raportoi p\u00ebr nj\u00eb plagosje n\u00eb kryeqytet. Ka qen\u00eb z\u00ebdh\u00ebn\u00ebsja e Policis\u00eb s\u00eb Kosov\u00ebs p\u00ebr rajonin e Prishtin\u00ebs, Flora Ahmeti q\u00eb dha detaje shtes\u00eb. P\u00ebr 07 Press ajo tha se ngjarja raportohet t\u00eb ket\u00eb ndodhur rreth or\u00ebs 19:00. &#8220;Sot rreth or\u00ebs 19:00 policia ka marr\u00eb informat\u00ebn p\u00ebr nj\u00eb plagosje me [&hellip;]\" \/>\n<meta property=\"og:url\" content=\"https:\/\/permbledhja.com\/sq\/plagosja-ne-prishtine-nga-policia-e-kosoves-shpalosin-detaje-per-07-press\/\" \/>\n<meta property=\"og:site_name\" content=\"Ve\u00e7 artikuj p\u00ebrmbledh\u00ebs\" \/>\n<meta property=\"article:publisher\" content=\"https:\/\/www.facebook.com\/press07\/\" \/>\n<meta property=\"article:author\" content=\"https:\/\/www.facebook.com\/kafexhiu.muharrem\/\" \/>\n<meta property=\"article:published_time\" content=\"2023-10-20T18:31:16+00:00\" \/>\n<meta property=\"og:image\" content=\"https:\/\/permbledhja.com\/wp-content\/uploads\/2023\/10\/policia-1.png\" \/>\n\t<meta property=\"og:image:width\" content=\"646\" \/>\n\t<meta property=\"og:image:height\" content=\"359\" \/>\n\t<meta property=\"og:image:type\" content=\"image\/png\" \/>\n<meta name=\"author\" content=\"P\u00ebrmbledhja\" \/>\n<meta name=\"twitter:card\" content=\"summary_large_image\" \/>\n<meta name=\"twitter:label1\" content=\"Written by\" \/>\n\t<meta name=\"twitter:data1\" content=\"P\u00ebrmbledhja\" \/>\n\t<meta name=\"twitter:label2\" content=\"Est. reading time\" \/>\n\t<meta name=\"twitter:data2\" content=\"1 minut\u00eb\" \/>\n<script type=\"application\/ld+json\" class=\"yoast-schema-graph\">{\"@context\":\"https:\/\/schema.org\",\"@graph\":[{\"@type\":\"Article\",\"@id\":\"https:\/\/permbledhja.com\/plagosja-ne-prishtine-nga-policia-e-kosoves-shpalosin-detaje-per-07-press\/#article\",\"isPartOf\":{\"@id\":\"https:\/\/permbledhja.com\/plagosja-ne-prishtine-nga-policia-e-kosoves-shpalosin-detaje-per-07-press\/\"},\"author\":{\"name\":\"P\u00ebrmbledhja\",\"@id\":\"https:\/\/permbledhja.com\/#\/schema\/person\/0d064377258d3221e50693947b9eb4fe\"},\"headline\":\"Plagosja n\u00eb Prishtin\u00eb, nga Policia e Kosov\u00ebs shpalosin detaje p\u00ebr 07 Press\",\"datePublished\":\"2023-10-20T18:31:16+00:00\",\"dateModified\":\"2023-10-20T18:31:16+00:00\",\"mainEntityOfPage\":{\"@id\":\"https:\/\/permbledhja.com\/plagosja-ne-prishtine-nga-policia-e-kosoves-shpalosin-detaje-per-07-press\/\"},\"wordCount\":175,\"publisher\":{\"@id\":\"https:\/\/permbledhja.com\/#organization\"},\"keywords\":[\"Policia e Kosov\u00ebs\"],\"articleSection\":[\"Komb\u00ebtare\",\"Lajme\"],\"inLanguage\":\"sq\"},{\"@type\":\"WebPage\",\"@id\":\"https:\/\/permbledhja.com\/plagosja-ne-prishtine-nga-policia-e-kosoves-shpalosin-detaje-per-07-press\/\",\"url\":\"https:\/\/permbledhja.com\/plagosja-ne-prishtine-nga-policia-e-kosoves-shpalosin-detaje-per-07-press\/\",\"name\":\"Plagosja n\u00eb Prishtin\u00eb, nga Policia e Kosov\u00ebs shpalosin detaje p\u00ebr 07 Press\",\"isPartOf\":{\"@id\":\"https:\/\/permbledhja.com\/#website\"},\"datePublished\":\"2023-10-20T18:31:16+00:00\",\"dateModified\":\"2023-10-20T18:31:16+00:00\",\"breadcrumb\":{\"@id\":\"https:\/\/permbledhja.com\/plagosja-ne-prishtine-nga-policia-e-kosoves-shpalosin-detaje-per-07-press\/#breadcrumb\"},\"inLanguage\":\"sq\",\"potentialAction\":[{\"@type\":\"ReadAction\",\"target\":[\"https:\/\/permbledhja.com\/plagosja-ne-prishtine-nga-policia-e-kosoves-shpalosin-detaje-per-07-press\/\"]}]},{\"@type\":\"BreadcrumbList\",\"@id\":\"https:\/\/permbledhja.com\/plagosja-ne-prishtine-nga-policia-e-kosoves-shpalosin-detaje-per-07-press\/#breadcrumb\",\"itemListElement\":[{\"@type\":\"ListItem\",\"position\":1,\"name\":\"Ballina\",\"item\":\"https:\/\/permbledhja.com\/sq\/\"},{\"@type\":\"ListItem\",\"position\":2,\"name\":\"Plagosja n\u00eb Prishtin\u00eb, nga Policia e Kosov\u00ebs shpalosin detaje p\u00ebr 07 Press\"}]},{\"@type\":\"WebSite\",\"@id\":\"https:\/\/permbledhja.com\/#website\",\"url\":\"https:\/\/permbledhja.com\/\",\"name\":\"Ve\u00e7 artikuj p\u00ebrmbledh\u00ebs\",\"description\":\"\",\"publisher\":{\"@id\":\"https:\/\/permbledhja.com\/#organization\"},\"potentialAction\":[{\"@type\":\"SearchAction\",\"target\":{\"@type\":\"EntryPoint\",\"urlTemplate\":\"https:\/\/permbledhja.com\/?s={search_term_string}\"},\"query-input\":\"required name=search_term_string\"}],\"inLanguage\":\"sq\"},{\"@type\":\"Organization\",\"@id\":\"https:\/\/permbledhja.com\/#organization\",\"name\":\"MK Media & Pr\",\"url\":\"https:\/\/permbledhja.com\/\",\"logo\":{\"@type\":\"ImageObject\",\"inLanguage\":\"sq\",\"@id\":\"https:\/\/permbledhja.com\/#\/schema\/logo\/image\/\",\"url\":\"https:\/\/permbledhja.com\/wp-content\/uploads\/2021\/12\/07-Press-Logo.jpg\",\"contentUrl\":\"https:\/\/permbledhja.com\/wp-content\/uploads\/2021\/12\/07-Press-Logo.jpg\",\"width\":512,\"height\":512,\"caption\":\"MK Media & Pr\"},\"image\":{\"@id\":\"https:\/\/permbledhja.com\/#\/schema\/logo\/image\/\"},\"sameAs\":[\"https:\/\/www.facebook.com\/press07\/\"]},{\"@type\":\"Person\",\"@id\":\"https:\/\/permbledhja.com\/#\/schema\/person\/0d064377258d3221e50693947b9eb4fe\",\"name\":\"P\u00ebrmbledhja\",\"image\":{\"@type\":\"ImageObject\",\"inLanguage\":\"sq\",\"@id\":\"https:\/\/permbledhja.com\/#\/schema\/person\/image\/\",\"url\":\"https:\/\/permbledhja.com\/wp-content\/uploads\/2026\/01\/452004717_1040944174702970_8932037511805513407_n-96x96.jpg\",\"contentUrl\":\"https:\/\/permbledhja.com\/wp-content\/uploads\/2026\/01\/452004717_1040944174702970_8932037511805513407_n-96x96.jpg\",\"caption\":\"P\u00ebrmbledhja\"},\"sameAs\":[\"https:\/\/www.facebook.com\/kafexhiu.muharrem\/\",\"https:\/\/www.instagram.com\/muharrem_kafexhiu\/\"],\"url\":\"https:\/\/permbledhja.com\/sq\/author\/admin\/\"}]}<\/script>\n<!-- \/ Yoast SEO plugin. -->","yoast_head_json":{"title":"Plagosja n\u00eb Prishtin\u00eb, nga Policia e Kosov\u00ebs shpalosin detaje p\u00ebr 07 Press","robots":{"index":"index","follow":"follow","max-snippet":"max-snippet:-1","max-image-preview":"max-image-preview:large","max-video-preview":"max-video-preview:-1"},"canonical":"https:\/\/permbledhja.com\/sq\/plagosja-ne-prishtine-nga-policia-e-kosoves-shpalosin-detaje-per-07-press\/","og_locale":"sq_AL","og_type":"article","og_title":"Plagosja n\u00eb Prishtin\u00eb, nga Policia e Kosov\u00ebs shpalosin detaje p\u00ebr 07 Press","og_description":"Pak \u00e7aste m\u00eb par\u00eb, 07 Press raportoi p\u00ebr nj\u00eb plagosje n\u00eb kryeqytet. Ka qen\u00eb z\u00ebdh\u00ebn\u00ebsja e Policis\u00eb s\u00eb Kosov\u00ebs p\u00ebr rajonin e Prishtin\u00ebs, Flora Ahmeti q\u00eb dha detaje shtes\u00eb. P\u00ebr 07 Press ajo tha se ngjarja raportohet t\u00eb ket\u00eb ndodhur rreth or\u00ebs 19:00. &#8220;Sot rreth or\u00ebs 19:00 policia ka marr\u00eb informat\u00ebn p\u00ebr nj\u00eb plagosje me [&hellip;]","og_url":"https:\/\/permbledhja.com\/sq\/plagosja-ne-prishtine-nga-policia-e-kosoves-shpalosin-detaje-per-07-press\/","og_site_name":"Ve\u00e7 artikuj p\u00ebrmbledh\u00ebs","article_publisher":"https:\/\/www.facebook.com\/press07\/","article_author":"https:\/\/www.facebook.com\/kafexhiu.muharrem\/","article_published_time":"2023-10-20T18:31:16+00:00","og_image":[{"width":646,"height":359,"url":"https:\/\/permbledhja.com\/wp-content\/uploads\/2023\/10\/policia-1.png","type":"image\/png"}],"author":"P\u00ebrmbledhja","twitter_card":"summary_large_image","twitter_misc":{"Written by":"P\u00ebrmbledhja","Est. reading time":"1 minut\u00eb"},"schema":{"@context":"https:\/\/schema.org","@graph":[{"@type":"Article","@id":"https:\/\/permbledhja.com\/plagosja-ne-prishtine-nga-policia-e-kosoves-shpalosin-detaje-per-07-press\/#article","isPartOf":{"@id":"https:\/\/permbledhja.com\/plagosja-ne-prishtine-nga-policia-e-kosoves-shpalosin-detaje-per-07-press\/"},"author":{"name":"P\u00ebrmbledhja","@id":"https:\/\/permbledhja.com\/#\/schema\/person\/0d064377258d3221e50693947b9eb4fe"},"headline":"Plagosja n\u00eb Prishtin\u00eb, nga Policia e Kosov\u00ebs shpalosin detaje p\u00ebr 07 Press","datePublished":"2023-10-20T18:31:16+00:00","dateModified":"2023-10-20T18:31:16+00:00","mainEntityOfPage":{"@id":"https:\/\/permbledhja.com\/plagosja-ne-prishtine-nga-policia-e-kosoves-shpalosin-detaje-per-07-press\/"},"wordCount":175,"publisher":{"@id":"https:\/\/permbledhja.com\/#organization"},"keywords":["Policia e Kosov\u00ebs"],"articleSection":["Komb\u00ebtare","Lajme"],"inLanguage":"sq"},{"@type":"WebPage","@id":"https:\/\/permbledhja.com\/plagosja-ne-prishtine-nga-policia-e-kosoves-shpalosin-detaje-per-07-press\/","url":"https:\/\/permbledhja.com\/plagosja-ne-prishtine-nga-policia-e-kosoves-shpalosin-detaje-per-07-press\/","name":"Plagosja n\u00eb Prishtin\u00eb, nga Policia e Kosov\u00ebs shpalosin detaje p\u00ebr 07 Press","isPartOf":{"@id":"https:\/\/permbledhja.com\/#website"},"datePublished":"2023-10-20T18:31:16+00:00","dateModified":"2023-10-20T18:31:16+00:00","breadcrumb":{"@id":"https:\/\/permbledhja.com\/plagosja-ne-prishtine-nga-policia-e-kosoves-shpalosin-detaje-per-07-press\/#breadcrumb"},"inLanguage":"sq","potentialAction":[{"@type":"ReadAction","target":["https:\/\/permbledhja.com\/plagosja-ne-prishtine-nga-policia-e-kosoves-shpalosin-detaje-per-07-press\/"]}]},{"@type":"BreadcrumbList","@id":"https:\/\/permbledhja.com\/plagosja-ne-prishtine-nga-policia-e-kosoves-shpalosin-detaje-per-07-press\/#breadcrumb","itemListElement":[{"@type":"ListItem","position":1,"name":"Ballina","item":"https:\/\/permbledhja.com\/sq\/"},{"@type":"ListItem","position":2,"name":"Plagosja n\u00eb Prishtin\u00eb, nga Policia e Kosov\u00ebs shpalosin detaje p\u00ebr 07 Press"}]},{"@type":"WebSite","@id":"https:\/\/permbledhja.com\/#website","url":"https:\/\/permbledhja.com\/","name":"Ve\u00e7 artikuj p\u00ebrmbledh\u00ebs","description":"","publisher":{"@id":"https:\/\/permbledhja.com\/#organization"},"potentialAction":[{"@type":"SearchAction","target":{"@type":"EntryPoint","urlTemplate":"https:\/\/permbledhja.com\/?s={search_term_string}"},"query-input":"required name=search_term_string"}],"inLanguage":"sq"},{"@type":"Organization","@id":"https:\/\/permbledhja.com\/#organization","name":"MK Media & Pr","url":"https:\/\/permbledhja.com\/","logo":{"@type":"ImageObject","inLanguage":"sq","@id":"https:\/\/permbledhja.com\/#\/schema\/logo\/image\/","url":"https:\/\/permbledhja.com\/wp-content\/uploads\/2021\/12\/07-Press-Logo.jpg","contentUrl":"https:\/\/permbledhja.com\/wp-content\/uploads\/2021\/12\/07-Press-Logo.jpg","width":512,"height":512,"caption":"MK Media & Pr"},"image":{"@id":"https:\/\/permbledhja.com\/#\/schema\/logo\/image\/"},"sameAs":["https:\/\/www.facebook.com\/press07\/"]},{"@type":"Person","@id":"https:\/\/permbledhja.com\/#\/schema\/person\/0d064377258d3221e50693947b9eb4fe","name":"P\u00ebrmbledhja","image":{"@type":"ImageObject","inLanguage":"sq","@id":"https:\/\/permbledhja.com\/#\/schema\/person\/image\/","url":"https:\/\/permbledhja.com\/wp-content\/uploads\/2026\/01\/452004717_1040944174702970_8932037511805513407_n-96x96.jpg","contentUrl":"https:\/\/permbledhja.com\/wp-content\/uploads\/2026\/01\/452004717_1040944174702970_8932037511805513407_n-96x96.jpg","caption":"P\u00ebrmbledhja"},"sameAs":["https:\/\/www.facebook.com\/kafexhiu.muharrem\/","https:\/\/www.instagram.com\/muharrem_kafexhiu\/"],"url":"https:\/\/permbledhja.com\/sq\/author\/admin\/"}]}},"_links":{"self":[{"href":"https:\/\/permbledhja.com\/sq\/wp-json\/wp\/v2\/posts\/32223"}],"collection":[{"href":"https:\/\/permbledhja.com\/sq\/wp-json\/wp\/v2\/posts"}],"about":[{"href":"https:\/\/permbledhja.com\/sq\/wp-json\/wp\/v2\/types\/post"}],"author":[{"embeddable":true,"href":"https:\/\/permbledhja.com\/sq\/wp-json\/wp\/v2\/users\/1"}],"replies":[{"embeddable":true,"href":"https:\/\/permbledhja.com\/sq\/wp-json\/wp\/v2\/comments?post=32223"}],"version-history":[{"count":1,"href":"https:\/\/permbledhja.com\/sq\/wp-json\/wp\/v2\/posts\/32223\/revisions"}],"predecessor-version":[{"id":32224,"href":"https:\/\/permbledhja.com\/sq\/wp-json\/wp\/v2\/posts\/32223\/revisions\/32224"}],"wp:featuredmedia":[{"embeddable":true,"href":"https:\/\/permbledhja.com\/sq\/wp-json\/wp\/v2\/media\/30848"}],"wp:attachment":[{"href":"https:\/\/permbledhja.com\/sq\/wp-json\/wp\/v2\/media?parent=32223"}],"wp:term":[{"taxonomy":"category","embeddable":true,"href":"https:\/\/permbledhja.com\/sq\/wp-json\/wp\/v2\/categories?post=32223"},{"taxonomy":"post_tag","embeddable":true,"href":"https:\/\/permbledhja.com\/sq\/wp-json\/wp\/v2\/tags?post=32223"}],"curies":[{"name":"wp","href":"https:\/\/api.w.org\/{rel}","templated":true}]}}