{"id":32218,"date":"2023-10-20T18:00:40","date_gmt":"2023-10-20T18:00:40","guid":{"rendered":"https:\/\/permbledhja.com\/?p=32218"},"modified":"2023-10-20T18:00:40","modified_gmt":"2023-10-20T18:00:40","slug":"plagosje-ne-prishtine-behen-te-ditur-emrat-e-te-perfshireve-ne-ngjarjen-e-rende","status":"publish","type":"post","link":"https:\/\/permbledhja.com\/sq\/plagosje-ne-prishtine-behen-te-ditur-emrat-e-te-perfshireve-ne-ngjarjen-e-rende\/","title":{"rendered":"Plagosje n\u00eb Prishtin\u00eb\/ B\u00ebhen t\u00eb ditur emrat e t\u00eb p\u00ebrfshir\u00ebve n\u00eb ngjarjen e r\u00ebnd\u00eb"},"content":{"rendered":"<h3>Nj\u00eb ngjarje e r\u00ebnd\u00eb ka ndodhur t\u00eb premt\u00ebn n\u00eb Prishtin\u00eb<\/h3>\n<p>N\u00eb lagjen Dardania, n\u00eb af\u00ebrsi t\u00eb unaz\u00ebs qendrore t\u00eb qytetit, ka ndodhur nj\u00eb plagosje.<\/p>\n<p>Burime t\u00eb Indeksonline pohojn\u00eb se Arjanit Abdullahu dyshohet t\u00eb ket\u00eb plagosur Blerat Gashin dhe Anuar Makollin.<\/p>\n<p>Deri t\u00eb plagosja ka ardhur pas nj\u00eb mosmarr\u00ebveshje mes pal\u00ebve.<\/p>\n<p>Sipas burimeve, nga kjo p\u00ebrleshje ka mbetur i plagosur edhe nj\u00eb person i tret\u00eb.<\/p>\n<p>N\u00eb vendin e ngjarjes jan\u00eb nj\u00ebsitet relevante t\u00eb Policis\u00eb s\u00eb Kosov\u00ebs dhe ato t\u00eb ndihm\u00ebs s\u00eb shpejt.<\/p>\n","protected":false},"excerpt":{"rendered":"<p>Nj\u00eb ngjarje e r\u00ebnd\u00eb ka ndodhur t\u00eb premt\u00ebn n\u00eb Prishtin\u00eb N\u00eb lagjen Dardania, n\u00eb af\u00ebrsi t\u00eb unaz\u00ebs qendrore t\u00eb qytetit, ka ndodhur nj\u00eb plagosje. Burime t\u00eb Indeksonline pohojn\u00eb se Arjanit Abdullahu dyshohet t\u00eb ket\u00eb plagosur Blerat Gashin dhe Anuar Makollin. Deri t\u00eb plagosja ka ardhur pas nj\u00eb mosmarr\u00ebveshje mes pal\u00ebve. Sipas burimeve, nga kjo p\u00ebrleshje [&hellip;]<\/p>\n","protected":false},"author":1,"featured_media":30289,"comment_status":"closed","ping_status":"closed","sticky":false,"template":"","format":"standard","meta":{"_monsterinsights_skip_tracking":false,"_monsterinsights_sitenote_active":false,"_monsterinsights_sitenote_note":"","_monsterinsights_sitenote_category":0,"_uf_show_specific_survey":0,"_uf_disable_surveys":false,"footnotes":""},"categories":[23,15],"tags":[110],"yoast_head":"<!-- This site is optimized with the Yoast SEO plugin v21.5 - https:\/\/yoast.com\/wordpress\/plugins\/seo\/ -->\n<title>Plagosje n\u00eb Prishtin\u00eb\/ B\u00ebhen t\u00eb ditur emrat e t\u00eb p\u00ebrfshir\u00ebve n\u00eb ngjarjen e r\u00ebnd\u00eb<\/title>\n<meta name=\"robots\" content=\"index, follow, max-snippet:-1, max-image-preview:large, max-video-preview:-1\" \/>\n<link rel=\"canonical\" href=\"https:\/\/permbledhja.com\/sq\/plagosje-ne-prishtine-behen-te-ditur-emrat-e-te-perfshireve-ne-ngjarjen-e-rende\/\" \/>\n<meta property=\"og:locale\" content=\"sq_AL\" \/>\n<meta property=\"og:type\" content=\"article\" \/>\n<meta property=\"og:title\" content=\"Plagosje n\u00eb Prishtin\u00eb\/ B\u00ebhen t\u00eb ditur emrat e t\u00eb p\u00ebrfshir\u00ebve n\u00eb ngjarjen e r\u00ebnd\u00eb\" \/>\n<meta property=\"og:description\" content=\"Nj\u00eb ngjarje e r\u00ebnd\u00eb ka ndodhur t\u00eb premt\u00ebn n\u00eb Prishtin\u00eb N\u00eb lagjen Dardania, n\u00eb af\u00ebrsi t\u00eb unaz\u00ebs qendrore t\u00eb qytetit, ka ndodhur nj\u00eb plagosje. Burime t\u00eb Indeksonline pohojn\u00eb se Arjanit Abdullahu dyshohet t\u00eb ket\u00eb plagosur Blerat Gashin dhe Anuar Makollin. Deri t\u00eb plagosja ka ardhur pas nj\u00eb mosmarr\u00ebveshje mes pal\u00ebve. Sipas burimeve, nga kjo p\u00ebrleshje [&hellip;]\" \/>\n<meta property=\"og:url\" content=\"https:\/\/permbledhja.com\/sq\/plagosje-ne-prishtine-behen-te-ditur-emrat-e-te-perfshireve-ne-ngjarjen-e-rende\/\" \/>\n<meta property=\"og:site_name\" content=\"Ve\u00e7 artikuj p\u00ebrmbledh\u00ebs\" \/>\n<meta property=\"article:publisher\" content=\"https:\/\/www.facebook.com\/press07\/\" \/>\n<meta property=\"article:author\" content=\"https:\/\/www.facebook.com\/kafexhiu.muharrem\/\" \/>\n<meta property=\"article:published_time\" content=\"2023-10-20T18:00:40+00:00\" \/>\n<meta property=\"og:image\" content=\"https:\/\/permbledhja.com\/wp-content\/uploads\/2023\/10\/LAJMI-I-FUNDIT.jpg\" \/>\n\t<meta property=\"og:image:width\" content=\"768\" \/>\n\t<meta property=\"og:image:height\" content=\"432\" \/>\n\t<meta property=\"og:image:type\" content=\"image\/jpeg\" \/>\n<meta name=\"author\" content=\"P\u00ebrmbledhja\" \/>\n<meta name=\"twitter:card\" content=\"summary_large_image\" \/>\n<meta name=\"twitter:label1\" content=\"Written by\" \/>\n\t<meta name=\"twitter:data1\" content=\"P\u00ebrmbledhja\" \/>\n<script type=\"application\/ld+json\" class=\"yoast-schema-graph\">{\"@context\":\"https:\/\/schema.org\",\"@graph\":[{\"@type\":\"Article\",\"@id\":\"https:\/\/permbledhja.com\/sq\/plagosje-ne-prishtine-behen-te-ditur-emrat-e-te-perfshireve-ne-ngjarjen-e-rende\/#article\",\"isPartOf\":{\"@id\":\"https:\/\/permbledhja.com\/sq\/plagosje-ne-prishtine-behen-te-ditur-emrat-e-te-perfshireve-ne-ngjarjen-e-rende\/\"},\"author\":{\"name\":\"P\u00ebrmbledhja\",\"@id\":\"https:\/\/permbledhja.com\/#\/schema\/person\/0d064377258d3221e50693947b9eb4fe\"},\"headline\":\"Plagosje n\u00eb Prishtin\u00eb\/ B\u00ebhen t\u00eb ditur emrat e t\u00eb p\u00ebrfshir\u00ebve n\u00eb ngjarjen e r\u00ebnd\u00eb\",\"datePublished\":\"2023-10-20T18:00:40+00:00\",\"dateModified\":\"2023-10-20T18:00:40+00:00\",\"mainEntityOfPage\":{\"@id\":\"https:\/\/permbledhja.com\/sq\/plagosje-ne-prishtine-behen-te-ditur-emrat-e-te-perfshireve-ne-ngjarjen-e-rende\/\"},\"wordCount\":109,\"publisher\":{\"@id\":\"https:\/\/permbledhja.com\/#organization\"},\"keywords\":[\"Prishtin\u00eb\"],\"articleSection\":[\"Komb\u00ebtare\",\"Lajme\"],\"inLanguage\":\"sq\"},{\"@type\":\"WebPage\",\"@id\":\"https:\/\/permbledhja.com\/sq\/plagosje-ne-prishtine-behen-te-ditur-emrat-e-te-perfshireve-ne-ngjarjen-e-rende\/\",\"url\":\"https:\/\/permbledhja.com\/sq\/plagosje-ne-prishtine-behen-te-ditur-emrat-e-te-perfshireve-ne-ngjarjen-e-rende\/\",\"name\":\"Plagosje n\u00eb Prishtin\u00eb\/ B\u00ebhen t\u00eb ditur emrat e t\u00eb p\u00ebrfshir\u00ebve n\u00eb ngjarjen e r\u00ebnd\u00eb\",\"isPartOf\":{\"@id\":\"https:\/\/permbledhja.com\/#website\"},\"datePublished\":\"2023-10-20T18:00:40+00:00\",\"dateModified\":\"2023-10-20T18:00:40+00:00\",\"breadcrumb\":{\"@id\":\"https:\/\/permbledhja.com\/sq\/plagosje-ne-prishtine-behen-te-ditur-emrat-e-te-perfshireve-ne-ngjarjen-e-rende\/#breadcrumb\"},\"inLanguage\":\"sq\",\"potentialAction\":[{\"@type\":\"ReadAction\",\"target\":[\"https:\/\/permbledhja.com\/sq\/plagosje-ne-prishtine-behen-te-ditur-emrat-e-te-perfshireve-ne-ngjarjen-e-rende\/\"]}]},{\"@type\":\"BreadcrumbList\",\"@id\":\"https:\/\/permbledhja.com\/sq\/plagosje-ne-prishtine-behen-te-ditur-emrat-e-te-perfshireve-ne-ngjarjen-e-rende\/#breadcrumb\",\"itemListElement\":[{\"@type\":\"ListItem\",\"position\":1,\"name\":\"Ballina\",\"item\":\"https:\/\/permbledhja.com\/sq\/\"},{\"@type\":\"ListItem\",\"position\":2,\"name\":\"Plagosje n\u00eb Prishtin\u00eb\/ B\u00ebhen t\u00eb ditur emrat e t\u00eb p\u00ebrfshir\u00ebve n\u00eb ngjarjen e r\u00ebnd\u00eb\"}]},{\"@type\":\"WebSite\",\"@id\":\"https:\/\/permbledhja.com\/#website\",\"url\":\"https:\/\/permbledhja.com\/\",\"name\":\"Ve\u00e7 artikuj p\u00ebrmbledh\u00ebs\",\"description\":\"\",\"publisher\":{\"@id\":\"https:\/\/permbledhja.com\/#organization\"},\"potentialAction\":[{\"@type\":\"SearchAction\",\"target\":{\"@type\":\"EntryPoint\",\"urlTemplate\":\"https:\/\/permbledhja.com\/?s={search_term_string}\"},\"query-input\":\"required name=search_term_string\"}],\"inLanguage\":\"sq\"},{\"@type\":\"Organization\",\"@id\":\"https:\/\/permbledhja.com\/#organization\",\"name\":\"MK Media & Pr\",\"url\":\"https:\/\/permbledhja.com\/\",\"logo\":{\"@type\":\"ImageObject\",\"inLanguage\":\"sq\",\"@id\":\"https:\/\/permbledhja.com\/#\/schema\/logo\/image\/\",\"url\":\"https:\/\/permbledhja.com\/wp-content\/uploads\/2021\/12\/07-Press-Logo.jpg\",\"contentUrl\":\"https:\/\/permbledhja.com\/wp-content\/uploads\/2021\/12\/07-Press-Logo.jpg\",\"width\":512,\"height\":512,\"caption\":\"MK Media & Pr\"},\"image\":{\"@id\":\"https:\/\/permbledhja.com\/#\/schema\/logo\/image\/\"},\"sameAs\":[\"https:\/\/www.facebook.com\/press07\/\"]},{\"@type\":\"Person\",\"@id\":\"https:\/\/permbledhja.com\/#\/schema\/person\/0d064377258d3221e50693947b9eb4fe\",\"name\":\"P\u00ebrmbledhja\",\"image\":{\"@type\":\"ImageObject\",\"inLanguage\":\"sq\",\"@id\":\"https:\/\/permbledhja.com\/#\/schema\/person\/image\/\",\"url\":\"https:\/\/permbledhja.com\/wp-content\/uploads\/2026\/01\/452004717_1040944174702970_8932037511805513407_n-96x96.jpg\",\"contentUrl\":\"https:\/\/permbledhja.com\/wp-content\/uploads\/2026\/01\/452004717_1040944174702970_8932037511805513407_n-96x96.jpg\",\"caption\":\"P\u00ebrmbledhja\"},\"sameAs\":[\"https:\/\/www.facebook.com\/kafexhiu.muharrem\/\",\"https:\/\/www.instagram.com\/muharrem_kafexhiu\/\"],\"url\":\"https:\/\/permbledhja.com\/sq\/author\/admin\/\"}]}<\/script>\n<!-- \/ Yoast SEO plugin. -->","yoast_head_json":{"title":"Plagosje n\u00eb Prishtin\u00eb\/ B\u00ebhen t\u00eb ditur emrat e t\u00eb p\u00ebrfshir\u00ebve n\u00eb ngjarjen e r\u00ebnd\u00eb","robots":{"index":"index","follow":"follow","max-snippet":"max-snippet:-1","max-image-preview":"max-image-preview:large","max-video-preview":"max-video-preview:-1"},"canonical":"https:\/\/permbledhja.com\/sq\/plagosje-ne-prishtine-behen-te-ditur-emrat-e-te-perfshireve-ne-ngjarjen-e-rende\/","og_locale":"sq_AL","og_type":"article","og_title":"Plagosje n\u00eb Prishtin\u00eb\/ B\u00ebhen t\u00eb ditur emrat e t\u00eb p\u00ebrfshir\u00ebve n\u00eb ngjarjen e r\u00ebnd\u00eb","og_description":"Nj\u00eb ngjarje e r\u00ebnd\u00eb ka ndodhur t\u00eb premt\u00ebn n\u00eb Prishtin\u00eb N\u00eb lagjen Dardania, n\u00eb af\u00ebrsi t\u00eb unaz\u00ebs qendrore t\u00eb qytetit, ka ndodhur nj\u00eb plagosje. Burime t\u00eb Indeksonline pohojn\u00eb se Arjanit Abdullahu dyshohet t\u00eb ket\u00eb plagosur Blerat Gashin dhe Anuar Makollin. Deri t\u00eb plagosja ka ardhur pas nj\u00eb mosmarr\u00ebveshje mes pal\u00ebve. Sipas burimeve, nga kjo p\u00ebrleshje [&hellip;]","og_url":"https:\/\/permbledhja.com\/sq\/plagosje-ne-prishtine-behen-te-ditur-emrat-e-te-perfshireve-ne-ngjarjen-e-rende\/","og_site_name":"Ve\u00e7 artikuj p\u00ebrmbledh\u00ebs","article_publisher":"https:\/\/www.facebook.com\/press07\/","article_author":"https:\/\/www.facebook.com\/kafexhiu.muharrem\/","article_published_time":"2023-10-20T18:00:40+00:00","og_image":[{"width":768,"height":432,"url":"https:\/\/permbledhja.com\/wp-content\/uploads\/2023\/10\/LAJMI-I-FUNDIT.jpg","type":"image\/jpeg"}],"author":"P\u00ebrmbledhja","twitter_card":"summary_large_image","twitter_misc":{"Written by":"P\u00ebrmbledhja"},"schema":{"@context":"https:\/\/schema.org","@graph":[{"@type":"Article","@id":"https:\/\/permbledhja.com\/sq\/plagosje-ne-prishtine-behen-te-ditur-emrat-e-te-perfshireve-ne-ngjarjen-e-rende\/#article","isPartOf":{"@id":"https:\/\/permbledhja.com\/sq\/plagosje-ne-prishtine-behen-te-ditur-emrat-e-te-perfshireve-ne-ngjarjen-e-rende\/"},"author":{"name":"P\u00ebrmbledhja","@id":"https:\/\/permbledhja.com\/#\/schema\/person\/0d064377258d3221e50693947b9eb4fe"},"headline":"Plagosje n\u00eb Prishtin\u00eb\/ B\u00ebhen t\u00eb ditur emrat e t\u00eb p\u00ebrfshir\u00ebve n\u00eb ngjarjen e r\u00ebnd\u00eb","datePublished":"2023-10-20T18:00:40+00:00","dateModified":"2023-10-20T18:00:40+00:00","mainEntityOfPage":{"@id":"https:\/\/permbledhja.com\/sq\/plagosje-ne-prishtine-behen-te-ditur-emrat-e-te-perfshireve-ne-ngjarjen-e-rende\/"},"wordCount":109,"publisher":{"@id":"https:\/\/permbledhja.com\/#organization"},"keywords":["Prishtin\u00eb"],"articleSection":["Komb\u00ebtare","Lajme"],"inLanguage":"sq"},{"@type":"WebPage","@id":"https:\/\/permbledhja.com\/sq\/plagosje-ne-prishtine-behen-te-ditur-emrat-e-te-perfshireve-ne-ngjarjen-e-rende\/","url":"https:\/\/permbledhja.com\/sq\/plagosje-ne-prishtine-behen-te-ditur-emrat-e-te-perfshireve-ne-ngjarjen-e-rende\/","name":"Plagosje n\u00eb Prishtin\u00eb\/ B\u00ebhen t\u00eb ditur emrat e t\u00eb p\u00ebrfshir\u00ebve n\u00eb ngjarjen e r\u00ebnd\u00eb","isPartOf":{"@id":"https:\/\/permbledhja.com\/#website"},"datePublished":"2023-10-20T18:00:40+00:00","dateModified":"2023-10-20T18:00:40+00:00","breadcrumb":{"@id":"https:\/\/permbledhja.com\/sq\/plagosje-ne-prishtine-behen-te-ditur-emrat-e-te-perfshireve-ne-ngjarjen-e-rende\/#breadcrumb"},"inLanguage":"sq","potentialAction":[{"@type":"ReadAction","target":["https:\/\/permbledhja.com\/sq\/plagosje-ne-prishtine-behen-te-ditur-emrat-e-te-perfshireve-ne-ngjarjen-e-rende\/"]}]},{"@type":"BreadcrumbList","@id":"https:\/\/permbledhja.com\/sq\/plagosje-ne-prishtine-behen-te-ditur-emrat-e-te-perfshireve-ne-ngjarjen-e-rende\/#breadcrumb","itemListElement":[{"@type":"ListItem","position":1,"name":"Ballina","item":"https:\/\/permbledhja.com\/sq\/"},{"@type":"ListItem","position":2,"name":"Plagosje n\u00eb Prishtin\u00eb\/ B\u00ebhen t\u00eb ditur emrat e t\u00eb p\u00ebrfshir\u00ebve n\u00eb ngjarjen e r\u00ebnd\u00eb"}]},{"@type":"WebSite","@id":"https:\/\/permbledhja.com\/#website","url":"https:\/\/permbledhja.com\/","name":"Ve\u00e7 artikuj p\u00ebrmbledh\u00ebs","description":"","publisher":{"@id":"https:\/\/permbledhja.com\/#organization"},"potentialAction":[{"@type":"SearchAction","target":{"@type":"EntryPoint","urlTemplate":"https:\/\/permbledhja.com\/?s={search_term_string}"},"query-input":"required name=search_term_string"}],"inLanguage":"sq"},{"@type":"Organization","@id":"https:\/\/permbledhja.com\/#organization","name":"MK Media & Pr","url":"https:\/\/permbledhja.com\/","logo":{"@type":"ImageObject","inLanguage":"sq","@id":"https:\/\/permbledhja.com\/#\/schema\/logo\/image\/","url":"https:\/\/permbledhja.com\/wp-content\/uploads\/2021\/12\/07-Press-Logo.jpg","contentUrl":"https:\/\/permbledhja.com\/wp-content\/uploads\/2021\/12\/07-Press-Logo.jpg","width":512,"height":512,"caption":"MK Media & Pr"},"image":{"@id":"https:\/\/permbledhja.com\/#\/schema\/logo\/image\/"},"sameAs":["https:\/\/www.facebook.com\/press07\/"]},{"@type":"Person","@id":"https:\/\/permbledhja.com\/#\/schema\/person\/0d064377258d3221e50693947b9eb4fe","name":"P\u00ebrmbledhja","image":{"@type":"ImageObject","inLanguage":"sq","@id":"https:\/\/permbledhja.com\/#\/schema\/person\/image\/","url":"https:\/\/permbledhja.com\/wp-content\/uploads\/2026\/01\/452004717_1040944174702970_8932037511805513407_n-96x96.jpg","contentUrl":"https:\/\/permbledhja.com\/wp-content\/uploads\/2026\/01\/452004717_1040944174702970_8932037511805513407_n-96x96.jpg","caption":"P\u00ebrmbledhja"},"sameAs":["https:\/\/www.facebook.com\/kafexhiu.muharrem\/","https:\/\/www.instagram.com\/muharrem_kafexhiu\/"],"url":"https:\/\/permbledhja.com\/sq\/author\/admin\/"}]}},"_links":{"self":[{"href":"https:\/\/permbledhja.com\/sq\/wp-json\/wp\/v2\/posts\/32218"}],"collection":[{"href":"https:\/\/permbledhja.com\/sq\/wp-json\/wp\/v2\/posts"}],"about":[{"href":"https:\/\/permbledhja.com\/sq\/wp-json\/wp\/v2\/types\/post"}],"author":[{"embeddable":true,"href":"https:\/\/permbledhja.com\/sq\/wp-json\/wp\/v2\/users\/1"}],"replies":[{"embeddable":true,"href":"https:\/\/permbledhja.com\/sq\/wp-json\/wp\/v2\/comments?post=32218"}],"version-history":[{"count":1,"href":"https:\/\/permbledhja.com\/sq\/wp-json\/wp\/v2\/posts\/32218\/revisions"}],"predecessor-version":[{"id":32219,"href":"https:\/\/permbledhja.com\/sq\/wp-json\/wp\/v2\/posts\/32218\/revisions\/32219"}],"wp:featuredmedia":[{"embeddable":true,"href":"https:\/\/permbledhja.com\/sq\/wp-json\/wp\/v2\/media\/30289"}],"wp:attachment":[{"href":"https:\/\/permbledhja.com\/sq\/wp-json\/wp\/v2\/media?parent=32218"}],"wp:term":[{"taxonomy":"category","embeddable":true,"href":"https:\/\/permbledhja.com\/sq\/wp-json\/wp\/v2\/categories?post=32218"},{"taxonomy":"post_tag","embeddable":true,"href":"https:\/\/permbledhja.com\/sq\/wp-json\/wp\/v2\/tags?post=32218"}],"curies":[{"name":"wp","href":"https:\/\/api.w.org\/{rel}","templated":true}]}}