{"id":32084,"date":"2023-10-19T19:11:02","date_gmt":"2023-10-19T19:11:02","guid":{"rendered":"https:\/\/permbledhja.com\/?p=32084"},"modified":"2023-10-19T19:11:02","modified_gmt":"2023-10-19T19:11:02","slug":"moderatori-i-rtk-se-del-me-akuze-te-rende-kunder-izraelit-pastaj-e-fshin-postimin","status":"publish","type":"post","link":"https:\/\/permbledhja.com\/sq\/moderatori-i-rtk-se-del-me-akuze-te-rende-kunder-izraelit-pastaj-e-fshin-postimin\/","title":{"rendered":"Moderatori i RTK-s\u00eb del me akuz\u00eb t\u00eb r\u00ebnd\u00eb kund\u00ebr Izraelit, pastaj e fshin postimin"},"content":{"rendered":"<p><strong>Moderatori i televizionit publik, RTK-s\u00eb, Arton Mulliqi, e ka quajtur terroriz\u00ebm shtet\u00ebror at\u00eb \u00e7far\u00eb po b\u00ebn\u00eb Izraeli kund\u00ebr organizat\u00ebs terroriste Hamas.<\/strong><\/p>\n<p>P\u00ebrmes nj\u00eb postimi n\u00eb Facebook, Mulliqi tha se Izraeli po tenton t\u00eb b\u00ebj\u00eb spastrim etnik duke i p\u00ebrz\u00eb palestinez\u00ebt nga toka e tyre.<\/p>\n<p>\u201c<em>Luftimi i terrorizmit t\u00eb Hamasit me terroriz\u00ebm shtet\u00ebror duke d\u00ebbuar e bombarduar edhe spitale, ka p\u00ebr q\u00ebllim krijimin e panik\u00ebs, frik\u00ebs dhe pasiguris\u00eb p\u00ebr t\u00eb shp\u00ebrngulur popullat\u00ebn palestineze n\u00eb Egjipt dhe n\u00eb k\u00ebt\u00eb m\u00ebnyr\u00eb p\u00ebr t\u00eb b\u00ebr\u00eb spastrimin etnik dhe pushtuar edhe Gaz\u00ebn gradualisht<\/em>\u201c, kishte shkruar ai.<\/p>\n<p>Tutje, Mulliqi tha se kushdo q\u00eb solidarizohet me Izraelin n\u00eb k\u00ebt\u00eb p\u00ebrpjekje \u00ebsht\u00eb kund\u00ebr popullit hebre.<\/p>\n<p>Por, moderatori m\u00eb pas e fshiu postimin.<\/p>\n<p><img loading=\"lazy\" decoding=\"async\" class=\"alignnone size-full wp-image-32086\" src=\"https:\/\/permbledhja.com\/wp-content\/uploads\/2023\/10\/IMG_3215-850x605-1.jpeg\" alt=\"\" width=\"850\" height=\"605\" srcset=\"https:\/\/permbledhja.com\/wp-content\/uploads\/2023\/10\/IMG_3215-850x605-1.jpeg 850w, https:\/\/permbledhja.com\/wp-content\/uploads\/2023\/10\/IMG_3215-850x605-1-300x214.jpeg 300w, https:\/\/permbledhja.com\/wp-content\/uploads\/2023\/10\/IMG_3215-850x605-1-768x547.jpeg 768w, https:\/\/permbledhja.com\/wp-content\/uploads\/2023\/10\/IMG_3215-850x605-1-18x12.jpeg 18w\" sizes=\"(max-width: 850px) 100vw, 850px\" \/><\/p>\n","protected":false},"excerpt":{"rendered":"<p>Moderatori i televizionit publik, RTK-s\u00eb, Arton Mulliqi, e ka quajtur terroriz\u00ebm shtet\u00ebror at\u00eb \u00e7far\u00eb po b\u00ebn\u00eb Izraeli kund\u00ebr organizat\u00ebs terroriste Hamas. P\u00ebrmes nj\u00eb postimi n\u00eb Facebook, Mulliqi tha se Izraeli po tenton t\u00eb b\u00ebj\u00eb spastrim etnik duke i p\u00ebrz\u00eb palestinez\u00ebt nga toka e tyre. \u201cLuftimi i terrorizmit t\u00eb Hamasit me terroriz\u00ebm shtet\u00ebror duke d\u00ebbuar e [&hellip;]<\/p>\n","protected":false},"author":1,"featured_media":32085,"comment_status":"closed","ping_status":"closed","sticky":false,"template":"","format":"standard","meta":{"_monsterinsights_skip_tracking":false,"_monsterinsights_sitenote_active":false,"_monsterinsights_sitenote_note":"","_monsterinsights_sitenote_category":0,"_uf_show_specific_survey":0,"_uf_disable_surveys":false,"footnotes":""},"categories":[23,15],"tags":[2544],"yoast_head":"<!-- This site is optimized with the Yoast SEO plugin v21.5 - https:\/\/yoast.com\/wordpress\/plugins\/seo\/ -->\n<title>Moderatori i RTK-s\u00eb del me akuz\u00eb t\u00eb r\u00ebnd\u00eb kund\u00ebr Izraelit, pastaj e fshin postimin<\/title>\n<meta name=\"robots\" content=\"index, follow, max-snippet:-1, max-image-preview:large, max-video-preview:-1\" \/>\n<link rel=\"canonical\" href=\"https:\/\/permbledhja.com\/sq\/moderatori-i-rtk-se-del-me-akuze-te-rende-kunder-izraelit-pastaj-e-fshin-postimin\/\" \/>\n<meta property=\"og:locale\" content=\"sq_AL\" \/>\n<meta property=\"og:type\" content=\"article\" \/>\n<meta property=\"og:title\" content=\"Moderatori i RTK-s\u00eb del me akuz\u00eb t\u00eb r\u00ebnd\u00eb kund\u00ebr Izraelit, pastaj e fshin postimin\" \/>\n<meta property=\"og:description\" content=\"Moderatori i televizionit publik, RTK-s\u00eb, Arton Mulliqi, e ka quajtur terroriz\u00ebm shtet\u00ebror at\u00eb \u00e7far\u00eb po b\u00ebn\u00eb Izraeli kund\u00ebr organizat\u00ebs terroriste Hamas. P\u00ebrmes nj\u00eb postimi n\u00eb Facebook, Mulliqi tha se Izraeli po tenton t\u00eb b\u00ebj\u00eb spastrim etnik duke i p\u00ebrz\u00eb palestinez\u00ebt nga toka e tyre. \u201cLuftimi i terrorizmit t\u00eb Hamasit me terroriz\u00ebm shtet\u00ebror duke d\u00ebbuar e [&hellip;]\" \/>\n<meta property=\"og:url\" content=\"https:\/\/permbledhja.com\/sq\/moderatori-i-rtk-se-del-me-akuze-te-rende-kunder-izraelit-pastaj-e-fshin-postimin\/\" \/>\n<meta property=\"og:site_name\" content=\"Ve\u00e7 artikuj p\u00ebrmbledh\u00ebs\" \/>\n<meta property=\"article:publisher\" content=\"https:\/\/www.facebook.com\/press07\/\" \/>\n<meta property=\"article:author\" content=\"https:\/\/www.facebook.com\/kafexhiu.muharrem\/\" \/>\n<meta property=\"article:published_time\" content=\"2023-10-19T19:11:02+00:00\" \/>\n<meta property=\"og:image\" content=\"https:\/\/permbledhja.com\/wp-content\/uploads\/2023\/10\/Moderatori-i-RTK-se-del-me-akuze-te-rende-kunder-Izraelit-pastaj-e-fshin-postimin-Insajderi.org_.jpg\" \/>\n\t<meta property=\"og:image:width\" content=\"658\" \/>\n\t<meta property=\"og:image:height\" content=\"457\" \/>\n\t<meta property=\"og:image:type\" content=\"image\/jpeg\" \/>\n<meta name=\"author\" content=\"P\u00ebrmbledhja\" \/>\n<meta name=\"twitter:card\" content=\"summary_large_image\" \/>\n<meta name=\"twitter:label1\" content=\"Written by\" \/>\n\t<meta name=\"twitter:data1\" content=\"P\u00ebrmbledhja\" \/>\n\t<meta name=\"twitter:label2\" content=\"Est. reading time\" \/>\n\t<meta name=\"twitter:data2\" content=\"1 minut\u00eb\" \/>\n<script type=\"application\/ld+json\" class=\"yoast-schema-graph\">{\"@context\":\"https:\/\/schema.org\",\"@graph\":[{\"@type\":\"Article\",\"@id\":\"https:\/\/permbledhja.com\/sq\/moderatori-i-rtk-se-del-me-akuze-te-rende-kunder-izraelit-pastaj-e-fshin-postimin\/#article\",\"isPartOf\":{\"@id\":\"https:\/\/permbledhja.com\/sq\/moderatori-i-rtk-se-del-me-akuze-te-rende-kunder-izraelit-pastaj-e-fshin-postimin\/\"},\"author\":{\"name\":\"P\u00ebrmbledhja\",\"@id\":\"https:\/\/permbledhja.com\/#\/schema\/person\/0d064377258d3221e50693947b9eb4fe\"},\"headline\":\"Moderatori i RTK-s\u00eb del me akuz\u00eb t\u00eb r\u00ebnd\u00eb kund\u00ebr Izraelit, pastaj e fshin postimin\",\"datePublished\":\"2023-10-19T19:11:02+00:00\",\"dateModified\":\"2023-10-19T19:11:02+00:00\",\"mainEntityOfPage\":{\"@id\":\"https:\/\/permbledhja.com\/sq\/moderatori-i-rtk-se-del-me-akuze-te-rende-kunder-izraelit-pastaj-e-fshin-postimin\/\"},\"wordCount\":157,\"publisher\":{\"@id\":\"https:\/\/permbledhja.com\/#organization\"},\"keywords\":[\"Moderatori\"],\"articleSection\":[\"Komb\u00ebtare\",\"Lajme\"],\"inLanguage\":\"sq\"},{\"@type\":\"WebPage\",\"@id\":\"https:\/\/permbledhja.com\/sq\/moderatori-i-rtk-se-del-me-akuze-te-rende-kunder-izraelit-pastaj-e-fshin-postimin\/\",\"url\":\"https:\/\/permbledhja.com\/sq\/moderatori-i-rtk-se-del-me-akuze-te-rende-kunder-izraelit-pastaj-e-fshin-postimin\/\",\"name\":\"Moderatori i RTK-s\u00eb del me akuz\u00eb t\u00eb r\u00ebnd\u00eb kund\u00ebr Izraelit, pastaj e fshin postimin\",\"isPartOf\":{\"@id\":\"https:\/\/permbledhja.com\/#website\"},\"datePublished\":\"2023-10-19T19:11:02+00:00\",\"dateModified\":\"2023-10-19T19:11:02+00:00\",\"breadcrumb\":{\"@id\":\"https:\/\/permbledhja.com\/sq\/moderatori-i-rtk-se-del-me-akuze-te-rende-kunder-izraelit-pastaj-e-fshin-postimin\/#breadcrumb\"},\"inLanguage\":\"sq\",\"potentialAction\":[{\"@type\":\"ReadAction\",\"target\":[\"https:\/\/permbledhja.com\/sq\/moderatori-i-rtk-se-del-me-akuze-te-rende-kunder-izraelit-pastaj-e-fshin-postimin\/\"]}]},{\"@type\":\"BreadcrumbList\",\"@id\":\"https:\/\/permbledhja.com\/sq\/moderatori-i-rtk-se-del-me-akuze-te-rende-kunder-izraelit-pastaj-e-fshin-postimin\/#breadcrumb\",\"itemListElement\":[{\"@type\":\"ListItem\",\"position\":1,\"name\":\"Ballina\",\"item\":\"https:\/\/permbledhja.com\/sq\/\"},{\"@type\":\"ListItem\",\"position\":2,\"name\":\"Moderatori i RTK-s\u00eb del me akuz\u00eb t\u00eb r\u00ebnd\u00eb kund\u00ebr Izraelit, pastaj e fshin postimin\"}]},{\"@type\":\"WebSite\",\"@id\":\"https:\/\/permbledhja.com\/#website\",\"url\":\"https:\/\/permbledhja.com\/\",\"name\":\"Ve\u00e7 artikuj p\u00ebrmbledh\u00ebs\",\"description\":\"\",\"publisher\":{\"@id\":\"https:\/\/permbledhja.com\/#organization\"},\"potentialAction\":[{\"@type\":\"SearchAction\",\"target\":{\"@type\":\"EntryPoint\",\"urlTemplate\":\"https:\/\/permbledhja.com\/?s={search_term_string}\"},\"query-input\":\"required name=search_term_string\"}],\"inLanguage\":\"sq\"},{\"@type\":\"Organization\",\"@id\":\"https:\/\/permbledhja.com\/#organization\",\"name\":\"MK Media & Pr\",\"url\":\"https:\/\/permbledhja.com\/\",\"logo\":{\"@type\":\"ImageObject\",\"inLanguage\":\"sq\",\"@id\":\"https:\/\/permbledhja.com\/#\/schema\/logo\/image\/\",\"url\":\"https:\/\/permbledhja.com\/wp-content\/uploads\/2021\/12\/07-Press-Logo.jpg\",\"contentUrl\":\"https:\/\/permbledhja.com\/wp-content\/uploads\/2021\/12\/07-Press-Logo.jpg\",\"width\":512,\"height\":512,\"caption\":\"MK Media & Pr\"},\"image\":{\"@id\":\"https:\/\/permbledhja.com\/#\/schema\/logo\/image\/\"},\"sameAs\":[\"https:\/\/www.facebook.com\/press07\/\"]},{\"@type\":\"Person\",\"@id\":\"https:\/\/permbledhja.com\/#\/schema\/person\/0d064377258d3221e50693947b9eb4fe\",\"name\":\"P\u00ebrmbledhja\",\"image\":{\"@type\":\"ImageObject\",\"inLanguage\":\"sq\",\"@id\":\"https:\/\/permbledhja.com\/#\/schema\/person\/image\/\",\"url\":\"https:\/\/permbledhja.com\/wp-content\/uploads\/2026\/01\/452004717_1040944174702970_8932037511805513407_n-96x96.jpg\",\"contentUrl\":\"https:\/\/permbledhja.com\/wp-content\/uploads\/2026\/01\/452004717_1040944174702970_8932037511805513407_n-96x96.jpg\",\"caption\":\"P\u00ebrmbledhja\"},\"sameAs\":[\"https:\/\/www.facebook.com\/kafexhiu.muharrem\/\",\"https:\/\/www.instagram.com\/muharrem_kafexhiu\/\"],\"url\":\"https:\/\/permbledhja.com\/sq\/author\/admin\/\"}]}<\/script>\n<!-- \/ Yoast SEO plugin. -->","yoast_head_json":{"title":"Moderatori i RTK-s\u00eb del me akuz\u00eb t\u00eb r\u00ebnd\u00eb kund\u00ebr Izraelit, pastaj e fshin postimin","robots":{"index":"index","follow":"follow","max-snippet":"max-snippet:-1","max-image-preview":"max-image-preview:large","max-video-preview":"max-video-preview:-1"},"canonical":"https:\/\/permbledhja.com\/sq\/moderatori-i-rtk-se-del-me-akuze-te-rende-kunder-izraelit-pastaj-e-fshin-postimin\/","og_locale":"sq_AL","og_type":"article","og_title":"Moderatori i RTK-s\u00eb del me akuz\u00eb t\u00eb r\u00ebnd\u00eb kund\u00ebr Izraelit, pastaj e fshin postimin","og_description":"Moderatori i televizionit publik, RTK-s\u00eb, Arton Mulliqi, e ka quajtur terroriz\u00ebm shtet\u00ebror at\u00eb \u00e7far\u00eb po b\u00ebn\u00eb Izraeli kund\u00ebr organizat\u00ebs terroriste Hamas. P\u00ebrmes nj\u00eb postimi n\u00eb Facebook, Mulliqi tha se Izraeli po tenton t\u00eb b\u00ebj\u00eb spastrim etnik duke i p\u00ebrz\u00eb palestinez\u00ebt nga toka e tyre. \u201cLuftimi i terrorizmit t\u00eb Hamasit me terroriz\u00ebm shtet\u00ebror duke d\u00ebbuar e [&hellip;]","og_url":"https:\/\/permbledhja.com\/sq\/moderatori-i-rtk-se-del-me-akuze-te-rende-kunder-izraelit-pastaj-e-fshin-postimin\/","og_site_name":"Ve\u00e7 artikuj p\u00ebrmbledh\u00ebs","article_publisher":"https:\/\/www.facebook.com\/press07\/","article_author":"https:\/\/www.facebook.com\/kafexhiu.muharrem\/","article_published_time":"2023-10-19T19:11:02+00:00","og_image":[{"width":658,"height":457,"url":"https:\/\/permbledhja.com\/wp-content\/uploads\/2023\/10\/Moderatori-i-RTK-se-del-me-akuze-te-rende-kunder-Izraelit-pastaj-e-fshin-postimin-Insajderi.org_.jpg","type":"image\/jpeg"}],"author":"P\u00ebrmbledhja","twitter_card":"summary_large_image","twitter_misc":{"Written by":"P\u00ebrmbledhja","Est. reading time":"1 minut\u00eb"},"schema":{"@context":"https:\/\/schema.org","@graph":[{"@type":"Article","@id":"https:\/\/permbledhja.com\/sq\/moderatori-i-rtk-se-del-me-akuze-te-rende-kunder-izraelit-pastaj-e-fshin-postimin\/#article","isPartOf":{"@id":"https:\/\/permbledhja.com\/sq\/moderatori-i-rtk-se-del-me-akuze-te-rende-kunder-izraelit-pastaj-e-fshin-postimin\/"},"author":{"name":"P\u00ebrmbledhja","@id":"https:\/\/permbledhja.com\/#\/schema\/person\/0d064377258d3221e50693947b9eb4fe"},"headline":"Moderatori i RTK-s\u00eb del me akuz\u00eb t\u00eb r\u00ebnd\u00eb kund\u00ebr Izraelit, pastaj e fshin postimin","datePublished":"2023-10-19T19:11:02+00:00","dateModified":"2023-10-19T19:11:02+00:00","mainEntityOfPage":{"@id":"https:\/\/permbledhja.com\/sq\/moderatori-i-rtk-se-del-me-akuze-te-rende-kunder-izraelit-pastaj-e-fshin-postimin\/"},"wordCount":157,"publisher":{"@id":"https:\/\/permbledhja.com\/#organization"},"keywords":["Moderatori"],"articleSection":["Komb\u00ebtare","Lajme"],"inLanguage":"sq"},{"@type":"WebPage","@id":"https:\/\/permbledhja.com\/sq\/moderatori-i-rtk-se-del-me-akuze-te-rende-kunder-izraelit-pastaj-e-fshin-postimin\/","url":"https:\/\/permbledhja.com\/sq\/moderatori-i-rtk-se-del-me-akuze-te-rende-kunder-izraelit-pastaj-e-fshin-postimin\/","name":"Moderatori i RTK-s\u00eb del me akuz\u00eb t\u00eb r\u00ebnd\u00eb kund\u00ebr Izraelit, pastaj e fshin postimin","isPartOf":{"@id":"https:\/\/permbledhja.com\/#website"},"datePublished":"2023-10-19T19:11:02+00:00","dateModified":"2023-10-19T19:11:02+00:00","breadcrumb":{"@id":"https:\/\/permbledhja.com\/sq\/moderatori-i-rtk-se-del-me-akuze-te-rende-kunder-izraelit-pastaj-e-fshin-postimin\/#breadcrumb"},"inLanguage":"sq","potentialAction":[{"@type":"ReadAction","target":["https:\/\/permbledhja.com\/sq\/moderatori-i-rtk-se-del-me-akuze-te-rende-kunder-izraelit-pastaj-e-fshin-postimin\/"]}]},{"@type":"BreadcrumbList","@id":"https:\/\/permbledhja.com\/sq\/moderatori-i-rtk-se-del-me-akuze-te-rende-kunder-izraelit-pastaj-e-fshin-postimin\/#breadcrumb","itemListElement":[{"@type":"ListItem","position":1,"name":"Ballina","item":"https:\/\/permbledhja.com\/sq\/"},{"@type":"ListItem","position":2,"name":"Moderatori i RTK-s\u00eb del me akuz\u00eb t\u00eb r\u00ebnd\u00eb kund\u00ebr Izraelit, pastaj e fshin postimin"}]},{"@type":"WebSite","@id":"https:\/\/permbledhja.com\/#website","url":"https:\/\/permbledhja.com\/","name":"Ve\u00e7 artikuj p\u00ebrmbledh\u00ebs","description":"","publisher":{"@id":"https:\/\/permbledhja.com\/#organization"},"potentialAction":[{"@type":"SearchAction","target":{"@type":"EntryPoint","urlTemplate":"https:\/\/permbledhja.com\/?s={search_term_string}"},"query-input":"required name=search_term_string"}],"inLanguage":"sq"},{"@type":"Organization","@id":"https:\/\/permbledhja.com\/#organization","name":"MK Media & Pr","url":"https:\/\/permbledhja.com\/","logo":{"@type":"ImageObject","inLanguage":"sq","@id":"https:\/\/permbledhja.com\/#\/schema\/logo\/image\/","url":"https:\/\/permbledhja.com\/wp-content\/uploads\/2021\/12\/07-Press-Logo.jpg","contentUrl":"https:\/\/permbledhja.com\/wp-content\/uploads\/2021\/12\/07-Press-Logo.jpg","width":512,"height":512,"caption":"MK Media & Pr"},"image":{"@id":"https:\/\/permbledhja.com\/#\/schema\/logo\/image\/"},"sameAs":["https:\/\/www.facebook.com\/press07\/"]},{"@type":"Person","@id":"https:\/\/permbledhja.com\/#\/schema\/person\/0d064377258d3221e50693947b9eb4fe","name":"P\u00ebrmbledhja","image":{"@type":"ImageObject","inLanguage":"sq","@id":"https:\/\/permbledhja.com\/#\/schema\/person\/image\/","url":"https:\/\/permbledhja.com\/wp-content\/uploads\/2026\/01\/452004717_1040944174702970_8932037511805513407_n-96x96.jpg","contentUrl":"https:\/\/permbledhja.com\/wp-content\/uploads\/2026\/01\/452004717_1040944174702970_8932037511805513407_n-96x96.jpg","caption":"P\u00ebrmbledhja"},"sameAs":["https:\/\/www.facebook.com\/kafexhiu.muharrem\/","https:\/\/www.instagram.com\/muharrem_kafexhiu\/"],"url":"https:\/\/permbledhja.com\/sq\/author\/admin\/"}]}},"_links":{"self":[{"href":"https:\/\/permbledhja.com\/sq\/wp-json\/wp\/v2\/posts\/32084"}],"collection":[{"href":"https:\/\/permbledhja.com\/sq\/wp-json\/wp\/v2\/posts"}],"about":[{"href":"https:\/\/permbledhja.com\/sq\/wp-json\/wp\/v2\/types\/post"}],"author":[{"embeddable":true,"href":"https:\/\/permbledhja.com\/sq\/wp-json\/wp\/v2\/users\/1"}],"replies":[{"embeddable":true,"href":"https:\/\/permbledhja.com\/sq\/wp-json\/wp\/v2\/comments?post=32084"}],"version-history":[{"count":1,"href":"https:\/\/permbledhja.com\/sq\/wp-json\/wp\/v2\/posts\/32084\/revisions"}],"predecessor-version":[{"id":32087,"href":"https:\/\/permbledhja.com\/sq\/wp-json\/wp\/v2\/posts\/32084\/revisions\/32087"}],"wp:featuredmedia":[{"embeddable":true,"href":"https:\/\/permbledhja.com\/sq\/wp-json\/wp\/v2\/media\/32085"}],"wp:attachment":[{"href":"https:\/\/permbledhja.com\/sq\/wp-json\/wp\/v2\/media?parent=32084"}],"wp:term":[{"taxonomy":"category","embeddable":true,"href":"https:\/\/permbledhja.com\/sq\/wp-json\/wp\/v2\/categories?post=32084"},{"taxonomy":"post_tag","embeddable":true,"href":"https:\/\/permbledhja.com\/sq\/wp-json\/wp\/v2\/tags?post=32084"}],"curies":[{"name":"wp","href":"https:\/\/api.w.org\/{rel}","templated":true}]}}