{"id":32056,"date":"2023-10-19T14:54:19","date_gmt":"2023-10-19T14:54:19","guid":{"rendered":"https:\/\/permbledhja.com\/?p=32056"},"modified":"2023-10-19T14:54:19","modified_gmt":"2023-10-19T14:54:19","slug":"kfor-i-njofton-ardhjen-e-ushtareve-britanike-dhe-rumune","status":"publish","type":"post","link":"https:\/\/permbledhja.com\/sq\/kfor-i-njofton-ardhjen-e-ushtareve-britanike-dhe-rumune\/","title":{"rendered":"KFOR-i njofton ardhjen e ushtar\u00ebve britanik\u00eb dhe rumun\u00eb"},"content":{"rendered":"<h3>Misioni i NATO-s n\u00eb Kosov\u00eb, KFOR, ka njoftuar p\u00ebr ardhjen e trupave shtes\u00eb nga Britania e Madhe dhe Rumania. Ardhja e tyre u nxit nga sulmi terrorist n\u00eb Banjsk\u00eb.<\/h3>\n<p><em>\u201cNj\u00eb kontingjent prej 200 ushtar\u00ebsh britanik\u00eb nga Batalioni i Par\u00eb i Regjimentit Mbret\u00ebror t\u00eb Princesh\u00ebs s\u00eb Uellsit dhe m\u00eb shum\u00eb se 130 trupa shtes\u00eb nga Rumania mb\u00ebrrit\u00ebn n\u00eb Kosov\u00eb dhe iu bashkuan kontingjentit t\u00eb Mbret\u00ebris\u00eb s\u00eb Bashkaur prej 400 t\u00eb dislokuarve tashm\u00eb, p\u00ebr ta p\u00ebrforcuar misionin paqeruajt\u00ebs t\u00eb KFOR\u2019it\u201d.<\/em><\/p>\n<p>KFOR thot\u00eb se dislokimi vjen pas sulmit t\u00eb dhunsh\u00ebm ndaj Policis\u00eb s\u00eb Kosov\u00ebs m\u00eb 24 shtator dhe \u201crritjes s\u00eb tensioneve n\u00eb rajon p\u00ebr t\u00eb p\u00ebrmir\u00ebsuar pranin\u00eb e KFOR-it n\u00eb veri t\u00eb Kosov\u00ebs dhe patrullimin p\u00ebrgjat\u00eb vij\u00ebs kufitare administrative\u201d.<\/p>\n<p>Vendimi p\u00ebr trupa shtes\u00eb, KFOR thot\u00eb se bazohet n\u00eb nj\u00eb k\u00ebrkes\u00eb t\u00eb Komandantit Suprem t\u00eb Aleat\u00ebve t\u00eb NATO-s n\u00eb Europ\u00eb dhe u miratua nga Aleat\u00ebt n\u00eb K\u00ebshillin e Atlantikut t\u00eb Veriut si nj\u00eb hap i kujdessh\u00ebm p\u00ebr t\u00eb siguruar q\u00eb KFOR-i t\u00eb ket\u00eb forcat q\u00eb i nevojiten p\u00ebr t\u00eb p\u00ebrmbushur mandatin e tij t\u00eb OKB-s\u00eb p\u00ebr t\u00eb ruajtur nj\u00eb mjedis t\u00eb sigurt dhe lirin\u00eb e l\u00ebvizjes p\u00ebr t\u00eb gjith\u00eb njer\u00ebzit n\u00eb Kosov\u00eb.<\/p>\n<p><em>\u201cNATO ka udh\u00ebhequr nj\u00eb operacion paqeruajt\u00ebs n\u00eb Kosov\u00eb q\u00eb nga viti 1999 n\u00eb p\u00ebrputhje me mandatin e saj sipas Rezolut\u00ebs 1244 t\u00eb K\u00ebshillit t\u00eb Sigurimit t\u00eb Kombeve t\u00eb Bashkuara. KFOR-i aktualisht p\u00ebrb\u00ebhet nga mbi 4,500 trupa t\u00eb kontribuar nga 27 aleat\u00eb dhe partner\u00eb t\u00eb NATO-s\u201d<\/em>, thuhet n\u00eb njoftim.<\/p>\n<p><iframe loading=\"lazy\" style=\"border: none; overflow: hidden;\" src=\"https:\/\/www.facebook.com\/plugins\/post.php?href=https%3A%2F%2Fwww.facebook.com%2FNATOKFOR%2Fposts%2Fpfbid0zShF79mkKiC5QLqof4S4aitZwWyJiGGXyRuYFoxh4skV24z1cvNYCSCdwn13vjsnl&amp;show_text=true&amp;width=500\" width=\"500\" height=\"704\" frameborder=\"0\" scrolling=\"no\" allowfullscreen=\"allowfullscreen\" data-mce-fragment=\"1\"><\/iframe><\/p>\n","protected":false},"excerpt":{"rendered":"<p>Misioni i NATO-s n\u00eb Kosov\u00eb, KFOR, ka njoftuar p\u00ebr ardhjen e trupave shtes\u00eb nga Britania e Madhe dhe Rumania. Ardhja e tyre u nxit nga sulmi terrorist n\u00eb Banjsk\u00eb. \u201cNj\u00eb kontingjent prej 200 ushtar\u00ebsh britanik\u00eb nga Batalioni i Par\u00eb i Regjimentit Mbret\u00ebror t\u00eb Princesh\u00ebs s\u00eb Uellsit dhe m\u00eb shum\u00eb se 130 trupa shtes\u00eb nga Rumania [&hellip;]<\/p>\n","protected":false},"author":1,"featured_media":32057,"comment_status":"closed","ping_status":"closed","sticky":false,"template":"","format":"standard","meta":{"_monsterinsights_skip_tracking":false,"_monsterinsights_sitenote_active":false,"_monsterinsights_sitenote_note":"","_monsterinsights_sitenote_category":0,"_uf_show_specific_survey":0,"_uf_disable_surveys":false,"footnotes":""},"categories":[1146],"tags":[517],"yoast_head":"<!-- This site is optimized with the Yoast SEO plugin v21.5 - https:\/\/yoast.com\/wordpress\/plugins\/seo\/ -->\n<title>KFOR-i njofton ardhjen e ushtar\u00ebve britanik\u00eb dhe rumun\u00eb<\/title>\n<meta name=\"robots\" content=\"index, follow, max-snippet:-1, max-image-preview:large, max-video-preview:-1\" \/>\n<link rel=\"canonical\" href=\"https:\/\/permbledhja.com\/sq\/kfor-i-njofton-ardhjen-e-ushtareve-britanike-dhe-rumune\/\" \/>\n<meta property=\"og:locale\" content=\"sq_AL\" \/>\n<meta property=\"og:type\" content=\"article\" \/>\n<meta property=\"og:title\" content=\"KFOR-i njofton ardhjen e ushtar\u00ebve britanik\u00eb dhe rumun\u00eb\" \/>\n<meta property=\"og:description\" content=\"Misioni i NATO-s n\u00eb Kosov\u00eb, KFOR, ka njoftuar p\u00ebr ardhjen e trupave shtes\u00eb nga Britania e Madhe dhe Rumania. Ardhja e tyre u nxit nga sulmi terrorist n\u00eb Banjsk\u00eb. \u201cNj\u00eb kontingjent prej 200 ushtar\u00ebsh britanik\u00eb nga Batalioni i Par\u00eb i Regjimentit Mbret\u00ebror t\u00eb Princesh\u00ebs s\u00eb Uellsit dhe m\u00eb shum\u00eb se 130 trupa shtes\u00eb nga Rumania [&hellip;]\" \/>\n<meta property=\"og:url\" content=\"https:\/\/permbledhja.com\/sq\/kfor-i-njofton-ardhjen-e-ushtareve-britanike-dhe-rumune\/\" \/>\n<meta property=\"og:site_name\" content=\"Ve\u00e7 artikuj p\u00ebrmbledh\u00ebs\" \/>\n<meta property=\"article:publisher\" content=\"https:\/\/www.facebook.com\/press07\/\" \/>\n<meta property=\"article:author\" content=\"https:\/\/www.facebook.com\/kafexhiu.muharrem\/\" \/>\n<meta property=\"article:published_time\" content=\"2023-10-19T14:54:19+00:00\" \/>\n<meta property=\"og:image\" content=\"https:\/\/permbledhja.com\/wp-content\/uploads\/2023\/10\/follow-1-1024x576.png\" \/>\n\t<meta property=\"og:image:width\" content=\"1024\" \/>\n\t<meta property=\"og:image:height\" content=\"576\" \/>\n\t<meta property=\"og:image:type\" content=\"image\/png\" \/>\n<meta name=\"author\" content=\"P\u00ebrmbledhja\" \/>\n<meta name=\"twitter:card\" content=\"summary_large_image\" \/>\n<meta name=\"twitter:label1\" content=\"Written by\" \/>\n\t<meta name=\"twitter:data1\" content=\"P\u00ebrmbledhja\" \/>\n\t<meta name=\"twitter:label2\" content=\"Est. reading time\" \/>\n\t<meta name=\"twitter:data2\" content=\"1 minut\u00eb\" \/>\n<script type=\"application\/ld+json\" class=\"yoast-schema-graph\">{\"@context\":\"https:\/\/schema.org\",\"@graph\":[{\"@type\":\"Article\",\"@id\":\"https:\/\/permbledhja.com\/sq\/kfor-i-njofton-ardhjen-e-ushtareve-britanike-dhe-rumune\/#article\",\"isPartOf\":{\"@id\":\"https:\/\/permbledhja.com\/sq\/kfor-i-njofton-ardhjen-e-ushtareve-britanike-dhe-rumune\/\"},\"author\":{\"name\":\"P\u00ebrmbledhja\",\"@id\":\"https:\/\/permbledhja.com\/#\/schema\/person\/0d064377258d3221e50693947b9eb4fe\"},\"headline\":\"KFOR-i njofton ardhjen e ushtar\u00ebve britanik\u00eb dhe rumun\u00eb\",\"datePublished\":\"2023-10-19T14:54:19+00:00\",\"dateModified\":\"2023-10-19T14:54:19+00:00\",\"mainEntityOfPage\":{\"@id\":\"https:\/\/permbledhja.com\/sq\/kfor-i-njofton-ardhjen-e-ushtareve-britanike-dhe-rumune\/\"},\"wordCount\":276,\"publisher\":{\"@id\":\"https:\/\/permbledhja.com\/#organization\"},\"keywords\":[\"KFOR\"],\"articleSection\":[\"Kryesoret\"],\"inLanguage\":\"sq\"},{\"@type\":\"WebPage\",\"@id\":\"https:\/\/permbledhja.com\/sq\/kfor-i-njofton-ardhjen-e-ushtareve-britanike-dhe-rumune\/\",\"url\":\"https:\/\/permbledhja.com\/sq\/kfor-i-njofton-ardhjen-e-ushtareve-britanike-dhe-rumune\/\",\"name\":\"KFOR-i njofton ardhjen e ushtar\u00ebve britanik\u00eb dhe rumun\u00eb\",\"isPartOf\":{\"@id\":\"https:\/\/permbledhja.com\/#website\"},\"datePublished\":\"2023-10-19T14:54:19+00:00\",\"dateModified\":\"2023-10-19T14:54:19+00:00\",\"breadcrumb\":{\"@id\":\"https:\/\/permbledhja.com\/sq\/kfor-i-njofton-ardhjen-e-ushtareve-britanike-dhe-rumune\/#breadcrumb\"},\"inLanguage\":\"sq\",\"potentialAction\":[{\"@type\":\"ReadAction\",\"target\":[\"https:\/\/permbledhja.com\/sq\/kfor-i-njofton-ardhjen-e-ushtareve-britanike-dhe-rumune\/\"]}]},{\"@type\":\"BreadcrumbList\",\"@id\":\"https:\/\/permbledhja.com\/sq\/kfor-i-njofton-ardhjen-e-ushtareve-britanike-dhe-rumune\/#breadcrumb\",\"itemListElement\":[{\"@type\":\"ListItem\",\"position\":1,\"name\":\"Ballina\",\"item\":\"https:\/\/permbledhja.com\/sq\/\"},{\"@type\":\"ListItem\",\"position\":2,\"name\":\"KFOR-i njofton ardhjen e ushtar\u00ebve britanik\u00eb dhe rumun\u00eb\"}]},{\"@type\":\"WebSite\",\"@id\":\"https:\/\/permbledhja.com\/#website\",\"url\":\"https:\/\/permbledhja.com\/\",\"name\":\"Ve\u00e7 artikuj p\u00ebrmbledh\u00ebs\",\"description\":\"\",\"publisher\":{\"@id\":\"https:\/\/permbledhja.com\/#organization\"},\"potentialAction\":[{\"@type\":\"SearchAction\",\"target\":{\"@type\":\"EntryPoint\",\"urlTemplate\":\"https:\/\/permbledhja.com\/?s={search_term_string}\"},\"query-input\":\"required name=search_term_string\"}],\"inLanguage\":\"sq\"},{\"@type\":\"Organization\",\"@id\":\"https:\/\/permbledhja.com\/#organization\",\"name\":\"MK Media & Pr\",\"url\":\"https:\/\/permbledhja.com\/\",\"logo\":{\"@type\":\"ImageObject\",\"inLanguage\":\"sq\",\"@id\":\"https:\/\/permbledhja.com\/#\/schema\/logo\/image\/\",\"url\":\"https:\/\/permbledhja.com\/wp-content\/uploads\/2021\/12\/07-Press-Logo.jpg\",\"contentUrl\":\"https:\/\/permbledhja.com\/wp-content\/uploads\/2021\/12\/07-Press-Logo.jpg\",\"width\":512,\"height\":512,\"caption\":\"MK Media & Pr\"},\"image\":{\"@id\":\"https:\/\/permbledhja.com\/#\/schema\/logo\/image\/\"},\"sameAs\":[\"https:\/\/www.facebook.com\/press07\/\"]},{\"@type\":\"Person\",\"@id\":\"https:\/\/permbledhja.com\/#\/schema\/person\/0d064377258d3221e50693947b9eb4fe\",\"name\":\"P\u00ebrmbledhja\",\"image\":{\"@type\":\"ImageObject\",\"inLanguage\":\"sq\",\"@id\":\"https:\/\/permbledhja.com\/#\/schema\/person\/image\/\",\"url\":\"https:\/\/permbledhja.com\/wp-content\/uploads\/2026\/01\/452004717_1040944174702970_8932037511805513407_n-96x96.jpg\",\"contentUrl\":\"https:\/\/permbledhja.com\/wp-content\/uploads\/2026\/01\/452004717_1040944174702970_8932037511805513407_n-96x96.jpg\",\"caption\":\"P\u00ebrmbledhja\"},\"sameAs\":[\"https:\/\/www.facebook.com\/kafexhiu.muharrem\/\",\"https:\/\/www.instagram.com\/muharrem_kafexhiu\/\"],\"url\":\"https:\/\/permbledhja.com\/sq\/author\/admin\/\"}]}<\/script>\n<!-- \/ Yoast SEO plugin. -->","yoast_head_json":{"title":"KFOR-i njofton ardhjen e ushtar\u00ebve britanik\u00eb dhe rumun\u00eb","robots":{"index":"index","follow":"follow","max-snippet":"max-snippet:-1","max-image-preview":"max-image-preview:large","max-video-preview":"max-video-preview:-1"},"canonical":"https:\/\/permbledhja.com\/sq\/kfor-i-njofton-ardhjen-e-ushtareve-britanike-dhe-rumune\/","og_locale":"sq_AL","og_type":"article","og_title":"KFOR-i njofton ardhjen e ushtar\u00ebve britanik\u00eb dhe rumun\u00eb","og_description":"Misioni i NATO-s n\u00eb Kosov\u00eb, KFOR, ka njoftuar p\u00ebr ardhjen e trupave shtes\u00eb nga Britania e Madhe dhe Rumania. Ardhja e tyre u nxit nga sulmi terrorist n\u00eb Banjsk\u00eb. \u201cNj\u00eb kontingjent prej 200 ushtar\u00ebsh britanik\u00eb nga Batalioni i Par\u00eb i Regjimentit Mbret\u00ebror t\u00eb Princesh\u00ebs s\u00eb Uellsit dhe m\u00eb shum\u00eb se 130 trupa shtes\u00eb nga Rumania [&hellip;]","og_url":"https:\/\/permbledhja.com\/sq\/kfor-i-njofton-ardhjen-e-ushtareve-britanike-dhe-rumune\/","og_site_name":"Ve\u00e7 artikuj p\u00ebrmbledh\u00ebs","article_publisher":"https:\/\/www.facebook.com\/press07\/","article_author":"https:\/\/www.facebook.com\/kafexhiu.muharrem\/","article_published_time":"2023-10-19T14:54:19+00:00","og_image":[{"width":1024,"height":576,"url":"https:\/\/permbledhja.com\/wp-content\/uploads\/2023\/10\/follow-1-1024x576.png","type":"image\/png"}],"author":"P\u00ebrmbledhja","twitter_card":"summary_large_image","twitter_misc":{"Written by":"P\u00ebrmbledhja","Est. reading time":"1 minut\u00eb"},"schema":{"@context":"https:\/\/schema.org","@graph":[{"@type":"Article","@id":"https:\/\/permbledhja.com\/sq\/kfor-i-njofton-ardhjen-e-ushtareve-britanike-dhe-rumune\/#article","isPartOf":{"@id":"https:\/\/permbledhja.com\/sq\/kfor-i-njofton-ardhjen-e-ushtareve-britanike-dhe-rumune\/"},"author":{"name":"P\u00ebrmbledhja","@id":"https:\/\/permbledhja.com\/#\/schema\/person\/0d064377258d3221e50693947b9eb4fe"},"headline":"KFOR-i njofton ardhjen e ushtar\u00ebve britanik\u00eb dhe rumun\u00eb","datePublished":"2023-10-19T14:54:19+00:00","dateModified":"2023-10-19T14:54:19+00:00","mainEntityOfPage":{"@id":"https:\/\/permbledhja.com\/sq\/kfor-i-njofton-ardhjen-e-ushtareve-britanike-dhe-rumune\/"},"wordCount":276,"publisher":{"@id":"https:\/\/permbledhja.com\/#organization"},"keywords":["KFOR"],"articleSection":["Kryesoret"],"inLanguage":"sq"},{"@type":"WebPage","@id":"https:\/\/permbledhja.com\/sq\/kfor-i-njofton-ardhjen-e-ushtareve-britanike-dhe-rumune\/","url":"https:\/\/permbledhja.com\/sq\/kfor-i-njofton-ardhjen-e-ushtareve-britanike-dhe-rumune\/","name":"KFOR-i njofton ardhjen e ushtar\u00ebve britanik\u00eb dhe rumun\u00eb","isPartOf":{"@id":"https:\/\/permbledhja.com\/#website"},"datePublished":"2023-10-19T14:54:19+00:00","dateModified":"2023-10-19T14:54:19+00:00","breadcrumb":{"@id":"https:\/\/permbledhja.com\/sq\/kfor-i-njofton-ardhjen-e-ushtareve-britanike-dhe-rumune\/#breadcrumb"},"inLanguage":"sq","potentialAction":[{"@type":"ReadAction","target":["https:\/\/permbledhja.com\/sq\/kfor-i-njofton-ardhjen-e-ushtareve-britanike-dhe-rumune\/"]}]},{"@type":"BreadcrumbList","@id":"https:\/\/permbledhja.com\/sq\/kfor-i-njofton-ardhjen-e-ushtareve-britanike-dhe-rumune\/#breadcrumb","itemListElement":[{"@type":"ListItem","position":1,"name":"Ballina","item":"https:\/\/permbledhja.com\/sq\/"},{"@type":"ListItem","position":2,"name":"KFOR-i njofton ardhjen e ushtar\u00ebve britanik\u00eb dhe rumun\u00eb"}]},{"@type":"WebSite","@id":"https:\/\/permbledhja.com\/#website","url":"https:\/\/permbledhja.com\/","name":"Ve\u00e7 artikuj p\u00ebrmbledh\u00ebs","description":"","publisher":{"@id":"https:\/\/permbledhja.com\/#organization"},"potentialAction":[{"@type":"SearchAction","target":{"@type":"EntryPoint","urlTemplate":"https:\/\/permbledhja.com\/?s={search_term_string}"},"query-input":"required name=search_term_string"}],"inLanguage":"sq"},{"@type":"Organization","@id":"https:\/\/permbledhja.com\/#organization","name":"MK Media & Pr","url":"https:\/\/permbledhja.com\/","logo":{"@type":"ImageObject","inLanguage":"sq","@id":"https:\/\/permbledhja.com\/#\/schema\/logo\/image\/","url":"https:\/\/permbledhja.com\/wp-content\/uploads\/2021\/12\/07-Press-Logo.jpg","contentUrl":"https:\/\/permbledhja.com\/wp-content\/uploads\/2021\/12\/07-Press-Logo.jpg","width":512,"height":512,"caption":"MK Media & Pr"},"image":{"@id":"https:\/\/permbledhja.com\/#\/schema\/logo\/image\/"},"sameAs":["https:\/\/www.facebook.com\/press07\/"]},{"@type":"Person","@id":"https:\/\/permbledhja.com\/#\/schema\/person\/0d064377258d3221e50693947b9eb4fe","name":"P\u00ebrmbledhja","image":{"@type":"ImageObject","inLanguage":"sq","@id":"https:\/\/permbledhja.com\/#\/schema\/person\/image\/","url":"https:\/\/permbledhja.com\/wp-content\/uploads\/2026\/01\/452004717_1040944174702970_8932037511805513407_n-96x96.jpg","contentUrl":"https:\/\/permbledhja.com\/wp-content\/uploads\/2026\/01\/452004717_1040944174702970_8932037511805513407_n-96x96.jpg","caption":"P\u00ebrmbledhja"},"sameAs":["https:\/\/www.facebook.com\/kafexhiu.muharrem\/","https:\/\/www.instagram.com\/muharrem_kafexhiu\/"],"url":"https:\/\/permbledhja.com\/sq\/author\/admin\/"}]}},"_links":{"self":[{"href":"https:\/\/permbledhja.com\/sq\/wp-json\/wp\/v2\/posts\/32056"}],"collection":[{"href":"https:\/\/permbledhja.com\/sq\/wp-json\/wp\/v2\/posts"}],"about":[{"href":"https:\/\/permbledhja.com\/sq\/wp-json\/wp\/v2\/types\/post"}],"author":[{"embeddable":true,"href":"https:\/\/permbledhja.com\/sq\/wp-json\/wp\/v2\/users\/1"}],"replies":[{"embeddable":true,"href":"https:\/\/permbledhja.com\/sq\/wp-json\/wp\/v2\/comments?post=32056"}],"version-history":[{"count":1,"href":"https:\/\/permbledhja.com\/sq\/wp-json\/wp\/v2\/posts\/32056\/revisions"}],"predecessor-version":[{"id":32058,"href":"https:\/\/permbledhja.com\/sq\/wp-json\/wp\/v2\/posts\/32056\/revisions\/32058"}],"wp:featuredmedia":[{"embeddable":true,"href":"https:\/\/permbledhja.com\/sq\/wp-json\/wp\/v2\/media\/32057"}],"wp:attachment":[{"href":"https:\/\/permbledhja.com\/sq\/wp-json\/wp\/v2\/media?parent=32056"}],"wp:term":[{"taxonomy":"category","embeddable":true,"href":"https:\/\/permbledhja.com\/sq\/wp-json\/wp\/v2\/categories?post=32056"},{"taxonomy":"post_tag","embeddable":true,"href":"https:\/\/permbledhja.com\/sq\/wp-json\/wp\/v2\/tags?post=32056"}],"curies":[{"name":"wp","href":"https:\/\/api.w.org\/{rel}","templated":true}]}}