{"id":32050,"date":"2023-10-19T13:25:10","date_gmt":"2023-10-19T13:25:10","guid":{"rendered":"https:\/\/permbledhja.com\/?p=32050"},"modified":"2023-10-19T13:25:10","modified_gmt":"2023-10-19T13:25:10","slug":"abelard-tahiri-kurti-ti-kerkoje-rames-qe-te-therras-mbledhje-ne-keshillin-e-sigurimit-per-sulmin-terrorist","status":"publish","type":"post","link":"https:\/\/permbledhja.com\/sq\/abelard-tahiri-kurti-ti-kerkoje-rames-qe-te-therras-mbledhje-ne-keshillin-e-sigurimit-per-sulmin-terrorist\/","title":{"rendered":"Abelard Tahiri: Kurti t\u2019i k\u00ebrkoj\u00eb Ram\u00ebs q\u00eb t\u00eb th\u00ebrras mbledhje n\u00eb K\u00ebshillin e Sigurimit p\u00ebr sulmin terrorist"},"content":{"rendered":"<h3>Kryetari i grupit parlamentar t\u00eb PDK-s\u00eb, Abelard Tahiri, e ka p\u00ebrg\u00ebzuar Parlamentin Evropian p\u00ebr votimin e rezolut\u00ebs me an\u00eb t\u00eb s\u00eb cil\u00ebs e d\u00ebnuan sulmin terrorist n\u00eb Banjsk\u00eb.<\/h3>\n<p>Tahiri tha se \u00ebsht\u00eb e r\u00ebnd\u00ebsishme q\u00eb t\u00eb gjith\u00eb akter\u00ebt politik\u00eb t\u00eb ken\u00eb nj\u00eb angazhim m\u00eb t\u00eb madh n\u00eb nxjerrjen n\u00eb pah rreth sulmit terrorist t\u00eb sponsorizuar nga Serbia.<\/p>\n<p>\u201c\u00cbsht\u00eb p\u00ebr keqardhje q\u00ebndrimi nga 24 shtatori i Qeveris\u00eb s\u00eb Kosov\u00ebs karshi shteteve dhe raporteve q\u00eb i kemi n\u00eb raport me k\u00ebt\u00eb \u00e7\u00ebshtje. Sot do t\u00eb duhej q\u00eb Kurti t\u2019i k\u00ebrkonte Shqip\u00ebris\u00eb, e cila \u00ebsht\u00eb an\u00ebtare e K\u00ebshillit t\u00eb Sigurimit q\u00eb bashk\u00eb me shtetet q\u00eb e kan\u00eb njohur Kosov\u00ebn t\u00eb angazhoheshin dhe t\u00eb ken\u00eb nj\u00eb seanc\u00eb t\u00eb K\u00ebshillit t\u00eb Sigurimit\u201d.<\/p>\n<p>\u201cNga 15 shtete an\u00ebtare t\u00eb K\u00ebshillit t\u00eb Sigurimit, n\u00ebnt\u00eb nga to e kan\u00eb njohur pavar\u00ebsin\u00eb e Kosov\u00ebs. Jemi n\u00eb nj\u00eb pozicion shum\u00eb t\u00eb favorsh\u00ebm por k\u00ebtu mungon nj\u00eb komunikim me kryeministrin e Shqip\u00ebris\u00eb, Edi Rama, q\u00eb K\u00ebshilli i Sigurimit t\u00eb ket\u00eb nj\u00eb debat n\u00eb lidhje me sulmin terrorist q\u00eb e ka sponsorizuar Serbia\u201d.<\/p>\n<p>\u201c\u00cbsht\u00eb p\u00ebr keqardhje raportin t\u00eb cilin e ka sjellur kryeministri yn\u00eb me Shqip\u00ebrin\u00eb, deri n\u00eb at\u00eb pik\u00eb q\u00eb sot s\u2019mund t\u2019ia k\u00ebrkoj\u00eb as edhe nj\u00eb gj\u00eb t\u00eb till\u00eb. Pra, kjo situat\u00eb na z\u00eb neve n\u00eb nj\u00eb situat\u00eb shum\u00eb t\u00eb favorshme nd\u00ebrkomb\u00ebtarisht\u201d, tha Tahiri, njofton Klankosova.tv.<\/p>\n<p>Tutje, ai i b\u00ebri thirrje kryeministrit t\u00eb vendit, Albin Kurti, q\u00eb t\u2019i k\u00ebrkoj\u00eb Shqip\u00ebris\u00eb nj\u00eb angazhim m\u00eb proaktiv p\u00ebr k\u00ebt\u00eb \u00e7\u00ebshtje, teksa tha se deputet\u00ebt e Kosov\u00ebs duhet t\u00eb jen\u00eb m\u00eb k\u00ebrkues ndaj qeveris\u00eb q\u00eb t\u00eb jet\u00eb m\u00eb e pranishme n\u00eb aren\u00ebn nd\u00ebrkomb\u00ebtare.<\/p>\n<p>\u201c\u00cbsht\u00eb nj\u00eb \u00e7\u00ebshtje q\u00eb duhet sa m\u00eb shum\u00eb t\u00eb ekspozohet, t\u00eb ket\u00eb vizita sa m\u00eb shum\u00eb t\u00eb ministres s\u00eb Jasht\u00ebm, t\u00eb kryeministrit, z\u00ebvend\u00ebskryeministrave n\u00eb mbar\u00eb bot\u00ebn q\u00eb t\u00eb prezantohet ajo q\u00eb ka ndodhur n\u00eb vendin ton\u00eb\u201d, tha ai.<\/p>\n","protected":false},"excerpt":{"rendered":"<p>Kryetari i grupit parlamentar t\u00eb PDK-s\u00eb, Abelard Tahiri, e ka p\u00ebrg\u00ebzuar Parlamentin Evropian p\u00ebr votimin e rezolut\u00ebs me an\u00eb t\u00eb s\u00eb cil\u00ebs e d\u00ebnuan sulmin terrorist n\u00eb Banjsk\u00eb. Tahiri tha se \u00ebsht\u00eb e r\u00ebnd\u00ebsishme q\u00eb t\u00eb gjith\u00eb akter\u00ebt politik\u00eb t\u00eb ken\u00eb nj\u00eb angazhim m\u00eb t\u00eb madh n\u00eb nxjerrjen n\u00eb pah rreth sulmit terrorist t\u00eb sponsorizuar [&hellip;]<\/p>\n","protected":false},"author":2,"featured_media":32051,"comment_status":"closed","ping_status":"closed","sticky":false,"template":"","format":"standard","meta":{"_monsterinsights_skip_tracking":false,"_monsterinsights_sitenote_active":false,"_monsterinsights_sitenote_note":"","_monsterinsights_sitenote_category":0,"_uf_show_specific_survey":0,"_uf_disable_surveys":false,"footnotes":""},"categories":[23,15],"tags":[946],"yoast_head":"<!-- This site is optimized with the Yoast SEO plugin v21.5 - https:\/\/yoast.com\/wordpress\/plugins\/seo\/ -->\n<title>Abelard Tahiri: Kurti t\u2019i k\u00ebrkoj\u00eb Ram\u00ebs q\u00eb t\u00eb th\u00ebrras mbledhje n\u00eb K\u00ebshillin e Sigurimit p\u00ebr sulmin terrorist<\/title>\n<meta name=\"robots\" content=\"index, follow, max-snippet:-1, max-image-preview:large, max-video-preview:-1\" \/>\n<link rel=\"canonical\" href=\"https:\/\/permbledhja.com\/sq\/abelard-tahiri-kurti-ti-kerkoje-rames-qe-te-therras-mbledhje-ne-keshillin-e-sigurimit-per-sulmin-terrorist\/\" \/>\n<meta property=\"og:locale\" content=\"sq_AL\" \/>\n<meta property=\"og:type\" content=\"article\" \/>\n<meta property=\"og:title\" content=\"Abelard Tahiri: Kurti t\u2019i k\u00ebrkoj\u00eb Ram\u00ebs q\u00eb t\u00eb th\u00ebrras mbledhje n\u00eb K\u00ebshillin e Sigurimit p\u00ebr sulmin terrorist\" \/>\n<meta property=\"og:description\" content=\"Kryetari i grupit parlamentar t\u00eb PDK-s\u00eb, Abelard Tahiri, e ka p\u00ebrg\u00ebzuar Parlamentin Evropian p\u00ebr votimin e rezolut\u00ebs me an\u00eb t\u00eb s\u00eb cil\u00ebs e d\u00ebnuan sulmin terrorist n\u00eb Banjsk\u00eb. Tahiri tha se \u00ebsht\u00eb e r\u00ebnd\u00ebsishme q\u00eb t\u00eb gjith\u00eb akter\u00ebt politik\u00eb t\u00eb ken\u00eb nj\u00eb angazhim m\u00eb t\u00eb madh n\u00eb nxjerrjen n\u00eb pah rreth sulmit terrorist t\u00eb sponsorizuar [&hellip;]\" \/>\n<meta property=\"og:url\" content=\"https:\/\/permbledhja.com\/sq\/abelard-tahiri-kurti-ti-kerkoje-rames-qe-te-therras-mbledhje-ne-keshillin-e-sigurimit-per-sulmin-terrorist\/\" \/>\n<meta property=\"og:site_name\" content=\"Ve\u00e7 artikuj p\u00ebrmbledh\u00ebs\" \/>\n<meta property=\"article:publisher\" content=\"https:\/\/www.facebook.com\/press07\/\" \/>\n<meta property=\"article:published_time\" content=\"2023-10-19T13:25:10+00:00\" \/>\n<meta property=\"og:image\" content=\"https:\/\/permbledhja.com\/wp-content\/uploads\/2023\/10\/Abelard-Tahiri-1.png\" \/>\n\t<meta property=\"og:image:width\" content=\"1231\" \/>\n\t<meta property=\"og:image:height\" content=\"677\" \/>\n\t<meta property=\"og:image:type\" content=\"image\/png\" \/>\n<meta name=\"author\" content=\"M M\" \/>\n<meta name=\"twitter:card\" content=\"summary_large_image\" \/>\n<meta name=\"twitter:label1\" content=\"Written by\" \/>\n\t<meta name=\"twitter:data1\" content=\"M M\" \/>\n\t<meta name=\"twitter:label2\" content=\"Est. reading time\" \/>\n\t<meta name=\"twitter:data2\" content=\"2 minuta\" \/>\n<script type=\"application\/ld+json\" class=\"yoast-schema-graph\">{\"@context\":\"https:\/\/schema.org\",\"@graph\":[{\"@type\":\"Article\",\"@id\":\"https:\/\/permbledhja.com\/abelard-tahiri-kurti-ti-kerkoje-rames-qe-te-therras-mbledhje-ne-keshillin-e-sigurimit-per-sulmin-terrorist\/#article\",\"isPartOf\":{\"@id\":\"https:\/\/permbledhja.com\/abelard-tahiri-kurti-ti-kerkoje-rames-qe-te-therras-mbledhje-ne-keshillin-e-sigurimit-per-sulmin-terrorist\/\"},\"author\":{\"name\":\"M M\",\"@id\":\"https:\/\/permbledhja.com\/#\/schema\/person\/d23f13f59b5722643933d6780783acf3\"},\"headline\":\"Abelard Tahiri: Kurti t\u2019i k\u00ebrkoj\u00eb Ram\u00ebs q\u00eb t\u00eb th\u00ebrras mbledhje n\u00eb K\u00ebshillin e Sigurimit p\u00ebr sulmin terrorist\",\"datePublished\":\"2023-10-19T13:25:10+00:00\",\"dateModified\":\"2023-10-19T13:25:10+00:00\",\"mainEntityOfPage\":{\"@id\":\"https:\/\/permbledhja.com\/abelard-tahiri-kurti-ti-kerkoje-rames-qe-te-therras-mbledhje-ne-keshillin-e-sigurimit-per-sulmin-terrorist\/\"},\"wordCount\":370,\"publisher\":{\"@id\":\"https:\/\/permbledhja.com\/#organization\"},\"keywords\":[\"Abelard Tahiri\"],\"articleSection\":[\"Komb\u00ebtare\",\"Lajme\"],\"inLanguage\":\"sq\"},{\"@type\":\"WebPage\",\"@id\":\"https:\/\/permbledhja.com\/abelard-tahiri-kurti-ti-kerkoje-rames-qe-te-therras-mbledhje-ne-keshillin-e-sigurimit-per-sulmin-terrorist\/\",\"url\":\"https:\/\/permbledhja.com\/abelard-tahiri-kurti-ti-kerkoje-rames-qe-te-therras-mbledhje-ne-keshillin-e-sigurimit-per-sulmin-terrorist\/\",\"name\":\"Abelard Tahiri: Kurti t\u2019i k\u00ebrkoj\u00eb Ram\u00ebs q\u00eb t\u00eb th\u00ebrras mbledhje n\u00eb K\u00ebshillin e Sigurimit p\u00ebr sulmin terrorist\",\"isPartOf\":{\"@id\":\"https:\/\/permbledhja.com\/#website\"},\"datePublished\":\"2023-10-19T13:25:10+00:00\",\"dateModified\":\"2023-10-19T13:25:10+00:00\",\"breadcrumb\":{\"@id\":\"https:\/\/permbledhja.com\/abelard-tahiri-kurti-ti-kerkoje-rames-qe-te-therras-mbledhje-ne-keshillin-e-sigurimit-per-sulmin-terrorist\/#breadcrumb\"},\"inLanguage\":\"sq\",\"potentialAction\":[{\"@type\":\"ReadAction\",\"target\":[\"https:\/\/permbledhja.com\/abelard-tahiri-kurti-ti-kerkoje-rames-qe-te-therras-mbledhje-ne-keshillin-e-sigurimit-per-sulmin-terrorist\/\"]}]},{\"@type\":\"BreadcrumbList\",\"@id\":\"https:\/\/permbledhja.com\/abelard-tahiri-kurti-ti-kerkoje-rames-qe-te-therras-mbledhje-ne-keshillin-e-sigurimit-per-sulmin-terrorist\/#breadcrumb\",\"itemListElement\":[{\"@type\":\"ListItem\",\"position\":1,\"name\":\"Ballina\",\"item\":\"https:\/\/permbledhja.com\/sq\/\"},{\"@type\":\"ListItem\",\"position\":2,\"name\":\"Abelard Tahiri: Kurti t\u2019i k\u00ebrkoj\u00eb Ram\u00ebs q\u00eb t\u00eb th\u00ebrras mbledhje n\u00eb K\u00ebshillin e Sigurimit p\u00ebr sulmin terrorist\"}]},{\"@type\":\"WebSite\",\"@id\":\"https:\/\/permbledhja.com\/#website\",\"url\":\"https:\/\/permbledhja.com\/\",\"name\":\"Ve\u00e7 artikuj p\u00ebrmbledh\u00ebs\",\"description\":\"\",\"publisher\":{\"@id\":\"https:\/\/permbledhja.com\/#organization\"},\"potentialAction\":[{\"@type\":\"SearchAction\",\"target\":{\"@type\":\"EntryPoint\",\"urlTemplate\":\"https:\/\/permbledhja.com\/?s={search_term_string}\"},\"query-input\":\"required name=search_term_string\"}],\"inLanguage\":\"sq\"},{\"@type\":\"Organization\",\"@id\":\"https:\/\/permbledhja.com\/#organization\",\"name\":\"MK Media & Pr\",\"url\":\"https:\/\/permbledhja.com\/\",\"logo\":{\"@type\":\"ImageObject\",\"inLanguage\":\"sq\",\"@id\":\"https:\/\/permbledhja.com\/#\/schema\/logo\/image\/\",\"url\":\"https:\/\/permbledhja.com\/wp-content\/uploads\/2021\/12\/07-Press-Logo.jpg\",\"contentUrl\":\"https:\/\/permbledhja.com\/wp-content\/uploads\/2021\/12\/07-Press-Logo.jpg\",\"width\":512,\"height\":512,\"caption\":\"MK Media & Pr\"},\"image\":{\"@id\":\"https:\/\/permbledhja.com\/#\/schema\/logo\/image\/\"},\"sameAs\":[\"https:\/\/www.facebook.com\/press07\/\"]},{\"@type\":\"Person\",\"@id\":\"https:\/\/permbledhja.com\/#\/schema\/person\/d23f13f59b5722643933d6780783acf3\",\"name\":\"M M\",\"image\":{\"@type\":\"ImageObject\",\"inLanguage\":\"sq\",\"@id\":\"https:\/\/permbledhja.com\/#\/schema\/person\/image\/\",\"url\":\"https:\/\/secure.gravatar.com\/avatar\/e2835a76ca7c31a2416b2d51c4ec9a8f?s=96&d=mm&r=g\",\"contentUrl\":\"https:\/\/secure.gravatar.com\/avatar\/e2835a76ca7c31a2416b2d51c4ec9a8f?s=96&d=mm&r=g\",\"caption\":\"M M\"},\"sameAs\":[\"http:\/\/MM\"],\"url\":\"https:\/\/permbledhja.com\/sq\/author\/muhamet\/\"}]}<\/script>\n<!-- \/ Yoast SEO plugin. -->","yoast_head_json":{"title":"Abelard Tahiri: Kurti t\u2019i k\u00ebrkoj\u00eb Ram\u00ebs q\u00eb t\u00eb th\u00ebrras mbledhje n\u00eb K\u00ebshillin e Sigurimit p\u00ebr sulmin terrorist","robots":{"index":"index","follow":"follow","max-snippet":"max-snippet:-1","max-image-preview":"max-image-preview:large","max-video-preview":"max-video-preview:-1"},"canonical":"https:\/\/permbledhja.com\/sq\/abelard-tahiri-kurti-ti-kerkoje-rames-qe-te-therras-mbledhje-ne-keshillin-e-sigurimit-per-sulmin-terrorist\/","og_locale":"sq_AL","og_type":"article","og_title":"Abelard Tahiri: Kurti t\u2019i k\u00ebrkoj\u00eb Ram\u00ebs q\u00eb t\u00eb th\u00ebrras mbledhje n\u00eb K\u00ebshillin e Sigurimit p\u00ebr sulmin terrorist","og_description":"Kryetari i grupit parlamentar t\u00eb PDK-s\u00eb, Abelard Tahiri, e ka p\u00ebrg\u00ebzuar Parlamentin Evropian p\u00ebr votimin e rezolut\u00ebs me an\u00eb t\u00eb s\u00eb cil\u00ebs e d\u00ebnuan sulmin terrorist n\u00eb Banjsk\u00eb. Tahiri tha se \u00ebsht\u00eb e r\u00ebnd\u00ebsishme q\u00eb t\u00eb gjith\u00eb akter\u00ebt politik\u00eb t\u00eb ken\u00eb nj\u00eb angazhim m\u00eb t\u00eb madh n\u00eb nxjerrjen n\u00eb pah rreth sulmit terrorist t\u00eb sponsorizuar [&hellip;]","og_url":"https:\/\/permbledhja.com\/sq\/abelard-tahiri-kurti-ti-kerkoje-rames-qe-te-therras-mbledhje-ne-keshillin-e-sigurimit-per-sulmin-terrorist\/","og_site_name":"Ve\u00e7 artikuj p\u00ebrmbledh\u00ebs","article_publisher":"https:\/\/www.facebook.com\/press07\/","article_published_time":"2023-10-19T13:25:10+00:00","og_image":[{"width":1231,"height":677,"url":"https:\/\/permbledhja.com\/wp-content\/uploads\/2023\/10\/Abelard-Tahiri-1.png","type":"image\/png"}],"author":"M M","twitter_card":"summary_large_image","twitter_misc":{"Written by":"M M","Est. reading time":"2 minuta"},"schema":{"@context":"https:\/\/schema.org","@graph":[{"@type":"Article","@id":"https:\/\/permbledhja.com\/abelard-tahiri-kurti-ti-kerkoje-rames-qe-te-therras-mbledhje-ne-keshillin-e-sigurimit-per-sulmin-terrorist\/#article","isPartOf":{"@id":"https:\/\/permbledhja.com\/abelard-tahiri-kurti-ti-kerkoje-rames-qe-te-therras-mbledhje-ne-keshillin-e-sigurimit-per-sulmin-terrorist\/"},"author":{"name":"M M","@id":"https:\/\/permbledhja.com\/#\/schema\/person\/d23f13f59b5722643933d6780783acf3"},"headline":"Abelard Tahiri: Kurti t\u2019i k\u00ebrkoj\u00eb Ram\u00ebs q\u00eb t\u00eb th\u00ebrras mbledhje n\u00eb K\u00ebshillin e Sigurimit p\u00ebr sulmin terrorist","datePublished":"2023-10-19T13:25:10+00:00","dateModified":"2023-10-19T13:25:10+00:00","mainEntityOfPage":{"@id":"https:\/\/permbledhja.com\/abelard-tahiri-kurti-ti-kerkoje-rames-qe-te-therras-mbledhje-ne-keshillin-e-sigurimit-per-sulmin-terrorist\/"},"wordCount":370,"publisher":{"@id":"https:\/\/permbledhja.com\/#organization"},"keywords":["Abelard Tahiri"],"articleSection":["Komb\u00ebtare","Lajme"],"inLanguage":"sq"},{"@type":"WebPage","@id":"https:\/\/permbledhja.com\/abelard-tahiri-kurti-ti-kerkoje-rames-qe-te-therras-mbledhje-ne-keshillin-e-sigurimit-per-sulmin-terrorist\/","url":"https:\/\/permbledhja.com\/abelard-tahiri-kurti-ti-kerkoje-rames-qe-te-therras-mbledhje-ne-keshillin-e-sigurimit-per-sulmin-terrorist\/","name":"Abelard Tahiri: Kurti t\u2019i k\u00ebrkoj\u00eb Ram\u00ebs q\u00eb t\u00eb th\u00ebrras mbledhje n\u00eb K\u00ebshillin e Sigurimit p\u00ebr sulmin terrorist","isPartOf":{"@id":"https:\/\/permbledhja.com\/#website"},"datePublished":"2023-10-19T13:25:10+00:00","dateModified":"2023-10-19T13:25:10+00:00","breadcrumb":{"@id":"https:\/\/permbledhja.com\/abelard-tahiri-kurti-ti-kerkoje-rames-qe-te-therras-mbledhje-ne-keshillin-e-sigurimit-per-sulmin-terrorist\/#breadcrumb"},"inLanguage":"sq","potentialAction":[{"@type":"ReadAction","target":["https:\/\/permbledhja.com\/abelard-tahiri-kurti-ti-kerkoje-rames-qe-te-therras-mbledhje-ne-keshillin-e-sigurimit-per-sulmin-terrorist\/"]}]},{"@type":"BreadcrumbList","@id":"https:\/\/permbledhja.com\/abelard-tahiri-kurti-ti-kerkoje-rames-qe-te-therras-mbledhje-ne-keshillin-e-sigurimit-per-sulmin-terrorist\/#breadcrumb","itemListElement":[{"@type":"ListItem","position":1,"name":"Ballina","item":"https:\/\/permbledhja.com\/sq\/"},{"@type":"ListItem","position":2,"name":"Abelard Tahiri: Kurti t\u2019i k\u00ebrkoj\u00eb Ram\u00ebs q\u00eb t\u00eb th\u00ebrras mbledhje n\u00eb K\u00ebshillin e Sigurimit p\u00ebr sulmin terrorist"}]},{"@type":"WebSite","@id":"https:\/\/permbledhja.com\/#website","url":"https:\/\/permbledhja.com\/","name":"Ve\u00e7 artikuj p\u00ebrmbledh\u00ebs","description":"","publisher":{"@id":"https:\/\/permbledhja.com\/#organization"},"potentialAction":[{"@type":"SearchAction","target":{"@type":"EntryPoint","urlTemplate":"https:\/\/permbledhja.com\/?s={search_term_string}"},"query-input":"required name=search_term_string"}],"inLanguage":"sq"},{"@type":"Organization","@id":"https:\/\/permbledhja.com\/#organization","name":"MK Media & Pr","url":"https:\/\/permbledhja.com\/","logo":{"@type":"ImageObject","inLanguage":"sq","@id":"https:\/\/permbledhja.com\/#\/schema\/logo\/image\/","url":"https:\/\/permbledhja.com\/wp-content\/uploads\/2021\/12\/07-Press-Logo.jpg","contentUrl":"https:\/\/permbledhja.com\/wp-content\/uploads\/2021\/12\/07-Press-Logo.jpg","width":512,"height":512,"caption":"MK Media & Pr"},"image":{"@id":"https:\/\/permbledhja.com\/#\/schema\/logo\/image\/"},"sameAs":["https:\/\/www.facebook.com\/press07\/"]},{"@type":"Person","@id":"https:\/\/permbledhja.com\/#\/schema\/person\/d23f13f59b5722643933d6780783acf3","name":"M M","image":{"@type":"ImageObject","inLanguage":"sq","@id":"https:\/\/permbledhja.com\/#\/schema\/person\/image\/","url":"https:\/\/secure.gravatar.com\/avatar\/e2835a76ca7c31a2416b2d51c4ec9a8f?s=96&d=mm&r=g","contentUrl":"https:\/\/secure.gravatar.com\/avatar\/e2835a76ca7c31a2416b2d51c4ec9a8f?s=96&d=mm&r=g","caption":"M M"},"sameAs":["http:\/\/MM"],"url":"https:\/\/permbledhja.com\/sq\/author\/muhamet\/"}]}},"_links":{"self":[{"href":"https:\/\/permbledhja.com\/sq\/wp-json\/wp\/v2\/posts\/32050"}],"collection":[{"href":"https:\/\/permbledhja.com\/sq\/wp-json\/wp\/v2\/posts"}],"about":[{"href":"https:\/\/permbledhja.com\/sq\/wp-json\/wp\/v2\/types\/post"}],"author":[{"embeddable":true,"href":"https:\/\/permbledhja.com\/sq\/wp-json\/wp\/v2\/users\/2"}],"replies":[{"embeddable":true,"href":"https:\/\/permbledhja.com\/sq\/wp-json\/wp\/v2\/comments?post=32050"}],"version-history":[{"count":1,"href":"https:\/\/permbledhja.com\/sq\/wp-json\/wp\/v2\/posts\/32050\/revisions"}],"predecessor-version":[{"id":32052,"href":"https:\/\/permbledhja.com\/sq\/wp-json\/wp\/v2\/posts\/32050\/revisions\/32052"}],"wp:featuredmedia":[{"embeddable":true,"href":"https:\/\/permbledhja.com\/sq\/wp-json\/wp\/v2\/media\/32051"}],"wp:attachment":[{"href":"https:\/\/permbledhja.com\/sq\/wp-json\/wp\/v2\/media?parent=32050"}],"wp:term":[{"taxonomy":"category","embeddable":true,"href":"https:\/\/permbledhja.com\/sq\/wp-json\/wp\/v2\/categories?post=32050"},{"taxonomy":"post_tag","embeddable":true,"href":"https:\/\/permbledhja.com\/sq\/wp-json\/wp\/v2\/tags?post=32050"}],"curies":[{"name":"wp","href":"https:\/\/api.w.org\/{rel}","templated":true}]}}