{"id":32033,"date":"2023-10-19T12:26:07","date_gmt":"2023-10-19T12:26:07","guid":{"rendered":"https:\/\/permbledhja.com\/?p=32033"},"modified":"2023-10-19T12:26:07","modified_gmt":"2023-10-19T12:26:07","slug":"deputetet-e-pd-se-ngujohen-ne-kuvend-me-kengen-e-adem-jasharit","status":"publish","type":"post","link":"https:\/\/permbledhja.com\/sq\/deputetet-e-pd-se-ngujohen-ne-kuvend-me-kengen-e-adem-jasharit\/","title":{"rendered":"Deputet\u00ebt e PD-s\u00eb \u2018ngujohen\u2019 n\u00eb Kuvend me k\u00ebng\u00ebn e Adem Jasharit"},"content":{"rendered":"<h3>Deputet\u00ebt e \u201cFoltores\u201d prej m\u00ebngjesit t\u00eb sot\u00ebm u fut\u00ebn n\u00eb sall\u00ebn e Kuvendit duke bllokuar e at\u00eb dhe shkaktuar kaos.<\/h3>\n<p>N\u00eb kushte t\u00eb tilla, n\u00ebnkryetarja e Kuvendit, Ermonela Felaj u detyrua t\u00eb shtynte seanc\u00ebn.<\/p>\n<p>Edhe pas vendimit p\u00ebr shtyerjen e seanc\u00ebs, deputet\u00ebt e \u201cFoltores\u201d vazhdoj\u00eb t\u00eb q\u00ebndrojn\u00eb n\u00eb sall\u00ebn me drita fikur.<\/p>\n<p>M\u00ebsohet se p\u00ebr k\u00ebt\u00eb jav\u00eb nuk do t\u00eb ket\u00eb seanc\u00eb plenare, nd\u00ebrsa komisioni i Etik\u00ebs \u00ebsht\u00eb mbledhur p\u00ebr t\u00eb marr\u00eb masa disiplinore p\u00ebr 26 deputet\u00eb t\u00eb grupit t\u00eb Bardhit dhe Berish\u00ebs.<\/p>\n<div class=\"container single-post\">\n<div class=\"inner-container\">\n<div class=\"post-content single-post-content\">\n<p>Si\u00e7 shihet edhe n\u00eb video, edhe se me drita t\u00eb fikura deputet\u00ebt vijojn\u00eb t\u00eb q\u00ebndrojn\u00eb n\u00eb sall\u00eb nd\u00ebrsa n\u00eb sfond d\u00ebgjohet k\u00ebnga \u201cMora Fjal\u00eb\u201d kushtuar heroit legjendar Adem Jashari, e cila \u00ebsht\u00eb b\u00ebr\u00eb hit pasi k\u00ebndohet n\u00eb \u00e7do stadium kur luan komb\u00ebtarja e Shqip\u00ebris\u00eb.<\/p>\n<div style=\"width: 640px;\" class=\"wp-video\"><!--[if lt IE 9]><script>document.createElement('video');<\/script><![endif]-->\n<video class=\"wp-video-shortcode\" id=\"video-32033-1\" width=\"640\" height=\"362\" preload=\"metadata\" controls=\"controls\"><source type=\"video\/mp4\" src=\"https:\/\/permbledhja.com\/wp-content\/uploads\/2023\/10\/0MB9A.mp4?_=1\" \/><a href=\"https:\/\/permbledhja.com\/wp-content\/uploads\/2023\/10\/0MB9A.mp4\">https:\/\/permbledhja.com\/wp-content\/uploads\/2023\/10\/0MB9A.mp4<\/a><\/video><\/div>\n<\/div>\n<\/div>\n<\/div>\n<div id=\"tbl-aug-iw9yhi\" class=\"trc_popover_aug_container\">\n<div id=\"tbl-aug-lp6zxs\" class=\"trc_popover_aug_container\">\n<div id=\"tbl-aug-c7tz64\" class=\"trc_popover_aug_container\">\n<div class=\"trc_popover trc_popover_fade trc_bottom\">\n<p>N\u00eb video shihet gjithashtu q\u00eb disa prej deputet\u00ebve jan\u00eb ulur n\u00eb dysheme, karrige t\u00eb p\u00ebrmbysura, si dhe deputet\u00eb t\u00eb tjer\u00eb q\u00eb q\u00ebndrojn\u00eb n\u00eb k\u00ebmb\u00eb.<\/p>\n<p>Nd\u00ebrkoh\u00eb ka nga ata deputet\u00eb q\u00eb pin\u00eb dhe cigare p\u00ebr t\u00eb p\u00ebrballuar \u201cstresin\u201d q\u00eb ju ka krijuar mazhoranca.<\/p>\n<\/div>\n<\/div>\n<\/div>\n<\/div>\n<div class=\"_cm-communication-input\" data-unit-info=\"\"><\/div>\n<div id=\"_cm-css-reset\" class=\"_cm-video\">\n<div id=\"_cm-css-reset\" class=\"_cm-video-ad vpaid-player-container\">\n<div id=\"0__cm-css-reset\" class=\"_cm-video-ad vpaid-player-container vpaid-handler\"><\/div>\n<\/div>\n<\/div>\n","protected":false},"excerpt":{"rendered":"<p>Deputet\u00ebt e \u201cFoltores\u201d prej m\u00ebngjesit t\u00eb sot\u00ebm u fut\u00ebn n\u00eb sall\u00ebn e Kuvendit duke bllokuar e at\u00eb dhe shkaktuar kaos. N\u00eb kushte t\u00eb tilla, n\u00ebnkryetarja e Kuvendit, Ermonela Felaj u detyrua t\u00eb shtynte seanc\u00ebn. Edhe pas vendimit p\u00ebr shtyerjen e seanc\u00ebs, deputet\u00ebt e \u201cFoltores\u201d vazhdoj\u00eb t\u00eb q\u00ebndrojn\u00eb n\u00eb sall\u00ebn me drita fikur. M\u00ebsohet se p\u00ebr [&hellip;]<\/p>\n","protected":false},"author":2,"featured_media":32035,"comment_status":"closed","ping_status":"closed","sticky":false,"template":"","format":"standard","meta":{"_monsterinsights_skip_tracking":false,"_monsterinsights_sitenote_active":false,"_monsterinsights_sitenote_note":"","_monsterinsights_sitenote_category":0,"_uf_show_specific_survey":0,"_uf_disable_surveys":false,"footnotes":""},"categories":[23,15],"tags":[],"yoast_head":"<!-- This site is optimized with the Yoast SEO plugin v21.5 - https:\/\/yoast.com\/wordpress\/plugins\/seo\/ -->\n<title>Deputet\u00ebt e PD-s\u00eb \u2018ngujohen\u2019 n\u00eb Kuvend me k\u00ebng\u00ebn e Adem Jasharit<\/title>\n<meta name=\"robots\" content=\"index, follow, max-snippet:-1, max-image-preview:large, max-video-preview:-1\" \/>\n<link rel=\"canonical\" href=\"https:\/\/permbledhja.com\/sq\/deputetet-e-pd-se-ngujohen-ne-kuvend-me-kengen-e-adem-jasharit\/\" \/>\n<meta property=\"og:locale\" content=\"sq_AL\" \/>\n<meta property=\"og:type\" content=\"article\" \/>\n<meta property=\"og:title\" content=\"Deputet\u00ebt e PD-s\u00eb \u2018ngujohen\u2019 n\u00eb Kuvend me k\u00ebng\u00ebn e Adem Jasharit\" \/>\n<meta property=\"og:description\" content=\"Deputet\u00ebt e \u201cFoltores\u201d prej m\u00ebngjesit t\u00eb sot\u00ebm u fut\u00ebn n\u00eb sall\u00ebn e Kuvendit duke bllokuar e at\u00eb dhe shkaktuar kaos. N\u00eb kushte t\u00eb tilla, n\u00ebnkryetarja e Kuvendit, Ermonela Felaj u detyrua t\u00eb shtynte seanc\u00ebn. Edhe pas vendimit p\u00ebr shtyerjen e seanc\u00ebs, deputet\u00ebt e \u201cFoltores\u201d vazhdoj\u00eb t\u00eb q\u00ebndrojn\u00eb n\u00eb sall\u00ebn me drita fikur. M\u00ebsohet se p\u00ebr [&hellip;]\" \/>\n<meta property=\"og:url\" content=\"https:\/\/permbledhja.com\/sq\/deputetet-e-pd-se-ngujohen-ne-kuvend-me-kengen-e-adem-jasharit\/\" \/>\n<meta property=\"og:site_name\" content=\"Ve\u00e7 artikuj p\u00ebrmbledh\u00ebs\" \/>\n<meta property=\"article:publisher\" content=\"https:\/\/www.facebook.com\/press07\/\" \/>\n<meta property=\"article:published_time\" content=\"2023-10-19T12:26:07+00:00\" \/>\n<meta property=\"og:image\" content=\"https:\/\/permbledhja.com\/wp-content\/uploads\/2023\/10\/Deputetet-e-PD-se-ngujohen-ne-Kuvend-me-kengen-e-Adem-Jasharit-insajderi.org_.jpg\" \/>\n\t<meta property=\"og:image:width\" content=\"600\" \/>\n\t<meta property=\"og:image:height\" content=\"360\" \/>\n\t<meta property=\"og:image:type\" content=\"image\/jpeg\" \/>\n<meta name=\"author\" content=\"M M\" \/>\n<meta name=\"twitter:card\" content=\"summary_large_image\" \/>\n<meta name=\"twitter:label1\" content=\"Written by\" \/>\n\t<meta name=\"twitter:data1\" content=\"M M\" \/>\n\t<meta name=\"twitter:label2\" content=\"Est. reading time\" \/>\n\t<meta name=\"twitter:data2\" content=\"1 minut\u00eb\" \/>\n<script type=\"application\/ld+json\" class=\"yoast-schema-graph\">{\"@context\":\"https:\/\/schema.org\",\"@graph\":[{\"@type\":\"Article\",\"@id\":\"https:\/\/permbledhja.com\/sq\/deputetet-e-pd-se-ngujohen-ne-kuvend-me-kengen-e-adem-jasharit\/#article\",\"isPartOf\":{\"@id\":\"https:\/\/permbledhja.com\/sq\/deputetet-e-pd-se-ngujohen-ne-kuvend-me-kengen-e-adem-jasharit\/\"},\"author\":{\"name\":\"M M\",\"@id\":\"https:\/\/permbledhja.com\/#\/schema\/person\/d23f13f59b5722643933d6780783acf3\"},\"headline\":\"Deputet\u00ebt e PD-s\u00eb \u2018ngujohen\u2019 n\u00eb Kuvend me k\u00ebng\u00ebn e Adem Jasharit\",\"datePublished\":\"2023-10-19T12:26:07+00:00\",\"dateModified\":\"2023-10-19T12:26:07+00:00\",\"mainEntityOfPage\":{\"@id\":\"https:\/\/permbledhja.com\/sq\/deputetet-e-pd-se-ngujohen-ne-kuvend-me-kengen-e-adem-jasharit\/\"},\"wordCount\":231,\"publisher\":{\"@id\":\"https:\/\/permbledhja.com\/#organization\"},\"articleSection\":[\"Komb\u00ebtare\",\"Lajme\"],\"inLanguage\":\"sq\"},{\"@type\":\"WebPage\",\"@id\":\"https:\/\/permbledhja.com\/sq\/deputetet-e-pd-se-ngujohen-ne-kuvend-me-kengen-e-adem-jasharit\/\",\"url\":\"https:\/\/permbledhja.com\/sq\/deputetet-e-pd-se-ngujohen-ne-kuvend-me-kengen-e-adem-jasharit\/\",\"name\":\"Deputet\u00ebt e PD-s\u00eb \u2018ngujohen\u2019 n\u00eb Kuvend me k\u00ebng\u00ebn e Adem Jasharit\",\"isPartOf\":{\"@id\":\"https:\/\/permbledhja.com\/#website\"},\"datePublished\":\"2023-10-19T12:26:07+00:00\",\"dateModified\":\"2023-10-19T12:26:07+00:00\",\"breadcrumb\":{\"@id\":\"https:\/\/permbledhja.com\/sq\/deputetet-e-pd-se-ngujohen-ne-kuvend-me-kengen-e-adem-jasharit\/#breadcrumb\"},\"inLanguage\":\"sq\",\"potentialAction\":[{\"@type\":\"ReadAction\",\"target\":[\"https:\/\/permbledhja.com\/sq\/deputetet-e-pd-se-ngujohen-ne-kuvend-me-kengen-e-adem-jasharit\/\"]}]},{\"@type\":\"BreadcrumbList\",\"@id\":\"https:\/\/permbledhja.com\/sq\/deputetet-e-pd-se-ngujohen-ne-kuvend-me-kengen-e-adem-jasharit\/#breadcrumb\",\"itemListElement\":[{\"@type\":\"ListItem\",\"position\":1,\"name\":\"Ballina\",\"item\":\"https:\/\/permbledhja.com\/sq\/\"},{\"@type\":\"ListItem\",\"position\":2,\"name\":\"Deputet\u00ebt e PD-s\u00eb \u2018ngujohen\u2019 n\u00eb Kuvend me k\u00ebng\u00ebn e Adem Jasharit\"}]},{\"@type\":\"WebSite\",\"@id\":\"https:\/\/permbledhja.com\/#website\",\"url\":\"https:\/\/permbledhja.com\/\",\"name\":\"Ve\u00e7 artikuj p\u00ebrmbledh\u00ebs\",\"description\":\"\",\"publisher\":{\"@id\":\"https:\/\/permbledhja.com\/#organization\"},\"potentialAction\":[{\"@type\":\"SearchAction\",\"target\":{\"@type\":\"EntryPoint\",\"urlTemplate\":\"https:\/\/permbledhja.com\/?s={search_term_string}\"},\"query-input\":\"required name=search_term_string\"}],\"inLanguage\":\"sq\"},{\"@type\":\"Organization\",\"@id\":\"https:\/\/permbledhja.com\/#organization\",\"name\":\"MK Media & Pr\",\"url\":\"https:\/\/permbledhja.com\/\",\"logo\":{\"@type\":\"ImageObject\",\"inLanguage\":\"sq\",\"@id\":\"https:\/\/permbledhja.com\/#\/schema\/logo\/image\/\",\"url\":\"https:\/\/permbledhja.com\/wp-content\/uploads\/2021\/12\/07-Press-Logo.jpg\",\"contentUrl\":\"https:\/\/permbledhja.com\/wp-content\/uploads\/2021\/12\/07-Press-Logo.jpg\",\"width\":512,\"height\":512,\"caption\":\"MK Media & Pr\"},\"image\":{\"@id\":\"https:\/\/permbledhja.com\/#\/schema\/logo\/image\/\"},\"sameAs\":[\"https:\/\/www.facebook.com\/press07\/\"]},{\"@type\":\"Person\",\"@id\":\"https:\/\/permbledhja.com\/#\/schema\/person\/d23f13f59b5722643933d6780783acf3\",\"name\":\"M M\",\"image\":{\"@type\":\"ImageObject\",\"inLanguage\":\"sq\",\"@id\":\"https:\/\/permbledhja.com\/#\/schema\/person\/image\/\",\"url\":\"https:\/\/secure.gravatar.com\/avatar\/e2835a76ca7c31a2416b2d51c4ec9a8f?s=96&d=mm&r=g\",\"contentUrl\":\"https:\/\/secure.gravatar.com\/avatar\/e2835a76ca7c31a2416b2d51c4ec9a8f?s=96&d=mm&r=g\",\"caption\":\"M M\"},\"sameAs\":[\"http:\/\/MM\"],\"url\":\"https:\/\/permbledhja.com\/sq\/author\/muhamet\/\"}]}<\/script>\n<!-- \/ Yoast SEO plugin. -->","yoast_head_json":{"title":"Deputet\u00ebt e PD-s\u00eb \u2018ngujohen\u2019 n\u00eb Kuvend me k\u00ebng\u00ebn e Adem Jasharit","robots":{"index":"index","follow":"follow","max-snippet":"max-snippet:-1","max-image-preview":"max-image-preview:large","max-video-preview":"max-video-preview:-1"},"canonical":"https:\/\/permbledhja.com\/sq\/deputetet-e-pd-se-ngujohen-ne-kuvend-me-kengen-e-adem-jasharit\/","og_locale":"sq_AL","og_type":"article","og_title":"Deputet\u00ebt e PD-s\u00eb \u2018ngujohen\u2019 n\u00eb Kuvend me k\u00ebng\u00ebn e Adem Jasharit","og_description":"Deputet\u00ebt e \u201cFoltores\u201d prej m\u00ebngjesit t\u00eb sot\u00ebm u fut\u00ebn n\u00eb sall\u00ebn e Kuvendit duke bllokuar e at\u00eb dhe shkaktuar kaos. N\u00eb kushte t\u00eb tilla, n\u00ebnkryetarja e Kuvendit, Ermonela Felaj u detyrua t\u00eb shtynte seanc\u00ebn. Edhe pas vendimit p\u00ebr shtyerjen e seanc\u00ebs, deputet\u00ebt e \u201cFoltores\u201d vazhdoj\u00eb t\u00eb q\u00ebndrojn\u00eb n\u00eb sall\u00ebn me drita fikur. M\u00ebsohet se p\u00ebr [&hellip;]","og_url":"https:\/\/permbledhja.com\/sq\/deputetet-e-pd-se-ngujohen-ne-kuvend-me-kengen-e-adem-jasharit\/","og_site_name":"Ve\u00e7 artikuj p\u00ebrmbledh\u00ebs","article_publisher":"https:\/\/www.facebook.com\/press07\/","article_published_time":"2023-10-19T12:26:07+00:00","og_image":[{"width":600,"height":360,"url":"https:\/\/permbledhja.com\/wp-content\/uploads\/2023\/10\/Deputetet-e-PD-se-ngujohen-ne-Kuvend-me-kengen-e-Adem-Jasharit-insajderi.org_.jpg","type":"image\/jpeg"}],"author":"M M","twitter_card":"summary_large_image","twitter_misc":{"Written by":"M M","Est. reading time":"1 minut\u00eb"},"schema":{"@context":"https:\/\/schema.org","@graph":[{"@type":"Article","@id":"https:\/\/permbledhja.com\/sq\/deputetet-e-pd-se-ngujohen-ne-kuvend-me-kengen-e-adem-jasharit\/#article","isPartOf":{"@id":"https:\/\/permbledhja.com\/sq\/deputetet-e-pd-se-ngujohen-ne-kuvend-me-kengen-e-adem-jasharit\/"},"author":{"name":"M M","@id":"https:\/\/permbledhja.com\/#\/schema\/person\/d23f13f59b5722643933d6780783acf3"},"headline":"Deputet\u00ebt e PD-s\u00eb \u2018ngujohen\u2019 n\u00eb Kuvend me k\u00ebng\u00ebn e Adem Jasharit","datePublished":"2023-10-19T12:26:07+00:00","dateModified":"2023-10-19T12:26:07+00:00","mainEntityOfPage":{"@id":"https:\/\/permbledhja.com\/sq\/deputetet-e-pd-se-ngujohen-ne-kuvend-me-kengen-e-adem-jasharit\/"},"wordCount":231,"publisher":{"@id":"https:\/\/permbledhja.com\/#organization"},"articleSection":["Komb\u00ebtare","Lajme"],"inLanguage":"sq"},{"@type":"WebPage","@id":"https:\/\/permbledhja.com\/sq\/deputetet-e-pd-se-ngujohen-ne-kuvend-me-kengen-e-adem-jasharit\/","url":"https:\/\/permbledhja.com\/sq\/deputetet-e-pd-se-ngujohen-ne-kuvend-me-kengen-e-adem-jasharit\/","name":"Deputet\u00ebt e PD-s\u00eb \u2018ngujohen\u2019 n\u00eb Kuvend me k\u00ebng\u00ebn e Adem Jasharit","isPartOf":{"@id":"https:\/\/permbledhja.com\/#website"},"datePublished":"2023-10-19T12:26:07+00:00","dateModified":"2023-10-19T12:26:07+00:00","breadcrumb":{"@id":"https:\/\/permbledhja.com\/sq\/deputetet-e-pd-se-ngujohen-ne-kuvend-me-kengen-e-adem-jasharit\/#breadcrumb"},"inLanguage":"sq","potentialAction":[{"@type":"ReadAction","target":["https:\/\/permbledhja.com\/sq\/deputetet-e-pd-se-ngujohen-ne-kuvend-me-kengen-e-adem-jasharit\/"]}]},{"@type":"BreadcrumbList","@id":"https:\/\/permbledhja.com\/sq\/deputetet-e-pd-se-ngujohen-ne-kuvend-me-kengen-e-adem-jasharit\/#breadcrumb","itemListElement":[{"@type":"ListItem","position":1,"name":"Ballina","item":"https:\/\/permbledhja.com\/sq\/"},{"@type":"ListItem","position":2,"name":"Deputet\u00ebt e PD-s\u00eb \u2018ngujohen\u2019 n\u00eb Kuvend me k\u00ebng\u00ebn e Adem Jasharit"}]},{"@type":"WebSite","@id":"https:\/\/permbledhja.com\/#website","url":"https:\/\/permbledhja.com\/","name":"Ve\u00e7 artikuj p\u00ebrmbledh\u00ebs","description":"","publisher":{"@id":"https:\/\/permbledhja.com\/#organization"},"potentialAction":[{"@type":"SearchAction","target":{"@type":"EntryPoint","urlTemplate":"https:\/\/permbledhja.com\/?s={search_term_string}"},"query-input":"required name=search_term_string"}],"inLanguage":"sq"},{"@type":"Organization","@id":"https:\/\/permbledhja.com\/#organization","name":"MK Media & Pr","url":"https:\/\/permbledhja.com\/","logo":{"@type":"ImageObject","inLanguage":"sq","@id":"https:\/\/permbledhja.com\/#\/schema\/logo\/image\/","url":"https:\/\/permbledhja.com\/wp-content\/uploads\/2021\/12\/07-Press-Logo.jpg","contentUrl":"https:\/\/permbledhja.com\/wp-content\/uploads\/2021\/12\/07-Press-Logo.jpg","width":512,"height":512,"caption":"MK Media & Pr"},"image":{"@id":"https:\/\/permbledhja.com\/#\/schema\/logo\/image\/"},"sameAs":["https:\/\/www.facebook.com\/press07\/"]},{"@type":"Person","@id":"https:\/\/permbledhja.com\/#\/schema\/person\/d23f13f59b5722643933d6780783acf3","name":"M M","image":{"@type":"ImageObject","inLanguage":"sq","@id":"https:\/\/permbledhja.com\/#\/schema\/person\/image\/","url":"https:\/\/secure.gravatar.com\/avatar\/e2835a76ca7c31a2416b2d51c4ec9a8f?s=96&d=mm&r=g","contentUrl":"https:\/\/secure.gravatar.com\/avatar\/e2835a76ca7c31a2416b2d51c4ec9a8f?s=96&d=mm&r=g","caption":"M M"},"sameAs":["http:\/\/MM"],"url":"https:\/\/permbledhja.com\/sq\/author\/muhamet\/"}]}},"_links":{"self":[{"href":"https:\/\/permbledhja.com\/sq\/wp-json\/wp\/v2\/posts\/32033"}],"collection":[{"href":"https:\/\/permbledhja.com\/sq\/wp-json\/wp\/v2\/posts"}],"about":[{"href":"https:\/\/permbledhja.com\/sq\/wp-json\/wp\/v2\/types\/post"}],"author":[{"embeddable":true,"href":"https:\/\/permbledhja.com\/sq\/wp-json\/wp\/v2\/users\/2"}],"replies":[{"embeddable":true,"href":"https:\/\/permbledhja.com\/sq\/wp-json\/wp\/v2\/comments?post=32033"}],"version-history":[{"count":1,"href":"https:\/\/permbledhja.com\/sq\/wp-json\/wp\/v2\/posts\/32033\/revisions"}],"predecessor-version":[{"id":32036,"href":"https:\/\/permbledhja.com\/sq\/wp-json\/wp\/v2\/posts\/32033\/revisions\/32036"}],"wp:featuredmedia":[{"embeddable":true,"href":"https:\/\/permbledhja.com\/sq\/wp-json\/wp\/v2\/media\/32035"}],"wp:attachment":[{"href":"https:\/\/permbledhja.com\/sq\/wp-json\/wp\/v2\/media?parent=32033"}],"wp:term":[{"taxonomy":"category","embeddable":true,"href":"https:\/\/permbledhja.com\/sq\/wp-json\/wp\/v2\/categories?post=32033"},{"taxonomy":"post_tag","embeddable":true,"href":"https:\/\/permbledhja.com\/sq\/wp-json\/wp\/v2\/tags?post=32033"}],"curies":[{"name":"wp","href":"https:\/\/api.w.org\/{rel}","templated":true}]}}