{"id":31938,"date":"2023-10-19T06:19:08","date_gmt":"2023-10-19T06:19:08","guid":{"rendered":"https:\/\/permbledhja.com\/?p=31938"},"modified":"2023-10-19T06:19:08","modified_gmt":"2023-10-19T06:19:08","slug":"serish-sot-debat-parlamentar-per-mbeshtetjen-urgjente-financiare-te-policise","status":"publish","type":"post","link":"https:\/\/permbledhja.com\/sq\/serish-sot-debat-parlamentar-per-mbeshtetjen-urgjente-financiare-te-policise\/","title":{"rendered":"S\u00ebrish sot debat parlamentar p\u00ebr mb\u00ebshtetjen urgjente financiare t\u00eb Policis\u00eb"},"content":{"rendered":"<h3>Deputet\u00ebt e Kuvendit t\u00eb Republik\u00ebs s\u00eb Kosov\u00ebs do t\u00eb mblidhen sot s\u00ebrish n\u00eb nj\u00eb seanc\u00eb t\u00eb jasht\u00ebzakonshme.<\/h3>\n<p>N\u00eb seanc\u00ebn q\u00eb pritet t\u00eb filloj\u00eb n\u00eb or\u00ebn 10:00 \u00ebsht\u00eb vet\u00ebm nj\u00eb pik\u00eb n\u00eb rendin e dit\u00ebs, ku do t\u00eb b\u00ebhet shqyrtimi i i Propozim-Rezolut\u00ebs p\u00ebr mb\u00ebshtetjen urgjente financiare t\u00eb Policis\u00eb s\u00eb Kosov\u00ebs.<\/p>\n<figure class=\"wp-block-image size-full\"><img loading=\"lazy\" decoding=\"async\" class=\"wp-image-966274 entered lazyloaded\" src=\"https:\/\/sinjali.com\/wp-content\/uploads\/2023\/10\/image-122.png\" sizes=\"(max-width: 852px) 100vw, 852px\" srcset=\"https:\/\/sinjali.com\/wp-content\/uploads\/2023\/10\/image-122.png 852w, https:\/\/sinjali.com\/wp-content\/uploads\/2023\/10\/image-122-300x76.png 300w, https:\/\/sinjali.com\/wp-content\/uploads\/2023\/10\/image-122-768x195.png 768w\" alt=\"\" width=\"852\" height=\"216\" data-lazy-srcset=\"https:\/\/sinjali.com\/wp-content\/uploads\/2023\/10\/image-122.png 852w, https:\/\/sinjali.com\/wp-content\/uploads\/2023\/10\/image-122-300x76.png 300w, https:\/\/sinjali.com\/wp-content\/uploads\/2023\/10\/image-122-768x195.png 768w\" data-lazy-sizes=\"(max-width: 852px) 100vw, 852px\" data-lazy-src=\"https:\/\/sinjali.com\/wp-content\/uploads\/2023\/10\/image-122.png\" data-ll-status=\"loaded\" \/><\/figure>\n<p>Debati parlamentar p\u00ebr shqyrtimin e projektrezolut\u00ebs p\u00ebr mb\u00ebshtetje urgjente financiare p\u00ebr Policin\u00eb e Kosov\u00ebs ka d\u00ebshtuar t\u00eb mbahet seanc\u00ebn e kaluar, pasi deputet\u00ebt e partis\u00eb n\u00eb pushtet, L\u00ebvizja Vet\u00ebvendosje (LVV), nuk mor\u00ebn pjes\u00eb.<\/p>\n<p>Seanca e jasht\u00ebzakonshme e 12 shtatorit u thirr nga partit\u00eb opozitare. Para fillimit t\u00eb seanc\u00ebs, Grupi Parlamentar i LVV-s\u00eb ka b\u00ebr\u00eb t\u00eb ditur mospjes\u00ebmarrjen n\u00eb seanc\u00eb.<\/p>\n<p>Rezoluta p\u00ebr shqyrtim \u00ebsht\u00eb propozuar nga Partia Demokratike e Kosov\u00ebs (PDK).<\/p>\n<p>P\u00ebrmes k\u00ebsaj rezolute, PDK-ja k\u00ebrkon q\u00eb 15 dit\u00eb nga miratimi i saj t\u00eb ndahen mjetet p\u00ebr shtesat e rrezikshm\u00ebris\u00eb p\u00ebr Policin\u00eb e Kosov\u00ebs. Po ashtu, brenda 60 dit\u00ebve t\u00eb miratohet projektligji p\u00ebr pensionim t\u00eb parakohsh\u00ebm t\u00eb zyrtar\u00ebve policor\u00eb, kurse nga 1 janari 2024 t\u00eb mbulohet pagesa e sigurimit sh\u00ebndet\u00ebsor p\u00ebr zyrtar\u00ebt policor\u00eb.<\/p>\n<p>Nd\u00ebrsa n\u00eb or\u00ebn 13:00 do mbahet seanca plenare ku jan\u00eb n\u00eb rend dite 19 pika.<\/p>\n<p><strong>Rendi i dit\u00ebs<\/strong><\/p>\n<p>1.\u00a0\u00a0 \u00a0Miratimi i procesverbalit nga Seanca plenare e m\u00ebparshme,<br \/>\n2.\u00a0\u00a0 \u00a0Deklarimet jasht\u00eb rendit t\u00eb dit\u00ebs,<br \/>\n3.\u00a0\u00a0 \u00a0Pyetjet parlamentare,<br \/>\n4.\u00a0\u00a0 \u00a0Votimi i Projektligjit nr.08\/L-221 p\u00ebr ratifikimin e Marr\u00ebveshjes s\u00eb kredis\u00eb dhe projektit nd\u00ebrmjet Republik\u00ebs s\u00eb Kosov\u00ebs, p\u00ebrfaq\u00ebsuar nga Ministria e Financave, Pun\u00ebs dhe Transfereve, KOSTT (Operator Sistemi, Transmisioni dhe Tregu sh. a.) dhe KFW, Frankfurt Am Main (KFW) p\u00ebr Projektin -Zhvillimi i sektorit t\u00eb energjis\u00eb VII \u2013 p\u00ebrmir\u00ebsimi i rrjetit t\u00eb transmetimit,<br \/>\n5.\u00a0\u00a0 \u00a0Votimi i Projektligjit nr.08\/L-222 p\u00ebr ratifikimin e Marr\u00ebveshjes s\u00eb kredis\u00eb n\u00eb mes t\u00eb Republik\u00ebs s\u00eb Kosov\u00ebs dhe Bank\u00ebs Evropiane p\u00ebr rind\u00ebrtim dhe zhvillim p\u00ebr Projektin \u201cNgrohtorja solare e Prishtin\u00ebs\u201d,<br \/>\n6.\u00a0\u00a0 \u00a0Votimi i Projektligjit nr.08\/L-223 p\u00ebr ratifikimin e Marr\u00ebveshjes p\u00ebr bashk\u00ebfinancimin e bursave t\u00eb arsimit t\u00eb lart\u00eb n\u00eb nivelin master n\u00eb mes Ministris\u00eb s\u00eb Arsimit, Shkenc\u00ebs, Teknologjis\u00eb dhe Inovacionit dhe Ambasad\u00ebs s\u00eb Franc\u00ebs n\u00eb Prishtin\u00eb,<br \/>\n7.\u00a0\u00a0 \u00a0Votimi n\u00eb parim i Projektligjit nr.08\/L-207 p\u00ebr tekstet shkollore,<br \/>\n8.\u00a0\u00a0 \u00a0Shqyrtimi i Projektligjit nr.08\/L-234 p\u00ebr ratifikimin e Marr\u00ebveshjes s\u00eb kredis\u00eb p\u00ebr programin e financave publike dhe rritjes ekonomike nd\u00ebrmjet Republik\u00ebs s\u00eb Kosov\u00ebs dhe Fondit OPEC p\u00ebr Zhvillim Nd\u00ebrkomb\u00ebtar,<br \/>\n9.\u00a0\u00a0 \u00a0Shqyrtimi i Projektligjit nr.08\/L-236 p\u00ebr ratifikimin e Traktatit nd\u00ebrmjet Republik\u00ebs s\u00eb Kosov\u00ebs dhe Mbret\u00ebris\u00eb s\u00eb Danimark\u00ebs p\u00ebr shfryt\u00ebzimin e institucionit korrektues n\u00eb Gjilan me q\u00ebllim t\u00eb ekzekutimit t\u00eb d\u00ebnimeve daneze,<br \/>\n10.\u00a0\u00a0 \u00a0Shqyrtimi i Projektligjit nr.08\/L-253 p\u00ebr Aderimin e Republik\u00ebs s\u00eb Kosov\u00ebs n\u00eb Konvent\u00ebn p\u00ebr Importin e P\u00ebrkohsh\u00ebm,<br \/>\n11.\u00a0\u00a0 \u00a0Shqyrtimi i Projektligjit nr.08\/L-254 p\u00ebr ratifikimin e Marr\u00ebveshjes nd\u00ebrkomb\u00ebtare nd\u00ebrmjet Kosov\u00ebs nga nj\u00ebra an\u00eb dhe Bashkimit Evropian nga ana tjet\u00ebr p\u00ebr pjes\u00ebmarrjen e Kosov\u00ebs n\u00eb Programin e bashkimit programi i tregut t\u00eb vet\u00ebm,<br \/>\n12.\u00a0\u00a0 \u00a0Shqyrtimi i par\u00eb i Projekt Kodit nr.08\/L-247 Doganor dhe i Akcizave,<br \/>\n13.\u00a0\u00a0 \u00a0Shqyrtimi i par\u00eb i Projektligjit nr.08\/L-243 p\u00ebr ndryshimin dhe plot\u00ebsimin e Ligjit nr.06\/L\u2013037 p\u00ebr metrologji,<br \/>\n14.\u00a0\u00a0 \u00a0Shqyrtimi i par\u00eb i Projektligjit nr.08\/L-244 p\u00ebr ndryshimin dhe plot\u00ebsimin e Ligjit nr. 06\/L-043 p\u00ebr Lirin\u00eb e Asociimit n\u00eb Organizata Joqeveritare,<br \/>\n15.\u00a0\u00a0 \u00a0Shqyrtimi i par\u00eb i Projektligjit nr.08\/L-255 p\u00ebr sh\u00ebrbime sociale dhe familjare,<br \/>\n16.\u00a0\u00a0 \u00a0Shqyrtimi i par\u00eb i Projektligjit nr.08\/L-256 p\u00ebr falimentimin,<br \/>\n17.\u00a0\u00a0 \u00a0Shqyrtimi i rekomandimit t\u00eb Komisionit p\u00ebr Legjislacion, Mandate, Imunitete, Rregulloren e Kuvendit dhe Mbik\u00ebqyrjen e Agjencis\u00eb Kund\u00ebr Korrupsionit p\u00ebr shkarkimin e z. Agron Beka nga pozita e an\u00ebtarit t\u00eb K\u00ebshillit Prokurorial t\u00eb Kosov\u00ebs,<br \/>\n18.\u00a0\u00a0 \u00a0Shqyrtimi i Raportit vjetor financiar t\u00eb Buxhetit t\u00eb Republik\u00ebs s\u00eb Kosov\u00ebs, p\u00ebr vitin 2022,<br \/>\n19.\u00a0\u00a0 \u00a0Formimi i Komisionit Ad-hoc p\u00ebr p\u00ebrzgjedhjen e kandidat\u00ebve p\u00ebr dy (2) an\u00ebtar\u00eb t\u00eb Bordit p\u00ebr Ankesa t\u00eb Mediave.<\/p>\n","protected":false},"excerpt":{"rendered":"<p>Deputet\u00ebt e Kuvendit t\u00eb Republik\u00ebs s\u00eb Kosov\u00ebs do t\u00eb mblidhen sot s\u00ebrish n\u00eb nj\u00eb seanc\u00eb t\u00eb jasht\u00ebzakonshme. N\u00eb seanc\u00ebn q\u00eb pritet t\u00eb filloj\u00eb n\u00eb or\u00ebn 10:00 \u00ebsht\u00eb vet\u00ebm nj\u00eb pik\u00eb n\u00eb rendin e dit\u00ebs, ku do t\u00eb b\u00ebhet shqyrtimi i i Propozim-Rezolut\u00ebs p\u00ebr mb\u00ebshtetjen urgjente financiare t\u00eb Policis\u00eb s\u00eb Kosov\u00ebs. Debati parlamentar p\u00ebr shqyrtimin e [&hellip;]<\/p>\n","protected":false},"author":2,"featured_media":31939,"comment_status":"closed","ping_status":"closed","sticky":false,"template":"","format":"standard","meta":{"_monsterinsights_skip_tracking":false,"_monsterinsights_sitenote_active":false,"_monsterinsights_sitenote_note":"","_monsterinsights_sitenote_category":0,"_uf_show_specific_survey":0,"_uf_disable_surveys":false,"footnotes":""},"categories":[23,15],"tags":[499],"yoast_head":"<!-- This site is optimized with the Yoast SEO plugin v21.5 - https:\/\/yoast.com\/wordpress\/plugins\/seo\/ -->\n<title>S\u00ebrish sot debat parlamentar p\u00ebr mb\u00ebshtetjen urgjente financiare t\u00eb Policis\u00eb<\/title>\n<meta name=\"robots\" content=\"index, follow, max-snippet:-1, max-image-preview:large, max-video-preview:-1\" \/>\n<link rel=\"canonical\" href=\"https:\/\/permbledhja.com\/sq\/serish-sot-debat-parlamentar-per-mbeshtetjen-urgjente-financiare-te-policise\/\" \/>\n<meta property=\"og:locale\" content=\"sq_AL\" \/>\n<meta property=\"og:type\" content=\"article\" \/>\n<meta property=\"og:title\" content=\"S\u00ebrish sot debat parlamentar p\u00ebr mb\u00ebshtetjen urgjente financiare t\u00eb Policis\u00eb\" \/>\n<meta property=\"og:description\" content=\"Deputet\u00ebt e Kuvendit t\u00eb Republik\u00ebs s\u00eb Kosov\u00ebs do t\u00eb mblidhen sot s\u00ebrish n\u00eb nj\u00eb seanc\u00eb t\u00eb jasht\u00ebzakonshme. N\u00eb seanc\u00ebn q\u00eb pritet t\u00eb filloj\u00eb n\u00eb or\u00ebn 10:00 \u00ebsht\u00eb vet\u00ebm nj\u00eb pik\u00eb n\u00eb rendin e dit\u00ebs, ku do t\u00eb b\u00ebhet shqyrtimi i i Propozim-Rezolut\u00ebs p\u00ebr mb\u00ebshtetjen urgjente financiare t\u00eb Policis\u00eb s\u00eb Kosov\u00ebs. Debati parlamentar p\u00ebr shqyrtimin e [&hellip;]\" \/>\n<meta property=\"og:url\" content=\"https:\/\/permbledhja.com\/sq\/serish-sot-debat-parlamentar-per-mbeshtetjen-urgjente-financiare-te-policise\/\" \/>\n<meta property=\"og:site_name\" content=\"Ve\u00e7 artikuj p\u00ebrmbledh\u00ebs\" \/>\n<meta property=\"article:publisher\" content=\"https:\/\/www.facebook.com\/press07\/\" \/>\n<meta property=\"article:published_time\" content=\"2023-10-19T06:19:08+00:00\" \/>\n<meta property=\"og:image\" content=\"https:\/\/permbledhja.com\/wp-content\/uploads\/2023\/10\/kuvendi-1.webp\" \/>\n\t<meta property=\"og:image:width\" content=\"821\" \/>\n\t<meta property=\"og:image:height\" content=\"461\" \/>\n\t<meta property=\"og:image:type\" content=\"image\/webp\" \/>\n<meta name=\"author\" content=\"M M\" \/>\n<meta name=\"twitter:card\" content=\"summary_large_image\" \/>\n<meta name=\"twitter:label1\" content=\"Written by\" \/>\n\t<meta name=\"twitter:data1\" content=\"M M\" \/>\n\t<meta name=\"twitter:label2\" content=\"Est. reading time\" \/>\n\t<meta name=\"twitter:data2\" content=\"4 minuta\" \/>\n<script type=\"application\/ld+json\" class=\"yoast-schema-graph\">{\"@context\":\"https:\/\/schema.org\",\"@graph\":[{\"@type\":\"Article\",\"@id\":\"https:\/\/permbledhja.com\/sq\/serish-sot-debat-parlamentar-per-mbeshtetjen-urgjente-financiare-te-policise\/#article\",\"isPartOf\":{\"@id\":\"https:\/\/permbledhja.com\/sq\/serish-sot-debat-parlamentar-per-mbeshtetjen-urgjente-financiare-te-policise\/\"},\"author\":{\"name\":\"M M\",\"@id\":\"https:\/\/permbledhja.com\/#\/schema\/person\/d23f13f59b5722643933d6780783acf3\"},\"headline\":\"S\u00ebrish sot debat parlamentar p\u00ebr mb\u00ebshtetjen urgjente financiare t\u00eb Policis\u00eb\",\"datePublished\":\"2023-10-19T06:19:08+00:00\",\"dateModified\":\"2023-10-19T06:19:08+00:00\",\"mainEntityOfPage\":{\"@id\":\"https:\/\/permbledhja.com\/sq\/serish-sot-debat-parlamentar-per-mbeshtetjen-urgjente-financiare-te-policise\/\"},\"wordCount\":726,\"publisher\":{\"@id\":\"https:\/\/permbledhja.com\/#organization\"},\"keywords\":[\"Kuvendi i Kosov\u00ebs\"],\"articleSection\":[\"Komb\u00ebtare\",\"Lajme\"],\"inLanguage\":\"sq\"},{\"@type\":\"WebPage\",\"@id\":\"https:\/\/permbledhja.com\/sq\/serish-sot-debat-parlamentar-per-mbeshtetjen-urgjente-financiare-te-policise\/\",\"url\":\"https:\/\/permbledhja.com\/sq\/serish-sot-debat-parlamentar-per-mbeshtetjen-urgjente-financiare-te-policise\/\",\"name\":\"S\u00ebrish sot debat parlamentar p\u00ebr mb\u00ebshtetjen urgjente financiare t\u00eb Policis\u00eb\",\"isPartOf\":{\"@id\":\"https:\/\/permbledhja.com\/#website\"},\"datePublished\":\"2023-10-19T06:19:08+00:00\",\"dateModified\":\"2023-10-19T06:19:08+00:00\",\"breadcrumb\":{\"@id\":\"https:\/\/permbledhja.com\/sq\/serish-sot-debat-parlamentar-per-mbeshtetjen-urgjente-financiare-te-policise\/#breadcrumb\"},\"inLanguage\":\"sq\",\"potentialAction\":[{\"@type\":\"ReadAction\",\"target\":[\"https:\/\/permbledhja.com\/sq\/serish-sot-debat-parlamentar-per-mbeshtetjen-urgjente-financiare-te-policise\/\"]}]},{\"@type\":\"BreadcrumbList\",\"@id\":\"https:\/\/permbledhja.com\/sq\/serish-sot-debat-parlamentar-per-mbeshtetjen-urgjente-financiare-te-policise\/#breadcrumb\",\"itemListElement\":[{\"@type\":\"ListItem\",\"position\":1,\"name\":\"Ballina\",\"item\":\"https:\/\/permbledhja.com\/sq\/\"},{\"@type\":\"ListItem\",\"position\":2,\"name\":\"S\u00ebrish sot debat parlamentar p\u00ebr mb\u00ebshtetjen urgjente financiare t\u00eb Policis\u00eb\"}]},{\"@type\":\"WebSite\",\"@id\":\"https:\/\/permbledhja.com\/#website\",\"url\":\"https:\/\/permbledhja.com\/\",\"name\":\"Ve\u00e7 artikuj p\u00ebrmbledh\u00ebs\",\"description\":\"\",\"publisher\":{\"@id\":\"https:\/\/permbledhja.com\/#organization\"},\"potentialAction\":[{\"@type\":\"SearchAction\",\"target\":{\"@type\":\"EntryPoint\",\"urlTemplate\":\"https:\/\/permbledhja.com\/?s={search_term_string}\"},\"query-input\":\"required name=search_term_string\"}],\"inLanguage\":\"sq\"},{\"@type\":\"Organization\",\"@id\":\"https:\/\/permbledhja.com\/#organization\",\"name\":\"MK Media & Pr\",\"url\":\"https:\/\/permbledhja.com\/\",\"logo\":{\"@type\":\"ImageObject\",\"inLanguage\":\"sq\",\"@id\":\"https:\/\/permbledhja.com\/#\/schema\/logo\/image\/\",\"url\":\"https:\/\/permbledhja.com\/wp-content\/uploads\/2021\/12\/07-Press-Logo.jpg\",\"contentUrl\":\"https:\/\/permbledhja.com\/wp-content\/uploads\/2021\/12\/07-Press-Logo.jpg\",\"width\":512,\"height\":512,\"caption\":\"MK Media & Pr\"},\"image\":{\"@id\":\"https:\/\/permbledhja.com\/#\/schema\/logo\/image\/\"},\"sameAs\":[\"https:\/\/www.facebook.com\/press07\/\"]},{\"@type\":\"Person\",\"@id\":\"https:\/\/permbledhja.com\/#\/schema\/person\/d23f13f59b5722643933d6780783acf3\",\"name\":\"M M\",\"image\":{\"@type\":\"ImageObject\",\"inLanguage\":\"sq\",\"@id\":\"https:\/\/permbledhja.com\/#\/schema\/person\/image\/\",\"url\":\"https:\/\/secure.gravatar.com\/avatar\/e2835a76ca7c31a2416b2d51c4ec9a8f?s=96&d=mm&r=g\",\"contentUrl\":\"https:\/\/secure.gravatar.com\/avatar\/e2835a76ca7c31a2416b2d51c4ec9a8f?s=96&d=mm&r=g\",\"caption\":\"M M\"},\"sameAs\":[\"http:\/\/MM\"],\"url\":\"https:\/\/permbledhja.com\/sq\/author\/muhamet\/\"}]}<\/script>\n<!-- \/ Yoast SEO plugin. -->","yoast_head_json":{"title":"S\u00ebrish sot debat parlamentar p\u00ebr mb\u00ebshtetjen urgjente financiare t\u00eb Policis\u00eb","robots":{"index":"index","follow":"follow","max-snippet":"max-snippet:-1","max-image-preview":"max-image-preview:large","max-video-preview":"max-video-preview:-1"},"canonical":"https:\/\/permbledhja.com\/sq\/serish-sot-debat-parlamentar-per-mbeshtetjen-urgjente-financiare-te-policise\/","og_locale":"sq_AL","og_type":"article","og_title":"S\u00ebrish sot debat parlamentar p\u00ebr mb\u00ebshtetjen urgjente financiare t\u00eb Policis\u00eb","og_description":"Deputet\u00ebt e Kuvendit t\u00eb Republik\u00ebs s\u00eb Kosov\u00ebs do t\u00eb mblidhen sot s\u00ebrish n\u00eb nj\u00eb seanc\u00eb t\u00eb jasht\u00ebzakonshme. N\u00eb seanc\u00ebn q\u00eb pritet t\u00eb filloj\u00eb n\u00eb or\u00ebn 10:00 \u00ebsht\u00eb vet\u00ebm nj\u00eb pik\u00eb n\u00eb rendin e dit\u00ebs, ku do t\u00eb b\u00ebhet shqyrtimi i i Propozim-Rezolut\u00ebs p\u00ebr mb\u00ebshtetjen urgjente financiare t\u00eb Policis\u00eb s\u00eb Kosov\u00ebs. Debati parlamentar p\u00ebr shqyrtimin e [&hellip;]","og_url":"https:\/\/permbledhja.com\/sq\/serish-sot-debat-parlamentar-per-mbeshtetjen-urgjente-financiare-te-policise\/","og_site_name":"Ve\u00e7 artikuj p\u00ebrmbledh\u00ebs","article_publisher":"https:\/\/www.facebook.com\/press07\/","article_published_time":"2023-10-19T06:19:08+00:00","og_image":[{"width":821,"height":461,"url":"https:\/\/permbledhja.com\/wp-content\/uploads\/2023\/10\/kuvendi-1.webp","type":"image\/webp"}],"author":"M M","twitter_card":"summary_large_image","twitter_misc":{"Written by":"M M","Est. reading time":"4 minuta"},"schema":{"@context":"https:\/\/schema.org","@graph":[{"@type":"Article","@id":"https:\/\/permbledhja.com\/sq\/serish-sot-debat-parlamentar-per-mbeshtetjen-urgjente-financiare-te-policise\/#article","isPartOf":{"@id":"https:\/\/permbledhja.com\/sq\/serish-sot-debat-parlamentar-per-mbeshtetjen-urgjente-financiare-te-policise\/"},"author":{"name":"M M","@id":"https:\/\/permbledhja.com\/#\/schema\/person\/d23f13f59b5722643933d6780783acf3"},"headline":"S\u00ebrish sot debat parlamentar p\u00ebr mb\u00ebshtetjen urgjente financiare t\u00eb Policis\u00eb","datePublished":"2023-10-19T06:19:08+00:00","dateModified":"2023-10-19T06:19:08+00:00","mainEntityOfPage":{"@id":"https:\/\/permbledhja.com\/sq\/serish-sot-debat-parlamentar-per-mbeshtetjen-urgjente-financiare-te-policise\/"},"wordCount":726,"publisher":{"@id":"https:\/\/permbledhja.com\/#organization"},"keywords":["Kuvendi i Kosov\u00ebs"],"articleSection":["Komb\u00ebtare","Lajme"],"inLanguage":"sq"},{"@type":"WebPage","@id":"https:\/\/permbledhja.com\/sq\/serish-sot-debat-parlamentar-per-mbeshtetjen-urgjente-financiare-te-policise\/","url":"https:\/\/permbledhja.com\/sq\/serish-sot-debat-parlamentar-per-mbeshtetjen-urgjente-financiare-te-policise\/","name":"S\u00ebrish sot debat parlamentar p\u00ebr mb\u00ebshtetjen urgjente financiare t\u00eb Policis\u00eb","isPartOf":{"@id":"https:\/\/permbledhja.com\/#website"},"datePublished":"2023-10-19T06:19:08+00:00","dateModified":"2023-10-19T06:19:08+00:00","breadcrumb":{"@id":"https:\/\/permbledhja.com\/sq\/serish-sot-debat-parlamentar-per-mbeshtetjen-urgjente-financiare-te-policise\/#breadcrumb"},"inLanguage":"sq","potentialAction":[{"@type":"ReadAction","target":["https:\/\/permbledhja.com\/sq\/serish-sot-debat-parlamentar-per-mbeshtetjen-urgjente-financiare-te-policise\/"]}]},{"@type":"BreadcrumbList","@id":"https:\/\/permbledhja.com\/sq\/serish-sot-debat-parlamentar-per-mbeshtetjen-urgjente-financiare-te-policise\/#breadcrumb","itemListElement":[{"@type":"ListItem","position":1,"name":"Ballina","item":"https:\/\/permbledhja.com\/sq\/"},{"@type":"ListItem","position":2,"name":"S\u00ebrish sot debat parlamentar p\u00ebr mb\u00ebshtetjen urgjente financiare t\u00eb Policis\u00eb"}]},{"@type":"WebSite","@id":"https:\/\/permbledhja.com\/#website","url":"https:\/\/permbledhja.com\/","name":"Ve\u00e7 artikuj p\u00ebrmbledh\u00ebs","description":"","publisher":{"@id":"https:\/\/permbledhja.com\/#organization"},"potentialAction":[{"@type":"SearchAction","target":{"@type":"EntryPoint","urlTemplate":"https:\/\/permbledhja.com\/?s={search_term_string}"},"query-input":"required name=search_term_string"}],"inLanguage":"sq"},{"@type":"Organization","@id":"https:\/\/permbledhja.com\/#organization","name":"MK Media & Pr","url":"https:\/\/permbledhja.com\/","logo":{"@type":"ImageObject","inLanguage":"sq","@id":"https:\/\/permbledhja.com\/#\/schema\/logo\/image\/","url":"https:\/\/permbledhja.com\/wp-content\/uploads\/2021\/12\/07-Press-Logo.jpg","contentUrl":"https:\/\/permbledhja.com\/wp-content\/uploads\/2021\/12\/07-Press-Logo.jpg","width":512,"height":512,"caption":"MK Media & Pr"},"image":{"@id":"https:\/\/permbledhja.com\/#\/schema\/logo\/image\/"},"sameAs":["https:\/\/www.facebook.com\/press07\/"]},{"@type":"Person","@id":"https:\/\/permbledhja.com\/#\/schema\/person\/d23f13f59b5722643933d6780783acf3","name":"M M","image":{"@type":"ImageObject","inLanguage":"sq","@id":"https:\/\/permbledhja.com\/#\/schema\/person\/image\/","url":"https:\/\/secure.gravatar.com\/avatar\/e2835a76ca7c31a2416b2d51c4ec9a8f?s=96&d=mm&r=g","contentUrl":"https:\/\/secure.gravatar.com\/avatar\/e2835a76ca7c31a2416b2d51c4ec9a8f?s=96&d=mm&r=g","caption":"M M"},"sameAs":["http:\/\/MM"],"url":"https:\/\/permbledhja.com\/sq\/author\/muhamet\/"}]}},"_links":{"self":[{"href":"https:\/\/permbledhja.com\/sq\/wp-json\/wp\/v2\/posts\/31938"}],"collection":[{"href":"https:\/\/permbledhja.com\/sq\/wp-json\/wp\/v2\/posts"}],"about":[{"href":"https:\/\/permbledhja.com\/sq\/wp-json\/wp\/v2\/types\/post"}],"author":[{"embeddable":true,"href":"https:\/\/permbledhja.com\/sq\/wp-json\/wp\/v2\/users\/2"}],"replies":[{"embeddable":true,"href":"https:\/\/permbledhja.com\/sq\/wp-json\/wp\/v2\/comments?post=31938"}],"version-history":[{"count":1,"href":"https:\/\/permbledhja.com\/sq\/wp-json\/wp\/v2\/posts\/31938\/revisions"}],"predecessor-version":[{"id":31940,"href":"https:\/\/permbledhja.com\/sq\/wp-json\/wp\/v2\/posts\/31938\/revisions\/31940"}],"wp:featuredmedia":[{"embeddable":true,"href":"https:\/\/permbledhja.com\/sq\/wp-json\/wp\/v2\/media\/31939"}],"wp:attachment":[{"href":"https:\/\/permbledhja.com\/sq\/wp-json\/wp\/v2\/media?parent=31938"}],"wp:term":[{"taxonomy":"category","embeddable":true,"href":"https:\/\/permbledhja.com\/sq\/wp-json\/wp\/v2\/categories?post=31938"},{"taxonomy":"post_tag","embeddable":true,"href":"https:\/\/permbledhja.com\/sq\/wp-json\/wp\/v2\/tags?post=31938"}],"curies":[{"name":"wp","href":"https:\/\/api.w.org\/{rel}","templated":true}]}}