{"id":31924,"date":"2023-10-18T20:23:40","date_gmt":"2023-10-18T20:23:40","guid":{"rendered":"https:\/\/permbledhja.com\/?p=31924"},"modified":"2023-10-18T20:23:40","modified_gmt":"2023-10-18T20:23:40","slug":"weber-iniciativa-franko-gjermane-ishte-projektuar-gabimisht","status":"publish","type":"post","link":"https:\/\/permbledhja.com\/sq\/weber-iniciativa-franko-gjermane-ishte-projektuar-gabimisht\/","title":{"rendered":"Weber: Iniciativa franko-gjermane ishte projektuar gabimisht"},"content":{"rendered":"<h3>Eksperti p\u00ebr Ballkanin dhe bashk\u00ebpun\u00ebtori i lart\u00eb i K\u00ebshillit p\u00ebr Politikat e Demokratizimit n\u00eb Berlin, Bodo Weber, e konsideron si t\u00eb d\u00ebshtuar iniciativ\u00ebn franko-gjermane, mbi baz\u00ebn e t\u00eb cilit Kosova dhe Serbia tashm\u00eb kan\u00eb nj\u00eb dakordim, por t\u00eb pazbatuar.<\/h3>\n<p>Madje, Weber thot\u00eb se edhe n\u00eb Per\u00ebndim disa aktor\u00eb jan\u00eb shum\u00eb t\u00eb vet\u00ebdijsh\u00ebm se procesi i dialogut mes Kosov\u00ebs dhe Serbis\u00eb \u00ebsht\u00eb duke d\u00ebshtuar.<\/p>\n<p><em>\u201cJu e dini se gjithnj\u00eb kam qen\u00eb skeptik sa i p\u00ebrket iniciativ\u00ebs franko-gjermane p\u00ebr shkak se \u00ebsht\u00eb projektuar gabimisht. Takimi i fundit i d\u00ebshtuar mes pal\u00ebve n\u00eb Bruksel e d\u00ebshmoi edhe nj\u00ebher\u00eb k\u00ebt\u00eb gj\u00eb. Disa aktor\u00eb n\u00eb Per\u00ebndim e din\u00eb shum\u00eb mir\u00eb se dialogu nuk \u00ebsht\u00eb n\u00eb rrug\u00ebn e duhur dhe pas nj\u00eb viti do t\u00eb jet\u00eb nj\u00eb komision i ri n\u00eb Bashkimin Evropian dhe Miroslav Laj\u00e7ak e Josep Borrell nuk do t\u00eb jen\u00eb m\u00eb aty. Ngjarja q\u00eb ndodhi n\u00eb Basnjk\u00eb tregon m\u00eb s\u00eb miri se \u00e7far\u00eb rezultate ka prodhuar marr\u00ebveshja e fundit e Brukselit, \u00ebsht\u00eb nj\u00eb d\u00ebshtim\u201d<\/em>, thot\u00eb Weber p\u00ebr T\u00ebv\u00eb1.<\/p>\n<p>Eksperti gjerman thot\u00eb se qasja e but\u00eb e Per\u00ebndimit karshi Serbis\u00eb e ka d\u00ebmtuar procesin e dialogut me Kosov\u00ebn.<\/p>\n<p>Ai vler\u00ebson se qasja e Per\u00ebndimit nuk ka ndryshuar as pas ngjarjes s\u00eb r\u00ebnd\u00eb t\u00eb 24 shtatorit ku u sulmua policia e Kosov\u00ebs.<\/p>\n<p><em>\u201cQasja e nj\u00ebanshme e Per\u00ebndimit ndaj Serbis\u00eb e ka d\u00ebmtuar procesin e dialogut dhe ka ndikuar q\u00eb Prishtina ta humbas besimin tek negociator\u00ebt dhe kjo ka p\u00ebr t\u00eb l\u00ebn\u00eb pasoja n\u00eb t\u00eb ardhmen. Mendova se disa gj\u00ebra do t\u00eb ndryshonin pas 24 shtatorit dhe prita q\u00eb Per\u00ebndimi do t\u2019i b\u00ebnte m\u00eb shum\u00eb presion Serbis\u00eb p\u00ebr t\u00eb hetuar at\u00eb q\u00eb ndodhi n\u00eb Banjsk\u00eb ku u sulmua policia e Kosov\u00ebs, por jo nuk po shoh ndryshime serioze n\u00eb qasjen e Per\u00ebndimit. T\u00eb shtun\u00ebn n\u00eb Prishtin\u00eb dhe n\u00eb Beograd do t\u00eb zbarkoj\u00eb \u201cpes\u00ebshja madhe\u201d, por t\u00eb jem i sinqert\u00eb nuk pres fare progres\u201d<\/em>, vler\u00ebson ai.<\/p>\n<p>Weber ka komentuar edhe zhvillimet gjeopolitike.Ai thot\u00eb se presidentit serb, Aleksandar Vu\u00e7iq i konvenon kriza n\u00eb Lindjen e Mesme.<\/p>\n<p><em>\u201cKa ndryshime t\u00eb m\u00ebdha gjeopolitike dhe jan\u00eb duke u zhvilluar shum\u00eb konflikte. Presidenti i Serbis\u00eb, Aleksandar Vu\u00e7iq, shpreson q\u00eb n\u00eb Lindje t\u00eb Mesme t\u00eb ket\u00eb edhe m\u00eb shum\u00eb kaos, n\u00eb m\u00ebnyr\u00eb q\u00eb Per\u00ebndimi t\u00eb mos ket\u00eb kapacitet merret m\u00eb t\u00eb dhe me zhvillimet q\u00eb kan\u00eb ndodhur n\u00eb veriun e Kosov\u00ebs. \u00cbsht\u00eb ende e paparashikueshme se \u00e7far\u00eb pasoja do t\u00eb l\u00eb kriza n\u00eb Gaza\u201d<\/em>, \u00ebsht\u00eb shprehur eksperti gjerman.<\/p>\n","protected":false},"excerpt":{"rendered":"<p>Eksperti p\u00ebr Ballkanin dhe bashk\u00ebpun\u00ebtori i lart\u00eb i K\u00ebshillit p\u00ebr Politikat e Demokratizimit n\u00eb Berlin, Bodo Weber, e konsideron si t\u00eb d\u00ebshtuar iniciativ\u00ebn franko-gjermane, mbi baz\u00ebn e t\u00eb cilit Kosova dhe Serbia tashm\u00eb kan\u00eb nj\u00eb dakordim, por t\u00eb pazbatuar. Madje, Weber thot\u00eb se edhe n\u00eb Per\u00ebndim disa aktor\u00eb jan\u00eb shum\u00eb t\u00eb vet\u00ebdijsh\u00ebm se procesi i [&hellip;]<\/p>\n","protected":false},"author":1,"featured_media":27530,"comment_status":"closed","ping_status":"closed","sticky":false,"template":"","format":"standard","meta":{"_monsterinsights_skip_tracking":false,"_monsterinsights_sitenote_active":false,"_monsterinsights_sitenote_note":"","_monsterinsights_sitenote_category":0,"_uf_show_specific_survey":0,"_uf_disable_surveys":false,"footnotes":""},"categories":[1],"tags":[1379],"yoast_head":"<!-- This site is optimized with the Yoast SEO plugin v21.5 - https:\/\/yoast.com\/wordpress\/plugins\/seo\/ -->\n<title>Weber: Iniciativa franko-gjermane ishte projektuar gabimisht<\/title>\n<meta name=\"robots\" content=\"index, follow, max-snippet:-1, max-image-preview:large, max-video-preview:-1\" \/>\n<link rel=\"canonical\" href=\"https:\/\/permbledhja.com\/sq\/weber-iniciativa-franko-gjermane-ishte-projektuar-gabimisht\/\" \/>\n<meta property=\"og:locale\" content=\"sq_AL\" \/>\n<meta property=\"og:type\" content=\"article\" \/>\n<meta property=\"og:title\" content=\"Weber: Iniciativa franko-gjermane ishte projektuar gabimisht\" \/>\n<meta property=\"og:description\" content=\"Eksperti p\u00ebr Ballkanin dhe bashk\u00ebpun\u00ebtori i lart\u00eb i K\u00ebshillit p\u00ebr Politikat e Demokratizimit n\u00eb Berlin, Bodo Weber, e konsideron si t\u00eb d\u00ebshtuar iniciativ\u00ebn franko-gjermane, mbi baz\u00ebn e t\u00eb cilit Kosova dhe Serbia tashm\u00eb kan\u00eb nj\u00eb dakordim, por t\u00eb pazbatuar. Madje, Weber thot\u00eb se edhe n\u00eb Per\u00ebndim disa aktor\u00eb jan\u00eb shum\u00eb t\u00eb vet\u00ebdijsh\u00ebm se procesi i [&hellip;]\" \/>\n<meta property=\"og:url\" content=\"https:\/\/permbledhja.com\/sq\/weber-iniciativa-franko-gjermane-ishte-projektuar-gabimisht\/\" \/>\n<meta property=\"og:site_name\" content=\"Ve\u00e7 artikuj p\u00ebrmbledh\u00ebs\" \/>\n<meta property=\"article:publisher\" content=\"https:\/\/www.facebook.com\/press07\/\" \/>\n<meta property=\"article:author\" content=\"https:\/\/www.facebook.com\/kafexhiu.muharrem\/\" \/>\n<meta property=\"article:published_time\" content=\"2023-10-18T20:23:40+00:00\" \/>\n<meta property=\"og:image\" content=\"https:\/\/permbledhja.com\/wp-content\/uploads\/2023\/09\/bodo-weber.jpg.jpg\" \/>\n\t<meta property=\"og:image:width\" content=\"1200\" \/>\n\t<meta property=\"og:image:height\" content=\"630\" \/>\n\t<meta property=\"og:image:type\" content=\"image\/jpeg\" \/>\n<meta name=\"author\" content=\"P\u00ebrmbledhja\" \/>\n<meta name=\"twitter:card\" content=\"summary_large_image\" \/>\n<meta name=\"twitter:label1\" content=\"Written by\" \/>\n\t<meta name=\"twitter:data1\" content=\"P\u00ebrmbledhja\" \/>\n\t<meta name=\"twitter:label2\" content=\"Est. reading time\" \/>\n\t<meta name=\"twitter:data2\" content=\"2 minuta\" \/>\n<script type=\"application\/ld+json\" class=\"yoast-schema-graph\">{\"@context\":\"https:\/\/schema.org\",\"@graph\":[{\"@type\":\"Article\",\"@id\":\"https:\/\/permbledhja.com\/weber-iniciativa-franko-gjermane-ishte-projektuar-gabimisht\/#article\",\"isPartOf\":{\"@id\":\"https:\/\/permbledhja.com\/weber-iniciativa-franko-gjermane-ishte-projektuar-gabimisht\/\"},\"author\":{\"name\":\"P\u00ebrmbledhja\",\"@id\":\"https:\/\/permbledhja.com\/#\/schema\/person\/0d064377258d3221e50693947b9eb4fe\"},\"headline\":\"Weber: Iniciativa franko-gjermane ishte projektuar gabimisht\",\"datePublished\":\"2023-10-18T20:23:40+00:00\",\"dateModified\":\"2023-10-18T20:23:40+00:00\",\"mainEntityOfPage\":{\"@id\":\"https:\/\/permbledhja.com\/weber-iniciativa-franko-gjermane-ishte-projektuar-gabimisht\/\"},\"wordCount\":457,\"publisher\":{\"@id\":\"https:\/\/permbledhja.com\/#organization\"},\"keywords\":[\"Weber\"],\"articleSection\":[\"Breaking News\"],\"inLanguage\":\"sq\"},{\"@type\":\"WebPage\",\"@id\":\"https:\/\/permbledhja.com\/weber-iniciativa-franko-gjermane-ishte-projektuar-gabimisht\/\",\"url\":\"https:\/\/permbledhja.com\/weber-iniciativa-franko-gjermane-ishte-projektuar-gabimisht\/\",\"name\":\"Weber: Iniciativa franko-gjermane ishte projektuar gabimisht\",\"isPartOf\":{\"@id\":\"https:\/\/permbledhja.com\/#website\"},\"datePublished\":\"2023-10-18T20:23:40+00:00\",\"dateModified\":\"2023-10-18T20:23:40+00:00\",\"breadcrumb\":{\"@id\":\"https:\/\/permbledhja.com\/weber-iniciativa-franko-gjermane-ishte-projektuar-gabimisht\/#breadcrumb\"},\"inLanguage\":\"sq\",\"potentialAction\":[{\"@type\":\"ReadAction\",\"target\":[\"https:\/\/permbledhja.com\/weber-iniciativa-franko-gjermane-ishte-projektuar-gabimisht\/\"]}]},{\"@type\":\"BreadcrumbList\",\"@id\":\"https:\/\/permbledhja.com\/weber-iniciativa-franko-gjermane-ishte-projektuar-gabimisht\/#breadcrumb\",\"itemListElement\":[{\"@type\":\"ListItem\",\"position\":1,\"name\":\"Ballina\",\"item\":\"https:\/\/permbledhja.com\/sq\/\"},{\"@type\":\"ListItem\",\"position\":2,\"name\":\"Weber: Iniciativa franko-gjermane ishte projektuar gabimisht\"}]},{\"@type\":\"WebSite\",\"@id\":\"https:\/\/permbledhja.com\/#website\",\"url\":\"https:\/\/permbledhja.com\/\",\"name\":\"Ve\u00e7 artikuj p\u00ebrmbledh\u00ebs\",\"description\":\"\",\"publisher\":{\"@id\":\"https:\/\/permbledhja.com\/#organization\"},\"potentialAction\":[{\"@type\":\"SearchAction\",\"target\":{\"@type\":\"EntryPoint\",\"urlTemplate\":\"https:\/\/permbledhja.com\/?s={search_term_string}\"},\"query-input\":\"required name=search_term_string\"}],\"inLanguage\":\"sq\"},{\"@type\":\"Organization\",\"@id\":\"https:\/\/permbledhja.com\/#organization\",\"name\":\"MK Media & Pr\",\"url\":\"https:\/\/permbledhja.com\/\",\"logo\":{\"@type\":\"ImageObject\",\"inLanguage\":\"sq\",\"@id\":\"https:\/\/permbledhja.com\/#\/schema\/logo\/image\/\",\"url\":\"https:\/\/permbledhja.com\/wp-content\/uploads\/2021\/12\/07-Press-Logo.jpg\",\"contentUrl\":\"https:\/\/permbledhja.com\/wp-content\/uploads\/2021\/12\/07-Press-Logo.jpg\",\"width\":512,\"height\":512,\"caption\":\"MK Media & Pr\"},\"image\":{\"@id\":\"https:\/\/permbledhja.com\/#\/schema\/logo\/image\/\"},\"sameAs\":[\"https:\/\/www.facebook.com\/press07\/\"]},{\"@type\":\"Person\",\"@id\":\"https:\/\/permbledhja.com\/#\/schema\/person\/0d064377258d3221e50693947b9eb4fe\",\"name\":\"P\u00ebrmbledhja\",\"image\":{\"@type\":\"ImageObject\",\"inLanguage\":\"sq\",\"@id\":\"https:\/\/permbledhja.com\/#\/schema\/person\/image\/\",\"url\":\"https:\/\/permbledhja.com\/wp-content\/uploads\/2026\/01\/452004717_1040944174702970_8932037511805513407_n-96x96.jpg\",\"contentUrl\":\"https:\/\/permbledhja.com\/wp-content\/uploads\/2026\/01\/452004717_1040944174702970_8932037511805513407_n-96x96.jpg\",\"caption\":\"P\u00ebrmbledhja\"},\"sameAs\":[\"https:\/\/www.facebook.com\/kafexhiu.muharrem\/\",\"https:\/\/www.instagram.com\/muharrem_kafexhiu\/\"],\"url\":\"https:\/\/permbledhja.com\/sq\/author\/admin\/\"}]}<\/script>\n<!-- \/ Yoast SEO plugin. -->","yoast_head_json":{"title":"Weber: Iniciativa franko-gjermane ishte projektuar gabimisht","robots":{"index":"index","follow":"follow","max-snippet":"max-snippet:-1","max-image-preview":"max-image-preview:large","max-video-preview":"max-video-preview:-1"},"canonical":"https:\/\/permbledhja.com\/sq\/weber-iniciativa-franko-gjermane-ishte-projektuar-gabimisht\/","og_locale":"sq_AL","og_type":"article","og_title":"Weber: Iniciativa franko-gjermane ishte projektuar gabimisht","og_description":"Eksperti p\u00ebr Ballkanin dhe bashk\u00ebpun\u00ebtori i lart\u00eb i K\u00ebshillit p\u00ebr Politikat e Demokratizimit n\u00eb Berlin, Bodo Weber, e konsideron si t\u00eb d\u00ebshtuar iniciativ\u00ebn franko-gjermane, mbi baz\u00ebn e t\u00eb cilit Kosova dhe Serbia tashm\u00eb kan\u00eb nj\u00eb dakordim, por t\u00eb pazbatuar. Madje, Weber thot\u00eb se edhe n\u00eb Per\u00ebndim disa aktor\u00eb jan\u00eb shum\u00eb t\u00eb vet\u00ebdijsh\u00ebm se procesi i [&hellip;]","og_url":"https:\/\/permbledhja.com\/sq\/weber-iniciativa-franko-gjermane-ishte-projektuar-gabimisht\/","og_site_name":"Ve\u00e7 artikuj p\u00ebrmbledh\u00ebs","article_publisher":"https:\/\/www.facebook.com\/press07\/","article_author":"https:\/\/www.facebook.com\/kafexhiu.muharrem\/","article_published_time":"2023-10-18T20:23:40+00:00","og_image":[{"width":1200,"height":630,"url":"https:\/\/permbledhja.com\/wp-content\/uploads\/2023\/09\/bodo-weber.jpg.jpg","type":"image\/jpeg"}],"author":"P\u00ebrmbledhja","twitter_card":"summary_large_image","twitter_misc":{"Written by":"P\u00ebrmbledhja","Est. reading time":"2 minuta"},"schema":{"@context":"https:\/\/schema.org","@graph":[{"@type":"Article","@id":"https:\/\/permbledhja.com\/weber-iniciativa-franko-gjermane-ishte-projektuar-gabimisht\/#article","isPartOf":{"@id":"https:\/\/permbledhja.com\/weber-iniciativa-franko-gjermane-ishte-projektuar-gabimisht\/"},"author":{"name":"P\u00ebrmbledhja","@id":"https:\/\/permbledhja.com\/#\/schema\/person\/0d064377258d3221e50693947b9eb4fe"},"headline":"Weber: Iniciativa franko-gjermane ishte projektuar gabimisht","datePublished":"2023-10-18T20:23:40+00:00","dateModified":"2023-10-18T20:23:40+00:00","mainEntityOfPage":{"@id":"https:\/\/permbledhja.com\/weber-iniciativa-franko-gjermane-ishte-projektuar-gabimisht\/"},"wordCount":457,"publisher":{"@id":"https:\/\/permbledhja.com\/#organization"},"keywords":["Weber"],"articleSection":["Breaking News"],"inLanguage":"sq"},{"@type":"WebPage","@id":"https:\/\/permbledhja.com\/weber-iniciativa-franko-gjermane-ishte-projektuar-gabimisht\/","url":"https:\/\/permbledhja.com\/weber-iniciativa-franko-gjermane-ishte-projektuar-gabimisht\/","name":"Weber: Iniciativa franko-gjermane ishte projektuar gabimisht","isPartOf":{"@id":"https:\/\/permbledhja.com\/#website"},"datePublished":"2023-10-18T20:23:40+00:00","dateModified":"2023-10-18T20:23:40+00:00","breadcrumb":{"@id":"https:\/\/permbledhja.com\/weber-iniciativa-franko-gjermane-ishte-projektuar-gabimisht\/#breadcrumb"},"inLanguage":"sq","potentialAction":[{"@type":"ReadAction","target":["https:\/\/permbledhja.com\/weber-iniciativa-franko-gjermane-ishte-projektuar-gabimisht\/"]}]},{"@type":"BreadcrumbList","@id":"https:\/\/permbledhja.com\/weber-iniciativa-franko-gjermane-ishte-projektuar-gabimisht\/#breadcrumb","itemListElement":[{"@type":"ListItem","position":1,"name":"Ballina","item":"https:\/\/permbledhja.com\/sq\/"},{"@type":"ListItem","position":2,"name":"Weber: Iniciativa franko-gjermane ishte projektuar gabimisht"}]},{"@type":"WebSite","@id":"https:\/\/permbledhja.com\/#website","url":"https:\/\/permbledhja.com\/","name":"Ve\u00e7 artikuj p\u00ebrmbledh\u00ebs","description":"","publisher":{"@id":"https:\/\/permbledhja.com\/#organization"},"potentialAction":[{"@type":"SearchAction","target":{"@type":"EntryPoint","urlTemplate":"https:\/\/permbledhja.com\/?s={search_term_string}"},"query-input":"required name=search_term_string"}],"inLanguage":"sq"},{"@type":"Organization","@id":"https:\/\/permbledhja.com\/#organization","name":"MK Media & Pr","url":"https:\/\/permbledhja.com\/","logo":{"@type":"ImageObject","inLanguage":"sq","@id":"https:\/\/permbledhja.com\/#\/schema\/logo\/image\/","url":"https:\/\/permbledhja.com\/wp-content\/uploads\/2021\/12\/07-Press-Logo.jpg","contentUrl":"https:\/\/permbledhja.com\/wp-content\/uploads\/2021\/12\/07-Press-Logo.jpg","width":512,"height":512,"caption":"MK Media & Pr"},"image":{"@id":"https:\/\/permbledhja.com\/#\/schema\/logo\/image\/"},"sameAs":["https:\/\/www.facebook.com\/press07\/"]},{"@type":"Person","@id":"https:\/\/permbledhja.com\/#\/schema\/person\/0d064377258d3221e50693947b9eb4fe","name":"P\u00ebrmbledhja","image":{"@type":"ImageObject","inLanguage":"sq","@id":"https:\/\/permbledhja.com\/#\/schema\/person\/image\/","url":"https:\/\/permbledhja.com\/wp-content\/uploads\/2026\/01\/452004717_1040944174702970_8932037511805513407_n-96x96.jpg","contentUrl":"https:\/\/permbledhja.com\/wp-content\/uploads\/2026\/01\/452004717_1040944174702970_8932037511805513407_n-96x96.jpg","caption":"P\u00ebrmbledhja"},"sameAs":["https:\/\/www.facebook.com\/kafexhiu.muharrem\/","https:\/\/www.instagram.com\/muharrem_kafexhiu\/"],"url":"https:\/\/permbledhja.com\/sq\/author\/admin\/"}]}},"_links":{"self":[{"href":"https:\/\/permbledhja.com\/sq\/wp-json\/wp\/v2\/posts\/31924"}],"collection":[{"href":"https:\/\/permbledhja.com\/sq\/wp-json\/wp\/v2\/posts"}],"about":[{"href":"https:\/\/permbledhja.com\/sq\/wp-json\/wp\/v2\/types\/post"}],"author":[{"embeddable":true,"href":"https:\/\/permbledhja.com\/sq\/wp-json\/wp\/v2\/users\/1"}],"replies":[{"embeddable":true,"href":"https:\/\/permbledhja.com\/sq\/wp-json\/wp\/v2\/comments?post=31924"}],"version-history":[{"count":1,"href":"https:\/\/permbledhja.com\/sq\/wp-json\/wp\/v2\/posts\/31924\/revisions"}],"predecessor-version":[{"id":31925,"href":"https:\/\/permbledhja.com\/sq\/wp-json\/wp\/v2\/posts\/31924\/revisions\/31925"}],"wp:featuredmedia":[{"embeddable":true,"href":"https:\/\/permbledhja.com\/sq\/wp-json\/wp\/v2\/media\/27530"}],"wp:attachment":[{"href":"https:\/\/permbledhja.com\/sq\/wp-json\/wp\/v2\/media?parent=31924"}],"wp:term":[{"taxonomy":"category","embeddable":true,"href":"https:\/\/permbledhja.com\/sq\/wp-json\/wp\/v2\/categories?post=31924"},{"taxonomy":"post_tag","embeddable":true,"href":"https:\/\/permbledhja.com\/sq\/wp-json\/wp\/v2\/tags?post=31924"}],"curies":[{"name":"wp","href":"https:\/\/api.w.org\/{rel}","templated":true}]}}