{"id":31922,"date":"2023-10-18T20:22:20","date_gmt":"2023-10-18T20:22:20","guid":{"rendered":"https:\/\/permbledhja.com\/?p=31922"},"modified":"2023-10-18T20:22:20","modified_gmt":"2023-10-18T20:22:20","slug":"foreign-policy-be-ja-ka-deshtuar-ne-serbi-dhe-kosove-shkembimi-i-territoreve-mund-te-kthehet-ne-horizont","status":"publish","type":"post","link":"https:\/\/permbledhja.com\/sq\/foreign-policy-be-ja-ka-deshtuar-ne-serbi-dhe-kosove-shkembimi-i-territoreve-mund-te-kthehet-ne-horizont\/","title":{"rendered":"Foreign Policy: BE-ja ka d\u00ebshtuar n\u00eb Serbi dhe Kosov\u00eb, shk\u00ebmbimi i territoreve mund t\u00eb kthehet n\u00eb horizont"},"content":{"rendered":"<h3>Nj\u00eb analiz\u00eb e gazet\u00ebs prestigjioze amerikane \u201c<a href=\"https:\/\/foreignpolicy.com\/2023\/10\/18\/eu-usa-violence-vucic-serbia-kosovo\/?fbclid=IwAR2f-kQxwFqRQi-Cq24x0Bs8Kf1u7-bJXhF49xsIwBZmunpMtmKiL2y628s#cookie_message_anchor\">Foreign Policy<\/a>\u201d p\u00ebr tensionet e shtuara mes Kosov\u00ebs dhe Serbis\u00eb, pas ngjarjeve 24 shtatorit, hedh drit\u00eb mbi situat\u00ebn e paqart\u00eb t\u00eb krijuar pas agresionit serb. Aty mes tjerash thuhet se roli i Bashkimit Evropian si nd\u00ebrmjet\u00ebs p\u00ebr normalizimin e marr\u00ebdh\u00ebnieve mes dy vendeve ka d\u00ebshtuar dhe se dialogu tashm\u00eb ka &#8220;<i>ngecur<\/i>&#8220;. Artikulli &#8216;alarmon&#8217; se ideja e shk\u00ebmbimit t\u00eb territoreve, e cila nuk u kund\u00ebrshtua n\u00eb parim nga administrata Trump, mund t\u00eb kthehet n\u00eb horizont.\u00a0Analiza e FP orvatet rreth asaj se &#8216;rreziku&#8217; i kthimit pas n\u00eb koh\u00eb p\u00ebr nj\u00eb ide q\u00eb k\u00ebrkon nj\u00eb &#8216;p\u00ebrdit\u00ebsim t\u00eb ri t\u00eb hart\u00ebs globale nga hap\u00ebsira (n\u00eb kuptimin figurativ)&#8217;, paralajm\u00ebron demokrat\u00ebt dhe BE-n\u00eb t\u00eb<i>\u00a0&#8220;l\u00ebvizin shpejt&#8221;.<\/i><\/h3>\n<p>Titulluar\u00a0<u><b><i><a href=\"https:\/\/foreignpolicy.com\/2023\/10\/18\/eu-usa-violence-vucic-serbia-kosovo\/?fbclid=IwAR2f-kQxwFqRQi-Cq24x0Bs8Kf1u7-bJXhF49xsIwBZmunpMtmKiL2y628s#cookie_message_anchor\">\u201cBE-ja ka d\u00ebshtuar n\u00eb Serbi dhe Kosov\u00eb\u201d<\/a><\/i>,<\/b><\/u>\u00a0Foreign Policy shkruan se si roli i Bashkimit Evropian si nd\u00ebrmjet\u00ebs i rrug\u00ebs s\u00eb gjat\u00eb t\u00eb p\u00ebrpjekjeve p\u00ebr normalizim mes t\u00eb dyja vendeve p\u00ebrmes nj\u00eb dialogu i cili tashm\u00eb ka ngecur.<\/p>\n<p>Pavar\u00ebsisht p\u00ebrpjekjeve t\u00eb Brukselit p\u00ebr t&#8217;i mbajtur pal\u00ebt p\u00ebrgjegj\u00ebse p\u00ebr mosrespektimin e marr\u00ebveshjeve, FP shkruan se p\u00ebrfundimisht, BE\u00a0<i>\u201cnuk arriti t\u00eb detyronte pajtueshm\u00ebrin\u00eb dhe ngjarjet e fundit sugjerojn\u00eb se dialogu n\u00eb fakt ka shkuar prapa\u201d.<\/i><\/p>\n<p>N\u00eb kontekst t\u00eb rrjedh\u00ebs s\u00eb k\u00ebtyre ngjarjeve, gazeta amerikane ka renditur disa arsye q\u00eb\u00a0<i>\u201cduhet t\u00eb shqet\u00ebsojn\u00eb BE-n\u00eb\u201d.<\/i><\/p>\n<p>Pamund\u00ebsia p\u00ebr t\u00eb ushtruar kontroll n\u00eb \u201coborrin e tyre\u201d dhe zgjedhjet e ardhshme n\u00eb ShBA, jan\u00eb dy arsyet q\u00eb FP shkruan se mund t\u00eb ndryshojn\u00eb n\u00eb m\u00ebnyr\u00eb drastike politik\u00ebn paralele t\u00eb Shteteve t\u00eb Bashkuara dhe Bashkimit Evropian ndaj Kosov\u00ebs dhe Serbis\u00eb.<\/p>\n<p>Me ish-presidentin Trump si favoritin kryesor p\u00ebr t\u00eb fituar zgjedhjet e ardhshme n\u00eb ShBA, FP \u201calarmon\u201d p\u00ebr nj\u00eb rikthim n\u00eb koh\u00eb, n\u00eb nj\u00eb ide q\u00eb kryeministri Kurti e p\u00ebrs\u00ebriste shpesh se\u00a0<i>\u201cka d\u00ebshtuar, por ideja nuk ka vdekur\u201d.<\/i><\/p>\n<p>B\u00ebhet fjal\u00eb p\u00ebr iden\u00eb e shk\u00ebmbimit t\u00eb territoreve, p\u00ebr t\u00eb cil\u00ebn FP shkruan se mund t\u00eb rikthehet n\u00eb horizont me rikthimin e mundsh\u00ebm t\u00eb republikan\u00ebve n\u00eb Sht\u00ebpin\u00eb e Bardh\u00eb.<\/p>\n<p><i>\u201cZgjedhjet e ardhshme presidenciale n\u00eb ShBA po afrohen me shpejt\u00ebsi dhe Brukseli mund t\u00eb p\u00ebrfundoj\u00eb duke e gjetur veten plot\u00ebsisht t\u00eb m\u00ebnjanuar n\u00eb Ballkan n\u00ebse republikan\u00ebt p\u00ebrfundojn\u00eb duke rimarr\u00eb Sht\u00ebpin\u00eb e Bardh\u00eb. N\u00eb t\u00eb v\u00ebrtet\u00eb, kjo iu afrua rreziksh\u00ebm t\u00eb ndodhte tre vjet m\u00eb par\u00eb, kur u shfaq\u00ebn thashethemet se administrata Trump ishte e hapur p\u00ebr miratimin e nj\u00eb propozimi t\u00eb diskutuesh\u00ebm p\u00ebr shk\u00ebmbimin e territoreve midis Beogradit dhe Prishtin\u00ebs q\u00eb do rezultonte n\u00eb rivizatimin e kufirit Serbi-Kosov\u00eb p\u00ebrgjat\u00eb vijave etnike duke transferuar veriun e Kosov\u00ebs me shumic\u00eb serbe n\u00eb Serbi n\u00eb k\u00ebmbim t\u00eb nj\u00eb pjese etnike shqiptare t\u00eb Serbis\u00eb jugore\u201d,<\/i>\u00a0shkruan mes tjerash FP.<\/p>\n<p>N\u00eb rast t\u00eb rikthimit t\u00eb republikan\u00ebve n\u00eb Sht\u00ebpin\u00eb e Bardh\u00eb, gazeta amerikane shkruan se\u00a0<i>\u201ckorrigjimet e kufijve padyshim do t\u00eb kthehen n\u00eb tavolin\u00eb\u201d.<\/i><\/p>\n<p>M\u00eb tej thuhet se megjith\u00ebse zbatimi i mundsh\u00ebm i k\u00ebsaj ideje do t\u00eb dukej m\u00eb efektiv n\u00eb zgjidhjen e shpejt\u00eb t\u00eb konfliktit, kjo do t\u00eb krijonte\u00a0<i>\u201cp\u00ebr\u00e7arje m\u00eb t\u00eb madhe se sa status quo-ja n\u00eb praktik\u00eb\u201d.<\/i><\/p>\n<p><i>\u201cKorrigjimet e kufijve padyshim do t\u00eb kthehen n\u00eb tavolin\u00eb, dhe megjith\u00ebse kjo do t\u00eb ishte zgjidhja m\u00eb e drejtp\u00ebrdrejt\u00eb e konfliktit q\u00eb do ta b\u00ebnte Kosov\u00ebn nj\u00eb shtet m\u00eb koherent politik, pothuajse me siguri do t\u00eb rezultoj\u00eb m\u00eb p\u00ebr\u00e7ar\u00ebs sesa status quo-ja n\u00eb praktik\u00eb. Pra, p\u00ebr k\u00ebt\u00eb arsye, Brukseli dhe Uashingtoni do t\u00eb k\u00ebshilloheshin t\u00eb l\u00ebviznin shpejt, nd\u00ebrkoh\u00eb q\u00eb demokrat\u00ebt jan\u00eb ende n\u00eb gjendje t\u00eb kontrollojn\u00eb ngjarjet. Por kjo mund t\u00eb k\u00ebrkoj\u00eb nj\u00eb ndryshim drastik t\u00eb qasjes\u201d<\/i>, thuhet aty.<\/p>\n<p>Sipas FP, shkak-pasoj\u00eb aktuale e stagnimit n\u00eb rrug\u00ebn drejt normalizimit mes vendeve mbetet preferena e shtetit serb p\u00ebr ta mbajtur \u201cstatus quo-n\u00eb\u201d.<\/p>\n<p>Gazeta amerikane madje p\u00ebrmend edhe rastin kur Vu\u00e7iq \u2013 literally (fjal\u00ebp\u00ebrfjal\u00eb) \u2013 u tall me BE-n\u00eb duke u ankuar p\u00ebr dhimbje t\u00eb dor\u00ebs s\u00eb djath\u00eb kur pal\u00ebve iu k\u00ebrkohej n\u00ebnshkrimi i Marr\u00ebveshjes s\u00eb Ohrit.<\/p>\n<p><i>\u201cArsyeja kryesore q\u00eb dialogu Serbi-Kosov\u00eb mbetet i bllokuar \u00ebsht\u00eb sepse Beogradi preferon status quo-n\u00eb sesa \u00e7do zgjidhje tjet\u00ebr t\u00eb propozuar q\u00eb ndalon, ndoshta, korrigjimet e kufijve. N\u00eb t\u00eb v\u00ebrtet\u00eb, Vu\u00e7iq e ka b\u00ebr\u00eb shum\u00eb t\u00eb qart\u00eb k\u00ebt\u00eb dhe nuk ka asnj\u00eb shenj\u00eb se plani i ri i r\u00ebn\u00eb dakord p\u00ebr k\u00ebt\u00eb vit n\u00eb fakt ka ndryshuar di\u00e7ka. N\u00eb fakt, Vu\u00e7iq \u00ebsht\u00eb tallur hapur me BE-n\u00eb n\u00eb televizionin serb, duke pretenduar se ai nuk e n\u00ebnshkroi propozimin e lartp\u00ebrmendur, t\u00eb quajtur Marr\u00ebveshja e Ohrit, sepse ai ka nj\u00eb &#8220;dhimbje torturuese&#8221; n\u00eb dor\u00ebn e tij t\u00eb djatht\u00eb q\u00eb &#8220;pritet t\u00eb vazhdoj\u00eb p\u00ebr kat\u00ebr vitet e ardhshme&#8221;,\u00a0<\/i>shkruan FP.<\/p>\n<p>Gazeta amerikane shkruan edhe p\u00ebr \u201crezistenc\u00ebn\u201d e Kurtit rreth k\u00ebrkes\u00ebs s\u00eb Serbis\u00eb p\u00ebr themelimin e nj\u00eb Asociacioni t\u00eb Komunave Serbe, nga frika se kjo\u00a0<i>\u201cdo t\u2019u jepte zonave t\u00eb dominuara nga serb\u00ebt n\u00eb veri t\u00eb vendit nj\u00eb shkall\u00eb autonomie.\u201d\/<a href=\"https:\/\/nacionale.com\/politike\/foreign-policy-be-ja-ka-deshtuar-ne-serbi-dhe-kosove-shkembimi-i-territoreve-mund-te-kthehet-ne-horizont\">Flakon Demaku &#8211; Nacionale<\/a><\/i><\/p>\n","protected":false},"excerpt":{"rendered":"<p>Nj\u00eb analiz\u00eb e gazet\u00ebs prestigjioze amerikane \u201cForeign Policy\u201d p\u00ebr tensionet e shtuara mes Kosov\u00ebs dhe Serbis\u00eb, pas ngjarjeve 24 shtatorit, hedh drit\u00eb mbi situat\u00ebn e paqart\u00eb t\u00eb krijuar pas agresionit serb. Aty mes tjerash thuhet se roli i Bashkimit Evropian si nd\u00ebrmjet\u00ebs p\u00ebr normalizimin e marr\u00ebdh\u00ebnieve mes dy vendeve ka d\u00ebshtuar dhe se dialogu tashm\u00eb [&hellip;]<\/p>\n","protected":false},"author":1,"featured_media":30997,"comment_status":"closed","ping_status":"closed","sticky":false,"template":"","format":"standard","meta":{"_monsterinsights_skip_tracking":false,"_monsterinsights_sitenote_active":false,"_monsterinsights_sitenote_note":"","_monsterinsights_sitenote_category":0,"_uf_show_specific_survey":0,"_uf_disable_surveys":false,"footnotes":""},"categories":[1146],"tags":[2538],"yoast_head":"<!-- This site is optimized with the Yoast SEO plugin v21.5 - https:\/\/yoast.com\/wordpress\/plugins\/seo\/ -->\n<title>Foreign Policy: BE-ja ka d\u00ebshtuar n\u00eb Serbi dhe Kosov\u00eb, shk\u00ebmbimi i territoreve mund t\u00eb kthehet n\u00eb horizont<\/title>\n<meta name=\"robots\" content=\"index, follow, max-snippet:-1, max-image-preview:large, max-video-preview:-1\" \/>\n<link rel=\"canonical\" href=\"https:\/\/permbledhja.com\/sq\/foreign-policy-be-ja-ka-deshtuar-ne-serbi-dhe-kosove-shkembimi-i-territoreve-mund-te-kthehet-ne-horizont\/\" \/>\n<meta property=\"og:locale\" content=\"sq_AL\" \/>\n<meta property=\"og:type\" content=\"article\" \/>\n<meta property=\"og:title\" content=\"Foreign Policy: BE-ja ka d\u00ebshtuar n\u00eb Serbi dhe Kosov\u00eb, shk\u00ebmbimi i territoreve mund t\u00eb kthehet n\u00eb horizont\" \/>\n<meta property=\"og:description\" content=\"Nj\u00eb analiz\u00eb e gazet\u00ebs prestigjioze amerikane \u201cForeign Policy\u201d p\u00ebr tensionet e shtuara mes Kosov\u00ebs dhe Serbis\u00eb, pas ngjarjeve 24 shtatorit, hedh drit\u00eb mbi situat\u00ebn e paqart\u00eb t\u00eb krijuar pas agresionit serb. Aty mes tjerash thuhet se roli i Bashkimit Evropian si nd\u00ebrmjet\u00ebs p\u00ebr normalizimin e marr\u00ebdh\u00ebnieve mes dy vendeve ka d\u00ebshtuar dhe se dialogu tashm\u00eb [&hellip;]\" \/>\n<meta property=\"og:url\" content=\"https:\/\/permbledhja.com\/sq\/foreign-policy-be-ja-ka-deshtuar-ne-serbi-dhe-kosove-shkembimi-i-territoreve-mund-te-kthehet-ne-horizont\/\" \/>\n<meta property=\"og:site_name\" content=\"Ve\u00e7 artikuj p\u00ebrmbledh\u00ebs\" \/>\n<meta property=\"article:publisher\" content=\"https:\/\/www.facebook.com\/press07\/\" \/>\n<meta property=\"article:author\" content=\"https:\/\/www.facebook.com\/kafexhiu.muharrem\/\" \/>\n<meta property=\"article:published_time\" content=\"2023-10-18T20:22:20+00:00\" \/>\n<meta property=\"og:image\" content=\"https:\/\/permbledhja.com\/wp-content\/uploads\/2023\/10\/policia-e-kosovess.jpg\" \/>\n\t<meta property=\"og:image:width\" content=\"900\" \/>\n\t<meta property=\"og:image:height\" content=\"539\" \/>\n\t<meta property=\"og:image:type\" content=\"image\/jpeg\" \/>\n<meta name=\"author\" content=\"P\u00ebrmbledhja\" \/>\n<meta name=\"twitter:card\" content=\"summary_large_image\" \/>\n<meta name=\"twitter:label1\" content=\"Written by\" \/>\n\t<meta name=\"twitter:data1\" content=\"P\u00ebrmbledhja\" \/>\n\t<meta name=\"twitter:label2\" content=\"Est. reading time\" \/>\n\t<meta name=\"twitter:data2\" content=\"4 minuta\" \/>\n<script type=\"application\/ld+json\" class=\"yoast-schema-graph\">{\"@context\":\"https:\/\/schema.org\",\"@graph\":[{\"@type\":\"Article\",\"@id\":\"https:\/\/permbledhja.com\/sq\/foreign-policy-be-ja-ka-deshtuar-ne-serbi-dhe-kosove-shkembimi-i-territoreve-mund-te-kthehet-ne-horizont\/#article\",\"isPartOf\":{\"@id\":\"https:\/\/permbledhja.com\/sq\/foreign-policy-be-ja-ka-deshtuar-ne-serbi-dhe-kosove-shkembimi-i-territoreve-mund-te-kthehet-ne-horizont\/\"},\"author\":{\"name\":\"P\u00ebrmbledhja\",\"@id\":\"https:\/\/permbledhja.com\/#\/schema\/person\/0d064377258d3221e50693947b9eb4fe\"},\"headline\":\"Foreign Policy: BE-ja ka d\u00ebshtuar n\u00eb Serbi dhe Kosov\u00eb, shk\u00ebmbimi i territoreve mund t\u00eb kthehet n\u00eb horizont\",\"datePublished\":\"2023-10-18T20:22:20+00:00\",\"dateModified\":\"2023-10-18T20:22:20+00:00\",\"mainEntityOfPage\":{\"@id\":\"https:\/\/permbledhja.com\/sq\/foreign-policy-be-ja-ka-deshtuar-ne-serbi-dhe-kosove-shkembimi-i-territoreve-mund-te-kthehet-ne-horizont\/\"},\"wordCount\":916,\"publisher\":{\"@id\":\"https:\/\/permbledhja.com\/#organization\"},\"keywords\":[\"Foreign Policy\"],\"articleSection\":[\"Kryesoret\"],\"inLanguage\":\"sq\"},{\"@type\":\"WebPage\",\"@id\":\"https:\/\/permbledhja.com\/sq\/foreign-policy-be-ja-ka-deshtuar-ne-serbi-dhe-kosove-shkembimi-i-territoreve-mund-te-kthehet-ne-horizont\/\",\"url\":\"https:\/\/permbledhja.com\/sq\/foreign-policy-be-ja-ka-deshtuar-ne-serbi-dhe-kosove-shkembimi-i-territoreve-mund-te-kthehet-ne-horizont\/\",\"name\":\"Foreign Policy: BE-ja ka d\u00ebshtuar n\u00eb Serbi dhe Kosov\u00eb, shk\u00ebmbimi i territoreve mund t\u00eb kthehet n\u00eb horizont\",\"isPartOf\":{\"@id\":\"https:\/\/permbledhja.com\/#website\"},\"datePublished\":\"2023-10-18T20:22:20+00:00\",\"dateModified\":\"2023-10-18T20:22:20+00:00\",\"breadcrumb\":{\"@id\":\"https:\/\/permbledhja.com\/sq\/foreign-policy-be-ja-ka-deshtuar-ne-serbi-dhe-kosove-shkembimi-i-territoreve-mund-te-kthehet-ne-horizont\/#breadcrumb\"},\"inLanguage\":\"sq\",\"potentialAction\":[{\"@type\":\"ReadAction\",\"target\":[\"https:\/\/permbledhja.com\/sq\/foreign-policy-be-ja-ka-deshtuar-ne-serbi-dhe-kosove-shkembimi-i-territoreve-mund-te-kthehet-ne-horizont\/\"]}]},{\"@type\":\"BreadcrumbList\",\"@id\":\"https:\/\/permbledhja.com\/sq\/foreign-policy-be-ja-ka-deshtuar-ne-serbi-dhe-kosove-shkembimi-i-territoreve-mund-te-kthehet-ne-horizont\/#breadcrumb\",\"itemListElement\":[{\"@type\":\"ListItem\",\"position\":1,\"name\":\"Ballina\",\"item\":\"https:\/\/permbledhja.com\/sq\/\"},{\"@type\":\"ListItem\",\"position\":2,\"name\":\"Foreign Policy: BE-ja ka d\u00ebshtuar n\u00eb Serbi dhe Kosov\u00eb, shk\u00ebmbimi i territoreve mund t\u00eb kthehet n\u00eb horizont\"}]},{\"@type\":\"WebSite\",\"@id\":\"https:\/\/permbledhja.com\/#website\",\"url\":\"https:\/\/permbledhja.com\/\",\"name\":\"Ve\u00e7 artikuj p\u00ebrmbledh\u00ebs\",\"description\":\"\",\"publisher\":{\"@id\":\"https:\/\/permbledhja.com\/#organization\"},\"potentialAction\":[{\"@type\":\"SearchAction\",\"target\":{\"@type\":\"EntryPoint\",\"urlTemplate\":\"https:\/\/permbledhja.com\/?s={search_term_string}\"},\"query-input\":\"required name=search_term_string\"}],\"inLanguage\":\"sq\"},{\"@type\":\"Organization\",\"@id\":\"https:\/\/permbledhja.com\/#organization\",\"name\":\"MK Media & Pr\",\"url\":\"https:\/\/permbledhja.com\/\",\"logo\":{\"@type\":\"ImageObject\",\"inLanguage\":\"sq\",\"@id\":\"https:\/\/permbledhja.com\/#\/schema\/logo\/image\/\",\"url\":\"https:\/\/permbledhja.com\/wp-content\/uploads\/2021\/12\/07-Press-Logo.jpg\",\"contentUrl\":\"https:\/\/permbledhja.com\/wp-content\/uploads\/2021\/12\/07-Press-Logo.jpg\",\"width\":512,\"height\":512,\"caption\":\"MK Media & Pr\"},\"image\":{\"@id\":\"https:\/\/permbledhja.com\/#\/schema\/logo\/image\/\"},\"sameAs\":[\"https:\/\/www.facebook.com\/press07\/\"]},{\"@type\":\"Person\",\"@id\":\"https:\/\/permbledhja.com\/#\/schema\/person\/0d064377258d3221e50693947b9eb4fe\",\"name\":\"P\u00ebrmbledhja\",\"image\":{\"@type\":\"ImageObject\",\"inLanguage\":\"sq\",\"@id\":\"https:\/\/permbledhja.com\/#\/schema\/person\/image\/\",\"url\":\"https:\/\/permbledhja.com\/wp-content\/uploads\/2026\/01\/452004717_1040944174702970_8932037511805513407_n-96x96.jpg\",\"contentUrl\":\"https:\/\/permbledhja.com\/wp-content\/uploads\/2026\/01\/452004717_1040944174702970_8932037511805513407_n-96x96.jpg\",\"caption\":\"P\u00ebrmbledhja\"},\"sameAs\":[\"https:\/\/www.facebook.com\/kafexhiu.muharrem\/\",\"https:\/\/www.instagram.com\/muharrem_kafexhiu\/\"],\"url\":\"https:\/\/permbledhja.com\/sq\/author\/admin\/\"}]}<\/script>\n<!-- \/ Yoast SEO plugin. -->","yoast_head_json":{"title":"Foreign Policy: BE-ja ka d\u00ebshtuar n\u00eb Serbi dhe Kosov\u00eb, shk\u00ebmbimi i territoreve mund t\u00eb kthehet n\u00eb horizont","robots":{"index":"index","follow":"follow","max-snippet":"max-snippet:-1","max-image-preview":"max-image-preview:large","max-video-preview":"max-video-preview:-1"},"canonical":"https:\/\/permbledhja.com\/sq\/foreign-policy-be-ja-ka-deshtuar-ne-serbi-dhe-kosove-shkembimi-i-territoreve-mund-te-kthehet-ne-horizont\/","og_locale":"sq_AL","og_type":"article","og_title":"Foreign Policy: BE-ja ka d\u00ebshtuar n\u00eb Serbi dhe Kosov\u00eb, shk\u00ebmbimi i territoreve mund t\u00eb kthehet n\u00eb horizont","og_description":"Nj\u00eb analiz\u00eb e gazet\u00ebs prestigjioze amerikane \u201cForeign Policy\u201d p\u00ebr tensionet e shtuara mes Kosov\u00ebs dhe Serbis\u00eb, pas ngjarjeve 24 shtatorit, hedh drit\u00eb mbi situat\u00ebn e paqart\u00eb t\u00eb krijuar pas agresionit serb. Aty mes tjerash thuhet se roli i Bashkimit Evropian si nd\u00ebrmjet\u00ebs p\u00ebr normalizimin e marr\u00ebdh\u00ebnieve mes dy vendeve ka d\u00ebshtuar dhe se dialogu tashm\u00eb [&hellip;]","og_url":"https:\/\/permbledhja.com\/sq\/foreign-policy-be-ja-ka-deshtuar-ne-serbi-dhe-kosove-shkembimi-i-territoreve-mund-te-kthehet-ne-horizont\/","og_site_name":"Ve\u00e7 artikuj p\u00ebrmbledh\u00ebs","article_publisher":"https:\/\/www.facebook.com\/press07\/","article_author":"https:\/\/www.facebook.com\/kafexhiu.muharrem\/","article_published_time":"2023-10-18T20:22:20+00:00","og_image":[{"width":900,"height":539,"url":"https:\/\/permbledhja.com\/wp-content\/uploads\/2023\/10\/policia-e-kosovess.jpg","type":"image\/jpeg"}],"author":"P\u00ebrmbledhja","twitter_card":"summary_large_image","twitter_misc":{"Written by":"P\u00ebrmbledhja","Est. reading time":"4 minuta"},"schema":{"@context":"https:\/\/schema.org","@graph":[{"@type":"Article","@id":"https:\/\/permbledhja.com\/sq\/foreign-policy-be-ja-ka-deshtuar-ne-serbi-dhe-kosove-shkembimi-i-territoreve-mund-te-kthehet-ne-horizont\/#article","isPartOf":{"@id":"https:\/\/permbledhja.com\/sq\/foreign-policy-be-ja-ka-deshtuar-ne-serbi-dhe-kosove-shkembimi-i-territoreve-mund-te-kthehet-ne-horizont\/"},"author":{"name":"P\u00ebrmbledhja","@id":"https:\/\/permbledhja.com\/#\/schema\/person\/0d064377258d3221e50693947b9eb4fe"},"headline":"Foreign Policy: BE-ja ka d\u00ebshtuar n\u00eb Serbi dhe Kosov\u00eb, shk\u00ebmbimi i territoreve mund t\u00eb kthehet n\u00eb horizont","datePublished":"2023-10-18T20:22:20+00:00","dateModified":"2023-10-18T20:22:20+00:00","mainEntityOfPage":{"@id":"https:\/\/permbledhja.com\/sq\/foreign-policy-be-ja-ka-deshtuar-ne-serbi-dhe-kosove-shkembimi-i-territoreve-mund-te-kthehet-ne-horizont\/"},"wordCount":916,"publisher":{"@id":"https:\/\/permbledhja.com\/#organization"},"keywords":["Foreign Policy"],"articleSection":["Kryesoret"],"inLanguage":"sq"},{"@type":"WebPage","@id":"https:\/\/permbledhja.com\/sq\/foreign-policy-be-ja-ka-deshtuar-ne-serbi-dhe-kosove-shkembimi-i-territoreve-mund-te-kthehet-ne-horizont\/","url":"https:\/\/permbledhja.com\/sq\/foreign-policy-be-ja-ka-deshtuar-ne-serbi-dhe-kosove-shkembimi-i-territoreve-mund-te-kthehet-ne-horizont\/","name":"Foreign Policy: BE-ja ka d\u00ebshtuar n\u00eb Serbi dhe Kosov\u00eb, shk\u00ebmbimi i territoreve mund t\u00eb kthehet n\u00eb horizont","isPartOf":{"@id":"https:\/\/permbledhja.com\/#website"},"datePublished":"2023-10-18T20:22:20+00:00","dateModified":"2023-10-18T20:22:20+00:00","breadcrumb":{"@id":"https:\/\/permbledhja.com\/sq\/foreign-policy-be-ja-ka-deshtuar-ne-serbi-dhe-kosove-shkembimi-i-territoreve-mund-te-kthehet-ne-horizont\/#breadcrumb"},"inLanguage":"sq","potentialAction":[{"@type":"ReadAction","target":["https:\/\/permbledhja.com\/sq\/foreign-policy-be-ja-ka-deshtuar-ne-serbi-dhe-kosove-shkembimi-i-territoreve-mund-te-kthehet-ne-horizont\/"]}]},{"@type":"BreadcrumbList","@id":"https:\/\/permbledhja.com\/sq\/foreign-policy-be-ja-ka-deshtuar-ne-serbi-dhe-kosove-shkembimi-i-territoreve-mund-te-kthehet-ne-horizont\/#breadcrumb","itemListElement":[{"@type":"ListItem","position":1,"name":"Ballina","item":"https:\/\/permbledhja.com\/sq\/"},{"@type":"ListItem","position":2,"name":"Foreign Policy: BE-ja ka d\u00ebshtuar n\u00eb Serbi dhe Kosov\u00eb, shk\u00ebmbimi i territoreve mund t\u00eb kthehet n\u00eb horizont"}]},{"@type":"WebSite","@id":"https:\/\/permbledhja.com\/#website","url":"https:\/\/permbledhja.com\/","name":"Ve\u00e7 artikuj p\u00ebrmbledh\u00ebs","description":"","publisher":{"@id":"https:\/\/permbledhja.com\/#organization"},"potentialAction":[{"@type":"SearchAction","target":{"@type":"EntryPoint","urlTemplate":"https:\/\/permbledhja.com\/?s={search_term_string}"},"query-input":"required name=search_term_string"}],"inLanguage":"sq"},{"@type":"Organization","@id":"https:\/\/permbledhja.com\/#organization","name":"MK Media & Pr","url":"https:\/\/permbledhja.com\/","logo":{"@type":"ImageObject","inLanguage":"sq","@id":"https:\/\/permbledhja.com\/#\/schema\/logo\/image\/","url":"https:\/\/permbledhja.com\/wp-content\/uploads\/2021\/12\/07-Press-Logo.jpg","contentUrl":"https:\/\/permbledhja.com\/wp-content\/uploads\/2021\/12\/07-Press-Logo.jpg","width":512,"height":512,"caption":"MK Media & Pr"},"image":{"@id":"https:\/\/permbledhja.com\/#\/schema\/logo\/image\/"},"sameAs":["https:\/\/www.facebook.com\/press07\/"]},{"@type":"Person","@id":"https:\/\/permbledhja.com\/#\/schema\/person\/0d064377258d3221e50693947b9eb4fe","name":"P\u00ebrmbledhja","image":{"@type":"ImageObject","inLanguage":"sq","@id":"https:\/\/permbledhja.com\/#\/schema\/person\/image\/","url":"https:\/\/permbledhja.com\/wp-content\/uploads\/2026\/01\/452004717_1040944174702970_8932037511805513407_n-96x96.jpg","contentUrl":"https:\/\/permbledhja.com\/wp-content\/uploads\/2026\/01\/452004717_1040944174702970_8932037511805513407_n-96x96.jpg","caption":"P\u00ebrmbledhja"},"sameAs":["https:\/\/www.facebook.com\/kafexhiu.muharrem\/","https:\/\/www.instagram.com\/muharrem_kafexhiu\/"],"url":"https:\/\/permbledhja.com\/sq\/author\/admin\/"}]}},"_links":{"self":[{"href":"https:\/\/permbledhja.com\/sq\/wp-json\/wp\/v2\/posts\/31922"}],"collection":[{"href":"https:\/\/permbledhja.com\/sq\/wp-json\/wp\/v2\/posts"}],"about":[{"href":"https:\/\/permbledhja.com\/sq\/wp-json\/wp\/v2\/types\/post"}],"author":[{"embeddable":true,"href":"https:\/\/permbledhja.com\/sq\/wp-json\/wp\/v2\/users\/1"}],"replies":[{"embeddable":true,"href":"https:\/\/permbledhja.com\/sq\/wp-json\/wp\/v2\/comments?post=31922"}],"version-history":[{"count":1,"href":"https:\/\/permbledhja.com\/sq\/wp-json\/wp\/v2\/posts\/31922\/revisions"}],"predecessor-version":[{"id":31923,"href":"https:\/\/permbledhja.com\/sq\/wp-json\/wp\/v2\/posts\/31922\/revisions\/31923"}],"wp:featuredmedia":[{"embeddable":true,"href":"https:\/\/permbledhja.com\/sq\/wp-json\/wp\/v2\/media\/30997"}],"wp:attachment":[{"href":"https:\/\/permbledhja.com\/sq\/wp-json\/wp\/v2\/media?parent=31922"}],"wp:term":[{"taxonomy":"category","embeddable":true,"href":"https:\/\/permbledhja.com\/sq\/wp-json\/wp\/v2\/categories?post=31922"},{"taxonomy":"post_tag","embeddable":true,"href":"https:\/\/permbledhja.com\/sq\/wp-json\/wp\/v2\/tags?post=31922"}],"curies":[{"name":"wp","href":"https:\/\/api.w.org\/{rel}","templated":true}]}}