{"id":31867,"date":"2023-10-18T13:04:21","date_gmt":"2023-10-18T13:04:21","guid":{"rendered":"https:\/\/permbledhja.com\/?p=31867"},"modified":"2023-10-18T13:04:21","modified_gmt":"2023-10-18T13:04:21","slug":"presidentja-osmani-flet-rreth-deklarates-se-macron-per-vizat","status":"publish","type":"post","link":"https:\/\/permbledhja.com\/sq\/presidentja-osmani-flet-rreth-deklarates-se-macron-per-vizat\/","title":{"rendered":"Presidentja Osmani flet rreth deklarat\u00ebs s\u00eb Macron p\u00ebr vizat"},"content":{"rendered":"<h3>Presidentja e Kosov\u00ebs, Vjosa Osmani, tha se me presidentin e Franc\u00ebs, Emmanuel Macron, ka diskutuar p\u00ebr t\u00eb gjitha \u00e7\u00ebshtjet n\u00eb vend gjat\u00eb vizit\u00ebs n\u00eb Granada.<\/h3>\n<p>K\u00ebto komente ajo i b\u00ebri, kur u pyet rreth deklarat\u00ebs s\u00eb djeshme t\u00eb Macron p\u00ebr \u00e7\u00ebshtjen e vizave p\u00ebr kosovar\u00ebt.<\/p>\n<p>Madje e para e shtetit tha se beson n\u00eb mir\u00ebkuptim p\u00ebr tejkalimin e sfidave.<\/p>\n<p>\u201cI kam diskutuar t\u00eb gjitha k\u00ebto me presidentin Macron gjat\u00eb takimit ton\u00eb n\u00eb Grand\u00eb dhe besoj q\u00eb do t\u00eb kemi mir\u00ebkuptim n\u00eb tejkalimin e sfidave\u201d.<\/p>\n<p>P\u00ebrderisa kur u pyet p\u00ebr vizit\u00ebn muajin e ardhsh\u00ebm n\u00eb ShBA, Osmani tha se p\u00ebr k\u00ebt\u00eb \u00e7\u00ebshtje do t\u00eb deklarohet n\u00eb nj\u00eb moment tjet\u00ebr.<\/p>\n<p>\u201cNdoshta n\u00eb nj\u00eb moment tjer\u00eb do t\u00eb mund t\u00eb deklarohemi m\u00eb n\u00eb detaje p\u00ebr k\u00ebt\u00eb \u00e7\u00ebshtje\u201d, ka th\u00ebn\u00eb Osmani.\/eo.\/<\/p>\n","protected":false},"excerpt":{"rendered":"<p>Presidentja e Kosov\u00ebs, Vjosa Osmani, tha se me presidentin e Franc\u00ebs, Emmanuel Macron, ka diskutuar p\u00ebr t\u00eb gjitha \u00e7\u00ebshtjet n\u00eb vend gjat\u00eb vizit\u00ebs n\u00eb Granada. K\u00ebto komente ajo i b\u00ebri, kur u pyet rreth deklarat\u00ebs s\u00eb djeshme t\u00eb Macron p\u00ebr \u00e7\u00ebshtjen e vizave p\u00ebr kosovar\u00ebt. Madje e para e shtetit tha se beson n\u00eb mir\u00ebkuptim [&hellip;]<\/p>\n","protected":false},"author":2,"featured_media":31868,"comment_status":"closed","ping_status":"closed","sticky":false,"template":"","format":"standard","meta":{"_monsterinsights_skip_tracking":false,"_monsterinsights_sitenote_active":false,"_monsterinsights_sitenote_note":"","_monsterinsights_sitenote_category":0,"_uf_show_specific_survey":0,"_uf_disable_surveys":false,"footnotes":""},"categories":[1146,15],"tags":[163],"yoast_head":"<!-- This site is optimized with the Yoast SEO plugin v21.5 - https:\/\/yoast.com\/wordpress\/plugins\/seo\/ -->\n<title>Presidentja Osmani flet rreth deklarat\u00ebs s\u00eb Macron p\u00ebr vizat<\/title>\n<meta name=\"robots\" content=\"index, follow, max-snippet:-1, max-image-preview:large, max-video-preview:-1\" \/>\n<link rel=\"canonical\" href=\"https:\/\/permbledhja.com\/sq\/presidentja-osmani-flet-rreth-deklarates-se-macron-per-vizat\/\" \/>\n<meta property=\"og:locale\" content=\"sq_AL\" \/>\n<meta property=\"og:type\" content=\"article\" \/>\n<meta property=\"og:title\" content=\"Presidentja Osmani flet rreth deklarat\u00ebs s\u00eb Macron p\u00ebr vizat\" \/>\n<meta property=\"og:description\" content=\"Presidentja e Kosov\u00ebs, Vjosa Osmani, tha se me presidentin e Franc\u00ebs, Emmanuel Macron, ka diskutuar p\u00ebr t\u00eb gjitha \u00e7\u00ebshtjet n\u00eb vend gjat\u00eb vizit\u00ebs n\u00eb Granada. K\u00ebto komente ajo i b\u00ebri, kur u pyet rreth deklarat\u00ebs s\u00eb djeshme t\u00eb Macron p\u00ebr \u00e7\u00ebshtjen e vizave p\u00ebr kosovar\u00ebt. Madje e para e shtetit tha se beson n\u00eb mir\u00ebkuptim [&hellip;]\" \/>\n<meta property=\"og:url\" content=\"https:\/\/permbledhja.com\/sq\/presidentja-osmani-flet-rreth-deklarates-se-macron-per-vizat\/\" \/>\n<meta property=\"og:site_name\" content=\"Ve\u00e7 artikuj p\u00ebrmbledh\u00ebs\" \/>\n<meta property=\"article:publisher\" content=\"https:\/\/www.facebook.com\/press07\/\" \/>\n<meta property=\"article:published_time\" content=\"2023-10-18T13:04:21+00:00\" \/>\n<meta property=\"og:image\" content=\"https:\/\/permbledhja.com\/wp-content\/uploads\/2023\/10\/Vjosa-Osmani-7-1.jpg\" \/>\n\t<meta property=\"og:image:width\" content=\"878\" \/>\n\t<meta property=\"og:image:height\" content=\"579\" \/>\n\t<meta property=\"og:image:type\" content=\"image\/jpeg\" \/>\n<meta name=\"author\" content=\"M M\" \/>\n<meta name=\"twitter:card\" content=\"summary_large_image\" \/>\n<meta name=\"twitter:label1\" content=\"Written by\" \/>\n\t<meta name=\"twitter:data1\" content=\"M M\" \/>\n\t<meta name=\"twitter:label2\" content=\"Est. reading time\" \/>\n\t<meta name=\"twitter:data2\" content=\"1 minut\u00eb\" \/>\n<script type=\"application\/ld+json\" class=\"yoast-schema-graph\">{\"@context\":\"https:\/\/schema.org\",\"@graph\":[{\"@type\":\"Article\",\"@id\":\"https:\/\/permbledhja.com\/sq\/presidentja-osmani-flet-rreth-deklarates-se-macron-per-vizat\/#article\",\"isPartOf\":{\"@id\":\"https:\/\/permbledhja.com\/sq\/presidentja-osmani-flet-rreth-deklarates-se-macron-per-vizat\/\"},\"author\":{\"name\":\"M M\",\"@id\":\"https:\/\/permbledhja.com\/#\/schema\/person\/d23f13f59b5722643933d6780783acf3\"},\"headline\":\"Presidentja Osmani flet rreth deklarat\u00ebs s\u00eb Macron p\u00ebr vizat\",\"datePublished\":\"2023-10-18T13:04:21+00:00\",\"dateModified\":\"2023-10-18T13:04:21+00:00\",\"mainEntityOfPage\":{\"@id\":\"https:\/\/permbledhja.com\/sq\/presidentja-osmani-flet-rreth-deklarates-se-macron-per-vizat\/\"},\"wordCount\":163,\"publisher\":{\"@id\":\"https:\/\/permbledhja.com\/#organization\"},\"keywords\":[\"Vjosa Osmani\"],\"articleSection\":[\"Kryesoret\",\"Lajme\"],\"inLanguage\":\"sq\"},{\"@type\":\"WebPage\",\"@id\":\"https:\/\/permbledhja.com\/sq\/presidentja-osmani-flet-rreth-deklarates-se-macron-per-vizat\/\",\"url\":\"https:\/\/permbledhja.com\/sq\/presidentja-osmani-flet-rreth-deklarates-se-macron-per-vizat\/\",\"name\":\"Presidentja Osmani flet rreth deklarat\u00ebs s\u00eb Macron p\u00ebr vizat\",\"isPartOf\":{\"@id\":\"https:\/\/permbledhja.com\/#website\"},\"datePublished\":\"2023-10-18T13:04:21+00:00\",\"dateModified\":\"2023-10-18T13:04:21+00:00\",\"breadcrumb\":{\"@id\":\"https:\/\/permbledhja.com\/sq\/presidentja-osmani-flet-rreth-deklarates-se-macron-per-vizat\/#breadcrumb\"},\"inLanguage\":\"sq\",\"potentialAction\":[{\"@type\":\"ReadAction\",\"target\":[\"https:\/\/permbledhja.com\/sq\/presidentja-osmani-flet-rreth-deklarates-se-macron-per-vizat\/\"]}]},{\"@type\":\"BreadcrumbList\",\"@id\":\"https:\/\/permbledhja.com\/sq\/presidentja-osmani-flet-rreth-deklarates-se-macron-per-vizat\/#breadcrumb\",\"itemListElement\":[{\"@type\":\"ListItem\",\"position\":1,\"name\":\"Ballina\",\"item\":\"https:\/\/permbledhja.com\/sq\/\"},{\"@type\":\"ListItem\",\"position\":2,\"name\":\"Presidentja Osmani flet rreth deklarat\u00ebs s\u00eb Macron p\u00ebr vizat\"}]},{\"@type\":\"WebSite\",\"@id\":\"https:\/\/permbledhja.com\/#website\",\"url\":\"https:\/\/permbledhja.com\/\",\"name\":\"Ve\u00e7 artikuj p\u00ebrmbledh\u00ebs\",\"description\":\"\",\"publisher\":{\"@id\":\"https:\/\/permbledhja.com\/#organization\"},\"potentialAction\":[{\"@type\":\"SearchAction\",\"target\":{\"@type\":\"EntryPoint\",\"urlTemplate\":\"https:\/\/permbledhja.com\/?s={search_term_string}\"},\"query-input\":\"required name=search_term_string\"}],\"inLanguage\":\"sq\"},{\"@type\":\"Organization\",\"@id\":\"https:\/\/permbledhja.com\/#organization\",\"name\":\"MK Media & Pr\",\"url\":\"https:\/\/permbledhja.com\/\",\"logo\":{\"@type\":\"ImageObject\",\"inLanguage\":\"sq\",\"@id\":\"https:\/\/permbledhja.com\/#\/schema\/logo\/image\/\",\"url\":\"https:\/\/permbledhja.com\/wp-content\/uploads\/2021\/12\/07-Press-Logo.jpg\",\"contentUrl\":\"https:\/\/permbledhja.com\/wp-content\/uploads\/2021\/12\/07-Press-Logo.jpg\",\"width\":512,\"height\":512,\"caption\":\"MK Media & Pr\"},\"image\":{\"@id\":\"https:\/\/permbledhja.com\/#\/schema\/logo\/image\/\"},\"sameAs\":[\"https:\/\/www.facebook.com\/press07\/\"]},{\"@type\":\"Person\",\"@id\":\"https:\/\/permbledhja.com\/#\/schema\/person\/d23f13f59b5722643933d6780783acf3\",\"name\":\"M M\",\"image\":{\"@type\":\"ImageObject\",\"inLanguage\":\"sq\",\"@id\":\"https:\/\/permbledhja.com\/#\/schema\/person\/image\/\",\"url\":\"https:\/\/secure.gravatar.com\/avatar\/e2835a76ca7c31a2416b2d51c4ec9a8f?s=96&d=mm&r=g\",\"contentUrl\":\"https:\/\/secure.gravatar.com\/avatar\/e2835a76ca7c31a2416b2d51c4ec9a8f?s=96&d=mm&r=g\",\"caption\":\"M M\"},\"sameAs\":[\"http:\/\/MM\"],\"url\":\"https:\/\/permbledhja.com\/sq\/author\/muhamet\/\"}]}<\/script>\n<!-- \/ Yoast SEO plugin. -->","yoast_head_json":{"title":"Presidentja Osmani flet rreth deklarat\u00ebs s\u00eb Macron p\u00ebr vizat","robots":{"index":"index","follow":"follow","max-snippet":"max-snippet:-1","max-image-preview":"max-image-preview:large","max-video-preview":"max-video-preview:-1"},"canonical":"https:\/\/permbledhja.com\/sq\/presidentja-osmani-flet-rreth-deklarates-se-macron-per-vizat\/","og_locale":"sq_AL","og_type":"article","og_title":"Presidentja Osmani flet rreth deklarat\u00ebs s\u00eb Macron p\u00ebr vizat","og_description":"Presidentja e Kosov\u00ebs, Vjosa Osmani, tha se me presidentin e Franc\u00ebs, Emmanuel Macron, ka diskutuar p\u00ebr t\u00eb gjitha \u00e7\u00ebshtjet n\u00eb vend gjat\u00eb vizit\u00ebs n\u00eb Granada. K\u00ebto komente ajo i b\u00ebri, kur u pyet rreth deklarat\u00ebs s\u00eb djeshme t\u00eb Macron p\u00ebr \u00e7\u00ebshtjen e vizave p\u00ebr kosovar\u00ebt. Madje e para e shtetit tha se beson n\u00eb mir\u00ebkuptim [&hellip;]","og_url":"https:\/\/permbledhja.com\/sq\/presidentja-osmani-flet-rreth-deklarates-se-macron-per-vizat\/","og_site_name":"Ve\u00e7 artikuj p\u00ebrmbledh\u00ebs","article_publisher":"https:\/\/www.facebook.com\/press07\/","article_published_time":"2023-10-18T13:04:21+00:00","og_image":[{"width":878,"height":579,"url":"https:\/\/permbledhja.com\/wp-content\/uploads\/2023\/10\/Vjosa-Osmani-7-1.jpg","type":"image\/jpeg"}],"author":"M M","twitter_card":"summary_large_image","twitter_misc":{"Written by":"M M","Est. reading time":"1 minut\u00eb"},"schema":{"@context":"https:\/\/schema.org","@graph":[{"@type":"Article","@id":"https:\/\/permbledhja.com\/sq\/presidentja-osmani-flet-rreth-deklarates-se-macron-per-vizat\/#article","isPartOf":{"@id":"https:\/\/permbledhja.com\/sq\/presidentja-osmani-flet-rreth-deklarates-se-macron-per-vizat\/"},"author":{"name":"M M","@id":"https:\/\/permbledhja.com\/#\/schema\/person\/d23f13f59b5722643933d6780783acf3"},"headline":"Presidentja Osmani flet rreth deklarat\u00ebs s\u00eb Macron p\u00ebr vizat","datePublished":"2023-10-18T13:04:21+00:00","dateModified":"2023-10-18T13:04:21+00:00","mainEntityOfPage":{"@id":"https:\/\/permbledhja.com\/sq\/presidentja-osmani-flet-rreth-deklarates-se-macron-per-vizat\/"},"wordCount":163,"publisher":{"@id":"https:\/\/permbledhja.com\/#organization"},"keywords":["Vjosa Osmani"],"articleSection":["Kryesoret","Lajme"],"inLanguage":"sq"},{"@type":"WebPage","@id":"https:\/\/permbledhja.com\/sq\/presidentja-osmani-flet-rreth-deklarates-se-macron-per-vizat\/","url":"https:\/\/permbledhja.com\/sq\/presidentja-osmani-flet-rreth-deklarates-se-macron-per-vizat\/","name":"Presidentja Osmani flet rreth deklarat\u00ebs s\u00eb Macron p\u00ebr vizat","isPartOf":{"@id":"https:\/\/permbledhja.com\/#website"},"datePublished":"2023-10-18T13:04:21+00:00","dateModified":"2023-10-18T13:04:21+00:00","breadcrumb":{"@id":"https:\/\/permbledhja.com\/sq\/presidentja-osmani-flet-rreth-deklarates-se-macron-per-vizat\/#breadcrumb"},"inLanguage":"sq","potentialAction":[{"@type":"ReadAction","target":["https:\/\/permbledhja.com\/sq\/presidentja-osmani-flet-rreth-deklarates-se-macron-per-vizat\/"]}]},{"@type":"BreadcrumbList","@id":"https:\/\/permbledhja.com\/sq\/presidentja-osmani-flet-rreth-deklarates-se-macron-per-vizat\/#breadcrumb","itemListElement":[{"@type":"ListItem","position":1,"name":"Ballina","item":"https:\/\/permbledhja.com\/sq\/"},{"@type":"ListItem","position":2,"name":"Presidentja Osmani flet rreth deklarat\u00ebs s\u00eb Macron p\u00ebr vizat"}]},{"@type":"WebSite","@id":"https:\/\/permbledhja.com\/#website","url":"https:\/\/permbledhja.com\/","name":"Ve\u00e7 artikuj p\u00ebrmbledh\u00ebs","description":"","publisher":{"@id":"https:\/\/permbledhja.com\/#organization"},"potentialAction":[{"@type":"SearchAction","target":{"@type":"EntryPoint","urlTemplate":"https:\/\/permbledhja.com\/?s={search_term_string}"},"query-input":"required name=search_term_string"}],"inLanguage":"sq"},{"@type":"Organization","@id":"https:\/\/permbledhja.com\/#organization","name":"MK Media & Pr","url":"https:\/\/permbledhja.com\/","logo":{"@type":"ImageObject","inLanguage":"sq","@id":"https:\/\/permbledhja.com\/#\/schema\/logo\/image\/","url":"https:\/\/permbledhja.com\/wp-content\/uploads\/2021\/12\/07-Press-Logo.jpg","contentUrl":"https:\/\/permbledhja.com\/wp-content\/uploads\/2021\/12\/07-Press-Logo.jpg","width":512,"height":512,"caption":"MK Media & Pr"},"image":{"@id":"https:\/\/permbledhja.com\/#\/schema\/logo\/image\/"},"sameAs":["https:\/\/www.facebook.com\/press07\/"]},{"@type":"Person","@id":"https:\/\/permbledhja.com\/#\/schema\/person\/d23f13f59b5722643933d6780783acf3","name":"M M","image":{"@type":"ImageObject","inLanguage":"sq","@id":"https:\/\/permbledhja.com\/#\/schema\/person\/image\/","url":"https:\/\/secure.gravatar.com\/avatar\/e2835a76ca7c31a2416b2d51c4ec9a8f?s=96&d=mm&r=g","contentUrl":"https:\/\/secure.gravatar.com\/avatar\/e2835a76ca7c31a2416b2d51c4ec9a8f?s=96&d=mm&r=g","caption":"M M"},"sameAs":["http:\/\/MM"],"url":"https:\/\/permbledhja.com\/sq\/author\/muhamet\/"}]}},"_links":{"self":[{"href":"https:\/\/permbledhja.com\/sq\/wp-json\/wp\/v2\/posts\/31867"}],"collection":[{"href":"https:\/\/permbledhja.com\/sq\/wp-json\/wp\/v2\/posts"}],"about":[{"href":"https:\/\/permbledhja.com\/sq\/wp-json\/wp\/v2\/types\/post"}],"author":[{"embeddable":true,"href":"https:\/\/permbledhja.com\/sq\/wp-json\/wp\/v2\/users\/2"}],"replies":[{"embeddable":true,"href":"https:\/\/permbledhja.com\/sq\/wp-json\/wp\/v2\/comments?post=31867"}],"version-history":[{"count":1,"href":"https:\/\/permbledhja.com\/sq\/wp-json\/wp\/v2\/posts\/31867\/revisions"}],"predecessor-version":[{"id":31869,"href":"https:\/\/permbledhja.com\/sq\/wp-json\/wp\/v2\/posts\/31867\/revisions\/31869"}],"wp:featuredmedia":[{"embeddable":true,"href":"https:\/\/permbledhja.com\/sq\/wp-json\/wp\/v2\/media\/31868"}],"wp:attachment":[{"href":"https:\/\/permbledhja.com\/sq\/wp-json\/wp\/v2\/media?parent=31867"}],"wp:term":[{"taxonomy":"category","embeddable":true,"href":"https:\/\/permbledhja.com\/sq\/wp-json\/wp\/v2\/categories?post=31867"},{"taxonomy":"post_tag","embeddable":true,"href":"https:\/\/permbledhja.com\/sq\/wp-json\/wp\/v2\/tags?post=31867"}],"curies":[{"name":"wp","href":"https:\/\/api.w.org\/{rel}","templated":true}]}}