{"id":31710,"date":"2023-10-17T13:44:35","date_gmt":"2023-10-17T13:44:35","guid":{"rendered":"https:\/\/permbledhja.com\/?p=31710"},"modified":"2023-10-17T13:44:35","modified_gmt":"2023-10-17T13:44:35","slug":"pe-do-te-hedhe-ne-votim-rezoluten-per-kosoven-te-enjten-behet-thirrje-per-sanksionimin-e-serbise","status":"publish","type":"post","link":"https:\/\/permbledhja.com\/sq\/pe-do-te-hedhe-ne-votim-rezoluten-per-kosoven-te-enjten-behet-thirrje-per-sanksionimin-e-serbise\/","title":{"rendered":"PE do t\u00eb hedh\u00eb n\u00eb votim rezolut\u00ebn p\u00ebr Kosov\u00ebn t\u00eb enjten, b\u00ebhet thirrje p\u00ebr sanksionimin e Serbis\u00eb"},"content":{"rendered":"<h3>Parlamenti Europian do t\u00eb hedh\u00eb n\u00eb votim rezolut\u00ebn p\u00ebr Kosov\u00ebn t\u00eb enjten n\u00eb procedur\u00eb t\u00eb p\u00ebrshpejtuar.<\/h3>\n<p>K\u00ebt\u00eb e ka konfirmuar z\u00ebdh\u00ebn\u00ebsja e Parlamentit Europian, Snjezana Kobescak, e cila tha se grupet politike do t\u2019i ken\u00eb gati amendamentet p\u00ebr votim t\u00eb m\u00ebrkur\u00ebn pasdite.<\/p>\n<p>\u201cVotimi do t\u00eb b\u00ebhet t\u00eb enjten n\u00eb or\u00ebn 12.00. Propozimi i p\u00ebrbashk\u00ebt i rezolut\u00ebs q\u00eb vjen nga t\u00eb gjitha grupet politike, si dhe amendamentet p\u00ebr votim do t\u00eb jen\u00eb t\u00eb qasshme nga e m\u00ebrkura pasdite. P\u00ebr momentin, grupet politike kan\u00eb p\u00ebrgatitur propozimet e tyre t\u00eb ve\u00e7anta\u201d, tha ajo p\u00ebr Express.<\/p>\n<p>Deri m\u00eb tani\u00a0<a href=\"https:\/\/www.europarl.europa.eu\/doceo\/document\/B-9-2023-0439_EN.pdf\">amendamentin<\/a>\u00a0p\u00ebr k\u00ebt\u00eb rezolut\u00eb e ka publikuar grupi Renew Europe, i cili \u00ebsht\u00eb nj\u00eb grup politik liberal, proeuropian n\u00eb PE.<\/p>\n<p>Ky grup politik ka p\u00ebrmendur ngjarjet q\u00eb i paraprin\u00eb sulmit t\u00eb 24 shtatorit n\u00eb Banjsk\u00eb. N\u00eb nj\u00ebr\u00ebn prej pikave, Renew thot\u00eb se \u201csulmi paraushtarak i koordinuar dhe i sofistikuar ndodhi n\u00eb Banjska, n\u00eb veri t\u00eb Kosov\u00ebs, ku u p\u00ebrfshin\u00eb dhjet\u00ebra paraushtarak\u00eb serb\u00eb t\u00eb cil\u00ebt i zun\u00eb prit\u00eb nj\u00ebsive t\u00eb Policis\u00eb s\u00eb Kosov\u00ebs, duke \u00e7uar n\u00eb vdekjen e nj\u00eb zyrtari policor t\u00eb Kosov\u00ebs dhe duke shkaktuar l\u00ebndime tek dy t\u00eb tjer\u00ebt; nd\u00ebrsa grupi i armatosur m\u00eb pas k\u00ebrkoi strehim brenda Manastirit t\u00eb Banjsk\u00ebs, duke rrezikuar pelegrin\u00ebt dhe duke k\u00ebrkuar nd\u00ebrhyrjen e forcave speciale t\u00eb Kosov\u00ebs, q\u00eb rezultoi n\u00eb vdekjen e tre personave t\u00eb armatosur dhe arrestimin e disa individ\u00ebve\u201d.<\/p>\n<p>Po ashtu, Renew thot\u00eb se ky ishte nj\u00eb operacion i r\u00ebnd\u00ebsish\u00ebm dhe i koordinuar pas fakteve t\u00eb prezantuara nga autoritetet e Kosov\u00ebs derisa shumica e arm\u00ebve t\u00eb sekuestruara ishin prodhuar n\u00eb Serbi dhe disa kishin kaluar n\u00ebp\u00ebr qendrat e mir\u00ebmbajtjes shtet\u00ebrore serbe.<\/p>\n<p>Grupi liberal proeuropian thot\u00eb se Milan Radoi\u00e7iq ishte nd\u00ebrmjet\u00ebsi kryesor i pushtetit n\u00eb veri t\u00eb Kosov\u00ebs, aleat i Presidentit t\u00eb Serbis\u00eb, Aleksandar Vu\u00e7i dhe duke qen\u00eb deri von\u00eb n\u00ebnkryetari i List\u00ebs Serbe, ka pranuar se ka organizuar dhe marr\u00eb pjes\u00eb n\u00eb sulm.<\/p>\n<p>Lirimi i Radoi\u00e7iqit dhe shpallja e zis\u00eb p\u00ebr tre terrorist\u00ebt e vrar\u00eb gjat\u00eb p\u00ebrleshjes me Policin\u00eb e Kosov\u00ebs, si dhe vendosja e trupave shtes\u00eb n\u00eb kufirin me Kosov\u00ebn p\u00ebr Renew k\u00ebto incidente kan\u00eb p\u00ebrkeq\u00ebsuar jostabilitetin rajonal dhe kan\u00eb d\u00ebmtuar dialogun Serbi-Kosov\u00eb.<\/p>\n<p>Mbi k\u00ebto prova, Renew n\u00eb amendamentet e publikuara i ka b\u00ebr\u00eb thirrje Unionit q\u00eb t\u00eb p\u00ebrgatis\u00eb sanksione q\u00eb sh\u00ebnjestrojn\u00eb ata q\u00eb q\u00ebndrojn\u00eb prapa sulmit q\u00eb la t\u00eb vrar\u00eb policin Afrim Bunjaku.<\/p>\n<p>\u201cI b\u00ebn thirrje BE-s\u00eb dhe shteteve an\u00ebtare t\u00eb saj q\u00eb t\u00eb intensifikojn\u00eb pun\u00ebn e tyre me institucionet e Kosov\u00ebs, Misionin e Bashkimit Europian p\u00ebr Sundimin e Ligjit n\u00eb Kosov\u00eb (EULEX) dhe KFOR-in, p\u00ebr t\u00eb hedhur drit\u00eb mbi t\u00eb gjitha detajet rreth k\u00ebtij sulmi dhe p\u00ebr t\u00eb identifikuar dhe sjell\u00eb para drejt\u00ebsis\u00eb t\u00eb gjith\u00eb ata q\u00eb jan\u00eb p\u00ebrgjegj\u00ebs p\u00ebr planifikimin, financimin dhe zbatimin e tij; u b\u00ebn thirrje autoriteteve serbe q\u00eb t\u00eb bashk\u00ebpunojn\u00eb plot\u00ebsisht me hetimin n\u00eb vazhdim; i b\u00ebn thirrje BE-s\u00eb dhe shteteve t\u00eb saj an\u00ebtare t\u00eb p\u00ebrgatisin sanksione t\u00eb synuara kund\u00ebr organizator\u00ebve, financuesve dhe autor\u00ebve t\u00eb sulmit t\u00eb 24 shtatorit 2023 n\u00eb Banjska, bazuar n\u00eb gjetjet e hetimit\u201d.<\/p>\n<p>\u201cD\u00ebnon ashp\u00ebr sulmin e ndodhur m\u00eb 24 shtator 2023 n\u00eb fshatin Banjsk\u00eb dhe shpreh solidaritetin me viktimat dhe familjet e tyre; D\u00ebnon trajtimin e k\u00ebtij incidenti t\u00eb r\u00ebnd\u00eb t\u00eb siguris\u00eb nga autoritetet serbe, duke p\u00ebrfshir\u00eb vendosjen e trupave pran\u00eb kufirit me Kosov\u00ebn, p\u00ebrpjekjet e tyre p\u00ebr destabilizimin e Kosov\u00ebs, hezitimin e tyre p\u00ebr t\u00eb bashk\u00ebpunuar n\u00eb hetim, q\u00ebndrimin e tyre t\u00eb but\u00eb ndaj organizator\u00ebve dhe autor\u00ebt e sulmit dhe retorika e p\u00ebrdorur nga lider\u00ebt serb\u00eb gjat\u00eb k\u00ebsaj krize; u b\u00ebn thirrje autoriteteve serbe q\u00eb t\u00eb t\u00ebrheqin plot\u00ebsisht trupat dhe arm\u00ebt e tyre t\u00eb r\u00ebnda nga kufiri me Kosov\u00ebn, n\u00eb p\u00ebrputhje me marr\u00ebveshjet e kaluara; I b\u00ebn thirrje KFOR-it dhe EULEX-it q\u00eb t\u00eb kryejn\u00eb vler\u00ebsime t\u00eb rregullta t\u00eb p\u00ebrbashk\u00ebta t\u00eb siguris\u00eb n\u00eb veri t\u00eb Kosov\u00ebs p\u00ebr t\u00eb vler\u00ebsuar situat\u00ebn e siguris\u00eb dhe p\u00ebr t\u2019u fokusuar m\u00eb shum\u00eb n\u00eb rolin e r\u00ebnd\u00ebsish\u00ebm q\u00eb luan krimi i organizuar n\u00eb zhvillimet n\u00eb at\u00eb rajon; mir\u00ebpret p\u00ebrforcimin e fundit t\u00eb KFOR-it dhe u k\u00ebrkon vendeve an\u00ebtare t\u00eb NATO-s q\u00eb t\u00eb konsiderojn\u00eb forcimin e m\u00ebtejsh\u00ebm t\u00eb forc\u00ebs paqeruajt\u00ebse; i b\u00ebn thirrje BE-s\u00eb dhe shteteve t\u00eb saj an\u00ebtare q\u00eb t\u00eb rrisin edhe m\u00eb tej nj\u00ebsit\u00eb e EULEX-it n\u00eb terren, ve\u00e7an\u00ebrisht n\u00eb veri t\u00eb Kosov\u00ebs dhe, n\u00ebse \u00ebsht\u00eb e nevojshme, t\u00eb forcojn\u00eb p\u00ebrkoh\u00ebsisht rolin e saj si reagues i siguris\u00eb n\u00eb veri t\u00eb Kosov\u00ebs\u201d, thuhet nd\u00ebr t\u00eb tjera n\u00eb amendament.<\/p>\n<p>Si procedur\u00eb e radh\u00ebs tani pritet q\u00eb secili grup politik t\u00eb paraqes\u00eb draftin e vet p\u00ebr rezolut\u00eb. Pas k\u00ebsaj, do t\u00eb caktohet nj\u00eb udh\u00ebheq\u00ebs i cili do t\u00eb koordinoj\u00eb n\u00eb arritjen e nj\u00eb kompromisi p\u00ebr amendamentet e rezolut\u00ebs. Kur grupet t\u00eb arrihet pajtimin p\u00ebr tekstin e p\u00ebrbashk\u00ebt t\u00eb rezolut\u00ebs, at\u00ebher\u00eb do t\u00eb hidhet n\u00eb votim n\u00eb seanc\u00ebn plenare t\u00eb PE-s\u00eb.<\/p>\n","protected":false},"excerpt":{"rendered":"<p>Parlamenti Europian do t\u00eb hedh\u00eb n\u00eb votim rezolut\u00ebn p\u00ebr Kosov\u00ebn t\u00eb enjten n\u00eb procedur\u00eb t\u00eb p\u00ebrshpejtuar. K\u00ebt\u00eb e ka konfirmuar z\u00ebdh\u00ebn\u00ebsja e Parlamentit Europian, Snjezana Kobescak, e cila tha se grupet politike do t\u2019i ken\u00eb gati amendamentet p\u00ebr votim t\u00eb m\u00ebrkur\u00ebn pasdite. \u201cVotimi do t\u00eb b\u00ebhet t\u00eb enjten n\u00eb or\u00ebn 12.00. Propozimi i p\u00ebrbashk\u00ebt i [&hellip;]<\/p>\n","protected":false},"author":2,"featured_media":31711,"comment_status":"closed","ping_status":"closed","sticky":false,"template":"","format":"standard","meta":{"_monsterinsights_skip_tracking":false,"_monsterinsights_sitenote_active":false,"_monsterinsights_sitenote_note":"","_monsterinsights_sitenote_category":0,"_uf_show_specific_survey":0,"_uf_disable_surveys":false,"footnotes":""},"categories":[23,15],"tags":[],"yoast_head":"<!-- This site is optimized with the Yoast SEO plugin v21.5 - https:\/\/yoast.com\/wordpress\/plugins\/seo\/ -->\n<title>PE do t\u00eb hedh\u00eb n\u00eb votim rezolut\u00ebn p\u00ebr Kosov\u00ebn t\u00eb enjten, b\u00ebhet thirrje p\u00ebr sanksionimin e Serbis\u00eb<\/title>\n<meta name=\"robots\" content=\"index, follow, max-snippet:-1, max-image-preview:large, max-video-preview:-1\" \/>\n<link rel=\"canonical\" href=\"https:\/\/permbledhja.com\/sq\/pe-do-te-hedhe-ne-votim-rezoluten-per-kosoven-te-enjten-behet-thirrje-per-sanksionimin-e-serbise\/\" \/>\n<meta property=\"og:locale\" content=\"sq_AL\" \/>\n<meta property=\"og:type\" content=\"article\" \/>\n<meta property=\"og:title\" content=\"PE do t\u00eb hedh\u00eb n\u00eb votim rezolut\u00ebn p\u00ebr Kosov\u00ebn t\u00eb enjten, b\u00ebhet thirrje p\u00ebr sanksionimin e Serbis\u00eb\" \/>\n<meta property=\"og:description\" content=\"Parlamenti Europian do t\u00eb hedh\u00eb n\u00eb votim rezolut\u00ebn p\u00ebr Kosov\u00ebn t\u00eb enjten n\u00eb procedur\u00eb t\u00eb p\u00ebrshpejtuar. K\u00ebt\u00eb e ka konfirmuar z\u00ebdh\u00ebn\u00ebsja e Parlamentit Europian, Snjezana Kobescak, e cila tha se grupet politike do t\u2019i ken\u00eb gati amendamentet p\u00ebr votim t\u00eb m\u00ebrkur\u00ebn pasdite. \u201cVotimi do t\u00eb b\u00ebhet t\u00eb enjten n\u00eb or\u00ebn 12.00. Propozimi i p\u00ebrbashk\u00ebt i [&hellip;]\" \/>\n<meta property=\"og:url\" content=\"https:\/\/permbledhja.com\/sq\/pe-do-te-hedhe-ne-votim-rezoluten-per-kosoven-te-enjten-behet-thirrje-per-sanksionimin-e-serbise\/\" \/>\n<meta property=\"og:site_name\" content=\"Ve\u00e7 artikuj p\u00ebrmbledh\u00ebs\" \/>\n<meta property=\"article:publisher\" content=\"https:\/\/www.facebook.com\/press07\/\" \/>\n<meta property=\"article:published_time\" content=\"2023-10-17T13:44:35+00:00\" \/>\n<meta property=\"og:image\" content=\"https:\/\/permbledhja.com\/wp-content\/uploads\/2023\/10\/39547662_605-600x360-1.jpg\" \/>\n\t<meta property=\"og:image:width\" content=\"600\" \/>\n\t<meta property=\"og:image:height\" content=\"360\" \/>\n\t<meta property=\"og:image:type\" content=\"image\/jpeg\" \/>\n<meta name=\"author\" content=\"M M\" \/>\n<meta name=\"twitter:card\" content=\"summary_large_image\" \/>\n<meta name=\"twitter:label1\" content=\"Written by\" \/>\n\t<meta name=\"twitter:data1\" content=\"M M\" \/>\n\t<meta name=\"twitter:label2\" content=\"Est. reading time\" \/>\n\t<meta name=\"twitter:data2\" content=\"5 minuta\" \/>\n<script type=\"application\/ld+json\" class=\"yoast-schema-graph\">{\"@context\":\"https:\/\/schema.org\",\"@graph\":[{\"@type\":\"Article\",\"@id\":\"https:\/\/permbledhja.com\/sq\/pe-do-te-hedhe-ne-votim-rezoluten-per-kosoven-te-enjten-behet-thirrje-per-sanksionimin-e-serbise\/#article\",\"isPartOf\":{\"@id\":\"https:\/\/permbledhja.com\/sq\/pe-do-te-hedhe-ne-votim-rezoluten-per-kosoven-te-enjten-behet-thirrje-per-sanksionimin-e-serbise\/\"},\"author\":{\"name\":\"M M\",\"@id\":\"https:\/\/permbledhja.com\/#\/schema\/person\/d23f13f59b5722643933d6780783acf3\"},\"headline\":\"PE do t\u00eb hedh\u00eb n\u00eb votim rezolut\u00ebn p\u00ebr Kosov\u00ebn t\u00eb enjten, b\u00ebhet thirrje p\u00ebr sanksionimin e Serbis\u00eb\",\"datePublished\":\"2023-10-17T13:44:35+00:00\",\"dateModified\":\"2023-10-17T13:44:35+00:00\",\"mainEntityOfPage\":{\"@id\":\"https:\/\/permbledhja.com\/sq\/pe-do-te-hedhe-ne-votim-rezoluten-per-kosoven-te-enjten-behet-thirrje-per-sanksionimin-e-serbise\/\"},\"wordCount\":955,\"publisher\":{\"@id\":\"https:\/\/permbledhja.com\/#organization\"},\"articleSection\":[\"Komb\u00ebtare\",\"Lajme\"],\"inLanguage\":\"sq\"},{\"@type\":\"WebPage\",\"@id\":\"https:\/\/permbledhja.com\/sq\/pe-do-te-hedhe-ne-votim-rezoluten-per-kosoven-te-enjten-behet-thirrje-per-sanksionimin-e-serbise\/\",\"url\":\"https:\/\/permbledhja.com\/sq\/pe-do-te-hedhe-ne-votim-rezoluten-per-kosoven-te-enjten-behet-thirrje-per-sanksionimin-e-serbise\/\",\"name\":\"PE do t\u00eb hedh\u00eb n\u00eb votim rezolut\u00ebn p\u00ebr Kosov\u00ebn t\u00eb enjten, b\u00ebhet thirrje p\u00ebr sanksionimin e Serbis\u00eb\",\"isPartOf\":{\"@id\":\"https:\/\/permbledhja.com\/#website\"},\"datePublished\":\"2023-10-17T13:44:35+00:00\",\"dateModified\":\"2023-10-17T13:44:35+00:00\",\"breadcrumb\":{\"@id\":\"https:\/\/permbledhja.com\/sq\/pe-do-te-hedhe-ne-votim-rezoluten-per-kosoven-te-enjten-behet-thirrje-per-sanksionimin-e-serbise\/#breadcrumb\"},\"inLanguage\":\"sq\",\"potentialAction\":[{\"@type\":\"ReadAction\",\"target\":[\"https:\/\/permbledhja.com\/sq\/pe-do-te-hedhe-ne-votim-rezoluten-per-kosoven-te-enjten-behet-thirrje-per-sanksionimin-e-serbise\/\"]}]},{\"@type\":\"BreadcrumbList\",\"@id\":\"https:\/\/permbledhja.com\/sq\/pe-do-te-hedhe-ne-votim-rezoluten-per-kosoven-te-enjten-behet-thirrje-per-sanksionimin-e-serbise\/#breadcrumb\",\"itemListElement\":[{\"@type\":\"ListItem\",\"position\":1,\"name\":\"Ballina\",\"item\":\"https:\/\/permbledhja.com\/sq\/\"},{\"@type\":\"ListItem\",\"position\":2,\"name\":\"PE do t\u00eb hedh\u00eb n\u00eb votim rezolut\u00ebn p\u00ebr Kosov\u00ebn t\u00eb enjten, b\u00ebhet thirrje p\u00ebr sanksionimin e Serbis\u00eb\"}]},{\"@type\":\"WebSite\",\"@id\":\"https:\/\/permbledhja.com\/#website\",\"url\":\"https:\/\/permbledhja.com\/\",\"name\":\"Ve\u00e7 artikuj p\u00ebrmbledh\u00ebs\",\"description\":\"\",\"publisher\":{\"@id\":\"https:\/\/permbledhja.com\/#organization\"},\"potentialAction\":[{\"@type\":\"SearchAction\",\"target\":{\"@type\":\"EntryPoint\",\"urlTemplate\":\"https:\/\/permbledhja.com\/?s={search_term_string}\"},\"query-input\":\"required name=search_term_string\"}],\"inLanguage\":\"sq\"},{\"@type\":\"Organization\",\"@id\":\"https:\/\/permbledhja.com\/#organization\",\"name\":\"MK Media & Pr\",\"url\":\"https:\/\/permbledhja.com\/\",\"logo\":{\"@type\":\"ImageObject\",\"inLanguage\":\"sq\",\"@id\":\"https:\/\/permbledhja.com\/#\/schema\/logo\/image\/\",\"url\":\"https:\/\/permbledhja.com\/wp-content\/uploads\/2021\/12\/07-Press-Logo.jpg\",\"contentUrl\":\"https:\/\/permbledhja.com\/wp-content\/uploads\/2021\/12\/07-Press-Logo.jpg\",\"width\":512,\"height\":512,\"caption\":\"MK Media & Pr\"},\"image\":{\"@id\":\"https:\/\/permbledhja.com\/#\/schema\/logo\/image\/\"},\"sameAs\":[\"https:\/\/www.facebook.com\/press07\/\"]},{\"@type\":\"Person\",\"@id\":\"https:\/\/permbledhja.com\/#\/schema\/person\/d23f13f59b5722643933d6780783acf3\",\"name\":\"M M\",\"image\":{\"@type\":\"ImageObject\",\"inLanguage\":\"sq\",\"@id\":\"https:\/\/permbledhja.com\/#\/schema\/person\/image\/\",\"url\":\"https:\/\/secure.gravatar.com\/avatar\/e2835a76ca7c31a2416b2d51c4ec9a8f?s=96&d=mm&r=g\",\"contentUrl\":\"https:\/\/secure.gravatar.com\/avatar\/e2835a76ca7c31a2416b2d51c4ec9a8f?s=96&d=mm&r=g\",\"caption\":\"M M\"},\"sameAs\":[\"http:\/\/MM\"],\"url\":\"https:\/\/permbledhja.com\/sq\/author\/muhamet\/\"}]}<\/script>\n<!-- \/ Yoast SEO plugin. -->","yoast_head_json":{"title":"PE do t\u00eb hedh\u00eb n\u00eb votim rezolut\u00ebn p\u00ebr Kosov\u00ebn t\u00eb enjten, b\u00ebhet thirrje p\u00ebr sanksionimin e Serbis\u00eb","robots":{"index":"index","follow":"follow","max-snippet":"max-snippet:-1","max-image-preview":"max-image-preview:large","max-video-preview":"max-video-preview:-1"},"canonical":"https:\/\/permbledhja.com\/sq\/pe-do-te-hedhe-ne-votim-rezoluten-per-kosoven-te-enjten-behet-thirrje-per-sanksionimin-e-serbise\/","og_locale":"sq_AL","og_type":"article","og_title":"PE do t\u00eb hedh\u00eb n\u00eb votim rezolut\u00ebn p\u00ebr Kosov\u00ebn t\u00eb enjten, b\u00ebhet thirrje p\u00ebr sanksionimin e Serbis\u00eb","og_description":"Parlamenti Europian do t\u00eb hedh\u00eb n\u00eb votim rezolut\u00ebn p\u00ebr Kosov\u00ebn t\u00eb enjten n\u00eb procedur\u00eb t\u00eb p\u00ebrshpejtuar. K\u00ebt\u00eb e ka konfirmuar z\u00ebdh\u00ebn\u00ebsja e Parlamentit Europian, Snjezana Kobescak, e cila tha se grupet politike do t\u2019i ken\u00eb gati amendamentet p\u00ebr votim t\u00eb m\u00ebrkur\u00ebn pasdite. \u201cVotimi do t\u00eb b\u00ebhet t\u00eb enjten n\u00eb or\u00ebn 12.00. Propozimi i p\u00ebrbashk\u00ebt i [&hellip;]","og_url":"https:\/\/permbledhja.com\/sq\/pe-do-te-hedhe-ne-votim-rezoluten-per-kosoven-te-enjten-behet-thirrje-per-sanksionimin-e-serbise\/","og_site_name":"Ve\u00e7 artikuj p\u00ebrmbledh\u00ebs","article_publisher":"https:\/\/www.facebook.com\/press07\/","article_published_time":"2023-10-17T13:44:35+00:00","og_image":[{"width":600,"height":360,"url":"https:\/\/permbledhja.com\/wp-content\/uploads\/2023\/10\/39547662_605-600x360-1.jpg","type":"image\/jpeg"}],"author":"M M","twitter_card":"summary_large_image","twitter_misc":{"Written by":"M M","Est. reading time":"5 minuta"},"schema":{"@context":"https:\/\/schema.org","@graph":[{"@type":"Article","@id":"https:\/\/permbledhja.com\/sq\/pe-do-te-hedhe-ne-votim-rezoluten-per-kosoven-te-enjten-behet-thirrje-per-sanksionimin-e-serbise\/#article","isPartOf":{"@id":"https:\/\/permbledhja.com\/sq\/pe-do-te-hedhe-ne-votim-rezoluten-per-kosoven-te-enjten-behet-thirrje-per-sanksionimin-e-serbise\/"},"author":{"name":"M M","@id":"https:\/\/permbledhja.com\/#\/schema\/person\/d23f13f59b5722643933d6780783acf3"},"headline":"PE do t\u00eb hedh\u00eb n\u00eb votim rezolut\u00ebn p\u00ebr Kosov\u00ebn t\u00eb enjten, b\u00ebhet thirrje p\u00ebr sanksionimin e Serbis\u00eb","datePublished":"2023-10-17T13:44:35+00:00","dateModified":"2023-10-17T13:44:35+00:00","mainEntityOfPage":{"@id":"https:\/\/permbledhja.com\/sq\/pe-do-te-hedhe-ne-votim-rezoluten-per-kosoven-te-enjten-behet-thirrje-per-sanksionimin-e-serbise\/"},"wordCount":955,"publisher":{"@id":"https:\/\/permbledhja.com\/#organization"},"articleSection":["Komb\u00ebtare","Lajme"],"inLanguage":"sq"},{"@type":"WebPage","@id":"https:\/\/permbledhja.com\/sq\/pe-do-te-hedhe-ne-votim-rezoluten-per-kosoven-te-enjten-behet-thirrje-per-sanksionimin-e-serbise\/","url":"https:\/\/permbledhja.com\/sq\/pe-do-te-hedhe-ne-votim-rezoluten-per-kosoven-te-enjten-behet-thirrje-per-sanksionimin-e-serbise\/","name":"PE do t\u00eb hedh\u00eb n\u00eb votim rezolut\u00ebn p\u00ebr Kosov\u00ebn t\u00eb enjten, b\u00ebhet thirrje p\u00ebr sanksionimin e Serbis\u00eb","isPartOf":{"@id":"https:\/\/permbledhja.com\/#website"},"datePublished":"2023-10-17T13:44:35+00:00","dateModified":"2023-10-17T13:44:35+00:00","breadcrumb":{"@id":"https:\/\/permbledhja.com\/sq\/pe-do-te-hedhe-ne-votim-rezoluten-per-kosoven-te-enjten-behet-thirrje-per-sanksionimin-e-serbise\/#breadcrumb"},"inLanguage":"sq","potentialAction":[{"@type":"ReadAction","target":["https:\/\/permbledhja.com\/sq\/pe-do-te-hedhe-ne-votim-rezoluten-per-kosoven-te-enjten-behet-thirrje-per-sanksionimin-e-serbise\/"]}]},{"@type":"BreadcrumbList","@id":"https:\/\/permbledhja.com\/sq\/pe-do-te-hedhe-ne-votim-rezoluten-per-kosoven-te-enjten-behet-thirrje-per-sanksionimin-e-serbise\/#breadcrumb","itemListElement":[{"@type":"ListItem","position":1,"name":"Ballina","item":"https:\/\/permbledhja.com\/sq\/"},{"@type":"ListItem","position":2,"name":"PE do t\u00eb hedh\u00eb n\u00eb votim rezolut\u00ebn p\u00ebr Kosov\u00ebn t\u00eb enjten, b\u00ebhet thirrje p\u00ebr sanksionimin e Serbis\u00eb"}]},{"@type":"WebSite","@id":"https:\/\/permbledhja.com\/#website","url":"https:\/\/permbledhja.com\/","name":"Ve\u00e7 artikuj p\u00ebrmbledh\u00ebs","description":"","publisher":{"@id":"https:\/\/permbledhja.com\/#organization"},"potentialAction":[{"@type":"SearchAction","target":{"@type":"EntryPoint","urlTemplate":"https:\/\/permbledhja.com\/?s={search_term_string}"},"query-input":"required name=search_term_string"}],"inLanguage":"sq"},{"@type":"Organization","@id":"https:\/\/permbledhja.com\/#organization","name":"MK Media & Pr","url":"https:\/\/permbledhja.com\/","logo":{"@type":"ImageObject","inLanguage":"sq","@id":"https:\/\/permbledhja.com\/#\/schema\/logo\/image\/","url":"https:\/\/permbledhja.com\/wp-content\/uploads\/2021\/12\/07-Press-Logo.jpg","contentUrl":"https:\/\/permbledhja.com\/wp-content\/uploads\/2021\/12\/07-Press-Logo.jpg","width":512,"height":512,"caption":"MK Media & Pr"},"image":{"@id":"https:\/\/permbledhja.com\/#\/schema\/logo\/image\/"},"sameAs":["https:\/\/www.facebook.com\/press07\/"]},{"@type":"Person","@id":"https:\/\/permbledhja.com\/#\/schema\/person\/d23f13f59b5722643933d6780783acf3","name":"M M","image":{"@type":"ImageObject","inLanguage":"sq","@id":"https:\/\/permbledhja.com\/#\/schema\/person\/image\/","url":"https:\/\/secure.gravatar.com\/avatar\/e2835a76ca7c31a2416b2d51c4ec9a8f?s=96&d=mm&r=g","contentUrl":"https:\/\/secure.gravatar.com\/avatar\/e2835a76ca7c31a2416b2d51c4ec9a8f?s=96&d=mm&r=g","caption":"M M"},"sameAs":["http:\/\/MM"],"url":"https:\/\/permbledhja.com\/sq\/author\/muhamet\/"}]}},"_links":{"self":[{"href":"https:\/\/permbledhja.com\/sq\/wp-json\/wp\/v2\/posts\/31710"}],"collection":[{"href":"https:\/\/permbledhja.com\/sq\/wp-json\/wp\/v2\/posts"}],"about":[{"href":"https:\/\/permbledhja.com\/sq\/wp-json\/wp\/v2\/types\/post"}],"author":[{"embeddable":true,"href":"https:\/\/permbledhja.com\/sq\/wp-json\/wp\/v2\/users\/2"}],"replies":[{"embeddable":true,"href":"https:\/\/permbledhja.com\/sq\/wp-json\/wp\/v2\/comments?post=31710"}],"version-history":[{"count":1,"href":"https:\/\/permbledhja.com\/sq\/wp-json\/wp\/v2\/posts\/31710\/revisions"}],"predecessor-version":[{"id":31712,"href":"https:\/\/permbledhja.com\/sq\/wp-json\/wp\/v2\/posts\/31710\/revisions\/31712"}],"wp:featuredmedia":[{"embeddable":true,"href":"https:\/\/permbledhja.com\/sq\/wp-json\/wp\/v2\/media\/31711"}],"wp:attachment":[{"href":"https:\/\/permbledhja.com\/sq\/wp-json\/wp\/v2\/media?parent=31710"}],"wp:term":[{"taxonomy":"category","embeddable":true,"href":"https:\/\/permbledhja.com\/sq\/wp-json\/wp\/v2\/categories?post=31710"},{"taxonomy":"post_tag","embeddable":true,"href":"https:\/\/permbledhja.com\/sq\/wp-json\/wp\/v2\/tags?post=31710"}],"curies":[{"name":"wp","href":"https:\/\/api.w.org\/{rel}","templated":true}]}}