{"id":31701,"date":"2023-10-17T12:58:11","date_gmt":"2023-10-17T12:58:11","guid":{"rendered":"https:\/\/permbledhja.com\/?p=31701"},"modified":"2023-10-17T12:58:11","modified_gmt":"2023-10-17T12:58:11","slug":"keshilltarja-e-be-se-godet-macronin-nuk-je-me-i-mire-se-vuciqi-me-kete-sjellje-po-destabilizon-situaten-ne-kosove","status":"publish","type":"post","link":"https:\/\/permbledhja.com\/sq\/keshilltarja-e-be-se-godet-macronin-nuk-je-me-i-mire-se-vuciqi-me-kete-sjellje-po-destabilizon-situaten-ne-kosove\/","title":{"rendered":"K\u00ebshilltarja e BE-s\u00eb \u201cgodet\u201d Macronin: Nuk je m\u00eb i mir\u00eb se Vu\u00e7iqi, me k\u00ebt\u00eb sjellje po destabilizon situat\u00ebn n\u00eb Kosov\u00eb"},"content":{"rendered":"<h3>K\u00ebshilltarja Lokale e Bashkimit Evropian, Kati Schneeberger ka reaguar ashp\u00ebr pas nj\u00eb deklarate t\u00eb presidentit francez, Emannuel Macron, e cila duket se ishte p\u00ebrkthyer gabimisht.<\/h3>\n<p>Lajmi se presidenti Macron ka deklaruar q\u00eb Franca ka pezulluar liberalizimin e vizave, doli t\u00eb jet\u00eb gabim n\u00eb p\u00ebrkthim.<\/p>\n<p>Macron tha se Franca ka hequr vizat sepse respektojn\u00eb fjal\u00ebn e dh\u00ebn\u00eb, por se sipas tij ajo nuk po mbahet. Megjithat\u00eb, presidenti francez nuk p\u00ebrmendi ndonj\u00eb pezullim t\u00eb mundsh\u00ebm, por se ajo ishte p\u00ebrkthyer gabimisht.<\/p>\n<p>\u201cDua ta them nj\u00eb gj\u00eb me shum\u00eb qart\u00ebsi. Ne kemi b\u00ebr\u00eb nj\u00eb gjest besimi p\u00ebr \u00e7\u00ebshtjen e vizave. Sa i p\u00ebrket Franc\u00ebs, ato [vizat] jan\u00eb hequr sepse ne respektojm\u00eb fjal\u00ebn e dh\u00ebn\u00eb. E sot, fjala nuk po mbahet. Pres nj\u00eb angazhim real nga k\u00ebto dy autoritete [Kosova dhe Serbia] q\u00eb t\u00eb ecin p\u00ebrpara n\u00eb jav\u00ebt e ardhshme. Ky \u00ebsht\u00eb vet\u00eb kushti p\u00ebr paqe n\u00eb gjith\u00eb rajonin\u201d, deklaroi Macron.<\/p>\n<p>E lidhur me k\u00ebt\u00eb ka reaguar edhe Schneeberger e cila tha se ajo \u00e7far\u00eb po b\u00ebjn\u00eb p\u00ebrfaq\u00ebsuesit e BE-s\u00eb lidhur me Kosov\u00ebn \u00ebsht\u00eb e turpshme.<\/p>\n<p>Sipas saj, Kosova i ka plot\u00ebsuar t\u00eb gjitha kriteret p\u00ebr liberalizimin e vizave dhe ka th\u00ebn\u00eb se Macron me k\u00ebt\u00eb sjellje po e destabilizon situat\u00ebn n\u00eb Kosov\u00eb. Madje ajo e ka ka krahasuar edhe me presidentin serb, Aleksander Vu\u00e7iq, p\u00ebr t\u00eb cilin tha se as Macron nuk \u00ebsht\u00eb m\u00eb mir\u00eb se ai.<\/p>\n<p><strong>Postimi i saj:<\/strong><\/p>\n<p>Ajo q\u00eb po b\u00ebjn\u00eb p\u00ebrfaq\u00ebsuesit e BE-s\u00eb n\u00eb lidhje me Kosov\u00ebn \u00ebsht\u00eb absolutisht e turpshme. Ata po e b\u00ebjn\u00eb BE-n\u00eb t\u00eb duket qesharake dhe po e d\u00ebmtojn\u00eb reputacionin e saj.<\/p>\n<p>Kosova i ka plot\u00ebsuar t\u00eb gjitha kriteret p\u00ebr liberalizimin e vizave. Dhe p\u00ebrs\u00ebri nj\u00eb vend vjen dhe p\u00ebrpiqet t\u00eb ndryshoj\u00eb rregullat n\u00eb momentin e fundit dhe t\u00eb bllokoj\u00eb gjith\u00e7ka. \u00cbsht\u00eb pik\u00ebrisht kjo sjellje joevropiane q\u00eb po na shkakton gjith\u00eb telashet q\u00eb po p\u00ebrjetojm\u00eb. Putin &amp; Co jan\u00eb t\u00eb lumtur p\u00ebr k\u00ebto loj\u00ebra budallaqe q\u00eb na dob\u00ebsojn\u00eb n\u00eb vend q\u00eb t\u00eb na forcojn\u00eb.<\/p>\n<p>Macron, me k\u00ebt\u00eb sjellje po destabilizon situat\u00ebn n\u00eb Kosov\u00eb. Ti nuk je m\u00eb i mir\u00eb se Vu\u00e7iq. Ndaloni menj\u00ebher\u00eb k\u00ebt\u00eb sjellje t\u00eb trash\u00eb, anti-evropiane.<\/p>\n","protected":false},"excerpt":{"rendered":"<p>K\u00ebshilltarja Lokale e Bashkimit Evropian, Kati Schneeberger ka reaguar ashp\u00ebr pas nj\u00eb deklarate t\u00eb presidentit francez, Emannuel Macron, e cila duket se ishte p\u00ebrkthyer gabimisht. Lajmi se presidenti Macron ka deklaruar q\u00eb Franca ka pezulluar liberalizimin e vizave, doli t\u00eb jet\u00eb gabim n\u00eb p\u00ebrkthim. Macron tha se Franca ka hequr vizat sepse respektojn\u00eb fjal\u00ebn e [&hellip;]<\/p>\n","protected":false},"author":2,"featured_media":31702,"comment_status":"closed","ping_status":"closed","sticky":false,"template":"","format":"standard","meta":{"_monsterinsights_skip_tracking":false,"_monsterinsights_sitenote_active":false,"_monsterinsights_sitenote_note":"","_monsterinsights_sitenote_category":0,"_uf_show_specific_survey":0,"_uf_disable_surveys":false,"footnotes":""},"categories":[23,15],"tags":[],"yoast_head":"<!-- This site is optimized with the Yoast SEO plugin v21.5 - https:\/\/yoast.com\/wordpress\/plugins\/seo\/ -->\n<title>K\u00ebshilltarja e BE-s\u00eb \u201cgodet\u201d Macronin: Nuk je m\u00eb i mir\u00eb se Vu\u00e7iqi, me k\u00ebt\u00eb sjellje po destabilizon situat\u00ebn n\u00eb Kosov\u00eb<\/title>\n<meta name=\"robots\" content=\"index, follow, max-snippet:-1, max-image-preview:large, max-video-preview:-1\" \/>\n<link rel=\"canonical\" href=\"https:\/\/permbledhja.com\/sq\/keshilltarja-e-be-se-godet-macronin-nuk-je-me-i-mire-se-vuciqi-me-kete-sjellje-po-destabilizon-situaten-ne-kosove\/\" \/>\n<meta property=\"og:locale\" content=\"sq_AL\" \/>\n<meta property=\"og:type\" content=\"article\" \/>\n<meta property=\"og:title\" content=\"K\u00ebshilltarja e BE-s\u00eb \u201cgodet\u201d Macronin: Nuk je m\u00eb i mir\u00eb se Vu\u00e7iqi, me k\u00ebt\u00eb sjellje po destabilizon situat\u00ebn n\u00eb Kosov\u00eb\" \/>\n<meta property=\"og:description\" content=\"K\u00ebshilltarja Lokale e Bashkimit Evropian, Kati Schneeberger ka reaguar ashp\u00ebr pas nj\u00eb deklarate t\u00eb presidentit francez, Emannuel Macron, e cila duket se ishte p\u00ebrkthyer gabimisht. Lajmi se presidenti Macron ka deklaruar q\u00eb Franca ka pezulluar liberalizimin e vizave, doli t\u00eb jet\u00eb gabim n\u00eb p\u00ebrkthim. Macron tha se Franca ka hequr vizat sepse respektojn\u00eb fjal\u00ebn e [&hellip;]\" \/>\n<meta property=\"og:url\" content=\"https:\/\/permbledhja.com\/sq\/keshilltarja-e-be-se-godet-macronin-nuk-je-me-i-mire-se-vuciqi-me-kete-sjellje-po-destabilizon-situaten-ne-kosove\/\" \/>\n<meta property=\"og:site_name\" content=\"Ve\u00e7 artikuj p\u00ebrmbledh\u00ebs\" \/>\n<meta property=\"article:publisher\" content=\"https:\/\/www.facebook.com\/press07\/\" \/>\n<meta property=\"article:published_time\" content=\"2023-10-17T12:58:11+00:00\" \/>\n<meta property=\"og:image\" content=\"https:\/\/permbledhja.com\/wp-content\/uploads\/2023\/10\/Kati-Schneeberger-600x360-1.jpg\" \/>\n\t<meta property=\"og:image:width\" content=\"600\" \/>\n\t<meta property=\"og:image:height\" content=\"360\" \/>\n\t<meta property=\"og:image:type\" content=\"image\/jpeg\" \/>\n<meta name=\"author\" content=\"M M\" \/>\n<meta name=\"twitter:card\" content=\"summary_large_image\" \/>\n<meta name=\"twitter:label1\" content=\"Written by\" \/>\n\t<meta name=\"twitter:data1\" content=\"M M\" \/>\n\t<meta name=\"twitter:label2\" content=\"Est. reading time\" \/>\n\t<meta name=\"twitter:data2\" content=\"2 minuta\" \/>\n<script type=\"application\/ld+json\" class=\"yoast-schema-graph\">{\"@context\":\"https:\/\/schema.org\",\"@graph\":[{\"@type\":\"Article\",\"@id\":\"https:\/\/permbledhja.com\/keshilltarja-e-be-se-godet-macronin-nuk-je-me-i-mire-se-vuciqi-me-kete-sjellje-po-destabilizon-situaten-ne-kosove\/#article\",\"isPartOf\":{\"@id\":\"https:\/\/permbledhja.com\/keshilltarja-e-be-se-godet-macronin-nuk-je-me-i-mire-se-vuciqi-me-kete-sjellje-po-destabilizon-situaten-ne-kosove\/\"},\"author\":{\"name\":\"M M\",\"@id\":\"https:\/\/permbledhja.com\/#\/schema\/person\/d23f13f59b5722643933d6780783acf3\"},\"headline\":\"K\u00ebshilltarja e BE-s\u00eb \u201cgodet\u201d Macronin: Nuk je m\u00eb i mir\u00eb se Vu\u00e7iqi, me k\u00ebt\u00eb sjellje po destabilizon situat\u00ebn n\u00eb Kosov\u00eb\",\"datePublished\":\"2023-10-17T12:58:11+00:00\",\"dateModified\":\"2023-10-17T12:58:11+00:00\",\"mainEntityOfPage\":{\"@id\":\"https:\/\/permbledhja.com\/keshilltarja-e-be-se-godet-macronin-nuk-je-me-i-mire-se-vuciqi-me-kete-sjellje-po-destabilizon-situaten-ne-kosove\/\"},\"wordCount\":422,\"publisher\":{\"@id\":\"https:\/\/permbledhja.com\/#organization\"},\"articleSection\":[\"Komb\u00ebtare\",\"Lajme\"],\"inLanguage\":\"sq\"},{\"@type\":\"WebPage\",\"@id\":\"https:\/\/permbledhja.com\/keshilltarja-e-be-se-godet-macronin-nuk-je-me-i-mire-se-vuciqi-me-kete-sjellje-po-destabilizon-situaten-ne-kosove\/\",\"url\":\"https:\/\/permbledhja.com\/keshilltarja-e-be-se-godet-macronin-nuk-je-me-i-mire-se-vuciqi-me-kete-sjellje-po-destabilizon-situaten-ne-kosove\/\",\"name\":\"K\u00ebshilltarja e BE-s\u00eb \u201cgodet\u201d Macronin: Nuk je m\u00eb i mir\u00eb se Vu\u00e7iqi, me k\u00ebt\u00eb sjellje po destabilizon situat\u00ebn n\u00eb Kosov\u00eb\",\"isPartOf\":{\"@id\":\"https:\/\/permbledhja.com\/#website\"},\"datePublished\":\"2023-10-17T12:58:11+00:00\",\"dateModified\":\"2023-10-17T12:58:11+00:00\",\"breadcrumb\":{\"@id\":\"https:\/\/permbledhja.com\/keshilltarja-e-be-se-godet-macronin-nuk-je-me-i-mire-se-vuciqi-me-kete-sjellje-po-destabilizon-situaten-ne-kosove\/#breadcrumb\"},\"inLanguage\":\"sq\",\"potentialAction\":[{\"@type\":\"ReadAction\",\"target\":[\"https:\/\/permbledhja.com\/keshilltarja-e-be-se-godet-macronin-nuk-je-me-i-mire-se-vuciqi-me-kete-sjellje-po-destabilizon-situaten-ne-kosove\/\"]}]},{\"@type\":\"BreadcrumbList\",\"@id\":\"https:\/\/permbledhja.com\/keshilltarja-e-be-se-godet-macronin-nuk-je-me-i-mire-se-vuciqi-me-kete-sjellje-po-destabilizon-situaten-ne-kosove\/#breadcrumb\",\"itemListElement\":[{\"@type\":\"ListItem\",\"position\":1,\"name\":\"Ballina\",\"item\":\"https:\/\/permbledhja.com\/sq\/\"},{\"@type\":\"ListItem\",\"position\":2,\"name\":\"K\u00ebshilltarja e BE-s\u00eb \u201cgodet\u201d Macronin: Nuk je m\u00eb i mir\u00eb se Vu\u00e7iqi, me k\u00ebt\u00eb sjellje po destabilizon situat\u00ebn n\u00eb Kosov\u00eb\"}]},{\"@type\":\"WebSite\",\"@id\":\"https:\/\/permbledhja.com\/#website\",\"url\":\"https:\/\/permbledhja.com\/\",\"name\":\"Ve\u00e7 artikuj p\u00ebrmbledh\u00ebs\",\"description\":\"\",\"publisher\":{\"@id\":\"https:\/\/permbledhja.com\/#organization\"},\"potentialAction\":[{\"@type\":\"SearchAction\",\"target\":{\"@type\":\"EntryPoint\",\"urlTemplate\":\"https:\/\/permbledhja.com\/?s={search_term_string}\"},\"query-input\":\"required name=search_term_string\"}],\"inLanguage\":\"sq\"},{\"@type\":\"Organization\",\"@id\":\"https:\/\/permbledhja.com\/#organization\",\"name\":\"MK Media & Pr\",\"url\":\"https:\/\/permbledhja.com\/\",\"logo\":{\"@type\":\"ImageObject\",\"inLanguage\":\"sq\",\"@id\":\"https:\/\/permbledhja.com\/#\/schema\/logo\/image\/\",\"url\":\"https:\/\/permbledhja.com\/wp-content\/uploads\/2021\/12\/07-Press-Logo.jpg\",\"contentUrl\":\"https:\/\/permbledhja.com\/wp-content\/uploads\/2021\/12\/07-Press-Logo.jpg\",\"width\":512,\"height\":512,\"caption\":\"MK Media & Pr\"},\"image\":{\"@id\":\"https:\/\/permbledhja.com\/#\/schema\/logo\/image\/\"},\"sameAs\":[\"https:\/\/www.facebook.com\/press07\/\"]},{\"@type\":\"Person\",\"@id\":\"https:\/\/permbledhja.com\/#\/schema\/person\/d23f13f59b5722643933d6780783acf3\",\"name\":\"M M\",\"image\":{\"@type\":\"ImageObject\",\"inLanguage\":\"sq\",\"@id\":\"https:\/\/permbledhja.com\/#\/schema\/person\/image\/\",\"url\":\"https:\/\/secure.gravatar.com\/avatar\/e2835a76ca7c31a2416b2d51c4ec9a8f?s=96&d=mm&r=g\",\"contentUrl\":\"https:\/\/secure.gravatar.com\/avatar\/e2835a76ca7c31a2416b2d51c4ec9a8f?s=96&d=mm&r=g\",\"caption\":\"M M\"},\"sameAs\":[\"http:\/\/MM\"],\"url\":\"https:\/\/permbledhja.com\/sq\/author\/muhamet\/\"}]}<\/script>\n<!-- \/ Yoast SEO plugin. -->","yoast_head_json":{"title":"K\u00ebshilltarja e BE-s\u00eb \u201cgodet\u201d Macronin: Nuk je m\u00eb i mir\u00eb se Vu\u00e7iqi, me k\u00ebt\u00eb sjellje po destabilizon situat\u00ebn n\u00eb Kosov\u00eb","robots":{"index":"index","follow":"follow","max-snippet":"max-snippet:-1","max-image-preview":"max-image-preview:large","max-video-preview":"max-video-preview:-1"},"canonical":"https:\/\/permbledhja.com\/sq\/keshilltarja-e-be-se-godet-macronin-nuk-je-me-i-mire-se-vuciqi-me-kete-sjellje-po-destabilizon-situaten-ne-kosove\/","og_locale":"sq_AL","og_type":"article","og_title":"K\u00ebshilltarja e BE-s\u00eb \u201cgodet\u201d Macronin: Nuk je m\u00eb i mir\u00eb se Vu\u00e7iqi, me k\u00ebt\u00eb sjellje po destabilizon situat\u00ebn n\u00eb Kosov\u00eb","og_description":"K\u00ebshilltarja Lokale e Bashkimit Evropian, Kati Schneeberger ka reaguar ashp\u00ebr pas nj\u00eb deklarate t\u00eb presidentit francez, Emannuel Macron, e cila duket se ishte p\u00ebrkthyer gabimisht. Lajmi se presidenti Macron ka deklaruar q\u00eb Franca ka pezulluar liberalizimin e vizave, doli t\u00eb jet\u00eb gabim n\u00eb p\u00ebrkthim. Macron tha se Franca ka hequr vizat sepse respektojn\u00eb fjal\u00ebn e [&hellip;]","og_url":"https:\/\/permbledhja.com\/sq\/keshilltarja-e-be-se-godet-macronin-nuk-je-me-i-mire-se-vuciqi-me-kete-sjellje-po-destabilizon-situaten-ne-kosove\/","og_site_name":"Ve\u00e7 artikuj p\u00ebrmbledh\u00ebs","article_publisher":"https:\/\/www.facebook.com\/press07\/","article_published_time":"2023-10-17T12:58:11+00:00","og_image":[{"width":600,"height":360,"url":"https:\/\/permbledhja.com\/wp-content\/uploads\/2023\/10\/Kati-Schneeberger-600x360-1.jpg","type":"image\/jpeg"}],"author":"M M","twitter_card":"summary_large_image","twitter_misc":{"Written by":"M M","Est. reading time":"2 minuta"},"schema":{"@context":"https:\/\/schema.org","@graph":[{"@type":"Article","@id":"https:\/\/permbledhja.com\/keshilltarja-e-be-se-godet-macronin-nuk-je-me-i-mire-se-vuciqi-me-kete-sjellje-po-destabilizon-situaten-ne-kosove\/#article","isPartOf":{"@id":"https:\/\/permbledhja.com\/keshilltarja-e-be-se-godet-macronin-nuk-je-me-i-mire-se-vuciqi-me-kete-sjellje-po-destabilizon-situaten-ne-kosove\/"},"author":{"name":"M M","@id":"https:\/\/permbledhja.com\/#\/schema\/person\/d23f13f59b5722643933d6780783acf3"},"headline":"K\u00ebshilltarja e BE-s\u00eb \u201cgodet\u201d Macronin: Nuk je m\u00eb i mir\u00eb se Vu\u00e7iqi, me k\u00ebt\u00eb sjellje po destabilizon situat\u00ebn n\u00eb Kosov\u00eb","datePublished":"2023-10-17T12:58:11+00:00","dateModified":"2023-10-17T12:58:11+00:00","mainEntityOfPage":{"@id":"https:\/\/permbledhja.com\/keshilltarja-e-be-se-godet-macronin-nuk-je-me-i-mire-se-vuciqi-me-kete-sjellje-po-destabilizon-situaten-ne-kosove\/"},"wordCount":422,"publisher":{"@id":"https:\/\/permbledhja.com\/#organization"},"articleSection":["Komb\u00ebtare","Lajme"],"inLanguage":"sq"},{"@type":"WebPage","@id":"https:\/\/permbledhja.com\/keshilltarja-e-be-se-godet-macronin-nuk-je-me-i-mire-se-vuciqi-me-kete-sjellje-po-destabilizon-situaten-ne-kosove\/","url":"https:\/\/permbledhja.com\/keshilltarja-e-be-se-godet-macronin-nuk-je-me-i-mire-se-vuciqi-me-kete-sjellje-po-destabilizon-situaten-ne-kosove\/","name":"K\u00ebshilltarja e BE-s\u00eb \u201cgodet\u201d Macronin: Nuk je m\u00eb i mir\u00eb se Vu\u00e7iqi, me k\u00ebt\u00eb sjellje po destabilizon situat\u00ebn n\u00eb Kosov\u00eb","isPartOf":{"@id":"https:\/\/permbledhja.com\/#website"},"datePublished":"2023-10-17T12:58:11+00:00","dateModified":"2023-10-17T12:58:11+00:00","breadcrumb":{"@id":"https:\/\/permbledhja.com\/keshilltarja-e-be-se-godet-macronin-nuk-je-me-i-mire-se-vuciqi-me-kete-sjellje-po-destabilizon-situaten-ne-kosove\/#breadcrumb"},"inLanguage":"sq","potentialAction":[{"@type":"ReadAction","target":["https:\/\/permbledhja.com\/keshilltarja-e-be-se-godet-macronin-nuk-je-me-i-mire-se-vuciqi-me-kete-sjellje-po-destabilizon-situaten-ne-kosove\/"]}]},{"@type":"BreadcrumbList","@id":"https:\/\/permbledhja.com\/keshilltarja-e-be-se-godet-macronin-nuk-je-me-i-mire-se-vuciqi-me-kete-sjellje-po-destabilizon-situaten-ne-kosove\/#breadcrumb","itemListElement":[{"@type":"ListItem","position":1,"name":"Ballina","item":"https:\/\/permbledhja.com\/sq\/"},{"@type":"ListItem","position":2,"name":"K\u00ebshilltarja e BE-s\u00eb \u201cgodet\u201d Macronin: Nuk je m\u00eb i mir\u00eb se Vu\u00e7iqi, me k\u00ebt\u00eb sjellje po destabilizon situat\u00ebn n\u00eb Kosov\u00eb"}]},{"@type":"WebSite","@id":"https:\/\/permbledhja.com\/#website","url":"https:\/\/permbledhja.com\/","name":"Ve\u00e7 artikuj p\u00ebrmbledh\u00ebs","description":"","publisher":{"@id":"https:\/\/permbledhja.com\/#organization"},"potentialAction":[{"@type":"SearchAction","target":{"@type":"EntryPoint","urlTemplate":"https:\/\/permbledhja.com\/?s={search_term_string}"},"query-input":"required name=search_term_string"}],"inLanguage":"sq"},{"@type":"Organization","@id":"https:\/\/permbledhja.com\/#organization","name":"MK Media & Pr","url":"https:\/\/permbledhja.com\/","logo":{"@type":"ImageObject","inLanguage":"sq","@id":"https:\/\/permbledhja.com\/#\/schema\/logo\/image\/","url":"https:\/\/permbledhja.com\/wp-content\/uploads\/2021\/12\/07-Press-Logo.jpg","contentUrl":"https:\/\/permbledhja.com\/wp-content\/uploads\/2021\/12\/07-Press-Logo.jpg","width":512,"height":512,"caption":"MK Media & Pr"},"image":{"@id":"https:\/\/permbledhja.com\/#\/schema\/logo\/image\/"},"sameAs":["https:\/\/www.facebook.com\/press07\/"]},{"@type":"Person","@id":"https:\/\/permbledhja.com\/#\/schema\/person\/d23f13f59b5722643933d6780783acf3","name":"M M","image":{"@type":"ImageObject","inLanguage":"sq","@id":"https:\/\/permbledhja.com\/#\/schema\/person\/image\/","url":"https:\/\/secure.gravatar.com\/avatar\/e2835a76ca7c31a2416b2d51c4ec9a8f?s=96&d=mm&r=g","contentUrl":"https:\/\/secure.gravatar.com\/avatar\/e2835a76ca7c31a2416b2d51c4ec9a8f?s=96&d=mm&r=g","caption":"M M"},"sameAs":["http:\/\/MM"],"url":"https:\/\/permbledhja.com\/sq\/author\/muhamet\/"}]}},"_links":{"self":[{"href":"https:\/\/permbledhja.com\/sq\/wp-json\/wp\/v2\/posts\/31701"}],"collection":[{"href":"https:\/\/permbledhja.com\/sq\/wp-json\/wp\/v2\/posts"}],"about":[{"href":"https:\/\/permbledhja.com\/sq\/wp-json\/wp\/v2\/types\/post"}],"author":[{"embeddable":true,"href":"https:\/\/permbledhja.com\/sq\/wp-json\/wp\/v2\/users\/2"}],"replies":[{"embeddable":true,"href":"https:\/\/permbledhja.com\/sq\/wp-json\/wp\/v2\/comments?post=31701"}],"version-history":[{"count":1,"href":"https:\/\/permbledhja.com\/sq\/wp-json\/wp\/v2\/posts\/31701\/revisions"}],"predecessor-version":[{"id":31703,"href":"https:\/\/permbledhja.com\/sq\/wp-json\/wp\/v2\/posts\/31701\/revisions\/31703"}],"wp:featuredmedia":[{"embeddable":true,"href":"https:\/\/permbledhja.com\/sq\/wp-json\/wp\/v2\/media\/31702"}],"wp:attachment":[{"href":"https:\/\/permbledhja.com\/sq\/wp-json\/wp\/v2\/media?parent=31701"}],"wp:term":[{"taxonomy":"category","embeddable":true,"href":"https:\/\/permbledhja.com\/sq\/wp-json\/wp\/v2\/categories?post=31701"},{"taxonomy":"post_tag","embeddable":true,"href":"https:\/\/permbledhja.com\/sq\/wp-json\/wp\/v2\/tags?post=31701"}],"curies":[{"name":"wp","href":"https:\/\/api.w.org\/{rel}","templated":true}]}}