{"id":31682,"date":"2023-10-17T12:02:55","date_gmt":"2023-10-17T12:02:55","guid":{"rendered":"https:\/\/permbledhja.com\/?p=31682"},"modified":"2023-10-17T12:02:55","modified_gmt":"2023-10-17T12:02:55","slug":"macron-u-keqkuptua-sepse-gaboi-perkthyesja-cka-tha-saktesisht-per-vizat","status":"publish","type":"post","link":"https:\/\/permbledhja.com\/sq\/macron-u-keqkuptua-sepse-gaboi-perkthyesja-cka-tha-saktesisht-per-vizat\/","title":{"rendered":"Macron u keqkuptua sepse gaboi p\u00ebrkthyesja &#8211; \u00e7ka tha sakt\u00ebsisht p\u00ebr vizat?"},"content":{"rendered":"<h3>Duket se nj\u00eb gabim i p\u00ebrkthyeses n\u00eb Tiran\u00eb, ka shkaktuar tronditje n\u00eb sken\u00ebn politike n\u00eb Kosov\u00eb.<\/h3>\n<div class=\"g g-1\">\n<div class=\"g-single a-32\">\n<div id=\"katrore-1\">Kjo pasi p\u00ebrkthyesja e ka p\u00ebrcjellur deklarat\u00ebn e Macron si pezullim i liberalizimit t\u00eb vizave p\u00ebr Kosov\u00ebn.<\/div>\n<div>\n<p>Megjithat\u00eb, Radio Evropa e Lir\u00eb n\u00eb p\u00ebrkthimin e saj e ka sqaruar se Macron nuk ka folur p\u00ebr pezullim. Por, p\u00ebr mbajtje t\u00eb fjal\u00ebs s\u00eb dh\u00ebn\u00eb.<\/p>\n<p>\u201cDua ta them nj\u00eb gj\u00eb me shum\u00eb qart\u00ebsi. Ne kemi b\u00ebr\u00eb nj\u00eb gjest besimi p\u00ebr \u00e7\u00ebshtjen e vizave. Sa i p\u00ebrket Franc\u00ebs, ato [vizat] jan\u00eb hequr sepse ne respektojm\u00eb fjal\u00ebn e dh\u00ebn\u00eb. E sot, fjala nuk po mbahet. Pres nj\u00eb angazhim real nga k\u00ebto dy autoritete [Kosova dhe Serbia] q\u00eb t\u00eb ecin p\u00ebrpara n\u00eb jav\u00ebt e ardhshme. Ky \u00ebsht\u00eb vet\u00eb kushti p\u00ebr paqe n\u00eb gjith\u00eb rajonin\u201d, deklaroi Macron sipas artikullit t\u00eb REL.<\/p>\n<p>Kurse, p\u00ebrkthyesja n\u00eb Shqip\u00ebri dha komplet qasje tjet\u00ebr.<\/p>\n<p>Sipas citatit t\u00eb publikuar, thuhet se Macron ka deklaruar q\u00eb vizat p\u00ebr Kosov\u00ebn jan\u00eb pezulluar nga ana e Franc\u00ebs, pasi Kosov\u00ebs iu besuan p\u00ebr \u00e7\u00ebshtjen e vizave, por \u201cfjala nuk \u00ebsht\u00eb mbajtur\u201d.<\/p>\n<p>\u201cAjo q\u00eb presim nga autoritetet kosovare dhe serbe \u00ebsht\u00eb e thjesht\u00eb, riorganizimin e zgjedhjeve n\u00eb k\u00ebto komunat ku k\u00ebto u b\u00ebn\u00eb n\u00eb kushte t\u00eb pap\u00ebrshtatshme, pjes\u00ebmarrjen e serb\u00ebve n\u00eb k\u00ebto zgjedhje, njohjen e asociacionit t\u00eb komunave serbe nga autoritetet kosovare. Pres q\u00eb presidenti Vu\u00e7i\u00e7 dhe presidentja dhe kryeministri i Kosov\u00ebs, t\u00eb jen\u00eb t\u00eb p\u00ebrgjegjsh\u00ebm. Ne u kemi besuar p\u00ebr \u00e7\u00ebshtjen e vizave dhe u pezullua nga ana e Franc\u00ebs se ka t\u00eb b\u00ebj\u00eb me respektin e fjal\u00ebs s\u00eb dh\u00ebn\u00eb dhe fjala nuk \u00ebsht\u00eb mbajtur. Pres q\u00eb t\u00eb angazhohen t\u00eb dyja pal\u00ebt q\u00eb t\u00eb ecim p\u00ebrpara n\u00eb jav\u00ebt e ardhshme, \u00ebsht\u00eb kushti i paqes n\u00eb t\u00eb gjith\u00eb zon\u00ebn.\u201d \u2013 citohet se ka th\u00ebn\u00eb ai n\u00eb nj\u00eb konferenc\u00eb t\u00eb p\u00ebrbashk\u00ebt me kryeministrin shqiptar, Edi Rama.<\/p>\n<p>Ve\u00e7 k\u00ebsaj, Rama ka deklaruar q\u00eb \u201ci rr\u00ebqethet mishi kur mendon q\u00eb mund t\u00eb ket\u00eb rindales\u00eb n\u00eb liberalizimin e vizave\u201d.<\/p>\n<p>\u201cMua m\u00eb rr\u00ebnqethet mishi kur mendoj q\u00eb mund t\u00eb ket\u00eb rindales\u00eb n\u00eb procesin e liberalizimit t\u00eb vizave, n\u00eb an\u00ebn tjet\u00ebr, nuk duhet t\u00eb rrijm\u00eb, ta k\u00ebrkojm\u00eb t\u00eb presidenti i Franc\u00ebs, duhet ta k\u00ebrkojme t\u00eb vetja, ta b\u00ebjm\u00eb ne, ta b\u00ebj\u00eb Kosova paqen, pjes\u00ebn e vet\u00eb, t\u2019ia l\u00eb Serbin\u00eb n\u00eb dor\u00eb BE-s\u00eb e ShBA-s\u00eb q\u00eb t\u00eb merren me t\u00eb.\u201d \u2013 u shpreh ai.<\/p>\n<div id=\"pa_inarticle_placeholder\">\n<div id=\"pa_videoslider\">\n<div id=\"videoad\"><\/div>\n<\/div>\n<\/div>\n<\/div>\n<\/div>\n<\/div>\n","protected":false},"excerpt":{"rendered":"<p>Duket se nj\u00eb gabim i p\u00ebrkthyeses n\u00eb Tiran\u00eb, ka shkaktuar tronditje n\u00eb sken\u00ebn politike n\u00eb Kosov\u00eb. Kjo pasi p\u00ebrkthyesja e ka p\u00ebrcjellur deklarat\u00ebn e Macron si pezullim i liberalizimit t\u00eb vizave p\u00ebr Kosov\u00ebn. Megjithat\u00eb, Radio Evropa e Lir\u00eb n\u00eb p\u00ebrkthimin e saj e ka sqaruar se Macron nuk ka folur p\u00ebr pezullim. Por, p\u00ebr mbajtje [&hellip;]<\/p>\n","protected":false},"author":2,"featured_media":31683,"comment_status":"closed","ping_status":"closed","sticky":false,"template":"","format":"standard","meta":{"_monsterinsights_skip_tracking":false,"_monsterinsights_sitenote_active":false,"_monsterinsights_sitenote_note":"","_monsterinsights_sitenote_category":0,"_uf_show_specific_survey":0,"_uf_disable_surveys":false,"footnotes":""},"categories":[23,15],"tags":[1157],"yoast_head":"<!-- This site is optimized with the Yoast SEO plugin v21.5 - https:\/\/yoast.com\/wordpress\/plugins\/seo\/ -->\n<title>Macron u keqkuptua sepse gaboi p\u00ebrkthyesja - \u00e7ka tha sakt\u00ebsisht p\u00ebr vizat?<\/title>\n<meta name=\"robots\" content=\"index, follow, max-snippet:-1, max-image-preview:large, max-video-preview:-1\" \/>\n<link rel=\"canonical\" href=\"https:\/\/permbledhja.com\/sq\/macron-u-keqkuptua-sepse-gaboi-perkthyesja-cka-tha-saktesisht-per-vizat\/\" \/>\n<meta property=\"og:locale\" content=\"sq_AL\" \/>\n<meta property=\"og:type\" content=\"article\" \/>\n<meta property=\"og:title\" content=\"Macron u keqkuptua sepse gaboi p\u00ebrkthyesja - \u00e7ka tha sakt\u00ebsisht p\u00ebr vizat?\" \/>\n<meta property=\"og:description\" content=\"Duket se nj\u00eb gabim i p\u00ebrkthyeses n\u00eb Tiran\u00eb, ka shkaktuar tronditje n\u00eb sken\u00ebn politike n\u00eb Kosov\u00eb. Kjo pasi p\u00ebrkthyesja e ka p\u00ebrcjellur deklarat\u00ebn e Macron si pezullim i liberalizimit t\u00eb vizave p\u00ebr Kosov\u00ebn. Megjithat\u00eb, Radio Evropa e Lir\u00eb n\u00eb p\u00ebrkthimin e saj e ka sqaruar se Macron nuk ka folur p\u00ebr pezullim. Por, p\u00ebr mbajtje [&hellip;]\" \/>\n<meta property=\"og:url\" content=\"https:\/\/permbledhja.com\/sq\/macron-u-keqkuptua-sepse-gaboi-perkthyesja-cka-tha-saktesisht-per-vizat\/\" \/>\n<meta property=\"og:site_name\" content=\"Ve\u00e7 artikuj p\u00ebrmbledh\u00ebs\" \/>\n<meta property=\"article:publisher\" content=\"https:\/\/www.facebook.com\/press07\/\" \/>\n<meta property=\"article:published_time\" content=\"2023-10-17T12:02:55+00:00\" \/>\n<meta property=\"og:image\" content=\"https:\/\/permbledhja.com\/wp-content\/uploads\/2023\/10\/macron_2023-08-28-114511_ibcd-750x450-1.jpg\" \/>\n\t<meta property=\"og:image:width\" content=\"750\" \/>\n\t<meta property=\"og:image:height\" content=\"450\" \/>\n\t<meta property=\"og:image:type\" content=\"image\/jpeg\" \/>\n<meta name=\"author\" content=\"M M\" \/>\n<meta name=\"twitter:card\" content=\"summary_large_image\" \/>\n<meta name=\"twitter:label1\" content=\"Written by\" \/>\n\t<meta name=\"twitter:data1\" content=\"M M\" \/>\n\t<meta name=\"twitter:label2\" content=\"Est. reading time\" \/>\n\t<meta name=\"twitter:data2\" content=\"2 minuta\" \/>\n<script type=\"application\/ld+json\" class=\"yoast-schema-graph\">{\"@context\":\"https:\/\/schema.org\",\"@graph\":[{\"@type\":\"Article\",\"@id\":\"https:\/\/permbledhja.com\/macron-u-keqkuptua-sepse-gaboi-perkthyesja-cka-tha-saktesisht-per-vizat\/#article\",\"isPartOf\":{\"@id\":\"https:\/\/permbledhja.com\/macron-u-keqkuptua-sepse-gaboi-perkthyesja-cka-tha-saktesisht-per-vizat\/\"},\"author\":{\"name\":\"M M\",\"@id\":\"https:\/\/permbledhja.com\/#\/schema\/person\/d23f13f59b5722643933d6780783acf3\"},\"headline\":\"Macron u keqkuptua sepse gaboi p\u00ebrkthyesja &#8211; \u00e7ka tha sakt\u00ebsisht p\u00ebr vizat?\",\"datePublished\":\"2023-10-17T12:02:55+00:00\",\"dateModified\":\"2023-10-17T12:02:55+00:00\",\"mainEntityOfPage\":{\"@id\":\"https:\/\/permbledhja.com\/macron-u-keqkuptua-sepse-gaboi-perkthyesja-cka-tha-saktesisht-per-vizat\/\"},\"wordCount\":455,\"publisher\":{\"@id\":\"https:\/\/permbledhja.com\/#organization\"},\"keywords\":[\"Macron\"],\"articleSection\":[\"Komb\u00ebtare\",\"Lajme\"],\"inLanguage\":\"sq\"},{\"@type\":\"WebPage\",\"@id\":\"https:\/\/permbledhja.com\/macron-u-keqkuptua-sepse-gaboi-perkthyesja-cka-tha-saktesisht-per-vizat\/\",\"url\":\"https:\/\/permbledhja.com\/macron-u-keqkuptua-sepse-gaboi-perkthyesja-cka-tha-saktesisht-per-vizat\/\",\"name\":\"Macron u keqkuptua sepse gaboi p\u00ebrkthyesja - \u00e7ka tha sakt\u00ebsisht p\u00ebr vizat?\",\"isPartOf\":{\"@id\":\"https:\/\/permbledhja.com\/#website\"},\"datePublished\":\"2023-10-17T12:02:55+00:00\",\"dateModified\":\"2023-10-17T12:02:55+00:00\",\"breadcrumb\":{\"@id\":\"https:\/\/permbledhja.com\/macron-u-keqkuptua-sepse-gaboi-perkthyesja-cka-tha-saktesisht-per-vizat\/#breadcrumb\"},\"inLanguage\":\"sq\",\"potentialAction\":[{\"@type\":\"ReadAction\",\"target\":[\"https:\/\/permbledhja.com\/macron-u-keqkuptua-sepse-gaboi-perkthyesja-cka-tha-saktesisht-per-vizat\/\"]}]},{\"@type\":\"BreadcrumbList\",\"@id\":\"https:\/\/permbledhja.com\/macron-u-keqkuptua-sepse-gaboi-perkthyesja-cka-tha-saktesisht-per-vizat\/#breadcrumb\",\"itemListElement\":[{\"@type\":\"ListItem\",\"position\":1,\"name\":\"Ballina\",\"item\":\"https:\/\/permbledhja.com\/sq\/\"},{\"@type\":\"ListItem\",\"position\":2,\"name\":\"Macron u keqkuptua sepse gaboi p\u00ebrkthyesja &#8211; \u00e7ka tha sakt\u00ebsisht p\u00ebr vizat?\"}]},{\"@type\":\"WebSite\",\"@id\":\"https:\/\/permbledhja.com\/#website\",\"url\":\"https:\/\/permbledhja.com\/\",\"name\":\"Ve\u00e7 artikuj p\u00ebrmbledh\u00ebs\",\"description\":\"\",\"publisher\":{\"@id\":\"https:\/\/permbledhja.com\/#organization\"},\"potentialAction\":[{\"@type\":\"SearchAction\",\"target\":{\"@type\":\"EntryPoint\",\"urlTemplate\":\"https:\/\/permbledhja.com\/?s={search_term_string}\"},\"query-input\":\"required name=search_term_string\"}],\"inLanguage\":\"sq\"},{\"@type\":\"Organization\",\"@id\":\"https:\/\/permbledhja.com\/#organization\",\"name\":\"MK Media & Pr\",\"url\":\"https:\/\/permbledhja.com\/\",\"logo\":{\"@type\":\"ImageObject\",\"inLanguage\":\"sq\",\"@id\":\"https:\/\/permbledhja.com\/#\/schema\/logo\/image\/\",\"url\":\"https:\/\/permbledhja.com\/wp-content\/uploads\/2021\/12\/07-Press-Logo.jpg\",\"contentUrl\":\"https:\/\/permbledhja.com\/wp-content\/uploads\/2021\/12\/07-Press-Logo.jpg\",\"width\":512,\"height\":512,\"caption\":\"MK Media & Pr\"},\"image\":{\"@id\":\"https:\/\/permbledhja.com\/#\/schema\/logo\/image\/\"},\"sameAs\":[\"https:\/\/www.facebook.com\/press07\/\"]},{\"@type\":\"Person\",\"@id\":\"https:\/\/permbledhja.com\/#\/schema\/person\/d23f13f59b5722643933d6780783acf3\",\"name\":\"M M\",\"image\":{\"@type\":\"ImageObject\",\"inLanguage\":\"sq\",\"@id\":\"https:\/\/permbledhja.com\/#\/schema\/person\/image\/\",\"url\":\"https:\/\/secure.gravatar.com\/avatar\/e2835a76ca7c31a2416b2d51c4ec9a8f?s=96&d=mm&r=g\",\"contentUrl\":\"https:\/\/secure.gravatar.com\/avatar\/e2835a76ca7c31a2416b2d51c4ec9a8f?s=96&d=mm&r=g\",\"caption\":\"M M\"},\"sameAs\":[\"http:\/\/MM\"],\"url\":\"https:\/\/permbledhja.com\/sq\/author\/muhamet\/\"}]}<\/script>\n<!-- \/ Yoast SEO plugin. -->","yoast_head_json":{"title":"Macron u keqkuptua sepse gaboi p\u00ebrkthyesja - \u00e7ka tha sakt\u00ebsisht p\u00ebr vizat?","robots":{"index":"index","follow":"follow","max-snippet":"max-snippet:-1","max-image-preview":"max-image-preview:large","max-video-preview":"max-video-preview:-1"},"canonical":"https:\/\/permbledhja.com\/sq\/macron-u-keqkuptua-sepse-gaboi-perkthyesja-cka-tha-saktesisht-per-vizat\/","og_locale":"sq_AL","og_type":"article","og_title":"Macron u keqkuptua sepse gaboi p\u00ebrkthyesja - \u00e7ka tha sakt\u00ebsisht p\u00ebr vizat?","og_description":"Duket se nj\u00eb gabim i p\u00ebrkthyeses n\u00eb Tiran\u00eb, ka shkaktuar tronditje n\u00eb sken\u00ebn politike n\u00eb Kosov\u00eb. Kjo pasi p\u00ebrkthyesja e ka p\u00ebrcjellur deklarat\u00ebn e Macron si pezullim i liberalizimit t\u00eb vizave p\u00ebr Kosov\u00ebn. Megjithat\u00eb, Radio Evropa e Lir\u00eb n\u00eb p\u00ebrkthimin e saj e ka sqaruar se Macron nuk ka folur p\u00ebr pezullim. Por, p\u00ebr mbajtje [&hellip;]","og_url":"https:\/\/permbledhja.com\/sq\/macron-u-keqkuptua-sepse-gaboi-perkthyesja-cka-tha-saktesisht-per-vizat\/","og_site_name":"Ve\u00e7 artikuj p\u00ebrmbledh\u00ebs","article_publisher":"https:\/\/www.facebook.com\/press07\/","article_published_time":"2023-10-17T12:02:55+00:00","og_image":[{"width":750,"height":450,"url":"https:\/\/permbledhja.com\/wp-content\/uploads\/2023\/10\/macron_2023-08-28-114511_ibcd-750x450-1.jpg","type":"image\/jpeg"}],"author":"M M","twitter_card":"summary_large_image","twitter_misc":{"Written by":"M M","Est. reading time":"2 minuta"},"schema":{"@context":"https:\/\/schema.org","@graph":[{"@type":"Article","@id":"https:\/\/permbledhja.com\/macron-u-keqkuptua-sepse-gaboi-perkthyesja-cka-tha-saktesisht-per-vizat\/#article","isPartOf":{"@id":"https:\/\/permbledhja.com\/macron-u-keqkuptua-sepse-gaboi-perkthyesja-cka-tha-saktesisht-per-vizat\/"},"author":{"name":"M M","@id":"https:\/\/permbledhja.com\/#\/schema\/person\/d23f13f59b5722643933d6780783acf3"},"headline":"Macron u keqkuptua sepse gaboi p\u00ebrkthyesja &#8211; \u00e7ka tha sakt\u00ebsisht p\u00ebr vizat?","datePublished":"2023-10-17T12:02:55+00:00","dateModified":"2023-10-17T12:02:55+00:00","mainEntityOfPage":{"@id":"https:\/\/permbledhja.com\/macron-u-keqkuptua-sepse-gaboi-perkthyesja-cka-tha-saktesisht-per-vizat\/"},"wordCount":455,"publisher":{"@id":"https:\/\/permbledhja.com\/#organization"},"keywords":["Macron"],"articleSection":["Komb\u00ebtare","Lajme"],"inLanguage":"sq"},{"@type":"WebPage","@id":"https:\/\/permbledhja.com\/macron-u-keqkuptua-sepse-gaboi-perkthyesja-cka-tha-saktesisht-per-vizat\/","url":"https:\/\/permbledhja.com\/macron-u-keqkuptua-sepse-gaboi-perkthyesja-cka-tha-saktesisht-per-vizat\/","name":"Macron u keqkuptua sepse gaboi p\u00ebrkthyesja - \u00e7ka tha sakt\u00ebsisht p\u00ebr vizat?","isPartOf":{"@id":"https:\/\/permbledhja.com\/#website"},"datePublished":"2023-10-17T12:02:55+00:00","dateModified":"2023-10-17T12:02:55+00:00","breadcrumb":{"@id":"https:\/\/permbledhja.com\/macron-u-keqkuptua-sepse-gaboi-perkthyesja-cka-tha-saktesisht-per-vizat\/#breadcrumb"},"inLanguage":"sq","potentialAction":[{"@type":"ReadAction","target":["https:\/\/permbledhja.com\/macron-u-keqkuptua-sepse-gaboi-perkthyesja-cka-tha-saktesisht-per-vizat\/"]}]},{"@type":"BreadcrumbList","@id":"https:\/\/permbledhja.com\/macron-u-keqkuptua-sepse-gaboi-perkthyesja-cka-tha-saktesisht-per-vizat\/#breadcrumb","itemListElement":[{"@type":"ListItem","position":1,"name":"Ballina","item":"https:\/\/permbledhja.com\/sq\/"},{"@type":"ListItem","position":2,"name":"Macron u keqkuptua sepse gaboi p\u00ebrkthyesja &#8211; \u00e7ka tha sakt\u00ebsisht p\u00ebr vizat?"}]},{"@type":"WebSite","@id":"https:\/\/permbledhja.com\/#website","url":"https:\/\/permbledhja.com\/","name":"Ve\u00e7 artikuj p\u00ebrmbledh\u00ebs","description":"","publisher":{"@id":"https:\/\/permbledhja.com\/#organization"},"potentialAction":[{"@type":"SearchAction","target":{"@type":"EntryPoint","urlTemplate":"https:\/\/permbledhja.com\/?s={search_term_string}"},"query-input":"required name=search_term_string"}],"inLanguage":"sq"},{"@type":"Organization","@id":"https:\/\/permbledhja.com\/#organization","name":"MK Media & Pr","url":"https:\/\/permbledhja.com\/","logo":{"@type":"ImageObject","inLanguage":"sq","@id":"https:\/\/permbledhja.com\/#\/schema\/logo\/image\/","url":"https:\/\/permbledhja.com\/wp-content\/uploads\/2021\/12\/07-Press-Logo.jpg","contentUrl":"https:\/\/permbledhja.com\/wp-content\/uploads\/2021\/12\/07-Press-Logo.jpg","width":512,"height":512,"caption":"MK Media & Pr"},"image":{"@id":"https:\/\/permbledhja.com\/#\/schema\/logo\/image\/"},"sameAs":["https:\/\/www.facebook.com\/press07\/"]},{"@type":"Person","@id":"https:\/\/permbledhja.com\/#\/schema\/person\/d23f13f59b5722643933d6780783acf3","name":"M M","image":{"@type":"ImageObject","inLanguage":"sq","@id":"https:\/\/permbledhja.com\/#\/schema\/person\/image\/","url":"https:\/\/secure.gravatar.com\/avatar\/e2835a76ca7c31a2416b2d51c4ec9a8f?s=96&d=mm&r=g","contentUrl":"https:\/\/secure.gravatar.com\/avatar\/e2835a76ca7c31a2416b2d51c4ec9a8f?s=96&d=mm&r=g","caption":"M M"},"sameAs":["http:\/\/MM"],"url":"https:\/\/permbledhja.com\/sq\/author\/muhamet\/"}]}},"_links":{"self":[{"href":"https:\/\/permbledhja.com\/sq\/wp-json\/wp\/v2\/posts\/31682"}],"collection":[{"href":"https:\/\/permbledhja.com\/sq\/wp-json\/wp\/v2\/posts"}],"about":[{"href":"https:\/\/permbledhja.com\/sq\/wp-json\/wp\/v2\/types\/post"}],"author":[{"embeddable":true,"href":"https:\/\/permbledhja.com\/sq\/wp-json\/wp\/v2\/users\/2"}],"replies":[{"embeddable":true,"href":"https:\/\/permbledhja.com\/sq\/wp-json\/wp\/v2\/comments?post=31682"}],"version-history":[{"count":2,"href":"https:\/\/permbledhja.com\/sq\/wp-json\/wp\/v2\/posts\/31682\/revisions"}],"predecessor-version":[{"id":31685,"href":"https:\/\/permbledhja.com\/sq\/wp-json\/wp\/v2\/posts\/31682\/revisions\/31685"}],"wp:featuredmedia":[{"embeddable":true,"href":"https:\/\/permbledhja.com\/sq\/wp-json\/wp\/v2\/media\/31683"}],"wp:attachment":[{"href":"https:\/\/permbledhja.com\/sq\/wp-json\/wp\/v2\/media?parent=31682"}],"wp:term":[{"taxonomy":"category","embeddable":true,"href":"https:\/\/permbledhja.com\/sq\/wp-json\/wp\/v2\/categories?post=31682"},{"taxonomy":"post_tag","embeddable":true,"href":"https:\/\/permbledhja.com\/sq\/wp-json\/wp\/v2\/tags?post=31682"}],"curies":[{"name":"wp","href":"https:\/\/api.w.org\/{rel}","templated":true}]}}