{"id":31679,"date":"2023-10-17T10:53:43","date_gmt":"2023-10-17T10:53:43","guid":{"rendered":"https:\/\/permbledhja.com\/?p=31679"},"modified":"2023-10-17T10:53:43","modified_gmt":"2023-10-17T10:53:43","slug":"specialja-publikon-vendimin-edhe-per-nasim-haradinajn","status":"publish","type":"post","link":"https:\/\/permbledhja.com\/sq\/specialja-publikon-vendimin-edhe-per-nasim-haradinajn\/","title":{"rendered":"Specialja publikon vendimin edhe p\u00ebr Nasim Haradinajn"},"content":{"rendered":"<h3>Gjykata Speciale ka arsyetuar vendimin p\u00ebr mos lirimin e Nasim Haradinajt nga burgu, shkruan Gazeta Express.<\/h3>\n<p>N\u00eb vendim p\u00ebr mos lirimin e tij thuhet se Haradinaj duhet ende q\u00eb ta p\u00ebrmir\u00ebsoj\u00eb sjelljen e tij, teksa p\u00ebrmenden se ai ka precedent\u00eb disiplinor\u00eb n\u00eb Nj\u00ebsin\u00eb e Paraburgimi.<\/p>\n<p>\u201cSidoqoft\u00eb Kryetarja theksoi se z. Haradinaj ka precedent\u00eb disiplinor\u00eb n\u00eb Nj\u00ebsin\u00eb e Paraburgimit (NJP).\u00a0 Rrjedhimisht Kryetarja gjykoi se megjith\u00ebse z. Haradinaj ka nd\u00ebrmarr\u00eb disa hapa drejt rehabilitimit, ka ende vend p\u00ebr p\u00ebrmir\u00ebsim. P\u00ebr k\u00ebt\u00eb arsye Kryetarja urdh\u00ebroi Administratoren q\u00eb t\u00eb paraqes\u00eb raport n\u00eb lidhje me sjelljen e Haradinajt n\u00eb NJP n\u00eb t\u00eb ardhmen brenda nj\u00eb periudhe t\u00eb caktuar n\u00eb kontekst t\u00eb vendimit mbi modifikimin e d\u00ebnimit t\u00eb tij\u201d, thuhet n\u00eb njoftim.<\/p>\n<p><strong>Njoftimi i plot\u00eb:<\/strong><\/p>\n<p>M\u00eb 12 tetor 2023, Kryetarja e Dhomave t\u00eb Specializuara t\u00eb Kosov\u00ebs (DHSK), gjykat\u00ebse Ekaterina Trendafilova, vendosi se ajo do t\u00eb shqyrtoj\u00eb modifikimin e vendimit t\u00eb z. Nasim Haradinaj p\u00ebr lirimin e tij me disa kushte pasi t\u00eb marr\u00eb raport prej Administratores Fidelma Donlon n\u00eb lidhje me sjelljen e z. Haradinaj gjat\u00eb mbajtjes s\u00eb tij n\u00eb objektin e paraburgimit t\u00eb DHSK-s\u00eb.<\/p>\n<p>P\u00ebr marrjen e vendimit, Kryetarja u k\u00ebshillua me gjykat\u00ebsit e paneleve q\u00eb dhan\u00eb d\u00ebnimin sikurse parashihet n\u00eb nenin 51(2) t\u00eb Ligjit p\u00ebr Dhomat e Specializuara dhe Zyr\u00ebn e Prokurorit t\u00eb Specializuar (\u201cLigji\u201d), mori parasysh faktor\u00ebt e rregull\u00ebs 196(3) t\u00eb Rregullores s\u00eb Procedur\u00ebs dhe Provave si dhe mbajti seanc\u00eb me z.Haradinaj.<\/p>\n<p>Kryetarja mori parasysh se megjith\u00ebse veprat penale p\u00ebr t\u00eb cilat z. Haradinaj u d\u00ebnua jan\u00eb padyshim t\u00eb r\u00ebnda duke marr\u00eb parasysh efekti mjaft negativ t\u00eb zbulimit t\u00eb informacionit konfidencial mbi d\u00ebshmitar\u00eb (t\u00eb mundsh\u00ebm), ishin disa faktor\u00eb q\u00eb mund t\u00eb peshojn\u00eb n\u00eb favor t\u00eb modifikimit t\u00eb d\u00ebnimit t\u00eb tij. Kryetarja gjithashtu vuri n\u00eb dukje shprehjet e keqardhjes prej z. Haradinaj gjat\u00eb seanc\u00ebs gojore dhe zotimit t\u00eb tij p\u00ebr moskryerjen e veprimeve t\u00eb tjera q\u00eb mund t\u00eb karakterizohen si vepra penale kund\u00ebr administrimit t\u00eb drejt\u00ebsis\u00eb.<\/p>\n<p>Sidoqoft\u00eb Kryetarja theksoi se z. Haradinaj ka precedent\u00eb disiplinor\u00eb n\u00eb Nj\u00ebsin\u00eb e Paraburgimit (NJP).\u00a0 Rrjedhimisht Kryetarja gjykoi se megjith\u00ebse z. Haradinaj ka nd\u00ebrmarr\u00eb disa hapa drejt rehabilitimit, ka ende vend p\u00ebr p\u00ebrmir\u00ebsim. P\u00ebr k\u00ebt\u00eb arsye Kryetarja urdh\u00ebroi Administratoren q\u00eb t\u00eb paraqes\u00eb raport n\u00eb lidhje me sjelljen e Haradinajt n\u00eb NJP n\u00eb t\u00eb ardhmen brenda nj\u00eb periudhe t\u00eb caktuar n\u00eb kontekst t\u00eb vendimit mbi modifikimin e d\u00ebnimit t\u00eb tij.<\/p>\n","protected":false},"excerpt":{"rendered":"<p>Gjykata Speciale ka arsyetuar vendimin p\u00ebr mos lirimin e Nasim Haradinajt nga burgu, shkruan Gazeta Express. N\u00eb vendim p\u00ebr mos lirimin e tij thuhet se Haradinaj duhet ende q\u00eb ta p\u00ebrmir\u00ebsoj\u00eb sjelljen e tij, teksa p\u00ebrmenden se ai ka precedent\u00eb disiplinor\u00eb n\u00eb Nj\u00ebsin\u00eb e Paraburgimi. \u201cSidoqoft\u00eb Kryetarja theksoi se z. Haradinaj ka precedent\u00eb disiplinor\u00eb n\u00eb [&hellip;]<\/p>\n","protected":false},"author":2,"featured_media":31680,"comment_status":"closed","ping_status":"closed","sticky":false,"template":"","format":"standard","meta":{"_monsterinsights_skip_tracking":false,"_monsterinsights_sitenote_active":false,"_monsterinsights_sitenote_note":"","_monsterinsights_sitenote_category":0,"_uf_show_specific_survey":0,"_uf_disable_surveys":false,"footnotes":""},"categories":[23,15],"tags":[2211],"yoast_head":"<!-- This site is optimized with the Yoast SEO plugin v21.5 - https:\/\/yoast.com\/wordpress\/plugins\/seo\/ -->\n<title>Specialja publikon vendimin edhe p\u00ebr Nasim Haradinajn<\/title>\n<meta name=\"robots\" content=\"index, follow, max-snippet:-1, max-image-preview:large, max-video-preview:-1\" \/>\n<link rel=\"canonical\" href=\"https:\/\/permbledhja.com\/sq\/specialja-publikon-vendimin-edhe-per-nasim-haradinajn\/\" \/>\n<meta property=\"og:locale\" content=\"sq_AL\" \/>\n<meta property=\"og:type\" content=\"article\" \/>\n<meta property=\"og:title\" content=\"Specialja publikon vendimin edhe p\u00ebr Nasim Haradinajn\" \/>\n<meta property=\"og:description\" content=\"Gjykata Speciale ka arsyetuar vendimin p\u00ebr mos lirimin e Nasim Haradinajt nga burgu, shkruan Gazeta Express. N\u00eb vendim p\u00ebr mos lirimin e tij thuhet se Haradinaj duhet ende q\u00eb ta p\u00ebrmir\u00ebsoj\u00eb sjelljen e tij, teksa p\u00ebrmenden se ai ka precedent\u00eb disiplinor\u00eb n\u00eb Nj\u00ebsin\u00eb e Paraburgimi. \u201cSidoqoft\u00eb Kryetarja theksoi se z. Haradinaj ka precedent\u00eb disiplinor\u00eb n\u00eb [&hellip;]\" \/>\n<meta property=\"og:url\" content=\"https:\/\/permbledhja.com\/sq\/specialja-publikon-vendimin-edhe-per-nasim-haradinajn\/\" \/>\n<meta property=\"og:site_name\" content=\"Ve\u00e7 artikuj p\u00ebrmbledh\u00ebs\" \/>\n<meta property=\"article:publisher\" content=\"https:\/\/www.facebook.com\/press07\/\" \/>\n<meta property=\"article:published_time\" content=\"2023-10-17T10:53:43+00:00\" \/>\n<meta property=\"og:image\" content=\"https:\/\/permbledhja.com\/wp-content\/uploads\/2023\/10\/nasim-600x360-1.png\" \/>\n\t<meta property=\"og:image:width\" content=\"600\" \/>\n\t<meta property=\"og:image:height\" content=\"360\" \/>\n\t<meta property=\"og:image:type\" content=\"image\/png\" \/>\n<meta name=\"author\" content=\"M M\" \/>\n<meta name=\"twitter:card\" content=\"summary_large_image\" \/>\n<meta name=\"twitter:label1\" content=\"Written by\" \/>\n\t<meta name=\"twitter:data1\" content=\"M M\" \/>\n\t<meta name=\"twitter:label2\" content=\"Est. reading time\" \/>\n\t<meta name=\"twitter:data2\" content=\"2 minuta\" \/>\n<script type=\"application\/ld+json\" class=\"yoast-schema-graph\">{\"@context\":\"https:\/\/schema.org\",\"@graph\":[{\"@type\":\"Article\",\"@id\":\"https:\/\/permbledhja.com\/specialja-publikon-vendimin-edhe-per-nasim-haradinajn\/#article\",\"isPartOf\":{\"@id\":\"https:\/\/permbledhja.com\/specialja-publikon-vendimin-edhe-per-nasim-haradinajn\/\"},\"author\":{\"name\":\"M M\",\"@id\":\"https:\/\/permbledhja.com\/#\/schema\/person\/d23f13f59b5722643933d6780783acf3\"},\"headline\":\"Specialja publikon vendimin edhe p\u00ebr Nasim Haradinajn\",\"datePublished\":\"2023-10-17T10:53:43+00:00\",\"dateModified\":\"2023-10-17T10:53:43+00:00\",\"mainEntityOfPage\":{\"@id\":\"https:\/\/permbledhja.com\/specialja-publikon-vendimin-edhe-per-nasim-haradinajn\/\"},\"wordCount\":434,\"publisher\":{\"@id\":\"https:\/\/permbledhja.com\/#organization\"},\"keywords\":[\"Nasim Haradinaj\"],\"articleSection\":[\"Komb\u00ebtare\",\"Lajme\"],\"inLanguage\":\"sq\"},{\"@type\":\"WebPage\",\"@id\":\"https:\/\/permbledhja.com\/specialja-publikon-vendimin-edhe-per-nasim-haradinajn\/\",\"url\":\"https:\/\/permbledhja.com\/specialja-publikon-vendimin-edhe-per-nasim-haradinajn\/\",\"name\":\"Specialja publikon vendimin edhe p\u00ebr Nasim Haradinajn\",\"isPartOf\":{\"@id\":\"https:\/\/permbledhja.com\/#website\"},\"datePublished\":\"2023-10-17T10:53:43+00:00\",\"dateModified\":\"2023-10-17T10:53:43+00:00\",\"breadcrumb\":{\"@id\":\"https:\/\/permbledhja.com\/specialja-publikon-vendimin-edhe-per-nasim-haradinajn\/#breadcrumb\"},\"inLanguage\":\"sq\",\"potentialAction\":[{\"@type\":\"ReadAction\",\"target\":[\"https:\/\/permbledhja.com\/specialja-publikon-vendimin-edhe-per-nasim-haradinajn\/\"]}]},{\"@type\":\"BreadcrumbList\",\"@id\":\"https:\/\/permbledhja.com\/specialja-publikon-vendimin-edhe-per-nasim-haradinajn\/#breadcrumb\",\"itemListElement\":[{\"@type\":\"ListItem\",\"position\":1,\"name\":\"Ballina\",\"item\":\"https:\/\/permbledhja.com\/sq\/\"},{\"@type\":\"ListItem\",\"position\":2,\"name\":\"Specialja publikon vendimin edhe p\u00ebr Nasim Haradinajn\"}]},{\"@type\":\"WebSite\",\"@id\":\"https:\/\/permbledhja.com\/#website\",\"url\":\"https:\/\/permbledhja.com\/\",\"name\":\"Ve\u00e7 artikuj p\u00ebrmbledh\u00ebs\",\"description\":\"\",\"publisher\":{\"@id\":\"https:\/\/permbledhja.com\/#organization\"},\"potentialAction\":[{\"@type\":\"SearchAction\",\"target\":{\"@type\":\"EntryPoint\",\"urlTemplate\":\"https:\/\/permbledhja.com\/?s={search_term_string}\"},\"query-input\":\"required name=search_term_string\"}],\"inLanguage\":\"sq\"},{\"@type\":\"Organization\",\"@id\":\"https:\/\/permbledhja.com\/#organization\",\"name\":\"MK Media & Pr\",\"url\":\"https:\/\/permbledhja.com\/\",\"logo\":{\"@type\":\"ImageObject\",\"inLanguage\":\"sq\",\"@id\":\"https:\/\/permbledhja.com\/#\/schema\/logo\/image\/\",\"url\":\"https:\/\/permbledhja.com\/wp-content\/uploads\/2021\/12\/07-Press-Logo.jpg\",\"contentUrl\":\"https:\/\/permbledhja.com\/wp-content\/uploads\/2021\/12\/07-Press-Logo.jpg\",\"width\":512,\"height\":512,\"caption\":\"MK Media & Pr\"},\"image\":{\"@id\":\"https:\/\/permbledhja.com\/#\/schema\/logo\/image\/\"},\"sameAs\":[\"https:\/\/www.facebook.com\/press07\/\"]},{\"@type\":\"Person\",\"@id\":\"https:\/\/permbledhja.com\/#\/schema\/person\/d23f13f59b5722643933d6780783acf3\",\"name\":\"M M\",\"image\":{\"@type\":\"ImageObject\",\"inLanguage\":\"sq\",\"@id\":\"https:\/\/permbledhja.com\/#\/schema\/person\/image\/\",\"url\":\"https:\/\/secure.gravatar.com\/avatar\/e2835a76ca7c31a2416b2d51c4ec9a8f?s=96&d=mm&r=g\",\"contentUrl\":\"https:\/\/secure.gravatar.com\/avatar\/e2835a76ca7c31a2416b2d51c4ec9a8f?s=96&d=mm&r=g\",\"caption\":\"M M\"},\"sameAs\":[\"http:\/\/MM\"],\"url\":\"https:\/\/permbledhja.com\/sq\/author\/muhamet\/\"}]}<\/script>\n<!-- \/ Yoast SEO plugin. -->","yoast_head_json":{"title":"Specialja publikon vendimin edhe p\u00ebr Nasim Haradinajn","robots":{"index":"index","follow":"follow","max-snippet":"max-snippet:-1","max-image-preview":"max-image-preview:large","max-video-preview":"max-video-preview:-1"},"canonical":"https:\/\/permbledhja.com\/sq\/specialja-publikon-vendimin-edhe-per-nasim-haradinajn\/","og_locale":"sq_AL","og_type":"article","og_title":"Specialja publikon vendimin edhe p\u00ebr Nasim Haradinajn","og_description":"Gjykata Speciale ka arsyetuar vendimin p\u00ebr mos lirimin e Nasim Haradinajt nga burgu, shkruan Gazeta Express. N\u00eb vendim p\u00ebr mos lirimin e tij thuhet se Haradinaj duhet ende q\u00eb ta p\u00ebrmir\u00ebsoj\u00eb sjelljen e tij, teksa p\u00ebrmenden se ai ka precedent\u00eb disiplinor\u00eb n\u00eb Nj\u00ebsin\u00eb e Paraburgimi. \u201cSidoqoft\u00eb Kryetarja theksoi se z. Haradinaj ka precedent\u00eb disiplinor\u00eb n\u00eb [&hellip;]","og_url":"https:\/\/permbledhja.com\/sq\/specialja-publikon-vendimin-edhe-per-nasim-haradinajn\/","og_site_name":"Ve\u00e7 artikuj p\u00ebrmbledh\u00ebs","article_publisher":"https:\/\/www.facebook.com\/press07\/","article_published_time":"2023-10-17T10:53:43+00:00","og_image":[{"width":600,"height":360,"url":"https:\/\/permbledhja.com\/wp-content\/uploads\/2023\/10\/nasim-600x360-1.png","type":"image\/png"}],"author":"M M","twitter_card":"summary_large_image","twitter_misc":{"Written by":"M M","Est. reading time":"2 minuta"},"schema":{"@context":"https:\/\/schema.org","@graph":[{"@type":"Article","@id":"https:\/\/permbledhja.com\/specialja-publikon-vendimin-edhe-per-nasim-haradinajn\/#article","isPartOf":{"@id":"https:\/\/permbledhja.com\/specialja-publikon-vendimin-edhe-per-nasim-haradinajn\/"},"author":{"name":"M M","@id":"https:\/\/permbledhja.com\/#\/schema\/person\/d23f13f59b5722643933d6780783acf3"},"headline":"Specialja publikon vendimin edhe p\u00ebr Nasim Haradinajn","datePublished":"2023-10-17T10:53:43+00:00","dateModified":"2023-10-17T10:53:43+00:00","mainEntityOfPage":{"@id":"https:\/\/permbledhja.com\/specialja-publikon-vendimin-edhe-per-nasim-haradinajn\/"},"wordCount":434,"publisher":{"@id":"https:\/\/permbledhja.com\/#organization"},"keywords":["Nasim Haradinaj"],"articleSection":["Komb\u00ebtare","Lajme"],"inLanguage":"sq"},{"@type":"WebPage","@id":"https:\/\/permbledhja.com\/specialja-publikon-vendimin-edhe-per-nasim-haradinajn\/","url":"https:\/\/permbledhja.com\/specialja-publikon-vendimin-edhe-per-nasim-haradinajn\/","name":"Specialja publikon vendimin edhe p\u00ebr Nasim Haradinajn","isPartOf":{"@id":"https:\/\/permbledhja.com\/#website"},"datePublished":"2023-10-17T10:53:43+00:00","dateModified":"2023-10-17T10:53:43+00:00","breadcrumb":{"@id":"https:\/\/permbledhja.com\/specialja-publikon-vendimin-edhe-per-nasim-haradinajn\/#breadcrumb"},"inLanguage":"sq","potentialAction":[{"@type":"ReadAction","target":["https:\/\/permbledhja.com\/specialja-publikon-vendimin-edhe-per-nasim-haradinajn\/"]}]},{"@type":"BreadcrumbList","@id":"https:\/\/permbledhja.com\/specialja-publikon-vendimin-edhe-per-nasim-haradinajn\/#breadcrumb","itemListElement":[{"@type":"ListItem","position":1,"name":"Ballina","item":"https:\/\/permbledhja.com\/sq\/"},{"@type":"ListItem","position":2,"name":"Specialja publikon vendimin edhe p\u00ebr Nasim Haradinajn"}]},{"@type":"WebSite","@id":"https:\/\/permbledhja.com\/#website","url":"https:\/\/permbledhja.com\/","name":"Ve\u00e7 artikuj p\u00ebrmbledh\u00ebs","description":"","publisher":{"@id":"https:\/\/permbledhja.com\/#organization"},"potentialAction":[{"@type":"SearchAction","target":{"@type":"EntryPoint","urlTemplate":"https:\/\/permbledhja.com\/?s={search_term_string}"},"query-input":"required name=search_term_string"}],"inLanguage":"sq"},{"@type":"Organization","@id":"https:\/\/permbledhja.com\/#organization","name":"MK Media & Pr","url":"https:\/\/permbledhja.com\/","logo":{"@type":"ImageObject","inLanguage":"sq","@id":"https:\/\/permbledhja.com\/#\/schema\/logo\/image\/","url":"https:\/\/permbledhja.com\/wp-content\/uploads\/2021\/12\/07-Press-Logo.jpg","contentUrl":"https:\/\/permbledhja.com\/wp-content\/uploads\/2021\/12\/07-Press-Logo.jpg","width":512,"height":512,"caption":"MK Media & Pr"},"image":{"@id":"https:\/\/permbledhja.com\/#\/schema\/logo\/image\/"},"sameAs":["https:\/\/www.facebook.com\/press07\/"]},{"@type":"Person","@id":"https:\/\/permbledhja.com\/#\/schema\/person\/d23f13f59b5722643933d6780783acf3","name":"M M","image":{"@type":"ImageObject","inLanguage":"sq","@id":"https:\/\/permbledhja.com\/#\/schema\/person\/image\/","url":"https:\/\/secure.gravatar.com\/avatar\/e2835a76ca7c31a2416b2d51c4ec9a8f?s=96&d=mm&r=g","contentUrl":"https:\/\/secure.gravatar.com\/avatar\/e2835a76ca7c31a2416b2d51c4ec9a8f?s=96&d=mm&r=g","caption":"M M"},"sameAs":["http:\/\/MM"],"url":"https:\/\/permbledhja.com\/sq\/author\/muhamet\/"}]}},"_links":{"self":[{"href":"https:\/\/permbledhja.com\/sq\/wp-json\/wp\/v2\/posts\/31679"}],"collection":[{"href":"https:\/\/permbledhja.com\/sq\/wp-json\/wp\/v2\/posts"}],"about":[{"href":"https:\/\/permbledhja.com\/sq\/wp-json\/wp\/v2\/types\/post"}],"author":[{"embeddable":true,"href":"https:\/\/permbledhja.com\/sq\/wp-json\/wp\/v2\/users\/2"}],"replies":[{"embeddable":true,"href":"https:\/\/permbledhja.com\/sq\/wp-json\/wp\/v2\/comments?post=31679"}],"version-history":[{"count":1,"href":"https:\/\/permbledhja.com\/sq\/wp-json\/wp\/v2\/posts\/31679\/revisions"}],"predecessor-version":[{"id":31681,"href":"https:\/\/permbledhja.com\/sq\/wp-json\/wp\/v2\/posts\/31679\/revisions\/31681"}],"wp:featuredmedia":[{"embeddable":true,"href":"https:\/\/permbledhja.com\/sq\/wp-json\/wp\/v2\/media\/31680"}],"wp:attachment":[{"href":"https:\/\/permbledhja.com\/sq\/wp-json\/wp\/v2\/media?parent=31679"}],"wp:term":[{"taxonomy":"category","embeddable":true,"href":"https:\/\/permbledhja.com\/sq\/wp-json\/wp\/v2\/categories?post=31679"},{"taxonomy":"post_tag","embeddable":true,"href":"https:\/\/permbledhja.com\/sq\/wp-json\/wp\/v2\/tags?post=31679"}],"curies":[{"name":"wp","href":"https:\/\/api.w.org\/{rel}","templated":true}]}}