{"id":31649,"date":"2023-10-17T09:18:09","date_gmt":"2023-10-17T09:18:09","guid":{"rendered":"https:\/\/permbledhja.com\/?p=31649"},"modified":"2023-10-17T09:18:09","modified_gmt":"2023-10-17T09:18:09","slug":"vendosen-flamuj-te-kosoves-e-shqiperise-afer-pikes-kufitare-ne-bernjak","status":"publish","type":"post","link":"https:\/\/permbledhja.com\/sq\/vendosen-flamuj-te-kosoves-e-shqiperise-afer-pikes-kufitare-ne-bernjak\/","title":{"rendered":"Vendosen flamuj t\u00eb Kosov\u00ebs e Shqip\u00ebris\u00eb af\u00ebr pik\u00ebs kufitare n\u00eb B\u00ebrnjak"},"content":{"rendered":"<h3>N\u00eb af\u00ebrsi t\u00eb pik\u00ebs kufitare t\u00eb B\u00ebrnjakut, q\u00eb \u00ebsht\u00eb vendkalim me Serbin\u00eb jan\u00eb vendosur flamuj t\u00eb Kosov\u00ebs.<\/h3>\n<p>P\u00ebrve\u00e7 flamujve t\u00eb Kosov\u00ebs aty \u00ebsht\u00eb vendosur edhe flamuri komb\u00ebtar.<\/p>\n<p>Mediat lokale raportojn\u00eb se flamujt jan\u00eb vendosur n\u00eb rrug\u00eb t\u00eb h\u00ebn\u00ebn.<\/p>\n<p>Theksojm\u00eb se koh\u00eb m\u00eb par\u00eb kjo pik\u00eb kufitare me Serbin\u00eb ishte e mbyllur p\u00ebr shkak t\u00eb tensioneve n\u00eb veri t\u00eb vendit.<\/p>\n<p>Tashm\u00eb kjo pik\u00eb kufitare \u00ebsht\u00eb e hapur p\u00ebr \u00e7arkullim p\u00ebr qytetar\u00ebt t\u00eb cil\u00ebt e shfryt\u00ebzojn\u00eb k\u00ebt\u00eb pik\u00eb kufitare p\u00ebr kalim nga Kosova n\u00eb Serbi dhe anasjelltas.<\/p>\n","protected":false},"excerpt":{"rendered":"<p>N\u00eb af\u00ebrsi t\u00eb pik\u00ebs kufitare t\u00eb B\u00ebrnjakut, q\u00eb \u00ebsht\u00eb vendkalim me Serbin\u00eb jan\u00eb vendosur flamuj t\u00eb Kosov\u00ebs. P\u00ebrve\u00e7 flamujve t\u00eb Kosov\u00ebs aty \u00ebsht\u00eb vendosur edhe flamuri komb\u00ebtar. Mediat lokale raportojn\u00eb se flamujt jan\u00eb vendosur n\u00eb rrug\u00eb t\u00eb h\u00ebn\u00ebn. Theksojm\u00eb se koh\u00eb m\u00eb par\u00eb kjo pik\u00eb kufitare me Serbin\u00eb ishte e mbyllur p\u00ebr shkak t\u00eb tensioneve [&hellip;]<\/p>\n","protected":false},"author":2,"featured_media":31650,"comment_status":"closed","ping_status":"closed","sticky":false,"template":"","format":"standard","meta":{"_monsterinsights_skip_tracking":false,"_monsterinsights_sitenote_active":false,"_monsterinsights_sitenote_note":"","_monsterinsights_sitenote_category":0,"_uf_show_specific_survey":0,"_uf_disable_surveys":false,"footnotes":""},"categories":[23,15],"tags":[],"yoast_head":"<!-- This site is optimized with the Yoast SEO plugin v21.5 - https:\/\/yoast.com\/wordpress\/plugins\/seo\/ -->\n<title>Vendosen flamuj t\u00eb Kosov\u00ebs e Shqip\u00ebris\u00eb af\u00ebr pik\u00ebs kufitare n\u00eb B\u00ebrnjak<\/title>\n<meta name=\"robots\" content=\"index, follow, max-snippet:-1, max-image-preview:large, max-video-preview:-1\" \/>\n<link rel=\"canonical\" href=\"https:\/\/permbledhja.com\/sq\/vendosen-flamuj-te-kosoves-e-shqiperise-afer-pikes-kufitare-ne-bernjak\/\" \/>\n<meta property=\"og:locale\" content=\"sq_AL\" \/>\n<meta property=\"og:type\" content=\"article\" \/>\n<meta property=\"og:title\" content=\"Vendosen flamuj t\u00eb Kosov\u00ebs e Shqip\u00ebris\u00eb af\u00ebr pik\u00ebs kufitare n\u00eb B\u00ebrnjak\" \/>\n<meta property=\"og:description\" content=\"N\u00eb af\u00ebrsi t\u00eb pik\u00ebs kufitare t\u00eb B\u00ebrnjakut, q\u00eb \u00ebsht\u00eb vendkalim me Serbin\u00eb jan\u00eb vendosur flamuj t\u00eb Kosov\u00ebs. P\u00ebrve\u00e7 flamujve t\u00eb Kosov\u00ebs aty \u00ebsht\u00eb vendosur edhe flamuri komb\u00ebtar. Mediat lokale raportojn\u00eb se flamujt jan\u00eb vendosur n\u00eb rrug\u00eb t\u00eb h\u00ebn\u00ebn. Theksojm\u00eb se koh\u00eb m\u00eb par\u00eb kjo pik\u00eb kufitare me Serbin\u00eb ishte e mbyllur p\u00ebr shkak t\u00eb tensioneve [&hellip;]\" \/>\n<meta property=\"og:url\" content=\"https:\/\/permbledhja.com\/sq\/vendosen-flamuj-te-kosoves-e-shqiperise-afer-pikes-kufitare-ne-bernjak\/\" \/>\n<meta property=\"og:site_name\" content=\"Ve\u00e7 artikuj p\u00ebrmbledh\u00ebs\" \/>\n<meta property=\"article:publisher\" content=\"https:\/\/www.facebook.com\/press07\/\" \/>\n<meta property=\"article:published_time\" content=\"2023-10-17T09:18:09+00:00\" \/>\n<meta property=\"og:image\" content=\"https:\/\/permbledhja.com\/wp-content\/uploads\/2023\/10\/21.png\" \/>\n\t<meta property=\"og:image:width\" content=\"844\" \/>\n\t<meta property=\"og:image:height\" content=\"558\" \/>\n\t<meta property=\"og:image:type\" content=\"image\/png\" \/>\n<meta name=\"author\" content=\"M M\" \/>\n<meta name=\"twitter:card\" content=\"summary_large_image\" \/>\n<meta name=\"twitter:label1\" content=\"Written by\" \/>\n\t<meta name=\"twitter:data1\" content=\"M M\" \/>\n\t<meta name=\"twitter:label2\" content=\"Est. reading time\" \/>\n\t<meta name=\"twitter:data2\" content=\"1 minut\u00eb\" \/>\n<script type=\"application\/ld+json\" class=\"yoast-schema-graph\">{\"@context\":\"https:\/\/schema.org\",\"@graph\":[{\"@type\":\"Article\",\"@id\":\"https:\/\/permbledhja.com\/vendosen-flamuj-te-kosoves-e-shqiperise-afer-pikes-kufitare-ne-bernjak\/#article\",\"isPartOf\":{\"@id\":\"https:\/\/permbledhja.com\/vendosen-flamuj-te-kosoves-e-shqiperise-afer-pikes-kufitare-ne-bernjak\/\"},\"author\":{\"name\":\"M M\",\"@id\":\"https:\/\/permbledhja.com\/#\/schema\/person\/d23f13f59b5722643933d6780783acf3\"},\"headline\":\"Vendosen flamuj t\u00eb Kosov\u00ebs e Shqip\u00ebris\u00eb af\u00ebr pik\u00ebs kufitare n\u00eb B\u00ebrnjak\",\"datePublished\":\"2023-10-17T09:18:09+00:00\",\"dateModified\":\"2023-10-17T09:18:09+00:00\",\"mainEntityOfPage\":{\"@id\":\"https:\/\/permbledhja.com\/vendosen-flamuj-te-kosoves-e-shqiperise-afer-pikes-kufitare-ne-bernjak\/\"},\"wordCount\":118,\"publisher\":{\"@id\":\"https:\/\/permbledhja.com\/#organization\"},\"articleSection\":[\"Komb\u00ebtare\",\"Lajme\"],\"inLanguage\":\"sq\"},{\"@type\":\"WebPage\",\"@id\":\"https:\/\/permbledhja.com\/vendosen-flamuj-te-kosoves-e-shqiperise-afer-pikes-kufitare-ne-bernjak\/\",\"url\":\"https:\/\/permbledhja.com\/vendosen-flamuj-te-kosoves-e-shqiperise-afer-pikes-kufitare-ne-bernjak\/\",\"name\":\"Vendosen flamuj t\u00eb Kosov\u00ebs e Shqip\u00ebris\u00eb af\u00ebr pik\u00ebs kufitare n\u00eb B\u00ebrnjak\",\"isPartOf\":{\"@id\":\"https:\/\/permbledhja.com\/#website\"},\"datePublished\":\"2023-10-17T09:18:09+00:00\",\"dateModified\":\"2023-10-17T09:18:09+00:00\",\"breadcrumb\":{\"@id\":\"https:\/\/permbledhja.com\/vendosen-flamuj-te-kosoves-e-shqiperise-afer-pikes-kufitare-ne-bernjak\/#breadcrumb\"},\"inLanguage\":\"sq\",\"potentialAction\":[{\"@type\":\"ReadAction\",\"target\":[\"https:\/\/permbledhja.com\/vendosen-flamuj-te-kosoves-e-shqiperise-afer-pikes-kufitare-ne-bernjak\/\"]}]},{\"@type\":\"BreadcrumbList\",\"@id\":\"https:\/\/permbledhja.com\/vendosen-flamuj-te-kosoves-e-shqiperise-afer-pikes-kufitare-ne-bernjak\/#breadcrumb\",\"itemListElement\":[{\"@type\":\"ListItem\",\"position\":1,\"name\":\"Ballina\",\"item\":\"https:\/\/permbledhja.com\/sq\/\"},{\"@type\":\"ListItem\",\"position\":2,\"name\":\"Vendosen flamuj t\u00eb Kosov\u00ebs e Shqip\u00ebris\u00eb af\u00ebr pik\u00ebs kufitare n\u00eb B\u00ebrnjak\"}]},{\"@type\":\"WebSite\",\"@id\":\"https:\/\/permbledhja.com\/#website\",\"url\":\"https:\/\/permbledhja.com\/\",\"name\":\"Ve\u00e7 artikuj p\u00ebrmbledh\u00ebs\",\"description\":\"\",\"publisher\":{\"@id\":\"https:\/\/permbledhja.com\/#organization\"},\"potentialAction\":[{\"@type\":\"SearchAction\",\"target\":{\"@type\":\"EntryPoint\",\"urlTemplate\":\"https:\/\/permbledhja.com\/?s={search_term_string}\"},\"query-input\":\"required name=search_term_string\"}],\"inLanguage\":\"sq\"},{\"@type\":\"Organization\",\"@id\":\"https:\/\/permbledhja.com\/#organization\",\"name\":\"MK Media & Pr\",\"url\":\"https:\/\/permbledhja.com\/\",\"logo\":{\"@type\":\"ImageObject\",\"inLanguage\":\"sq\",\"@id\":\"https:\/\/permbledhja.com\/#\/schema\/logo\/image\/\",\"url\":\"https:\/\/permbledhja.com\/wp-content\/uploads\/2021\/12\/07-Press-Logo.jpg\",\"contentUrl\":\"https:\/\/permbledhja.com\/wp-content\/uploads\/2021\/12\/07-Press-Logo.jpg\",\"width\":512,\"height\":512,\"caption\":\"MK Media & Pr\"},\"image\":{\"@id\":\"https:\/\/permbledhja.com\/#\/schema\/logo\/image\/\"},\"sameAs\":[\"https:\/\/www.facebook.com\/press07\/\"]},{\"@type\":\"Person\",\"@id\":\"https:\/\/permbledhja.com\/#\/schema\/person\/d23f13f59b5722643933d6780783acf3\",\"name\":\"M M\",\"image\":{\"@type\":\"ImageObject\",\"inLanguage\":\"sq\",\"@id\":\"https:\/\/permbledhja.com\/#\/schema\/person\/image\/\",\"url\":\"https:\/\/secure.gravatar.com\/avatar\/e2835a76ca7c31a2416b2d51c4ec9a8f?s=96&d=mm&r=g\",\"contentUrl\":\"https:\/\/secure.gravatar.com\/avatar\/e2835a76ca7c31a2416b2d51c4ec9a8f?s=96&d=mm&r=g\",\"caption\":\"M M\"},\"sameAs\":[\"http:\/\/MM\"],\"url\":\"https:\/\/permbledhja.com\/sq\/author\/muhamet\/\"}]}<\/script>\n<!-- \/ Yoast SEO plugin. -->","yoast_head_json":{"title":"Vendosen flamuj t\u00eb Kosov\u00ebs e Shqip\u00ebris\u00eb af\u00ebr pik\u00ebs kufitare n\u00eb B\u00ebrnjak","robots":{"index":"index","follow":"follow","max-snippet":"max-snippet:-1","max-image-preview":"max-image-preview:large","max-video-preview":"max-video-preview:-1"},"canonical":"https:\/\/permbledhja.com\/sq\/vendosen-flamuj-te-kosoves-e-shqiperise-afer-pikes-kufitare-ne-bernjak\/","og_locale":"sq_AL","og_type":"article","og_title":"Vendosen flamuj t\u00eb Kosov\u00ebs e Shqip\u00ebris\u00eb af\u00ebr pik\u00ebs kufitare n\u00eb B\u00ebrnjak","og_description":"N\u00eb af\u00ebrsi t\u00eb pik\u00ebs kufitare t\u00eb B\u00ebrnjakut, q\u00eb \u00ebsht\u00eb vendkalim me Serbin\u00eb jan\u00eb vendosur flamuj t\u00eb Kosov\u00ebs. P\u00ebrve\u00e7 flamujve t\u00eb Kosov\u00ebs aty \u00ebsht\u00eb vendosur edhe flamuri komb\u00ebtar. Mediat lokale raportojn\u00eb se flamujt jan\u00eb vendosur n\u00eb rrug\u00eb t\u00eb h\u00ebn\u00ebn. Theksojm\u00eb se koh\u00eb m\u00eb par\u00eb kjo pik\u00eb kufitare me Serbin\u00eb ishte e mbyllur p\u00ebr shkak t\u00eb tensioneve [&hellip;]","og_url":"https:\/\/permbledhja.com\/sq\/vendosen-flamuj-te-kosoves-e-shqiperise-afer-pikes-kufitare-ne-bernjak\/","og_site_name":"Ve\u00e7 artikuj p\u00ebrmbledh\u00ebs","article_publisher":"https:\/\/www.facebook.com\/press07\/","article_published_time":"2023-10-17T09:18:09+00:00","og_image":[{"width":844,"height":558,"url":"https:\/\/permbledhja.com\/wp-content\/uploads\/2023\/10\/21.png","type":"image\/png"}],"author":"M M","twitter_card":"summary_large_image","twitter_misc":{"Written by":"M M","Est. reading time":"1 minut\u00eb"},"schema":{"@context":"https:\/\/schema.org","@graph":[{"@type":"Article","@id":"https:\/\/permbledhja.com\/vendosen-flamuj-te-kosoves-e-shqiperise-afer-pikes-kufitare-ne-bernjak\/#article","isPartOf":{"@id":"https:\/\/permbledhja.com\/vendosen-flamuj-te-kosoves-e-shqiperise-afer-pikes-kufitare-ne-bernjak\/"},"author":{"name":"M M","@id":"https:\/\/permbledhja.com\/#\/schema\/person\/d23f13f59b5722643933d6780783acf3"},"headline":"Vendosen flamuj t\u00eb Kosov\u00ebs e Shqip\u00ebris\u00eb af\u00ebr pik\u00ebs kufitare n\u00eb B\u00ebrnjak","datePublished":"2023-10-17T09:18:09+00:00","dateModified":"2023-10-17T09:18:09+00:00","mainEntityOfPage":{"@id":"https:\/\/permbledhja.com\/vendosen-flamuj-te-kosoves-e-shqiperise-afer-pikes-kufitare-ne-bernjak\/"},"wordCount":118,"publisher":{"@id":"https:\/\/permbledhja.com\/#organization"},"articleSection":["Komb\u00ebtare","Lajme"],"inLanguage":"sq"},{"@type":"WebPage","@id":"https:\/\/permbledhja.com\/vendosen-flamuj-te-kosoves-e-shqiperise-afer-pikes-kufitare-ne-bernjak\/","url":"https:\/\/permbledhja.com\/vendosen-flamuj-te-kosoves-e-shqiperise-afer-pikes-kufitare-ne-bernjak\/","name":"Vendosen flamuj t\u00eb Kosov\u00ebs e Shqip\u00ebris\u00eb af\u00ebr pik\u00ebs kufitare n\u00eb B\u00ebrnjak","isPartOf":{"@id":"https:\/\/permbledhja.com\/#website"},"datePublished":"2023-10-17T09:18:09+00:00","dateModified":"2023-10-17T09:18:09+00:00","breadcrumb":{"@id":"https:\/\/permbledhja.com\/vendosen-flamuj-te-kosoves-e-shqiperise-afer-pikes-kufitare-ne-bernjak\/#breadcrumb"},"inLanguage":"sq","potentialAction":[{"@type":"ReadAction","target":["https:\/\/permbledhja.com\/vendosen-flamuj-te-kosoves-e-shqiperise-afer-pikes-kufitare-ne-bernjak\/"]}]},{"@type":"BreadcrumbList","@id":"https:\/\/permbledhja.com\/vendosen-flamuj-te-kosoves-e-shqiperise-afer-pikes-kufitare-ne-bernjak\/#breadcrumb","itemListElement":[{"@type":"ListItem","position":1,"name":"Ballina","item":"https:\/\/permbledhja.com\/sq\/"},{"@type":"ListItem","position":2,"name":"Vendosen flamuj t\u00eb Kosov\u00ebs e Shqip\u00ebris\u00eb af\u00ebr pik\u00ebs kufitare n\u00eb B\u00ebrnjak"}]},{"@type":"WebSite","@id":"https:\/\/permbledhja.com\/#website","url":"https:\/\/permbledhja.com\/","name":"Ve\u00e7 artikuj p\u00ebrmbledh\u00ebs","description":"","publisher":{"@id":"https:\/\/permbledhja.com\/#organization"},"potentialAction":[{"@type":"SearchAction","target":{"@type":"EntryPoint","urlTemplate":"https:\/\/permbledhja.com\/?s={search_term_string}"},"query-input":"required name=search_term_string"}],"inLanguage":"sq"},{"@type":"Organization","@id":"https:\/\/permbledhja.com\/#organization","name":"MK Media & Pr","url":"https:\/\/permbledhja.com\/","logo":{"@type":"ImageObject","inLanguage":"sq","@id":"https:\/\/permbledhja.com\/#\/schema\/logo\/image\/","url":"https:\/\/permbledhja.com\/wp-content\/uploads\/2021\/12\/07-Press-Logo.jpg","contentUrl":"https:\/\/permbledhja.com\/wp-content\/uploads\/2021\/12\/07-Press-Logo.jpg","width":512,"height":512,"caption":"MK Media & Pr"},"image":{"@id":"https:\/\/permbledhja.com\/#\/schema\/logo\/image\/"},"sameAs":["https:\/\/www.facebook.com\/press07\/"]},{"@type":"Person","@id":"https:\/\/permbledhja.com\/#\/schema\/person\/d23f13f59b5722643933d6780783acf3","name":"M M","image":{"@type":"ImageObject","inLanguage":"sq","@id":"https:\/\/permbledhja.com\/#\/schema\/person\/image\/","url":"https:\/\/secure.gravatar.com\/avatar\/e2835a76ca7c31a2416b2d51c4ec9a8f?s=96&d=mm&r=g","contentUrl":"https:\/\/secure.gravatar.com\/avatar\/e2835a76ca7c31a2416b2d51c4ec9a8f?s=96&d=mm&r=g","caption":"M M"},"sameAs":["http:\/\/MM"],"url":"https:\/\/permbledhja.com\/sq\/author\/muhamet\/"}]}},"_links":{"self":[{"href":"https:\/\/permbledhja.com\/sq\/wp-json\/wp\/v2\/posts\/31649"}],"collection":[{"href":"https:\/\/permbledhja.com\/sq\/wp-json\/wp\/v2\/posts"}],"about":[{"href":"https:\/\/permbledhja.com\/sq\/wp-json\/wp\/v2\/types\/post"}],"author":[{"embeddable":true,"href":"https:\/\/permbledhja.com\/sq\/wp-json\/wp\/v2\/users\/2"}],"replies":[{"embeddable":true,"href":"https:\/\/permbledhja.com\/sq\/wp-json\/wp\/v2\/comments?post=31649"}],"version-history":[{"count":1,"href":"https:\/\/permbledhja.com\/sq\/wp-json\/wp\/v2\/posts\/31649\/revisions"}],"predecessor-version":[{"id":31651,"href":"https:\/\/permbledhja.com\/sq\/wp-json\/wp\/v2\/posts\/31649\/revisions\/31651"}],"wp:featuredmedia":[{"embeddable":true,"href":"https:\/\/permbledhja.com\/sq\/wp-json\/wp\/v2\/media\/31650"}],"wp:attachment":[{"href":"https:\/\/permbledhja.com\/sq\/wp-json\/wp\/v2\/media?parent=31649"}],"wp:term":[{"taxonomy":"category","embeddable":true,"href":"https:\/\/permbledhja.com\/sq\/wp-json\/wp\/v2\/categories?post=31649"},{"taxonomy":"post_tag","embeddable":true,"href":"https:\/\/permbledhja.com\/sq\/wp-json\/wp\/v2\/tags?post=31649"}],"curies":[{"name":"wp","href":"https:\/\/api.w.org\/{rel}","templated":true}]}}