{"id":31535,"date":"2023-10-16T13:10:50","date_gmt":"2023-10-16T13:10:50","guid":{"rendered":"https:\/\/permbledhja.com\/?p=31535"},"modified":"2023-10-16T13:10:50","modified_gmt":"2023-10-16T13:10:50","slug":"rezoluta-qe-pritet-te-miratohet-parlamenti-evropian-do-te-kerkoje-masa-ndeshkuese-ndaj-serbise","status":"publish","type":"post","link":"https:\/\/permbledhja.com\/sq\/rezoluta-qe-pritet-te-miratohet-parlamenti-evropian-do-te-kerkoje-masa-ndeshkuese-ndaj-serbise\/","title":{"rendered":"Rezoluta q\u00eb pritet t\u00eb miratohet: Parlamenti Evropian do t\u00eb k\u00ebrkoj\u00eb masa nd\u00ebshkuese ndaj Serbis\u00eb"},"content":{"rendered":"<h3>Grupet politike n\u00eb Parlamentin Evropian (PE) jan\u00eb duke formuluar propozimet e tyre p\u00ebr nj\u00eb rezolut\u00eb t\u00eb posa\u00e7me p\u00ebr zhvillimet n\u00eb Kosov\u00eb dhe p\u00ebr raportet mes Prishtin\u00ebs dhe Beogradit.<\/h3>\n<p>Burimet brenda PE-s\u00eb i kan\u00eb th\u00ebn\u00eb Radios Evropa e Lir\u00eb se n\u00eb baz\u00eb t\u00eb asaj q\u00eb \u00ebsht\u00eb deklaruar n\u00eb nj\u00eb diskutim p\u00ebr situat\u00ebn n\u00eb Kosov\u00eb para dy jav\u00ebsh, mund t\u00eb pritet q\u00eb n\u00eb k\u00ebt\u00eb rezolut\u00eb t\u00eb b\u00ebhet ftes\u00eb p\u00ebr Kosov\u00ebn dhe Serbin\u00eb q\u00eb t\u2019i kthehen dialogut t\u00eb nd\u00ebrmjet\u00ebsuar nga Brukseli, por edhe do t\u00eb k\u00ebrkohen masa nd\u00ebshkuese ndaj Serbis\u00eb.<\/p>\n<p>Sa i p\u00ebrket vendosjes s\u00eb masave ndaj Serbis\u00eb ka pajtim t\u00eb shumic\u00ebs n\u00eb PE, than\u00eb burimet. Por, vendimet n\u00eb k\u00ebt\u00eb drejtim i merr K\u00ebshilli i BE-s\u00eb n\u00eb rast se b\u00ebhet fjal\u00eb p\u00ebr sanksione klasike, apo Komisioni Evropian q\u00eb ka kompetenca t\u00eb vendos\u00eb masa nd\u00ebshkuese, ashtu si\u00e7 tashm\u00eb ka vendosur ndaj Kosov\u00ebs.<\/p>\n<p>Kjo rezolut\u00eb do t\u00eb vendoset n\u00eb procedur\u00eb t\u00eb p\u00ebrshpejtuar dhe pritet t\u00eb miratohet m\u00eb 19 tetor gjat\u00eb seanc\u00ebs plenare t\u00eb PE-s\u00eb.<\/p>\n<p>Sipas burimeve, p\u00ebrmes rezolut\u00ebs pritet t\u00eb k\u00ebrkohet hetimi i plot\u00eb p\u00ebr sulmin ndaj policis\u00eb s\u00eb Kosov\u00ebs m\u00eb 24 shtator n\u00eb fshatin Banjsk\u00eb t\u00eb Zve\u00e7anit.<\/p>\n<p>Kosova ka faj\u00ebsuar Serbin\u00eb p\u00ebr sulmin e grupit t\u00eb armatosur t\u00eb serb\u00ebve ndaj policis\u00eb s\u00eb Kosov\u00ebs, q\u00eb la t\u00eb vrar\u00eb policin Afrim Bunjaku. Serbia ka mohuar se ka gisht n\u00eb k\u00ebt\u00eb ngjarje.<\/p>\n<p>M\u00eb her\u00ebt BE-ja ka th\u00ebn\u00eb se po pret p\u00ebrfundimin e hetimeve dhe m\u00eb pas do t\u00eb nd\u00ebrmarr\u00eb hapa dhe masa t\u00eb mundshme.<\/p>\n<p>Ndryshe, ideja p\u00ebr nj\u00eb rezolut\u00eb t\u00eb till\u00eb n\u00eb PE \u00ebsht\u00eb prezantuar nga deputeti socialdemokrat nga Kroacia, Tonino Piculla, dhe ka marr\u00eb mb\u00ebshtetjen e nevojshme nga grupet politike.<\/p>\n<p>Tani pritet q\u00eb secili grup politik t\u00eb paraqes\u00eb draftin e vet p\u00ebr rezolut\u00eb. Pas k\u00ebsaj, do t\u00eb caktohet nj\u00eb udh\u00ebheq\u00ebs i cili do t\u00eb koordinoj\u00eb n\u00eb arritjen e nj\u00eb kompromisi p\u00ebr amendamentet e rezolut\u00ebs. Kur grupet t\u00eb arrihet pajtimin p\u00ebr tekstin e p\u00ebrbashk\u00ebt t\u00eb rezolut\u00ebs, at\u00ebher\u00eb do t\u00eb hidhet n\u00eb votim n\u00eb seanc\u00ebn plenare t\u00eb PE-s\u00eb.<\/p>\n","protected":false},"excerpt":{"rendered":"<p>Grupet politike n\u00eb Parlamentin Evropian (PE) jan\u00eb duke formuluar propozimet e tyre p\u00ebr nj\u00eb rezolut\u00eb t\u00eb posa\u00e7me p\u00ebr zhvillimet n\u00eb Kosov\u00eb dhe p\u00ebr raportet mes Prishtin\u00ebs dhe Beogradit. Burimet brenda PE-s\u00eb i kan\u00eb th\u00ebn\u00eb Radios Evropa e Lir\u00eb se n\u00eb baz\u00eb t\u00eb asaj q\u00eb \u00ebsht\u00eb deklaruar n\u00eb nj\u00eb diskutim p\u00ebr situat\u00ebn n\u00eb Kosov\u00eb para dy [&hellip;]<\/p>\n","protected":false},"author":2,"featured_media":31536,"comment_status":"closed","ping_status":"closed","sticky":false,"template":"","format":"standard","meta":{"_monsterinsights_skip_tracking":false,"_monsterinsights_sitenote_active":false,"_monsterinsights_sitenote_note":"","_monsterinsights_sitenote_category":0,"_uf_show_specific_survey":0,"_uf_disable_surveys":false,"footnotes":""},"categories":[23,15],"tags":[],"yoast_head":"<!-- This site is optimized with the Yoast SEO plugin v21.5 - https:\/\/yoast.com\/wordpress\/plugins\/seo\/ -->\n<title>Rezoluta q\u00eb pritet t\u00eb miratohet: Parlamenti Evropian do t\u00eb k\u00ebrkoj\u00eb masa nd\u00ebshkuese ndaj Serbis\u00eb<\/title>\n<meta name=\"robots\" content=\"index, follow, max-snippet:-1, max-image-preview:large, max-video-preview:-1\" \/>\n<link rel=\"canonical\" href=\"https:\/\/permbledhja.com\/sq\/rezoluta-qe-pritet-te-miratohet-parlamenti-evropian-do-te-kerkoje-masa-ndeshkuese-ndaj-serbise\/\" \/>\n<meta property=\"og:locale\" content=\"sq_AL\" \/>\n<meta property=\"og:type\" content=\"article\" \/>\n<meta property=\"og:title\" content=\"Rezoluta q\u00eb pritet t\u00eb miratohet: Parlamenti Evropian do t\u00eb k\u00ebrkoj\u00eb masa nd\u00ebshkuese ndaj Serbis\u00eb\" \/>\n<meta property=\"og:description\" content=\"Grupet politike n\u00eb Parlamentin Evropian (PE) jan\u00eb duke formuluar propozimet e tyre p\u00ebr nj\u00eb rezolut\u00eb t\u00eb posa\u00e7me p\u00ebr zhvillimet n\u00eb Kosov\u00eb dhe p\u00ebr raportet mes Prishtin\u00ebs dhe Beogradit. Burimet brenda PE-s\u00eb i kan\u00eb th\u00ebn\u00eb Radios Evropa e Lir\u00eb se n\u00eb baz\u00eb t\u00eb asaj q\u00eb \u00ebsht\u00eb deklaruar n\u00eb nj\u00eb diskutim p\u00ebr situat\u00ebn n\u00eb Kosov\u00eb para dy [&hellip;]\" \/>\n<meta property=\"og:url\" content=\"https:\/\/permbledhja.com\/sq\/rezoluta-qe-pritet-te-miratohet-parlamenti-evropian-do-te-kerkoje-masa-ndeshkuese-ndaj-serbise\/\" \/>\n<meta property=\"og:site_name\" content=\"Ve\u00e7 artikuj p\u00ebrmbledh\u00ebs\" \/>\n<meta property=\"article:publisher\" content=\"https:\/\/www.facebook.com\/press07\/\" \/>\n<meta property=\"article:published_time\" content=\"2023-10-16T13:10:50+00:00\" \/>\n<meta property=\"og:image\" content=\"https:\/\/permbledhja.com\/wp-content\/uploads\/2023\/10\/Parlamenti-Evropian-1.jpg\" \/>\n\t<meta property=\"og:image:width\" content=\"849\" \/>\n\t<meta property=\"og:image:height\" content=\"561\" \/>\n\t<meta property=\"og:image:type\" content=\"image\/jpeg\" \/>\n<meta name=\"author\" content=\"M M\" \/>\n<meta name=\"twitter:card\" content=\"summary_large_image\" \/>\n<meta name=\"twitter:label1\" content=\"Written by\" \/>\n\t<meta name=\"twitter:data1\" content=\"M M\" \/>\n\t<meta name=\"twitter:label2\" content=\"Est. reading time\" \/>\n\t<meta name=\"twitter:data2\" content=\"2 minuta\" \/>\n<script type=\"application\/ld+json\" class=\"yoast-schema-graph\">{\"@context\":\"https:\/\/schema.org\",\"@graph\":[{\"@type\":\"Article\",\"@id\":\"https:\/\/permbledhja.com\/sq\/rezoluta-qe-pritet-te-miratohet-parlamenti-evropian-do-te-kerkoje-masa-ndeshkuese-ndaj-serbise\/#article\",\"isPartOf\":{\"@id\":\"https:\/\/permbledhja.com\/sq\/rezoluta-qe-pritet-te-miratohet-parlamenti-evropian-do-te-kerkoje-masa-ndeshkuese-ndaj-serbise\/\"},\"author\":{\"name\":\"M M\",\"@id\":\"https:\/\/permbledhja.com\/#\/schema\/person\/d23f13f59b5722643933d6780783acf3\"},\"headline\":\"Rezoluta q\u00eb pritet t\u00eb miratohet: Parlamenti Evropian do t\u00eb k\u00ebrkoj\u00eb masa nd\u00ebshkuese ndaj Serbis\u00eb\",\"datePublished\":\"2023-10-16T13:10:50+00:00\",\"dateModified\":\"2023-10-16T13:10:50+00:00\",\"mainEntityOfPage\":{\"@id\":\"https:\/\/permbledhja.com\/sq\/rezoluta-qe-pritet-te-miratohet-parlamenti-evropian-do-te-kerkoje-masa-ndeshkuese-ndaj-serbise\/\"},\"wordCount\":391,\"publisher\":{\"@id\":\"https:\/\/permbledhja.com\/#organization\"},\"articleSection\":[\"Komb\u00ebtare\",\"Lajme\"],\"inLanguage\":\"sq\"},{\"@type\":\"WebPage\",\"@id\":\"https:\/\/permbledhja.com\/sq\/rezoluta-qe-pritet-te-miratohet-parlamenti-evropian-do-te-kerkoje-masa-ndeshkuese-ndaj-serbise\/\",\"url\":\"https:\/\/permbledhja.com\/sq\/rezoluta-qe-pritet-te-miratohet-parlamenti-evropian-do-te-kerkoje-masa-ndeshkuese-ndaj-serbise\/\",\"name\":\"Rezoluta q\u00eb pritet t\u00eb miratohet: Parlamenti Evropian do t\u00eb k\u00ebrkoj\u00eb masa nd\u00ebshkuese ndaj Serbis\u00eb\",\"isPartOf\":{\"@id\":\"https:\/\/permbledhja.com\/#website\"},\"datePublished\":\"2023-10-16T13:10:50+00:00\",\"dateModified\":\"2023-10-16T13:10:50+00:00\",\"breadcrumb\":{\"@id\":\"https:\/\/permbledhja.com\/sq\/rezoluta-qe-pritet-te-miratohet-parlamenti-evropian-do-te-kerkoje-masa-ndeshkuese-ndaj-serbise\/#breadcrumb\"},\"inLanguage\":\"sq\",\"potentialAction\":[{\"@type\":\"ReadAction\",\"target\":[\"https:\/\/permbledhja.com\/sq\/rezoluta-qe-pritet-te-miratohet-parlamenti-evropian-do-te-kerkoje-masa-ndeshkuese-ndaj-serbise\/\"]}]},{\"@type\":\"BreadcrumbList\",\"@id\":\"https:\/\/permbledhja.com\/sq\/rezoluta-qe-pritet-te-miratohet-parlamenti-evropian-do-te-kerkoje-masa-ndeshkuese-ndaj-serbise\/#breadcrumb\",\"itemListElement\":[{\"@type\":\"ListItem\",\"position\":1,\"name\":\"Ballina\",\"item\":\"https:\/\/permbledhja.com\/sq\/\"},{\"@type\":\"ListItem\",\"position\":2,\"name\":\"Rezoluta q\u00eb pritet t\u00eb miratohet: Parlamenti Evropian do t\u00eb k\u00ebrkoj\u00eb masa nd\u00ebshkuese ndaj Serbis\u00eb\"}]},{\"@type\":\"WebSite\",\"@id\":\"https:\/\/permbledhja.com\/#website\",\"url\":\"https:\/\/permbledhja.com\/\",\"name\":\"Ve\u00e7 artikuj p\u00ebrmbledh\u00ebs\",\"description\":\"\",\"publisher\":{\"@id\":\"https:\/\/permbledhja.com\/#organization\"},\"potentialAction\":[{\"@type\":\"SearchAction\",\"target\":{\"@type\":\"EntryPoint\",\"urlTemplate\":\"https:\/\/permbledhja.com\/?s={search_term_string}\"},\"query-input\":\"required name=search_term_string\"}],\"inLanguage\":\"sq\"},{\"@type\":\"Organization\",\"@id\":\"https:\/\/permbledhja.com\/#organization\",\"name\":\"MK Media & Pr\",\"url\":\"https:\/\/permbledhja.com\/\",\"logo\":{\"@type\":\"ImageObject\",\"inLanguage\":\"sq\",\"@id\":\"https:\/\/permbledhja.com\/#\/schema\/logo\/image\/\",\"url\":\"https:\/\/permbledhja.com\/wp-content\/uploads\/2021\/12\/07-Press-Logo.jpg\",\"contentUrl\":\"https:\/\/permbledhja.com\/wp-content\/uploads\/2021\/12\/07-Press-Logo.jpg\",\"width\":512,\"height\":512,\"caption\":\"MK Media & Pr\"},\"image\":{\"@id\":\"https:\/\/permbledhja.com\/#\/schema\/logo\/image\/\"},\"sameAs\":[\"https:\/\/www.facebook.com\/press07\/\"]},{\"@type\":\"Person\",\"@id\":\"https:\/\/permbledhja.com\/#\/schema\/person\/d23f13f59b5722643933d6780783acf3\",\"name\":\"M M\",\"image\":{\"@type\":\"ImageObject\",\"inLanguage\":\"sq\",\"@id\":\"https:\/\/permbledhja.com\/#\/schema\/person\/image\/\",\"url\":\"https:\/\/secure.gravatar.com\/avatar\/e2835a76ca7c31a2416b2d51c4ec9a8f?s=96&d=mm&r=g\",\"contentUrl\":\"https:\/\/secure.gravatar.com\/avatar\/e2835a76ca7c31a2416b2d51c4ec9a8f?s=96&d=mm&r=g\",\"caption\":\"M M\"},\"sameAs\":[\"http:\/\/MM\"],\"url\":\"https:\/\/permbledhja.com\/sq\/author\/muhamet\/\"}]}<\/script>\n<!-- \/ Yoast SEO plugin. -->","yoast_head_json":{"title":"Rezoluta q\u00eb pritet t\u00eb miratohet: Parlamenti Evropian do t\u00eb k\u00ebrkoj\u00eb masa nd\u00ebshkuese ndaj Serbis\u00eb","robots":{"index":"index","follow":"follow","max-snippet":"max-snippet:-1","max-image-preview":"max-image-preview:large","max-video-preview":"max-video-preview:-1"},"canonical":"https:\/\/permbledhja.com\/sq\/rezoluta-qe-pritet-te-miratohet-parlamenti-evropian-do-te-kerkoje-masa-ndeshkuese-ndaj-serbise\/","og_locale":"sq_AL","og_type":"article","og_title":"Rezoluta q\u00eb pritet t\u00eb miratohet: Parlamenti Evropian do t\u00eb k\u00ebrkoj\u00eb masa nd\u00ebshkuese ndaj Serbis\u00eb","og_description":"Grupet politike n\u00eb Parlamentin Evropian (PE) jan\u00eb duke formuluar propozimet e tyre p\u00ebr nj\u00eb rezolut\u00eb t\u00eb posa\u00e7me p\u00ebr zhvillimet n\u00eb Kosov\u00eb dhe p\u00ebr raportet mes Prishtin\u00ebs dhe Beogradit. Burimet brenda PE-s\u00eb i kan\u00eb th\u00ebn\u00eb Radios Evropa e Lir\u00eb se n\u00eb baz\u00eb t\u00eb asaj q\u00eb \u00ebsht\u00eb deklaruar n\u00eb nj\u00eb diskutim p\u00ebr situat\u00ebn n\u00eb Kosov\u00eb para dy [&hellip;]","og_url":"https:\/\/permbledhja.com\/sq\/rezoluta-qe-pritet-te-miratohet-parlamenti-evropian-do-te-kerkoje-masa-ndeshkuese-ndaj-serbise\/","og_site_name":"Ve\u00e7 artikuj p\u00ebrmbledh\u00ebs","article_publisher":"https:\/\/www.facebook.com\/press07\/","article_published_time":"2023-10-16T13:10:50+00:00","og_image":[{"width":849,"height":561,"url":"https:\/\/permbledhja.com\/wp-content\/uploads\/2023\/10\/Parlamenti-Evropian-1.jpg","type":"image\/jpeg"}],"author":"M M","twitter_card":"summary_large_image","twitter_misc":{"Written by":"M M","Est. reading time":"2 minuta"},"schema":{"@context":"https:\/\/schema.org","@graph":[{"@type":"Article","@id":"https:\/\/permbledhja.com\/sq\/rezoluta-qe-pritet-te-miratohet-parlamenti-evropian-do-te-kerkoje-masa-ndeshkuese-ndaj-serbise\/#article","isPartOf":{"@id":"https:\/\/permbledhja.com\/sq\/rezoluta-qe-pritet-te-miratohet-parlamenti-evropian-do-te-kerkoje-masa-ndeshkuese-ndaj-serbise\/"},"author":{"name":"M M","@id":"https:\/\/permbledhja.com\/#\/schema\/person\/d23f13f59b5722643933d6780783acf3"},"headline":"Rezoluta q\u00eb pritet t\u00eb miratohet: Parlamenti Evropian do t\u00eb k\u00ebrkoj\u00eb masa nd\u00ebshkuese ndaj Serbis\u00eb","datePublished":"2023-10-16T13:10:50+00:00","dateModified":"2023-10-16T13:10:50+00:00","mainEntityOfPage":{"@id":"https:\/\/permbledhja.com\/sq\/rezoluta-qe-pritet-te-miratohet-parlamenti-evropian-do-te-kerkoje-masa-ndeshkuese-ndaj-serbise\/"},"wordCount":391,"publisher":{"@id":"https:\/\/permbledhja.com\/#organization"},"articleSection":["Komb\u00ebtare","Lajme"],"inLanguage":"sq"},{"@type":"WebPage","@id":"https:\/\/permbledhja.com\/sq\/rezoluta-qe-pritet-te-miratohet-parlamenti-evropian-do-te-kerkoje-masa-ndeshkuese-ndaj-serbise\/","url":"https:\/\/permbledhja.com\/sq\/rezoluta-qe-pritet-te-miratohet-parlamenti-evropian-do-te-kerkoje-masa-ndeshkuese-ndaj-serbise\/","name":"Rezoluta q\u00eb pritet t\u00eb miratohet: Parlamenti Evropian do t\u00eb k\u00ebrkoj\u00eb masa nd\u00ebshkuese ndaj Serbis\u00eb","isPartOf":{"@id":"https:\/\/permbledhja.com\/#website"},"datePublished":"2023-10-16T13:10:50+00:00","dateModified":"2023-10-16T13:10:50+00:00","breadcrumb":{"@id":"https:\/\/permbledhja.com\/sq\/rezoluta-qe-pritet-te-miratohet-parlamenti-evropian-do-te-kerkoje-masa-ndeshkuese-ndaj-serbise\/#breadcrumb"},"inLanguage":"sq","potentialAction":[{"@type":"ReadAction","target":["https:\/\/permbledhja.com\/sq\/rezoluta-qe-pritet-te-miratohet-parlamenti-evropian-do-te-kerkoje-masa-ndeshkuese-ndaj-serbise\/"]}]},{"@type":"BreadcrumbList","@id":"https:\/\/permbledhja.com\/sq\/rezoluta-qe-pritet-te-miratohet-parlamenti-evropian-do-te-kerkoje-masa-ndeshkuese-ndaj-serbise\/#breadcrumb","itemListElement":[{"@type":"ListItem","position":1,"name":"Ballina","item":"https:\/\/permbledhja.com\/sq\/"},{"@type":"ListItem","position":2,"name":"Rezoluta q\u00eb pritet t\u00eb miratohet: Parlamenti Evropian do t\u00eb k\u00ebrkoj\u00eb masa nd\u00ebshkuese ndaj Serbis\u00eb"}]},{"@type":"WebSite","@id":"https:\/\/permbledhja.com\/#website","url":"https:\/\/permbledhja.com\/","name":"Ve\u00e7 artikuj p\u00ebrmbledh\u00ebs","description":"","publisher":{"@id":"https:\/\/permbledhja.com\/#organization"},"potentialAction":[{"@type":"SearchAction","target":{"@type":"EntryPoint","urlTemplate":"https:\/\/permbledhja.com\/?s={search_term_string}"},"query-input":"required name=search_term_string"}],"inLanguage":"sq"},{"@type":"Organization","@id":"https:\/\/permbledhja.com\/#organization","name":"MK Media & Pr","url":"https:\/\/permbledhja.com\/","logo":{"@type":"ImageObject","inLanguage":"sq","@id":"https:\/\/permbledhja.com\/#\/schema\/logo\/image\/","url":"https:\/\/permbledhja.com\/wp-content\/uploads\/2021\/12\/07-Press-Logo.jpg","contentUrl":"https:\/\/permbledhja.com\/wp-content\/uploads\/2021\/12\/07-Press-Logo.jpg","width":512,"height":512,"caption":"MK Media & Pr"},"image":{"@id":"https:\/\/permbledhja.com\/#\/schema\/logo\/image\/"},"sameAs":["https:\/\/www.facebook.com\/press07\/"]},{"@type":"Person","@id":"https:\/\/permbledhja.com\/#\/schema\/person\/d23f13f59b5722643933d6780783acf3","name":"M M","image":{"@type":"ImageObject","inLanguage":"sq","@id":"https:\/\/permbledhja.com\/#\/schema\/person\/image\/","url":"https:\/\/secure.gravatar.com\/avatar\/e2835a76ca7c31a2416b2d51c4ec9a8f?s=96&d=mm&r=g","contentUrl":"https:\/\/secure.gravatar.com\/avatar\/e2835a76ca7c31a2416b2d51c4ec9a8f?s=96&d=mm&r=g","caption":"M M"},"sameAs":["http:\/\/MM"],"url":"https:\/\/permbledhja.com\/sq\/author\/muhamet\/"}]}},"_links":{"self":[{"href":"https:\/\/permbledhja.com\/sq\/wp-json\/wp\/v2\/posts\/31535"}],"collection":[{"href":"https:\/\/permbledhja.com\/sq\/wp-json\/wp\/v2\/posts"}],"about":[{"href":"https:\/\/permbledhja.com\/sq\/wp-json\/wp\/v2\/types\/post"}],"author":[{"embeddable":true,"href":"https:\/\/permbledhja.com\/sq\/wp-json\/wp\/v2\/users\/2"}],"replies":[{"embeddable":true,"href":"https:\/\/permbledhja.com\/sq\/wp-json\/wp\/v2\/comments?post=31535"}],"version-history":[{"count":1,"href":"https:\/\/permbledhja.com\/sq\/wp-json\/wp\/v2\/posts\/31535\/revisions"}],"predecessor-version":[{"id":31537,"href":"https:\/\/permbledhja.com\/sq\/wp-json\/wp\/v2\/posts\/31535\/revisions\/31537"}],"wp:featuredmedia":[{"embeddable":true,"href":"https:\/\/permbledhja.com\/sq\/wp-json\/wp\/v2\/media\/31536"}],"wp:attachment":[{"href":"https:\/\/permbledhja.com\/sq\/wp-json\/wp\/v2\/media?parent=31535"}],"wp:term":[{"taxonomy":"category","embeddable":true,"href":"https:\/\/permbledhja.com\/sq\/wp-json\/wp\/v2\/categories?post=31535"},{"taxonomy":"post_tag","embeddable":true,"href":"https:\/\/permbledhja.com\/sq\/wp-json\/wp\/v2\/tags?post=31535"}],"curies":[{"name":"wp","href":"https:\/\/api.w.org\/{rel}","templated":true}]}}