{"id":31532,"date":"2023-10-16T12:56:29","date_gmt":"2023-10-16T12:56:29","guid":{"rendered":"https:\/\/permbledhja.com\/?p=31532"},"modified":"2023-10-16T12:56:29","modified_gmt":"2023-10-16T12:56:29","slug":"te-enjten-mbahen-dy-seanca-te-kuvendit-keto-jane-pikat-e-rendesishme-te-rendit-te-dites","status":"publish","type":"post","link":"https:\/\/permbledhja.com\/sq\/te-enjten-mbahen-dy-seanca-te-kuvendit-keto-jane-pikat-e-rendesishme-te-rendit-te-dites\/","title":{"rendered":"T\u00eb enjten mbahen dy seanca t\u00eb Kuvendit, k\u00ebto jan\u00eb pikat e r\u00ebnd\u00ebsishme t\u00eb rendit t\u00eb dit\u00ebs"},"content":{"rendered":"<h3>T\u00eb enjten do t\u00eb mbahen dy seanca plenare, ku deputet\u00ebt do t\u00eb votojn\u00eb edhe disa marr\u00ebveshje nd\u00ebrkomb\u00ebtare.<\/h3>\n<p>K\u00ebshtu \u00ebsht\u00eb vendosur n\u00eb mbledhjen e Kryesis\u00eb s\u00eb Kuvendit t\u00eb Kosov\u00ebs, ku deputeti i LVV-s\u00eb, Armend Muja shtoi se PDK e ka b\u00ebr\u00eb t\u00eb ditur se nuk do t\u00eb marrin pjes\u00eb n\u00eb votim. Ai u shpreh se arsyeja e mos-pjes\u00ebmarrjes n\u00eb votim t\u00eb k\u00ebsaj partie \u00ebsht\u00eb sanksionimi i Kosov\u00ebs n\u00eb Bashkimin Evropian.<\/p>\n<p>Deputeti i L\u00ebvizjes Vet\u00ebvendosje, Armend Muja u shpreh se zgjedhjet nuk jan\u00eb n\u00eb dobi t\u00eb opozit\u00ebs n\u00eb k\u00ebt\u00eb koh\u00eb, por q\u00eb shtoi se p\u00ebr k\u00ebt\u00eb nuk frik\u00ebsohet L\u00ebvizja Vet\u00ebvendosje.<\/p>\n<p>\u201cT\u00eb enjten do t\u00eb jen\u00eb dy seanca, nj\u00eb seanc\u00eb e cila n\u00eb m\u00ebngjes do t\u00eb mbahet me k\u00ebrkes\u00eb t\u00eb opozit\u00ebs dhe e dyta do t\u00eb mbahet sipas rendit t\u00eb dit\u00ebs dhe aty do t\u00eb hidhen n\u00eb votim disa marr\u00ebveshje nd\u00ebrkomb\u00ebtare. Marr\u00ebveshja nd\u00ebrkomb\u00ebtare q\u00eb do t\u00eb hidhet n\u00eb votim \u00ebsht\u00eb mir\u00eb q\u00eb t\u00eb kuptohet nga publiku, jan\u00eb dy marr\u00ebveshje t\u00eb financuara nga qeveria gjermane, nj\u00eb marr\u00ebveshje p\u00ebr bujq\u00ebsi p\u00ebr zon\u00ebn malore me qeverin\u00eb gjermane, tjetra \u00ebsht\u00eb p\u00ebr KOST-in sa i p\u00ebrket riparimit t\u00eb linjave t\u00eb fuqis\u00eb 110 dhe 220. Nj\u00eb marr\u00ebveshje tjet\u00ebr q\u00eb hidhet n\u00eb votim \u00ebsht\u00eb me Qeverin\u00eb e Danimark\u00ebs sa i p\u00ebrket p\u00ebrdorimit t\u00eb burgjeve t\u00eb Kosov\u00ebs, nj\u00eb marr\u00ebveshje tjet\u00ebr \u00ebsht\u00eb linja hekurudhore Prishtin\u00eb-Mitrovic\u00eb nj\u00eb projekt jasht\u00ebzakonisht i r\u00ebnd\u00ebsish\u00ebm\u201d, u shpreh ai.<\/p>\n<p>Muja shtoi se puna e Kuvendit po v\u00ebshtir\u00ebsohet, meq\u00eb opozita nuk po heq dor\u00eb nga q\u00ebndrimet.<\/p>\n<p>\u201cJu e dini q\u00eb ne kemi pasur v\u00ebshtir\u00ebsi q\u00eb gjasht\u00eb-shtat\u00eb muaj q\u00eb k\u00ebto marr\u00ebveshje t\u00eb votohen. Sipas nenit 19 dhe 20 k\u00ebrkohet shumica q\u00eb k\u00ebto marr\u00ebveshje t\u00eb votohen. Mjerisht, p\u00ebr shkak t\u00eb abstenimit apo mos-votimit nga partit\u00eb opozitare, k\u00ebto marr\u00ebveshje nuk kalojn\u00eb. Sot ne na u tha zyrtarisht nga Partia Demokratike t\u00eb Kosov\u00ebs q\u00eb arsyeja pse k\u00ebto marr\u00ebveshje nuk i votojn\u00eb \u00ebsht\u00eb p\u00ebr shkak se Kosova \u00ebsht\u00eb n\u00ebn sanksione nd\u00ebrkomb\u00ebtare. Mendoj q\u00eb \u00ebsht\u00eb e padrejt\u00eb ndaj qytetar\u00ebve, sikurse q\u00eb ishin sanksionet. Mendoj q\u00eb edhe logjika e sanksionimit t\u00eb Kosov\u00ebs a qen\u00eb gabim tashm\u00eb, masat ishin t\u00eb padrejta. \u00cbsht\u00eb p\u00ebr keqardhje q\u00eb nj\u00eb subjekt politik paska marr\u00eb pozicionim t\u00eb till\u00eb, por gjithsesi e sinqert\u00eb q\u00eb ta kuptojm\u00eb q\u00eb pas 6-7 muajve na u tha sinqerisht se pse ato nuk po votohen\u201d,\u00a0shtoi ai.<\/p>\n<div class=\"code-block code-block-2\">\n<p>Pas mbledhjes s\u00eb kryesis\u00eb, Muja shtoi se qeveria i ka plot\u00ebsuar t\u00eb gjitha p\u00ebrkushtimet e Bratislav\u00ebs dhe se u takon qytetar\u00ebve n\u00eb veri t\u00eb vendit q\u00eb t\u00eb ndryshojn\u00eb kryetarin e komun\u00ebs.<\/p>\n<p>\u201cNe si shumic\u00eb parlamentare e kemi bindjen q\u00eb qeveria i ka plot\u00ebsuar t\u00eb gjitha p\u00ebrkushtimet e Bratislav\u00ebs. Parimisht jemi shum\u00eb t\u00eb interesuar q\u00eb \u00e7do subjekt politik t\u00eb merr pjes\u00eb n\u00eb zgjedhje, sikurse edhe qytetar\u00ebt e atij vendi. Megjithat\u00eb, \u00ebsht\u00eb e fundit q\u00eb mund t\u00eb moralizoj\u00eb p\u00ebr k\u00ebto \u00e7\u00ebshtje Lista Serbe. Un\u00eb besoj q\u00eb sa i p\u00ebrket List\u00ebs Serbe kemi disa \u00e7\u00ebshtje p\u00ebr t\u00eb sqaruar, sa i p\u00ebrket atyre \u00e7\u00ebshtjeve t\u00eb mbar\u00ebvajtjes ose inicimit t\u00eb procesit zgjedhor, udh\u00ebzimi administrativ \u00ebsht\u00eb miratuar dhe i takon qytetar\u00ebve n\u00eb rast q\u00eb ata e duan q\u00eb ta ndryshojn\u00eb kryetarin e komun\u00ebs, ju takon qytetar\u00ebve\u201d,\u00a0u shpreh ai.<\/p>\n<p>Teksa komentoi agresionin n\u00eb Banjsk\u00eb t\u00eb Zve\u00e7anit me 24 shtator, Muja shtoi se forcat e rendit duhet t\u00eb k\u00ebrkojn\u00eb ekstradimin e Milan Radoji\u00e7iqit.<\/p>\n<p>\u201cForcat tona t\u00eb rendit por edhe ato t\u00eb sistemit gjyq\u00ebsor duhet t\u00eb b\u00ebjn\u00eb p\u00ebrpjekjet maksimale q\u00eb t\u00eb k\u00ebrkojn\u00eb ekstradimin e tij, por jo vet\u00ebm t\u00eb atij, t\u00eb t\u00eb gjith\u00eb pjes\u00ebmarr\u00ebsve \u00ebsht\u00eb e r\u00ebnd\u00ebsishme. Kosova duhet t\u00eb p\u00ebrkushtohet edhe p\u00ebr urdh\u00ebrdh\u00ebn\u00ebsit politik ata q\u00eb e kan\u00eb mb\u00ebshtetur politikisht, financiarisht, logjistikisht. Aty duhet t\u00eb jet\u00eb fokusi, nuk \u00ebsht\u00eb e mjaftueshme vet\u00ebm p\u00ebr nj\u00eb individ, sepse aty kishte nj\u00eb aparat t\u00eb t\u00ebr\u00eb shtet\u00ebror. Vu\u00e7iq, Mojsilovi\u00e7, Vu\u00e7eviq q\u00eb \u00ebsht\u00eb minist\u00ebr i Mbrojtjes, Vulin shef i BIA-s, k\u00ebto jan\u00eb figura me r\u00ebnd\u00ebsi jetike q\u00eb t\u2019i p\u00ebrkushtojm\u00eb m\u00eb shum\u00eb v\u00ebmendje\u201d, shtoi ai.<\/p>\n<\/div>\n","protected":false},"excerpt":{"rendered":"<p>T\u00eb enjten do t\u00eb mbahen dy seanca plenare, ku deputet\u00ebt do t\u00eb votojn\u00eb edhe disa marr\u00ebveshje nd\u00ebrkomb\u00ebtare. K\u00ebshtu \u00ebsht\u00eb vendosur n\u00eb mbledhjen e Kryesis\u00eb s\u00eb Kuvendit t\u00eb Kosov\u00ebs, ku deputeti i LVV-s\u00eb, Armend Muja shtoi se PDK e ka b\u00ebr\u00eb t\u00eb ditur se nuk do t\u00eb marrin pjes\u00eb n\u00eb votim. Ai u shpreh se arsyeja [&hellip;]<\/p>\n","protected":false},"author":2,"featured_media":31533,"comment_status":"closed","ping_status":"closed","sticky":false,"template":"","format":"standard","meta":{"_monsterinsights_skip_tracking":false,"_monsterinsights_sitenote_active":false,"_monsterinsights_sitenote_note":"","_monsterinsights_sitenote_category":0,"_uf_show_specific_survey":0,"_uf_disable_surveys":false,"footnotes":""},"categories":[23,15],"tags":[],"yoast_head":"<!-- This site is optimized with the Yoast SEO plugin v21.5 - https:\/\/yoast.com\/wordpress\/plugins\/seo\/ -->\n<title>T\u00eb enjten mbahen dy seanca t\u00eb Kuvendit, k\u00ebto jan\u00eb pikat e r\u00ebnd\u00ebsishme t\u00eb rendit t\u00eb dit\u00ebs<\/title>\n<meta name=\"robots\" content=\"index, follow, max-snippet:-1, max-image-preview:large, max-video-preview:-1\" \/>\n<link rel=\"canonical\" href=\"https:\/\/permbledhja.com\/sq\/te-enjten-mbahen-dy-seanca-te-kuvendit-keto-jane-pikat-e-rendesishme-te-rendit-te-dites\/\" \/>\n<meta property=\"og:locale\" content=\"sq_AL\" \/>\n<meta property=\"og:type\" content=\"article\" \/>\n<meta property=\"og:title\" content=\"T\u00eb enjten mbahen dy seanca t\u00eb Kuvendit, k\u00ebto jan\u00eb pikat e r\u00ebnd\u00ebsishme t\u00eb rendit t\u00eb dit\u00ebs\" \/>\n<meta property=\"og:description\" content=\"T\u00eb enjten do t\u00eb mbahen dy seanca plenare, ku deputet\u00ebt do t\u00eb votojn\u00eb edhe disa marr\u00ebveshje nd\u00ebrkomb\u00ebtare. K\u00ebshtu \u00ebsht\u00eb vendosur n\u00eb mbledhjen e Kryesis\u00eb s\u00eb Kuvendit t\u00eb Kosov\u00ebs, ku deputeti i LVV-s\u00eb, Armend Muja shtoi se PDK e ka b\u00ebr\u00eb t\u00eb ditur se nuk do t\u00eb marrin pjes\u00eb n\u00eb votim. Ai u shpreh se arsyeja [&hellip;]\" \/>\n<meta property=\"og:url\" content=\"https:\/\/permbledhja.com\/sq\/te-enjten-mbahen-dy-seanca-te-kuvendit-keto-jane-pikat-e-rendesishme-te-rendit-te-dites\/\" \/>\n<meta property=\"og:site_name\" content=\"Ve\u00e7 artikuj p\u00ebrmbledh\u00ebs\" \/>\n<meta property=\"article:publisher\" content=\"https:\/\/www.facebook.com\/press07\/\" \/>\n<meta property=\"article:published_time\" content=\"2023-10-16T12:56:29+00:00\" \/>\n<meta property=\"og:image\" content=\"https:\/\/permbledhja.com\/wp-content\/uploads\/2023\/10\/vendim.png\" \/>\n\t<meta property=\"og:image:width\" content=\"933\" \/>\n\t<meta property=\"og:image:height\" content=\"593\" \/>\n\t<meta property=\"og:image:type\" content=\"image\/png\" \/>\n<meta name=\"author\" content=\"M M\" \/>\n<meta name=\"twitter:card\" content=\"summary_large_image\" \/>\n<meta name=\"twitter:label1\" content=\"Written by\" \/>\n\t<meta name=\"twitter:data1\" content=\"M M\" \/>\n\t<meta name=\"twitter:label2\" content=\"Est. reading time\" \/>\n\t<meta name=\"twitter:data2\" content=\"4 minuta\" \/>\n<script type=\"application\/ld+json\" class=\"yoast-schema-graph\">{\"@context\":\"https:\/\/schema.org\",\"@graph\":[{\"@type\":\"Article\",\"@id\":\"https:\/\/permbledhja.com\/sq\/te-enjten-mbahen-dy-seanca-te-kuvendit-keto-jane-pikat-e-rendesishme-te-rendit-te-dites\/#article\",\"isPartOf\":{\"@id\":\"https:\/\/permbledhja.com\/sq\/te-enjten-mbahen-dy-seanca-te-kuvendit-keto-jane-pikat-e-rendesishme-te-rendit-te-dites\/\"},\"author\":{\"name\":\"M M\",\"@id\":\"https:\/\/permbledhja.com\/#\/schema\/person\/d23f13f59b5722643933d6780783acf3\"},\"headline\":\"T\u00eb enjten mbahen dy seanca t\u00eb Kuvendit, k\u00ebto jan\u00eb pikat e r\u00ebnd\u00ebsishme t\u00eb rendit t\u00eb dit\u00ebs\",\"datePublished\":\"2023-10-16T12:56:29+00:00\",\"dateModified\":\"2023-10-16T12:56:29+00:00\",\"mainEntityOfPage\":{\"@id\":\"https:\/\/permbledhja.com\/sq\/te-enjten-mbahen-dy-seanca-te-kuvendit-keto-jane-pikat-e-rendesishme-te-rendit-te-dites\/\"},\"wordCount\":761,\"publisher\":{\"@id\":\"https:\/\/permbledhja.com\/#organization\"},\"articleSection\":[\"Komb\u00ebtare\",\"Lajme\"],\"inLanguage\":\"sq\"},{\"@type\":\"WebPage\",\"@id\":\"https:\/\/permbledhja.com\/sq\/te-enjten-mbahen-dy-seanca-te-kuvendit-keto-jane-pikat-e-rendesishme-te-rendit-te-dites\/\",\"url\":\"https:\/\/permbledhja.com\/sq\/te-enjten-mbahen-dy-seanca-te-kuvendit-keto-jane-pikat-e-rendesishme-te-rendit-te-dites\/\",\"name\":\"T\u00eb enjten mbahen dy seanca t\u00eb Kuvendit, k\u00ebto jan\u00eb pikat e r\u00ebnd\u00ebsishme t\u00eb rendit t\u00eb dit\u00ebs\",\"isPartOf\":{\"@id\":\"https:\/\/permbledhja.com\/#website\"},\"datePublished\":\"2023-10-16T12:56:29+00:00\",\"dateModified\":\"2023-10-16T12:56:29+00:00\",\"breadcrumb\":{\"@id\":\"https:\/\/permbledhja.com\/sq\/te-enjten-mbahen-dy-seanca-te-kuvendit-keto-jane-pikat-e-rendesishme-te-rendit-te-dites\/#breadcrumb\"},\"inLanguage\":\"sq\",\"potentialAction\":[{\"@type\":\"ReadAction\",\"target\":[\"https:\/\/permbledhja.com\/sq\/te-enjten-mbahen-dy-seanca-te-kuvendit-keto-jane-pikat-e-rendesishme-te-rendit-te-dites\/\"]}]},{\"@type\":\"BreadcrumbList\",\"@id\":\"https:\/\/permbledhja.com\/sq\/te-enjten-mbahen-dy-seanca-te-kuvendit-keto-jane-pikat-e-rendesishme-te-rendit-te-dites\/#breadcrumb\",\"itemListElement\":[{\"@type\":\"ListItem\",\"position\":1,\"name\":\"Ballina\",\"item\":\"https:\/\/permbledhja.com\/sq\/\"},{\"@type\":\"ListItem\",\"position\":2,\"name\":\"T\u00eb enjten mbahen dy seanca t\u00eb Kuvendit, k\u00ebto jan\u00eb pikat e r\u00ebnd\u00ebsishme t\u00eb rendit t\u00eb dit\u00ebs\"}]},{\"@type\":\"WebSite\",\"@id\":\"https:\/\/permbledhja.com\/#website\",\"url\":\"https:\/\/permbledhja.com\/\",\"name\":\"Ve\u00e7 artikuj p\u00ebrmbledh\u00ebs\",\"description\":\"\",\"publisher\":{\"@id\":\"https:\/\/permbledhja.com\/#organization\"},\"potentialAction\":[{\"@type\":\"SearchAction\",\"target\":{\"@type\":\"EntryPoint\",\"urlTemplate\":\"https:\/\/permbledhja.com\/?s={search_term_string}\"},\"query-input\":\"required name=search_term_string\"}],\"inLanguage\":\"sq\"},{\"@type\":\"Organization\",\"@id\":\"https:\/\/permbledhja.com\/#organization\",\"name\":\"MK Media & Pr\",\"url\":\"https:\/\/permbledhja.com\/\",\"logo\":{\"@type\":\"ImageObject\",\"inLanguage\":\"sq\",\"@id\":\"https:\/\/permbledhja.com\/#\/schema\/logo\/image\/\",\"url\":\"https:\/\/permbledhja.com\/wp-content\/uploads\/2021\/12\/07-Press-Logo.jpg\",\"contentUrl\":\"https:\/\/permbledhja.com\/wp-content\/uploads\/2021\/12\/07-Press-Logo.jpg\",\"width\":512,\"height\":512,\"caption\":\"MK Media & Pr\"},\"image\":{\"@id\":\"https:\/\/permbledhja.com\/#\/schema\/logo\/image\/\"},\"sameAs\":[\"https:\/\/www.facebook.com\/press07\/\"]},{\"@type\":\"Person\",\"@id\":\"https:\/\/permbledhja.com\/#\/schema\/person\/d23f13f59b5722643933d6780783acf3\",\"name\":\"M M\",\"image\":{\"@type\":\"ImageObject\",\"inLanguage\":\"sq\",\"@id\":\"https:\/\/permbledhja.com\/#\/schema\/person\/image\/\",\"url\":\"https:\/\/secure.gravatar.com\/avatar\/e2835a76ca7c31a2416b2d51c4ec9a8f?s=96&d=mm&r=g\",\"contentUrl\":\"https:\/\/secure.gravatar.com\/avatar\/e2835a76ca7c31a2416b2d51c4ec9a8f?s=96&d=mm&r=g\",\"caption\":\"M M\"},\"sameAs\":[\"http:\/\/MM\"],\"url\":\"https:\/\/permbledhja.com\/sq\/author\/muhamet\/\"}]}<\/script>\n<!-- \/ Yoast SEO plugin. -->","yoast_head_json":{"title":"T\u00eb enjten mbahen dy seanca t\u00eb Kuvendit, k\u00ebto jan\u00eb pikat e r\u00ebnd\u00ebsishme t\u00eb rendit t\u00eb dit\u00ebs","robots":{"index":"index","follow":"follow","max-snippet":"max-snippet:-1","max-image-preview":"max-image-preview:large","max-video-preview":"max-video-preview:-1"},"canonical":"https:\/\/permbledhja.com\/sq\/te-enjten-mbahen-dy-seanca-te-kuvendit-keto-jane-pikat-e-rendesishme-te-rendit-te-dites\/","og_locale":"sq_AL","og_type":"article","og_title":"T\u00eb enjten mbahen dy seanca t\u00eb Kuvendit, k\u00ebto jan\u00eb pikat e r\u00ebnd\u00ebsishme t\u00eb rendit t\u00eb dit\u00ebs","og_description":"T\u00eb enjten do t\u00eb mbahen dy seanca plenare, ku deputet\u00ebt do t\u00eb votojn\u00eb edhe disa marr\u00ebveshje nd\u00ebrkomb\u00ebtare. K\u00ebshtu \u00ebsht\u00eb vendosur n\u00eb mbledhjen e Kryesis\u00eb s\u00eb Kuvendit t\u00eb Kosov\u00ebs, ku deputeti i LVV-s\u00eb, Armend Muja shtoi se PDK e ka b\u00ebr\u00eb t\u00eb ditur se nuk do t\u00eb marrin pjes\u00eb n\u00eb votim. Ai u shpreh se arsyeja [&hellip;]","og_url":"https:\/\/permbledhja.com\/sq\/te-enjten-mbahen-dy-seanca-te-kuvendit-keto-jane-pikat-e-rendesishme-te-rendit-te-dites\/","og_site_name":"Ve\u00e7 artikuj p\u00ebrmbledh\u00ebs","article_publisher":"https:\/\/www.facebook.com\/press07\/","article_published_time":"2023-10-16T12:56:29+00:00","og_image":[{"width":933,"height":593,"url":"https:\/\/permbledhja.com\/wp-content\/uploads\/2023\/10\/vendim.png","type":"image\/png"}],"author":"M M","twitter_card":"summary_large_image","twitter_misc":{"Written by":"M M","Est. reading time":"4 minuta"},"schema":{"@context":"https:\/\/schema.org","@graph":[{"@type":"Article","@id":"https:\/\/permbledhja.com\/sq\/te-enjten-mbahen-dy-seanca-te-kuvendit-keto-jane-pikat-e-rendesishme-te-rendit-te-dites\/#article","isPartOf":{"@id":"https:\/\/permbledhja.com\/sq\/te-enjten-mbahen-dy-seanca-te-kuvendit-keto-jane-pikat-e-rendesishme-te-rendit-te-dites\/"},"author":{"name":"M M","@id":"https:\/\/permbledhja.com\/#\/schema\/person\/d23f13f59b5722643933d6780783acf3"},"headline":"T\u00eb enjten mbahen dy seanca t\u00eb Kuvendit, k\u00ebto jan\u00eb pikat e r\u00ebnd\u00ebsishme t\u00eb rendit t\u00eb dit\u00ebs","datePublished":"2023-10-16T12:56:29+00:00","dateModified":"2023-10-16T12:56:29+00:00","mainEntityOfPage":{"@id":"https:\/\/permbledhja.com\/sq\/te-enjten-mbahen-dy-seanca-te-kuvendit-keto-jane-pikat-e-rendesishme-te-rendit-te-dites\/"},"wordCount":761,"publisher":{"@id":"https:\/\/permbledhja.com\/#organization"},"articleSection":["Komb\u00ebtare","Lajme"],"inLanguage":"sq"},{"@type":"WebPage","@id":"https:\/\/permbledhja.com\/sq\/te-enjten-mbahen-dy-seanca-te-kuvendit-keto-jane-pikat-e-rendesishme-te-rendit-te-dites\/","url":"https:\/\/permbledhja.com\/sq\/te-enjten-mbahen-dy-seanca-te-kuvendit-keto-jane-pikat-e-rendesishme-te-rendit-te-dites\/","name":"T\u00eb enjten mbahen dy seanca t\u00eb Kuvendit, k\u00ebto jan\u00eb pikat e r\u00ebnd\u00ebsishme t\u00eb rendit t\u00eb dit\u00ebs","isPartOf":{"@id":"https:\/\/permbledhja.com\/#website"},"datePublished":"2023-10-16T12:56:29+00:00","dateModified":"2023-10-16T12:56:29+00:00","breadcrumb":{"@id":"https:\/\/permbledhja.com\/sq\/te-enjten-mbahen-dy-seanca-te-kuvendit-keto-jane-pikat-e-rendesishme-te-rendit-te-dites\/#breadcrumb"},"inLanguage":"sq","potentialAction":[{"@type":"ReadAction","target":["https:\/\/permbledhja.com\/sq\/te-enjten-mbahen-dy-seanca-te-kuvendit-keto-jane-pikat-e-rendesishme-te-rendit-te-dites\/"]}]},{"@type":"BreadcrumbList","@id":"https:\/\/permbledhja.com\/sq\/te-enjten-mbahen-dy-seanca-te-kuvendit-keto-jane-pikat-e-rendesishme-te-rendit-te-dites\/#breadcrumb","itemListElement":[{"@type":"ListItem","position":1,"name":"Ballina","item":"https:\/\/permbledhja.com\/sq\/"},{"@type":"ListItem","position":2,"name":"T\u00eb enjten mbahen dy seanca t\u00eb Kuvendit, k\u00ebto jan\u00eb pikat e r\u00ebnd\u00ebsishme t\u00eb rendit t\u00eb dit\u00ebs"}]},{"@type":"WebSite","@id":"https:\/\/permbledhja.com\/#website","url":"https:\/\/permbledhja.com\/","name":"Ve\u00e7 artikuj p\u00ebrmbledh\u00ebs","description":"","publisher":{"@id":"https:\/\/permbledhja.com\/#organization"},"potentialAction":[{"@type":"SearchAction","target":{"@type":"EntryPoint","urlTemplate":"https:\/\/permbledhja.com\/?s={search_term_string}"},"query-input":"required name=search_term_string"}],"inLanguage":"sq"},{"@type":"Organization","@id":"https:\/\/permbledhja.com\/#organization","name":"MK Media & Pr","url":"https:\/\/permbledhja.com\/","logo":{"@type":"ImageObject","inLanguage":"sq","@id":"https:\/\/permbledhja.com\/#\/schema\/logo\/image\/","url":"https:\/\/permbledhja.com\/wp-content\/uploads\/2021\/12\/07-Press-Logo.jpg","contentUrl":"https:\/\/permbledhja.com\/wp-content\/uploads\/2021\/12\/07-Press-Logo.jpg","width":512,"height":512,"caption":"MK Media & Pr"},"image":{"@id":"https:\/\/permbledhja.com\/#\/schema\/logo\/image\/"},"sameAs":["https:\/\/www.facebook.com\/press07\/"]},{"@type":"Person","@id":"https:\/\/permbledhja.com\/#\/schema\/person\/d23f13f59b5722643933d6780783acf3","name":"M M","image":{"@type":"ImageObject","inLanguage":"sq","@id":"https:\/\/permbledhja.com\/#\/schema\/person\/image\/","url":"https:\/\/secure.gravatar.com\/avatar\/e2835a76ca7c31a2416b2d51c4ec9a8f?s=96&d=mm&r=g","contentUrl":"https:\/\/secure.gravatar.com\/avatar\/e2835a76ca7c31a2416b2d51c4ec9a8f?s=96&d=mm&r=g","caption":"M M"},"sameAs":["http:\/\/MM"],"url":"https:\/\/permbledhja.com\/sq\/author\/muhamet\/"}]}},"_links":{"self":[{"href":"https:\/\/permbledhja.com\/sq\/wp-json\/wp\/v2\/posts\/31532"}],"collection":[{"href":"https:\/\/permbledhja.com\/sq\/wp-json\/wp\/v2\/posts"}],"about":[{"href":"https:\/\/permbledhja.com\/sq\/wp-json\/wp\/v2\/types\/post"}],"author":[{"embeddable":true,"href":"https:\/\/permbledhja.com\/sq\/wp-json\/wp\/v2\/users\/2"}],"replies":[{"embeddable":true,"href":"https:\/\/permbledhja.com\/sq\/wp-json\/wp\/v2\/comments?post=31532"}],"version-history":[{"count":1,"href":"https:\/\/permbledhja.com\/sq\/wp-json\/wp\/v2\/posts\/31532\/revisions"}],"predecessor-version":[{"id":31534,"href":"https:\/\/permbledhja.com\/sq\/wp-json\/wp\/v2\/posts\/31532\/revisions\/31534"}],"wp:featuredmedia":[{"embeddable":true,"href":"https:\/\/permbledhja.com\/sq\/wp-json\/wp\/v2\/media\/31533"}],"wp:attachment":[{"href":"https:\/\/permbledhja.com\/sq\/wp-json\/wp\/v2\/media?parent=31532"}],"wp:term":[{"taxonomy":"category","embeddable":true,"href":"https:\/\/permbledhja.com\/sq\/wp-json\/wp\/v2\/categories?post=31532"},{"taxonomy":"post_tag","embeddable":true,"href":"https:\/\/permbledhja.com\/sq\/wp-json\/wp\/v2\/tags?post=31532"}],"curies":[{"name":"wp","href":"https:\/\/api.w.org\/{rel}","templated":true}]}}