{"id":31514,"date":"2023-10-16T10:40:14","date_gmt":"2023-10-16T10:40:14","guid":{"rendered":"https:\/\/permbledhja.com\/?p=31514"},"modified":"2023-10-16T10:40:14","modified_gmt":"2023-10-16T10:40:14","slug":"situata-ne-veri-scholz-kerkon-ndaljen-e-konflikteve-dhe-zbatimin-e-te-gjitha-marreveshjeve-te-brukselit","status":"publish","type":"post","link":"https:\/\/permbledhja.com\/sq\/situata-ne-veri-scholz-kerkon-ndaljen-e-konflikteve-dhe-zbatimin-e-te-gjitha-marreveshjeve-te-brukselit\/","title":{"rendered":"Situata n\u00eb veri: Scholz k\u00ebrkon ndaljen e konflikteve dhe zbatimin e t\u00eb gjitha marr\u00ebveshjeve t\u00eb Brukselit"},"content":{"rendered":"<h3>Ndon\u00ebse<strong> kryeministri shqiptar, Edi Rama nuk foli p\u00ebr sulmin terrorist t\u00eb Banjsk\u00ebs n\u00eb Samitin q\u00eb po mbahet n\u00eb Tiran\u00eb, k\u00ebt\u00eb e ka b\u00ebr\u00eb kancelari gjerman, Olaf Scholz, i cili tha se ka ardhur koha q\u00eb t\u00eb tejkalohen konfliktet.<\/strong><\/h3>\n<p>Scholz gjithashtu k\u00ebrkoi zbatimin e marr\u00ebveshjeve t\u00eb arritura n\u00eb Bruksel.<\/p>\n<p><em>\u201cE di q\u00eb Shqip\u00ebria njihet p\u00ebr mikpritje dhe kjo \u00ebsht\u00eb v\u00ebrtetuar sot. Ne kemi kuptuar edhe kur kemi pasur takimin e K\u00ebshillit Evropian. Dua t\u00eb iu fal\u00ebnderoj p\u00ebr k\u00ebt\u00eb p\u00ebrgatitje t\u00eb samitit dhe shum\u00eb takime t\u00eb nivelit t\u00eb lart\u00eb gjat\u00eb muajit t\u00eb fundit. Procesi i Berlinit \u00ebsht\u00eb instrumenti m\u00eb i mir\u00eb p\u00ebr t\u00eb p\u00ebrshpejtuar integrimin n\u00eb BE t\u00eb t\u00eb gjitha vendeve t\u00eb Ballkanit. Ky vler\u00ebsim \u00ebsht\u00eb po aq i v\u00ebrtet\u00eb sot sa ka qen\u00eb edhe vjet. Ky \u00ebsht\u00eb forum bashk\u00ebpunimi, dhe k\u00ebrkohet m\u00eb shum\u00eb kurr\u00eb\u201d,<\/em>\u00a0tha Scholz.<\/p>\n<p><em>\u201cLufta e Rusis\u00eb kund\u00ebr Ukrain\u00ebs ka treguar sa e r\u00ebnd\u00ebsishme \u00ebsht\u00eb t\u00eb flasim me nj\u00eb z\u00eb evropian. Si\u00e7 e p\u00ebrmend\u00ebt edhe ju, \u00ebsht\u00eb shum\u00eb e qart\u00eb se ne jemi t\u00eb ulur k\u00ebtu bashk\u00eb kemi nj\u00eb situat\u00eb t\u00eb v\u00ebshtir\u00eb jo shum\u00eb larg nesh me agresionin e Hamasit kund\u00ebr Izraelit. Me t\u00eb gjitha pasojat, por edhe krizat n\u00eb Kosov\u00eb n\u00eb Ballkan kan\u00eb theksuar nevoj\u00ebn p\u00ebr t\u00eb punuar m\u00eb fort\u00eb s\u00eb bashku. Ka ardhur koha p\u00ebr t\u00eb tejkaluar konflitket, dhe ju mbajn\u00eb n\u00eb vend-num\u00ebro. K\u00ebto p\u00ebrshkall\u00ebzime n\u00eb veri kan\u00eb v\u00ebrtetuar sa e r\u00ebnd\u00ebsishme \u00ebsht\u00eb kjo. Duhet t\u00eb p\u00ebrfundojm\u00eb zbatimin e marr\u00ebveshjeve q\u00eb jan\u00eb arritur n\u00eb BE. \u00cbsht\u00eb sinjal i fort\u00eb dhe kjo thekson pron\u00ebsin\u00eb q\u00eb ka rajoni n\u00eb k\u00ebt\u00eb proces. Duhet ta shfryt\u00ebzojm\u00eb k\u00ebt\u00eb rast p\u00ebr t\u2019u p\u00ebrqendruar te integrimi brenda rajonit dhe ecuria m\u00eb tutje\u201d,<\/em>\u00a0deklaroi ai m\u00eb tutje.<\/p>\n","protected":false},"excerpt":{"rendered":"<p>Ndon\u00ebse kryeministri shqiptar, Edi Rama nuk foli p\u00ebr sulmin terrorist t\u00eb Banjsk\u00ebs n\u00eb Samitin q\u00eb po mbahet n\u00eb Tiran\u00eb, k\u00ebt\u00eb e ka b\u00ebr\u00eb kancelari gjerman, Olaf Scholz, i cili tha se ka ardhur koha q\u00eb t\u00eb tejkalohen konfliktet. Scholz gjithashtu k\u00ebrkoi zbatimin e marr\u00ebveshjeve t\u00eb arritura n\u00eb Bruksel. \u201cE di q\u00eb Shqip\u00ebria njihet p\u00ebr mikpritje [&hellip;]<\/p>\n","protected":false},"author":2,"featured_media":31515,"comment_status":"closed","ping_status":"closed","sticky":false,"template":"","format":"standard","meta":{"_monsterinsights_skip_tracking":false,"_monsterinsights_sitenote_active":false,"_monsterinsights_sitenote_note":"","_monsterinsights_sitenote_category":0,"_uf_show_specific_survey":0,"_uf_disable_surveys":false,"footnotes":""},"categories":[23,15],"tags":[],"yoast_head":"<!-- This site is optimized with the Yoast SEO plugin v21.5 - https:\/\/yoast.com\/wordpress\/plugins\/seo\/ -->\n<title>Situata n\u00eb veri: Scholz k\u00ebrkon ndaljen e konflikteve dhe zbatimin e t\u00eb gjitha marr\u00ebveshjeve t\u00eb Brukselit<\/title>\n<meta name=\"robots\" content=\"index, follow, max-snippet:-1, max-image-preview:large, max-video-preview:-1\" \/>\n<link rel=\"canonical\" href=\"https:\/\/permbledhja.com\/sq\/situata-ne-veri-scholz-kerkon-ndaljen-e-konflikteve-dhe-zbatimin-e-te-gjitha-marreveshjeve-te-brukselit\/\" \/>\n<meta property=\"og:locale\" content=\"sq_AL\" \/>\n<meta property=\"og:type\" content=\"article\" \/>\n<meta property=\"og:title\" content=\"Situata n\u00eb veri: Scholz k\u00ebrkon ndaljen e konflikteve dhe zbatimin e t\u00eb gjitha marr\u00ebveshjeve t\u00eb Brukselit\" \/>\n<meta property=\"og:description\" content=\"Ndon\u00ebse kryeministri shqiptar, Edi Rama nuk foli p\u00ebr sulmin terrorist t\u00eb Banjsk\u00ebs n\u00eb Samitin q\u00eb po mbahet n\u00eb Tiran\u00eb, k\u00ebt\u00eb e ka b\u00ebr\u00eb kancelari gjerman, Olaf Scholz, i cili tha se ka ardhur koha q\u00eb t\u00eb tejkalohen konfliktet. Scholz gjithashtu k\u00ebrkoi zbatimin e marr\u00ebveshjeve t\u00eb arritura n\u00eb Bruksel. \u201cE di q\u00eb Shqip\u00ebria njihet p\u00ebr mikpritje [&hellip;]\" \/>\n<meta property=\"og:url\" content=\"https:\/\/permbledhja.com\/sq\/situata-ne-veri-scholz-kerkon-ndaljen-e-konflikteve-dhe-zbatimin-e-te-gjitha-marreveshjeve-te-brukselit\/\" \/>\n<meta property=\"og:site_name\" content=\"Ve\u00e7 artikuj p\u00ebrmbledh\u00ebs\" \/>\n<meta property=\"article:publisher\" content=\"https:\/\/www.facebook.com\/press07\/\" \/>\n<meta property=\"article:published_time\" content=\"2023-10-16T10:40:14+00:00\" \/>\n<meta property=\"og:image\" content=\"https:\/\/permbledhja.com\/wp-content\/uploads\/2023\/10\/scholz-1.webp\" \/>\n\t<meta property=\"og:image:width\" content=\"803\" \/>\n\t<meta property=\"og:image:height\" content=\"459\" \/>\n\t<meta property=\"og:image:type\" content=\"image\/webp\" \/>\n<meta name=\"author\" content=\"M M\" \/>\n<meta name=\"twitter:card\" content=\"summary_large_image\" \/>\n<meta name=\"twitter:label1\" content=\"Written by\" \/>\n\t<meta name=\"twitter:data1\" content=\"M M\" \/>\n\t<meta name=\"twitter:label2\" content=\"Est. reading time\" \/>\n\t<meta name=\"twitter:data2\" content=\"2 minuta\" \/>\n<script type=\"application\/ld+json\" class=\"yoast-schema-graph\">{\"@context\":\"https:\/\/schema.org\",\"@graph\":[{\"@type\":\"Article\",\"@id\":\"https:\/\/permbledhja.com\/situata-ne-veri-scholz-kerkon-ndaljen-e-konflikteve-dhe-zbatimin-e-te-gjitha-marreveshjeve-te-brukselit\/#article\",\"isPartOf\":{\"@id\":\"https:\/\/permbledhja.com\/situata-ne-veri-scholz-kerkon-ndaljen-e-konflikteve-dhe-zbatimin-e-te-gjitha-marreveshjeve-te-brukselit\/\"},\"author\":{\"name\":\"M M\",\"@id\":\"https:\/\/permbledhja.com\/#\/schema\/person\/d23f13f59b5722643933d6780783acf3\"},\"headline\":\"Situata n\u00eb veri: Scholz k\u00ebrkon ndaljen e konflikteve dhe zbatimin e t\u00eb gjitha marr\u00ebveshjeve t\u00eb Brukselit\",\"datePublished\":\"2023-10-16T10:40:14+00:00\",\"dateModified\":\"2023-10-16T10:40:14+00:00\",\"mainEntityOfPage\":{\"@id\":\"https:\/\/permbledhja.com\/situata-ne-veri-scholz-kerkon-ndaljen-e-konflikteve-dhe-zbatimin-e-te-gjitha-marreveshjeve-te-brukselit\/\"},\"wordCount\":339,\"publisher\":{\"@id\":\"https:\/\/permbledhja.com\/#organization\"},\"articleSection\":[\"Komb\u00ebtare\",\"Lajme\"],\"inLanguage\":\"sq\"},{\"@type\":\"WebPage\",\"@id\":\"https:\/\/permbledhja.com\/situata-ne-veri-scholz-kerkon-ndaljen-e-konflikteve-dhe-zbatimin-e-te-gjitha-marreveshjeve-te-brukselit\/\",\"url\":\"https:\/\/permbledhja.com\/situata-ne-veri-scholz-kerkon-ndaljen-e-konflikteve-dhe-zbatimin-e-te-gjitha-marreveshjeve-te-brukselit\/\",\"name\":\"Situata n\u00eb veri: Scholz k\u00ebrkon ndaljen e konflikteve dhe zbatimin e t\u00eb gjitha marr\u00ebveshjeve t\u00eb Brukselit\",\"isPartOf\":{\"@id\":\"https:\/\/permbledhja.com\/#website\"},\"datePublished\":\"2023-10-16T10:40:14+00:00\",\"dateModified\":\"2023-10-16T10:40:14+00:00\",\"breadcrumb\":{\"@id\":\"https:\/\/permbledhja.com\/situata-ne-veri-scholz-kerkon-ndaljen-e-konflikteve-dhe-zbatimin-e-te-gjitha-marreveshjeve-te-brukselit\/#breadcrumb\"},\"inLanguage\":\"sq\",\"potentialAction\":[{\"@type\":\"ReadAction\",\"target\":[\"https:\/\/permbledhja.com\/situata-ne-veri-scholz-kerkon-ndaljen-e-konflikteve-dhe-zbatimin-e-te-gjitha-marreveshjeve-te-brukselit\/\"]}]},{\"@type\":\"BreadcrumbList\",\"@id\":\"https:\/\/permbledhja.com\/situata-ne-veri-scholz-kerkon-ndaljen-e-konflikteve-dhe-zbatimin-e-te-gjitha-marreveshjeve-te-brukselit\/#breadcrumb\",\"itemListElement\":[{\"@type\":\"ListItem\",\"position\":1,\"name\":\"Ballina\",\"item\":\"https:\/\/permbledhja.com\/sq\/\"},{\"@type\":\"ListItem\",\"position\":2,\"name\":\"Situata n\u00eb veri: Scholz k\u00ebrkon ndaljen e konflikteve dhe zbatimin e t\u00eb gjitha marr\u00ebveshjeve t\u00eb Brukselit\"}]},{\"@type\":\"WebSite\",\"@id\":\"https:\/\/permbledhja.com\/#website\",\"url\":\"https:\/\/permbledhja.com\/\",\"name\":\"Ve\u00e7 artikuj p\u00ebrmbledh\u00ebs\",\"description\":\"\",\"publisher\":{\"@id\":\"https:\/\/permbledhja.com\/#organization\"},\"potentialAction\":[{\"@type\":\"SearchAction\",\"target\":{\"@type\":\"EntryPoint\",\"urlTemplate\":\"https:\/\/permbledhja.com\/?s={search_term_string}\"},\"query-input\":\"required name=search_term_string\"}],\"inLanguage\":\"sq\"},{\"@type\":\"Organization\",\"@id\":\"https:\/\/permbledhja.com\/#organization\",\"name\":\"MK Media & Pr\",\"url\":\"https:\/\/permbledhja.com\/\",\"logo\":{\"@type\":\"ImageObject\",\"inLanguage\":\"sq\",\"@id\":\"https:\/\/permbledhja.com\/#\/schema\/logo\/image\/\",\"url\":\"https:\/\/permbledhja.com\/wp-content\/uploads\/2021\/12\/07-Press-Logo.jpg\",\"contentUrl\":\"https:\/\/permbledhja.com\/wp-content\/uploads\/2021\/12\/07-Press-Logo.jpg\",\"width\":512,\"height\":512,\"caption\":\"MK Media & Pr\"},\"image\":{\"@id\":\"https:\/\/permbledhja.com\/#\/schema\/logo\/image\/\"},\"sameAs\":[\"https:\/\/www.facebook.com\/press07\/\"]},{\"@type\":\"Person\",\"@id\":\"https:\/\/permbledhja.com\/#\/schema\/person\/d23f13f59b5722643933d6780783acf3\",\"name\":\"M M\",\"image\":{\"@type\":\"ImageObject\",\"inLanguage\":\"sq\",\"@id\":\"https:\/\/permbledhja.com\/#\/schema\/person\/image\/\",\"url\":\"https:\/\/secure.gravatar.com\/avatar\/e2835a76ca7c31a2416b2d51c4ec9a8f?s=96&d=mm&r=g\",\"contentUrl\":\"https:\/\/secure.gravatar.com\/avatar\/e2835a76ca7c31a2416b2d51c4ec9a8f?s=96&d=mm&r=g\",\"caption\":\"M M\"},\"sameAs\":[\"http:\/\/MM\"],\"url\":\"https:\/\/permbledhja.com\/sq\/author\/muhamet\/\"}]}<\/script>\n<!-- \/ Yoast SEO plugin. -->","yoast_head_json":{"title":"Situata n\u00eb veri: Scholz k\u00ebrkon ndaljen e konflikteve dhe zbatimin e t\u00eb gjitha marr\u00ebveshjeve t\u00eb Brukselit","robots":{"index":"index","follow":"follow","max-snippet":"max-snippet:-1","max-image-preview":"max-image-preview:large","max-video-preview":"max-video-preview:-1"},"canonical":"https:\/\/permbledhja.com\/sq\/situata-ne-veri-scholz-kerkon-ndaljen-e-konflikteve-dhe-zbatimin-e-te-gjitha-marreveshjeve-te-brukselit\/","og_locale":"sq_AL","og_type":"article","og_title":"Situata n\u00eb veri: Scholz k\u00ebrkon ndaljen e konflikteve dhe zbatimin e t\u00eb gjitha marr\u00ebveshjeve t\u00eb Brukselit","og_description":"Ndon\u00ebse kryeministri shqiptar, Edi Rama nuk foli p\u00ebr sulmin terrorist t\u00eb Banjsk\u00ebs n\u00eb Samitin q\u00eb po mbahet n\u00eb Tiran\u00eb, k\u00ebt\u00eb e ka b\u00ebr\u00eb kancelari gjerman, Olaf Scholz, i cili tha se ka ardhur koha q\u00eb t\u00eb tejkalohen konfliktet. Scholz gjithashtu k\u00ebrkoi zbatimin e marr\u00ebveshjeve t\u00eb arritura n\u00eb Bruksel. \u201cE di q\u00eb Shqip\u00ebria njihet p\u00ebr mikpritje [&hellip;]","og_url":"https:\/\/permbledhja.com\/sq\/situata-ne-veri-scholz-kerkon-ndaljen-e-konflikteve-dhe-zbatimin-e-te-gjitha-marreveshjeve-te-brukselit\/","og_site_name":"Ve\u00e7 artikuj p\u00ebrmbledh\u00ebs","article_publisher":"https:\/\/www.facebook.com\/press07\/","article_published_time":"2023-10-16T10:40:14+00:00","og_image":[{"width":803,"height":459,"url":"https:\/\/permbledhja.com\/wp-content\/uploads\/2023\/10\/scholz-1.webp","type":"image\/webp"}],"author":"M M","twitter_card":"summary_large_image","twitter_misc":{"Written by":"M M","Est. reading time":"2 minuta"},"schema":{"@context":"https:\/\/schema.org","@graph":[{"@type":"Article","@id":"https:\/\/permbledhja.com\/situata-ne-veri-scholz-kerkon-ndaljen-e-konflikteve-dhe-zbatimin-e-te-gjitha-marreveshjeve-te-brukselit\/#article","isPartOf":{"@id":"https:\/\/permbledhja.com\/situata-ne-veri-scholz-kerkon-ndaljen-e-konflikteve-dhe-zbatimin-e-te-gjitha-marreveshjeve-te-brukselit\/"},"author":{"name":"M M","@id":"https:\/\/permbledhja.com\/#\/schema\/person\/d23f13f59b5722643933d6780783acf3"},"headline":"Situata n\u00eb veri: Scholz k\u00ebrkon ndaljen e konflikteve dhe zbatimin e t\u00eb gjitha marr\u00ebveshjeve t\u00eb Brukselit","datePublished":"2023-10-16T10:40:14+00:00","dateModified":"2023-10-16T10:40:14+00:00","mainEntityOfPage":{"@id":"https:\/\/permbledhja.com\/situata-ne-veri-scholz-kerkon-ndaljen-e-konflikteve-dhe-zbatimin-e-te-gjitha-marreveshjeve-te-brukselit\/"},"wordCount":339,"publisher":{"@id":"https:\/\/permbledhja.com\/#organization"},"articleSection":["Komb\u00ebtare","Lajme"],"inLanguage":"sq"},{"@type":"WebPage","@id":"https:\/\/permbledhja.com\/situata-ne-veri-scholz-kerkon-ndaljen-e-konflikteve-dhe-zbatimin-e-te-gjitha-marreveshjeve-te-brukselit\/","url":"https:\/\/permbledhja.com\/situata-ne-veri-scholz-kerkon-ndaljen-e-konflikteve-dhe-zbatimin-e-te-gjitha-marreveshjeve-te-brukselit\/","name":"Situata n\u00eb veri: Scholz k\u00ebrkon ndaljen e konflikteve dhe zbatimin e t\u00eb gjitha marr\u00ebveshjeve t\u00eb Brukselit","isPartOf":{"@id":"https:\/\/permbledhja.com\/#website"},"datePublished":"2023-10-16T10:40:14+00:00","dateModified":"2023-10-16T10:40:14+00:00","breadcrumb":{"@id":"https:\/\/permbledhja.com\/situata-ne-veri-scholz-kerkon-ndaljen-e-konflikteve-dhe-zbatimin-e-te-gjitha-marreveshjeve-te-brukselit\/#breadcrumb"},"inLanguage":"sq","potentialAction":[{"@type":"ReadAction","target":["https:\/\/permbledhja.com\/situata-ne-veri-scholz-kerkon-ndaljen-e-konflikteve-dhe-zbatimin-e-te-gjitha-marreveshjeve-te-brukselit\/"]}]},{"@type":"BreadcrumbList","@id":"https:\/\/permbledhja.com\/situata-ne-veri-scholz-kerkon-ndaljen-e-konflikteve-dhe-zbatimin-e-te-gjitha-marreveshjeve-te-brukselit\/#breadcrumb","itemListElement":[{"@type":"ListItem","position":1,"name":"Ballina","item":"https:\/\/permbledhja.com\/sq\/"},{"@type":"ListItem","position":2,"name":"Situata n\u00eb veri: Scholz k\u00ebrkon ndaljen e konflikteve dhe zbatimin e t\u00eb gjitha marr\u00ebveshjeve t\u00eb Brukselit"}]},{"@type":"WebSite","@id":"https:\/\/permbledhja.com\/#website","url":"https:\/\/permbledhja.com\/","name":"Ve\u00e7 artikuj p\u00ebrmbledh\u00ebs","description":"","publisher":{"@id":"https:\/\/permbledhja.com\/#organization"},"potentialAction":[{"@type":"SearchAction","target":{"@type":"EntryPoint","urlTemplate":"https:\/\/permbledhja.com\/?s={search_term_string}"},"query-input":"required name=search_term_string"}],"inLanguage":"sq"},{"@type":"Organization","@id":"https:\/\/permbledhja.com\/#organization","name":"MK Media & Pr","url":"https:\/\/permbledhja.com\/","logo":{"@type":"ImageObject","inLanguage":"sq","@id":"https:\/\/permbledhja.com\/#\/schema\/logo\/image\/","url":"https:\/\/permbledhja.com\/wp-content\/uploads\/2021\/12\/07-Press-Logo.jpg","contentUrl":"https:\/\/permbledhja.com\/wp-content\/uploads\/2021\/12\/07-Press-Logo.jpg","width":512,"height":512,"caption":"MK Media & Pr"},"image":{"@id":"https:\/\/permbledhja.com\/#\/schema\/logo\/image\/"},"sameAs":["https:\/\/www.facebook.com\/press07\/"]},{"@type":"Person","@id":"https:\/\/permbledhja.com\/#\/schema\/person\/d23f13f59b5722643933d6780783acf3","name":"M M","image":{"@type":"ImageObject","inLanguage":"sq","@id":"https:\/\/permbledhja.com\/#\/schema\/person\/image\/","url":"https:\/\/secure.gravatar.com\/avatar\/e2835a76ca7c31a2416b2d51c4ec9a8f?s=96&d=mm&r=g","contentUrl":"https:\/\/secure.gravatar.com\/avatar\/e2835a76ca7c31a2416b2d51c4ec9a8f?s=96&d=mm&r=g","caption":"M M"},"sameAs":["http:\/\/MM"],"url":"https:\/\/permbledhja.com\/sq\/author\/muhamet\/"}]}},"_links":{"self":[{"href":"https:\/\/permbledhja.com\/sq\/wp-json\/wp\/v2\/posts\/31514"}],"collection":[{"href":"https:\/\/permbledhja.com\/sq\/wp-json\/wp\/v2\/posts"}],"about":[{"href":"https:\/\/permbledhja.com\/sq\/wp-json\/wp\/v2\/types\/post"}],"author":[{"embeddable":true,"href":"https:\/\/permbledhja.com\/sq\/wp-json\/wp\/v2\/users\/2"}],"replies":[{"embeddable":true,"href":"https:\/\/permbledhja.com\/sq\/wp-json\/wp\/v2\/comments?post=31514"}],"version-history":[{"count":1,"href":"https:\/\/permbledhja.com\/sq\/wp-json\/wp\/v2\/posts\/31514\/revisions"}],"predecessor-version":[{"id":31516,"href":"https:\/\/permbledhja.com\/sq\/wp-json\/wp\/v2\/posts\/31514\/revisions\/31516"}],"wp:featuredmedia":[{"embeddable":true,"href":"https:\/\/permbledhja.com\/sq\/wp-json\/wp\/v2\/media\/31515"}],"wp:attachment":[{"href":"https:\/\/permbledhja.com\/sq\/wp-json\/wp\/v2\/media?parent=31514"}],"wp:term":[{"taxonomy":"category","embeddable":true,"href":"https:\/\/permbledhja.com\/sq\/wp-json\/wp\/v2\/categories?post=31514"},{"taxonomy":"post_tag","embeddable":true,"href":"https:\/\/permbledhja.com\/sq\/wp-json\/wp\/v2\/tags?post=31514"}],"curies":[{"name":"wp","href":"https:\/\/api.w.org\/{rel}","templated":true}]}}