{"id":31508,"date":"2023-10-16T10:22:17","date_gmt":"2023-10-16T10:22:17","guid":{"rendered":"https:\/\/permbledhja.com\/?p=31508"},"modified":"2023-10-16T10:22:17","modified_gmt":"2023-10-16T10:22:17","slug":"gjykata-e-apelit-merr-vendim-per-tre-te-dyshuarit-per-sulmin-terrorist-ne-banjske","status":"publish","type":"post","link":"https:\/\/permbledhja.com\/sq\/gjykata-e-apelit-merr-vendim-per-tre-te-dyshuarit-per-sulmin-terrorist-ne-banjske\/","title":{"rendered":"Gjykata e Apelit merr vendim p\u00ebr tre t\u00eb dyshuarit p\u00ebr sulmin terrorist n\u00eb Banjsk\u00eb"},"content":{"rendered":"<h3>Gjykata e Apelit i ka refuzuar si t\u00eb pabazuara ankesat e mbrojt\u00ebsve t\u00eb t\u00eb dyshuarve\u00a0p\u00ebr sulmin terrorist ndaj Policis\u00eb s\u00eb Kosov\u00ebs n\u00eb Banjsk\u00eb, Vladimir Toliq, Blagoje Spasojeviq dhe Dushan Maksimoviq, duke v\u00ebrtetuar vendimet e Gjykat\u00ebs Themelore n\u00eb Prishtin\u00eb, \u00a0me t\u00eb cil\u00ebt t\u00eb dyshuarve iu kishte caktuar masa e paraburgimit n\u00eb koh\u00ebzgjatje prej 30 dit\u00ebsh (secilit ve\u00e7 e ve\u00e7).<\/h3>\n<p>Vendimin t\u00eb cilin e ka siguruar\u00a0\u201cBetimi p\u00ebr Drejt\u00ebsi\u201d,\u00a0rezulton se \u00ebsht\u00eb marr\u00eb m\u00eb 3 tetor 2023.<\/p>\n<p>\u201cRefuzohen si t\u00eb pabazuara ankesat e mbrojt\u00ebsve t\u00eb pandehurve, Vladimir Tolic avokat Milos Delevic, Blagoje Spasojevic avokat Ljubomir Pantovic, Dushan Maksimovic avokat Dejan Vasic, nd\u00ebrsa aktvendimet e Gjykat\u00ebs Themelore n\u00eb Prishtin\u00eb \u2013 Departamenti Special PPPS.nr.44\/2023 t\u00eb dat\u00ebs 25.09.2023 dhe t\u00eb dat\u00ebs 26.09.2023, V\u00ebrtetohen\u201d, thuhet n\u00eb vendimin e Apelit.<\/p>\n<p>Gjykata Themelore n\u00eb Prishtin\u00eb, m\u00eb 25 shtator 2023 t\u00eb dyshuarit Vladimir Toliq ia kishte caktuar paraburgimin.<\/p>\n<p>Nd\u00ebrsa, m\u00eb 26 shtator 2023, kjo gjykat\u00eb ua kishte caktuar paraburgimin edhe dy t\u00eb dyshuarve tjer\u00eb Blagoje Spasojeviq dhe Dushan Maksimoviq.<\/p>\n<p>Aksioni n\u00eb Bajsnk\u00eb t\u00eb Zve\u00e7anit kishte nisur n\u00eb or\u00ebt e hershme t\u00eb s\u00eb diel\u00ebs (24 shtator 2023) ku ishte vrar\u00eb rreshteri Afrim Bunjaku si dhe ishin plagosur dy t\u00eb tjer\u00eb. Pastaj, Policia kishte vrar\u00eb tre terrorist nd\u00ebrsa sulmuesit tjer\u00eb kishin arritur t\u00eb largoheshin pasi ishin strehuar p\u00ebr disa or\u00eb n\u00eb Manastirin e Bajnsk\u00ebs.<\/p>\n<p>Ministri \u00a0i Pun\u00ebve t\u00eb Brendshme, Xhelal Sve\u00e7la kishte publikuar pamje t\u00eb Milan Radoji\u00e7iq, \u00a0ku kishte theksuar se Radoji\u00e7iq ka qen\u00eb udh\u00ebheq\u00ebs i k\u00ebtij grupi terrorist dhe i sulmit ku mbeti i vrar\u00eb polici Afrim Bunjaku.<\/p>\n","protected":false},"excerpt":{"rendered":"<p>Gjykata e Apelit i ka refuzuar si t\u00eb pabazuara ankesat e mbrojt\u00ebsve t\u00eb t\u00eb dyshuarve\u00a0p\u00ebr sulmin terrorist ndaj Policis\u00eb s\u00eb Kosov\u00ebs n\u00eb Banjsk\u00eb, Vladimir Toliq, Blagoje Spasojeviq dhe Dushan Maksimoviq, duke v\u00ebrtetuar vendimet e Gjykat\u00ebs Themelore n\u00eb Prishtin\u00eb, \u00a0me t\u00eb cil\u00ebt t\u00eb dyshuarve iu kishte caktuar masa e paraburgimit n\u00eb koh\u00ebzgjatje prej 30 dit\u00ebsh (secilit [&hellip;]<\/p>\n","protected":false},"author":2,"featured_media":31509,"comment_status":"closed","ping_status":"closed","sticky":false,"template":"","format":"standard","meta":{"_monsterinsights_skip_tracking":false,"_monsterinsights_sitenote_active":false,"_monsterinsights_sitenote_note":"","_monsterinsights_sitenote_category":0,"_uf_show_specific_survey":0,"_uf_disable_surveys":false,"footnotes":""},"categories":[23,15],"tags":[],"yoast_head":"<!-- This site is optimized with the Yoast SEO plugin v21.5 - https:\/\/yoast.com\/wordpress\/plugins\/seo\/ -->\n<title>Gjykata e Apelit merr vendim p\u00ebr tre t\u00eb dyshuarit p\u00ebr sulmin terrorist n\u00eb Banjsk\u00eb<\/title>\n<meta name=\"robots\" content=\"index, follow, max-snippet:-1, max-image-preview:large, max-video-preview:-1\" \/>\n<link rel=\"canonical\" href=\"https:\/\/permbledhja.com\/sq\/gjykata-e-apelit-merr-vendim-per-tre-te-dyshuarit-per-sulmin-terrorist-ne-banjske\/\" \/>\n<meta property=\"og:locale\" content=\"sq_AL\" \/>\n<meta property=\"og:type\" content=\"article\" \/>\n<meta property=\"og:title\" content=\"Gjykata e Apelit merr vendim p\u00ebr tre t\u00eb dyshuarit p\u00ebr sulmin terrorist n\u00eb Banjsk\u00eb\" \/>\n<meta property=\"og:description\" content=\"Gjykata e Apelit i ka refuzuar si t\u00eb pabazuara ankesat e mbrojt\u00ebsve t\u00eb t\u00eb dyshuarve\u00a0p\u00ebr sulmin terrorist ndaj Policis\u00eb s\u00eb Kosov\u00ebs n\u00eb Banjsk\u00eb, Vladimir Toliq, Blagoje Spasojeviq dhe Dushan Maksimoviq, duke v\u00ebrtetuar vendimet e Gjykat\u00ebs Themelore n\u00eb Prishtin\u00eb, \u00a0me t\u00eb cil\u00ebt t\u00eb dyshuarve iu kishte caktuar masa e paraburgimit n\u00eb koh\u00ebzgjatje prej 30 dit\u00ebsh (secilit [&hellip;]\" \/>\n<meta property=\"og:url\" content=\"https:\/\/permbledhja.com\/sq\/gjykata-e-apelit-merr-vendim-per-tre-te-dyshuarit-per-sulmin-terrorist-ne-banjske\/\" \/>\n<meta property=\"og:site_name\" content=\"Ve\u00e7 artikuj p\u00ebrmbledh\u00ebs\" \/>\n<meta property=\"article:publisher\" content=\"https:\/\/www.facebook.com\/press07\/\" \/>\n<meta property=\"article:published_time\" content=\"2023-10-16T10:22:17+00:00\" \/>\n<meta property=\"og:image\" content=\"https:\/\/permbledhja.com\/wp-content\/uploads\/2023\/10\/Banjske-1-2.jpg\" \/>\n\t<meta property=\"og:image:width\" content=\"1000\" \/>\n\t<meta property=\"og:image:height\" content=\"560\" \/>\n\t<meta property=\"og:image:type\" content=\"image\/jpeg\" \/>\n<meta name=\"author\" content=\"M M\" \/>\n<meta name=\"twitter:card\" content=\"summary_large_image\" \/>\n<meta name=\"twitter:label1\" content=\"Written by\" \/>\n\t<meta name=\"twitter:data1\" content=\"M M\" \/>\n\t<meta name=\"twitter:label2\" content=\"Est. reading time\" \/>\n\t<meta name=\"twitter:data2\" content=\"1 minut\u00eb\" \/>\n<script type=\"application\/ld+json\" class=\"yoast-schema-graph\">{\"@context\":\"https:\/\/schema.org\",\"@graph\":[{\"@type\":\"Article\",\"@id\":\"https:\/\/permbledhja.com\/gjykata-e-apelit-merr-vendim-per-tre-te-dyshuarit-per-sulmin-terrorist-ne-banjske\/#article\",\"isPartOf\":{\"@id\":\"https:\/\/permbledhja.com\/gjykata-e-apelit-merr-vendim-per-tre-te-dyshuarit-per-sulmin-terrorist-ne-banjske\/\"},\"author\":{\"name\":\"M M\",\"@id\":\"https:\/\/permbledhja.com\/#\/schema\/person\/d23f13f59b5722643933d6780783acf3\"},\"headline\":\"Gjykata e Apelit merr vendim p\u00ebr tre t\u00eb dyshuarit p\u00ebr sulmin terrorist n\u00eb Banjsk\u00eb\",\"datePublished\":\"2023-10-16T10:22:17+00:00\",\"dateModified\":\"2023-10-16T10:22:17+00:00\",\"mainEntityOfPage\":{\"@id\":\"https:\/\/permbledhja.com\/gjykata-e-apelit-merr-vendim-per-tre-te-dyshuarit-per-sulmin-terrorist-ne-banjske\/\"},\"wordCount\":284,\"publisher\":{\"@id\":\"https:\/\/permbledhja.com\/#organization\"},\"articleSection\":[\"Komb\u00ebtare\",\"Lajme\"],\"inLanguage\":\"sq\"},{\"@type\":\"WebPage\",\"@id\":\"https:\/\/permbledhja.com\/gjykata-e-apelit-merr-vendim-per-tre-te-dyshuarit-per-sulmin-terrorist-ne-banjske\/\",\"url\":\"https:\/\/permbledhja.com\/gjykata-e-apelit-merr-vendim-per-tre-te-dyshuarit-per-sulmin-terrorist-ne-banjske\/\",\"name\":\"Gjykata e Apelit merr vendim p\u00ebr tre t\u00eb dyshuarit p\u00ebr sulmin terrorist n\u00eb Banjsk\u00eb\",\"isPartOf\":{\"@id\":\"https:\/\/permbledhja.com\/#website\"},\"datePublished\":\"2023-10-16T10:22:17+00:00\",\"dateModified\":\"2023-10-16T10:22:17+00:00\",\"breadcrumb\":{\"@id\":\"https:\/\/permbledhja.com\/gjykata-e-apelit-merr-vendim-per-tre-te-dyshuarit-per-sulmin-terrorist-ne-banjske\/#breadcrumb\"},\"inLanguage\":\"sq\",\"potentialAction\":[{\"@type\":\"ReadAction\",\"target\":[\"https:\/\/permbledhja.com\/gjykata-e-apelit-merr-vendim-per-tre-te-dyshuarit-per-sulmin-terrorist-ne-banjske\/\"]}]},{\"@type\":\"BreadcrumbList\",\"@id\":\"https:\/\/permbledhja.com\/gjykata-e-apelit-merr-vendim-per-tre-te-dyshuarit-per-sulmin-terrorist-ne-banjske\/#breadcrumb\",\"itemListElement\":[{\"@type\":\"ListItem\",\"position\":1,\"name\":\"Ballina\",\"item\":\"https:\/\/permbledhja.com\/sq\/\"},{\"@type\":\"ListItem\",\"position\":2,\"name\":\"Gjykata e Apelit merr vendim p\u00ebr tre t\u00eb dyshuarit p\u00ebr sulmin terrorist n\u00eb Banjsk\u00eb\"}]},{\"@type\":\"WebSite\",\"@id\":\"https:\/\/permbledhja.com\/#website\",\"url\":\"https:\/\/permbledhja.com\/\",\"name\":\"Ve\u00e7 artikuj p\u00ebrmbledh\u00ebs\",\"description\":\"\",\"publisher\":{\"@id\":\"https:\/\/permbledhja.com\/#organization\"},\"potentialAction\":[{\"@type\":\"SearchAction\",\"target\":{\"@type\":\"EntryPoint\",\"urlTemplate\":\"https:\/\/permbledhja.com\/?s={search_term_string}\"},\"query-input\":\"required name=search_term_string\"}],\"inLanguage\":\"sq\"},{\"@type\":\"Organization\",\"@id\":\"https:\/\/permbledhja.com\/#organization\",\"name\":\"MK Media & Pr\",\"url\":\"https:\/\/permbledhja.com\/\",\"logo\":{\"@type\":\"ImageObject\",\"inLanguage\":\"sq\",\"@id\":\"https:\/\/permbledhja.com\/#\/schema\/logo\/image\/\",\"url\":\"https:\/\/permbledhja.com\/wp-content\/uploads\/2021\/12\/07-Press-Logo.jpg\",\"contentUrl\":\"https:\/\/permbledhja.com\/wp-content\/uploads\/2021\/12\/07-Press-Logo.jpg\",\"width\":512,\"height\":512,\"caption\":\"MK Media & Pr\"},\"image\":{\"@id\":\"https:\/\/permbledhja.com\/#\/schema\/logo\/image\/\"},\"sameAs\":[\"https:\/\/www.facebook.com\/press07\/\"]},{\"@type\":\"Person\",\"@id\":\"https:\/\/permbledhja.com\/#\/schema\/person\/d23f13f59b5722643933d6780783acf3\",\"name\":\"M M\",\"image\":{\"@type\":\"ImageObject\",\"inLanguage\":\"sq\",\"@id\":\"https:\/\/permbledhja.com\/#\/schema\/person\/image\/\",\"url\":\"https:\/\/secure.gravatar.com\/avatar\/e2835a76ca7c31a2416b2d51c4ec9a8f?s=96&d=mm&r=g\",\"contentUrl\":\"https:\/\/secure.gravatar.com\/avatar\/e2835a76ca7c31a2416b2d51c4ec9a8f?s=96&d=mm&r=g\",\"caption\":\"M M\"},\"sameAs\":[\"http:\/\/MM\"],\"url\":\"https:\/\/permbledhja.com\/sq\/author\/muhamet\/\"}]}<\/script>\n<!-- \/ Yoast SEO plugin. -->","yoast_head_json":{"title":"Gjykata e Apelit merr vendim p\u00ebr tre t\u00eb dyshuarit p\u00ebr sulmin terrorist n\u00eb Banjsk\u00eb","robots":{"index":"index","follow":"follow","max-snippet":"max-snippet:-1","max-image-preview":"max-image-preview:large","max-video-preview":"max-video-preview:-1"},"canonical":"https:\/\/permbledhja.com\/sq\/gjykata-e-apelit-merr-vendim-per-tre-te-dyshuarit-per-sulmin-terrorist-ne-banjske\/","og_locale":"sq_AL","og_type":"article","og_title":"Gjykata e Apelit merr vendim p\u00ebr tre t\u00eb dyshuarit p\u00ebr sulmin terrorist n\u00eb Banjsk\u00eb","og_description":"Gjykata e Apelit i ka refuzuar si t\u00eb pabazuara ankesat e mbrojt\u00ebsve t\u00eb t\u00eb dyshuarve\u00a0p\u00ebr sulmin terrorist ndaj Policis\u00eb s\u00eb Kosov\u00ebs n\u00eb Banjsk\u00eb, Vladimir Toliq, Blagoje Spasojeviq dhe Dushan Maksimoviq, duke v\u00ebrtetuar vendimet e Gjykat\u00ebs Themelore n\u00eb Prishtin\u00eb, \u00a0me t\u00eb cil\u00ebt t\u00eb dyshuarve iu kishte caktuar masa e paraburgimit n\u00eb koh\u00ebzgjatje prej 30 dit\u00ebsh (secilit [&hellip;]","og_url":"https:\/\/permbledhja.com\/sq\/gjykata-e-apelit-merr-vendim-per-tre-te-dyshuarit-per-sulmin-terrorist-ne-banjske\/","og_site_name":"Ve\u00e7 artikuj p\u00ebrmbledh\u00ebs","article_publisher":"https:\/\/www.facebook.com\/press07\/","article_published_time":"2023-10-16T10:22:17+00:00","og_image":[{"width":1000,"height":560,"url":"https:\/\/permbledhja.com\/wp-content\/uploads\/2023\/10\/Banjske-1-2.jpg","type":"image\/jpeg"}],"author":"M M","twitter_card":"summary_large_image","twitter_misc":{"Written by":"M M","Est. reading time":"1 minut\u00eb"},"schema":{"@context":"https:\/\/schema.org","@graph":[{"@type":"Article","@id":"https:\/\/permbledhja.com\/gjykata-e-apelit-merr-vendim-per-tre-te-dyshuarit-per-sulmin-terrorist-ne-banjske\/#article","isPartOf":{"@id":"https:\/\/permbledhja.com\/gjykata-e-apelit-merr-vendim-per-tre-te-dyshuarit-per-sulmin-terrorist-ne-banjske\/"},"author":{"name":"M M","@id":"https:\/\/permbledhja.com\/#\/schema\/person\/d23f13f59b5722643933d6780783acf3"},"headline":"Gjykata e Apelit merr vendim p\u00ebr tre t\u00eb dyshuarit p\u00ebr sulmin terrorist n\u00eb Banjsk\u00eb","datePublished":"2023-10-16T10:22:17+00:00","dateModified":"2023-10-16T10:22:17+00:00","mainEntityOfPage":{"@id":"https:\/\/permbledhja.com\/gjykata-e-apelit-merr-vendim-per-tre-te-dyshuarit-per-sulmin-terrorist-ne-banjske\/"},"wordCount":284,"publisher":{"@id":"https:\/\/permbledhja.com\/#organization"},"articleSection":["Komb\u00ebtare","Lajme"],"inLanguage":"sq"},{"@type":"WebPage","@id":"https:\/\/permbledhja.com\/gjykata-e-apelit-merr-vendim-per-tre-te-dyshuarit-per-sulmin-terrorist-ne-banjske\/","url":"https:\/\/permbledhja.com\/gjykata-e-apelit-merr-vendim-per-tre-te-dyshuarit-per-sulmin-terrorist-ne-banjske\/","name":"Gjykata e Apelit merr vendim p\u00ebr tre t\u00eb dyshuarit p\u00ebr sulmin terrorist n\u00eb Banjsk\u00eb","isPartOf":{"@id":"https:\/\/permbledhja.com\/#website"},"datePublished":"2023-10-16T10:22:17+00:00","dateModified":"2023-10-16T10:22:17+00:00","breadcrumb":{"@id":"https:\/\/permbledhja.com\/gjykata-e-apelit-merr-vendim-per-tre-te-dyshuarit-per-sulmin-terrorist-ne-banjske\/#breadcrumb"},"inLanguage":"sq","potentialAction":[{"@type":"ReadAction","target":["https:\/\/permbledhja.com\/gjykata-e-apelit-merr-vendim-per-tre-te-dyshuarit-per-sulmin-terrorist-ne-banjske\/"]}]},{"@type":"BreadcrumbList","@id":"https:\/\/permbledhja.com\/gjykata-e-apelit-merr-vendim-per-tre-te-dyshuarit-per-sulmin-terrorist-ne-banjske\/#breadcrumb","itemListElement":[{"@type":"ListItem","position":1,"name":"Ballina","item":"https:\/\/permbledhja.com\/sq\/"},{"@type":"ListItem","position":2,"name":"Gjykata e Apelit merr vendim p\u00ebr tre t\u00eb dyshuarit p\u00ebr sulmin terrorist n\u00eb Banjsk\u00eb"}]},{"@type":"WebSite","@id":"https:\/\/permbledhja.com\/#website","url":"https:\/\/permbledhja.com\/","name":"Ve\u00e7 artikuj p\u00ebrmbledh\u00ebs","description":"","publisher":{"@id":"https:\/\/permbledhja.com\/#organization"},"potentialAction":[{"@type":"SearchAction","target":{"@type":"EntryPoint","urlTemplate":"https:\/\/permbledhja.com\/?s={search_term_string}"},"query-input":"required name=search_term_string"}],"inLanguage":"sq"},{"@type":"Organization","@id":"https:\/\/permbledhja.com\/#organization","name":"MK Media & Pr","url":"https:\/\/permbledhja.com\/","logo":{"@type":"ImageObject","inLanguage":"sq","@id":"https:\/\/permbledhja.com\/#\/schema\/logo\/image\/","url":"https:\/\/permbledhja.com\/wp-content\/uploads\/2021\/12\/07-Press-Logo.jpg","contentUrl":"https:\/\/permbledhja.com\/wp-content\/uploads\/2021\/12\/07-Press-Logo.jpg","width":512,"height":512,"caption":"MK Media & Pr"},"image":{"@id":"https:\/\/permbledhja.com\/#\/schema\/logo\/image\/"},"sameAs":["https:\/\/www.facebook.com\/press07\/"]},{"@type":"Person","@id":"https:\/\/permbledhja.com\/#\/schema\/person\/d23f13f59b5722643933d6780783acf3","name":"M M","image":{"@type":"ImageObject","inLanguage":"sq","@id":"https:\/\/permbledhja.com\/#\/schema\/person\/image\/","url":"https:\/\/secure.gravatar.com\/avatar\/e2835a76ca7c31a2416b2d51c4ec9a8f?s=96&d=mm&r=g","contentUrl":"https:\/\/secure.gravatar.com\/avatar\/e2835a76ca7c31a2416b2d51c4ec9a8f?s=96&d=mm&r=g","caption":"M M"},"sameAs":["http:\/\/MM"],"url":"https:\/\/permbledhja.com\/sq\/author\/muhamet\/"}]}},"_links":{"self":[{"href":"https:\/\/permbledhja.com\/sq\/wp-json\/wp\/v2\/posts\/31508"}],"collection":[{"href":"https:\/\/permbledhja.com\/sq\/wp-json\/wp\/v2\/posts"}],"about":[{"href":"https:\/\/permbledhja.com\/sq\/wp-json\/wp\/v2\/types\/post"}],"author":[{"embeddable":true,"href":"https:\/\/permbledhja.com\/sq\/wp-json\/wp\/v2\/users\/2"}],"replies":[{"embeddable":true,"href":"https:\/\/permbledhja.com\/sq\/wp-json\/wp\/v2\/comments?post=31508"}],"version-history":[{"count":1,"href":"https:\/\/permbledhja.com\/sq\/wp-json\/wp\/v2\/posts\/31508\/revisions"}],"predecessor-version":[{"id":31510,"href":"https:\/\/permbledhja.com\/sq\/wp-json\/wp\/v2\/posts\/31508\/revisions\/31510"}],"wp:featuredmedia":[{"embeddable":true,"href":"https:\/\/permbledhja.com\/sq\/wp-json\/wp\/v2\/media\/31509"}],"wp:attachment":[{"href":"https:\/\/permbledhja.com\/sq\/wp-json\/wp\/v2\/media?parent=31508"}],"wp:term":[{"taxonomy":"category","embeddable":true,"href":"https:\/\/permbledhja.com\/sq\/wp-json\/wp\/v2\/categories?post=31508"},{"taxonomy":"post_tag","embeddable":true,"href":"https:\/\/permbledhja.com\/sq\/wp-json\/wp\/v2\/tags?post=31508"}],"curies":[{"name":"wp","href":"https:\/\/api.w.org\/{rel}","templated":true}]}}