{"id":31477,"date":"2023-10-16T08:39:25","date_gmt":"2023-10-16T08:39:25","guid":{"rendered":"https:\/\/permbledhja.com\/?p=31477"},"modified":"2023-10-16T08:39:25","modified_gmt":"2023-10-16T08:39:25","slug":"gjithcka-gati-per-samitin-e-berlinit-ne-tirane","status":"publish","type":"post","link":"https:\/\/permbledhja.com\/sq\/gjithcka-gati-per-samitin-e-berlinit-ne-tirane\/","title":{"rendered":"\u200bGjith\u00e7ka gati p\u00ebr Samitin e Berlinit n\u00eb Tiran\u00eb"},"content":{"rendered":"<h3>Tirana \u00ebsht\u00eb gati. Kryeqyteti shqiptar do t\u00eb jet\u00eb sot nikoqir i samitit t\u00eb Procesit t\u00eb Berlinit, ku jan\u00eb mbledhur krer\u00ebt m\u00eb t\u00eb lart\u00eb t\u00eb Bashkimit Evropian, p\u00ebrfshir\u00eb kancelarin gjerman Olaf Scholz dhe presidentin francez, Emmanuel Macron dhe t\u00eb gjith\u00eb lider\u00ebt rajonal.<\/h3>\n<p>Pjes\u00eb e samitit \u00ebsht\u00eb edhe kryeministri Albin Kurti, i cili krahas takimeve t\u00eb p\u00ebrbashk\u00ebta,\u00a0 do t\u00eb ket\u00eb takim bilateral edhe me kancelarin gjerman Olaf Scholz.<\/p>\n<p>N\u00eb baz\u00eb t\u00eb agjend\u00ebs samiti do t\u00eb nis n\u00eb or\u00ebn 11:00 ku do t\u00eb b\u00ebhet pritja e lider\u00ebve nga nikoqiri, kryeministri Edi Rama.<\/p>\n<p>M\u00eb pas do t\u00eb hapet sesioni i pun\u00ebs ku pritet q\u00eb udh\u00ebheq\u00ebsit e Shqip\u00ebris\u00eb, Kosov\u00ebs, Serbis\u00eb, Malit t\u00eb Zi, Maqedonis\u00eb s\u00eb Veriut dhe Bosnj\u00eb Hercegovin\u00ebs pritet t\u00eb n\u00ebnshkruajn\u00eb ujdin\u00eb p\u00ebr njohjen e nd\u00ebrsjellt\u00eb edhe t\u00eb kat\u00ebr profesioneve, ku p\u00ebrfshihen kirurg\u00ebt, mamit\u00eb dhe veterinar\u00ebt, t\u00eb cilat do t\u2019i shtohen profesioneve q\u00eb tashm\u00eb jan\u00eb rregulluara p\u00ebr mjek\u00ebt, dentist\u00ebt dhe arkitekt\u00ebt.<\/p>\n<p>Po ashtu do t\u00eb synohet t\u00eb ket\u00eb deklarata t\u00eb p\u00ebrbashk\u00ebta p\u00ebr leht\u00ebsimin e tregtis\u00eb dhe transportin, p\u00ebr mbrojtjen e ambientit dhe partneritetit p\u00ebr klim\u00ebn.<\/p>\n<p>Nd\u00ebrkaq nga kryetarja e Komisionit Evropian, Ursula von der Leyen pritet t\u00eb jepet propozimi p\u00ebr \u201cPlanin e rritjes\u201d i cili ka fokus\u00a0 zgjerimin dhe p\u00ebrafrimin e Ballkanit Per\u00ebndimor me Bashkimin Evropian.<\/p>\n<p>Nd\u00ebrkaq pasditen e sotme do t\u00eb jet\u00eb konferenca e p\u00ebrbashk\u00ebt p\u00ebr medie e kryeministrit Edi Rama, kancelarit gjerman Olaf Scholz dhe kryetares s\u00eb Komisionit Evropian, Ursula von der Leyen.<\/p>\n<p>Samiti i lider\u00ebve t\u00eb Procesit t\u00eb Berlinit p\u00ebr her\u00eb t\u00eb par\u00eb do t\u00eb mbahet jasht\u00eb kufijve t\u00eb Bashkimit Evropian.<\/p>\n","protected":false},"excerpt":{"rendered":"<p>Tirana \u00ebsht\u00eb gati. Kryeqyteti shqiptar do t\u00eb jet\u00eb sot nikoqir i samitit t\u00eb Procesit t\u00eb Berlinit, ku jan\u00eb mbledhur krer\u00ebt m\u00eb t\u00eb lart\u00eb t\u00eb Bashkimit Evropian, p\u00ebrfshir\u00eb kancelarin gjerman Olaf Scholz dhe presidentin francez, Emmanuel Macron dhe t\u00eb gjith\u00eb lider\u00ebt rajonal. Pjes\u00eb e samitit \u00ebsht\u00eb edhe kryeministri Albin Kurti, i cili krahas takimeve t\u00eb p\u00ebrbashk\u00ebta,\u00a0 [&hellip;]<\/p>\n","protected":false},"author":2,"featured_media":31478,"comment_status":"closed","ping_status":"closed","sticky":false,"template":"","format":"standard","meta":{"_monsterinsights_skip_tracking":false,"_monsterinsights_sitenote_active":false,"_monsterinsights_sitenote_note":"","_monsterinsights_sitenote_category":0,"_uf_show_specific_survey":0,"_uf_disable_surveys":false,"footnotes":""},"categories":[23,15],"tags":[],"yoast_head":"<!-- This site is optimized with the Yoast SEO plugin v21.5 - https:\/\/yoast.com\/wordpress\/plugins\/seo\/ -->\n<title>\u200bGjith\u00e7ka gati p\u00ebr Samitin e Berlinit n\u00eb Tiran\u00eb<\/title>\n<meta name=\"robots\" content=\"index, follow, max-snippet:-1, max-image-preview:large, max-video-preview:-1\" \/>\n<link rel=\"canonical\" href=\"https:\/\/permbledhja.com\/sq\/gjithcka-gati-per-samitin-e-berlinit-ne-tirane\/\" \/>\n<meta property=\"og:locale\" content=\"sq_AL\" \/>\n<meta property=\"og:type\" content=\"article\" \/>\n<meta property=\"og:title\" content=\"\u200bGjith\u00e7ka gati p\u00ebr Samitin e Berlinit n\u00eb Tiran\u00eb\" \/>\n<meta property=\"og:description\" content=\"Tirana \u00ebsht\u00eb gati. Kryeqyteti shqiptar do t\u00eb jet\u00eb sot nikoqir i samitit t\u00eb Procesit t\u00eb Berlinit, ku jan\u00eb mbledhur krer\u00ebt m\u00eb t\u00eb lart\u00eb t\u00eb Bashkimit Evropian, p\u00ebrfshir\u00eb kancelarin gjerman Olaf Scholz dhe presidentin francez, Emmanuel Macron dhe t\u00eb gjith\u00eb lider\u00ebt rajonal. Pjes\u00eb e samitit \u00ebsht\u00eb edhe kryeministri Albin Kurti, i cili krahas takimeve t\u00eb p\u00ebrbashk\u00ebta,\u00a0 [&hellip;]\" \/>\n<meta property=\"og:url\" content=\"https:\/\/permbledhja.com\/sq\/gjithcka-gati-per-samitin-e-berlinit-ne-tirane\/\" \/>\n<meta property=\"og:site_name\" content=\"Ve\u00e7 artikuj p\u00ebrmbledh\u00ebs\" \/>\n<meta property=\"article:publisher\" content=\"https:\/\/www.facebook.com\/press07\/\" \/>\n<meta property=\"article:published_time\" content=\"2023-10-16T08:39:25+00:00\" \/>\n<meta property=\"og:image\" content=\"https:\/\/permbledhja.com\/wp-content\/uploads\/2023\/10\/392739987_882771416551854_2177670031229030217_n.jpg\" \/>\n\t<meta property=\"og:image:width\" content=\"2048\" \/>\n\t<meta property=\"og:image:height\" content=\"1536\" \/>\n\t<meta property=\"og:image:type\" content=\"image\/jpeg\" \/>\n<meta name=\"author\" content=\"M M\" \/>\n<meta name=\"twitter:card\" content=\"summary_large_image\" \/>\n<meta name=\"twitter:label1\" content=\"Written by\" \/>\n\t<meta name=\"twitter:data1\" content=\"M M\" \/>\n\t<meta name=\"twitter:label2\" content=\"Est. reading time\" \/>\n\t<meta name=\"twitter:data2\" content=\"1 minut\u00eb\" \/>\n<script type=\"application\/ld+json\" class=\"yoast-schema-graph\">{\"@context\":\"https:\/\/schema.org\",\"@graph\":[{\"@type\":\"Article\",\"@id\":\"https:\/\/permbledhja.com\/sq\/gjithcka-gati-per-samitin-e-berlinit-ne-tirane\/#article\",\"isPartOf\":{\"@id\":\"https:\/\/permbledhja.com\/sq\/gjithcka-gati-per-samitin-e-berlinit-ne-tirane\/\"},\"author\":{\"name\":\"M M\",\"@id\":\"https:\/\/permbledhja.com\/#\/schema\/person\/d23f13f59b5722643933d6780783acf3\"},\"headline\":\"\u200bGjith\u00e7ka gati p\u00ebr Samitin e Berlinit n\u00eb Tiran\u00eb\",\"datePublished\":\"2023-10-16T08:39:25+00:00\",\"dateModified\":\"2023-10-16T08:39:25+00:00\",\"mainEntityOfPage\":{\"@id\":\"https:\/\/permbledhja.com\/sq\/gjithcka-gati-per-samitin-e-berlinit-ne-tirane\/\"},\"wordCount\":303,\"publisher\":{\"@id\":\"https:\/\/permbledhja.com\/#organization\"},\"articleSection\":[\"Komb\u00ebtare\",\"Lajme\"],\"inLanguage\":\"sq\"},{\"@type\":\"WebPage\",\"@id\":\"https:\/\/permbledhja.com\/sq\/gjithcka-gati-per-samitin-e-berlinit-ne-tirane\/\",\"url\":\"https:\/\/permbledhja.com\/sq\/gjithcka-gati-per-samitin-e-berlinit-ne-tirane\/\",\"name\":\"\u200bGjith\u00e7ka gati p\u00ebr Samitin e Berlinit n\u00eb Tiran\u00eb\",\"isPartOf\":{\"@id\":\"https:\/\/permbledhja.com\/#website\"},\"datePublished\":\"2023-10-16T08:39:25+00:00\",\"dateModified\":\"2023-10-16T08:39:25+00:00\",\"breadcrumb\":{\"@id\":\"https:\/\/permbledhja.com\/sq\/gjithcka-gati-per-samitin-e-berlinit-ne-tirane\/#breadcrumb\"},\"inLanguage\":\"sq\",\"potentialAction\":[{\"@type\":\"ReadAction\",\"target\":[\"https:\/\/permbledhja.com\/sq\/gjithcka-gati-per-samitin-e-berlinit-ne-tirane\/\"]}]},{\"@type\":\"BreadcrumbList\",\"@id\":\"https:\/\/permbledhja.com\/sq\/gjithcka-gati-per-samitin-e-berlinit-ne-tirane\/#breadcrumb\",\"itemListElement\":[{\"@type\":\"ListItem\",\"position\":1,\"name\":\"Ballina\",\"item\":\"https:\/\/permbledhja.com\/sq\/\"},{\"@type\":\"ListItem\",\"position\":2,\"name\":\"\u200bGjith\u00e7ka gati p\u00ebr Samitin e Berlinit n\u00eb Tiran\u00eb\"}]},{\"@type\":\"WebSite\",\"@id\":\"https:\/\/permbledhja.com\/#website\",\"url\":\"https:\/\/permbledhja.com\/\",\"name\":\"Ve\u00e7 artikuj p\u00ebrmbledh\u00ebs\",\"description\":\"\",\"publisher\":{\"@id\":\"https:\/\/permbledhja.com\/#organization\"},\"potentialAction\":[{\"@type\":\"SearchAction\",\"target\":{\"@type\":\"EntryPoint\",\"urlTemplate\":\"https:\/\/permbledhja.com\/?s={search_term_string}\"},\"query-input\":\"required name=search_term_string\"}],\"inLanguage\":\"sq\"},{\"@type\":\"Organization\",\"@id\":\"https:\/\/permbledhja.com\/#organization\",\"name\":\"MK Media & Pr\",\"url\":\"https:\/\/permbledhja.com\/\",\"logo\":{\"@type\":\"ImageObject\",\"inLanguage\":\"sq\",\"@id\":\"https:\/\/permbledhja.com\/#\/schema\/logo\/image\/\",\"url\":\"https:\/\/permbledhja.com\/wp-content\/uploads\/2021\/12\/07-Press-Logo.jpg\",\"contentUrl\":\"https:\/\/permbledhja.com\/wp-content\/uploads\/2021\/12\/07-Press-Logo.jpg\",\"width\":512,\"height\":512,\"caption\":\"MK Media & Pr\"},\"image\":{\"@id\":\"https:\/\/permbledhja.com\/#\/schema\/logo\/image\/\"},\"sameAs\":[\"https:\/\/www.facebook.com\/press07\/\"]},{\"@type\":\"Person\",\"@id\":\"https:\/\/permbledhja.com\/#\/schema\/person\/d23f13f59b5722643933d6780783acf3\",\"name\":\"M M\",\"image\":{\"@type\":\"ImageObject\",\"inLanguage\":\"sq\",\"@id\":\"https:\/\/permbledhja.com\/#\/schema\/person\/image\/\",\"url\":\"https:\/\/secure.gravatar.com\/avatar\/e2835a76ca7c31a2416b2d51c4ec9a8f?s=96&d=mm&r=g\",\"contentUrl\":\"https:\/\/secure.gravatar.com\/avatar\/e2835a76ca7c31a2416b2d51c4ec9a8f?s=96&d=mm&r=g\",\"caption\":\"M M\"},\"sameAs\":[\"http:\/\/MM\"],\"url\":\"https:\/\/permbledhja.com\/sq\/author\/muhamet\/\"}]}<\/script>\n<!-- \/ Yoast SEO plugin. -->","yoast_head_json":{"title":"\u200bGjith\u00e7ka gati p\u00ebr Samitin e Berlinit n\u00eb Tiran\u00eb","robots":{"index":"index","follow":"follow","max-snippet":"max-snippet:-1","max-image-preview":"max-image-preview:large","max-video-preview":"max-video-preview:-1"},"canonical":"https:\/\/permbledhja.com\/sq\/gjithcka-gati-per-samitin-e-berlinit-ne-tirane\/","og_locale":"sq_AL","og_type":"article","og_title":"\u200bGjith\u00e7ka gati p\u00ebr Samitin e Berlinit n\u00eb Tiran\u00eb","og_description":"Tirana \u00ebsht\u00eb gati. Kryeqyteti shqiptar do t\u00eb jet\u00eb sot nikoqir i samitit t\u00eb Procesit t\u00eb Berlinit, ku jan\u00eb mbledhur krer\u00ebt m\u00eb t\u00eb lart\u00eb t\u00eb Bashkimit Evropian, p\u00ebrfshir\u00eb kancelarin gjerman Olaf Scholz dhe presidentin francez, Emmanuel Macron dhe t\u00eb gjith\u00eb lider\u00ebt rajonal. Pjes\u00eb e samitit \u00ebsht\u00eb edhe kryeministri Albin Kurti, i cili krahas takimeve t\u00eb p\u00ebrbashk\u00ebta,\u00a0 [&hellip;]","og_url":"https:\/\/permbledhja.com\/sq\/gjithcka-gati-per-samitin-e-berlinit-ne-tirane\/","og_site_name":"Ve\u00e7 artikuj p\u00ebrmbledh\u00ebs","article_publisher":"https:\/\/www.facebook.com\/press07\/","article_published_time":"2023-10-16T08:39:25+00:00","og_image":[{"width":2048,"height":1536,"url":"https:\/\/permbledhja.com\/wp-content\/uploads\/2023\/10\/392739987_882771416551854_2177670031229030217_n.jpg","type":"image\/jpeg"}],"author":"M M","twitter_card":"summary_large_image","twitter_misc":{"Written by":"M M","Est. reading time":"1 minut\u00eb"},"schema":{"@context":"https:\/\/schema.org","@graph":[{"@type":"Article","@id":"https:\/\/permbledhja.com\/sq\/gjithcka-gati-per-samitin-e-berlinit-ne-tirane\/#article","isPartOf":{"@id":"https:\/\/permbledhja.com\/sq\/gjithcka-gati-per-samitin-e-berlinit-ne-tirane\/"},"author":{"name":"M M","@id":"https:\/\/permbledhja.com\/#\/schema\/person\/d23f13f59b5722643933d6780783acf3"},"headline":"\u200bGjith\u00e7ka gati p\u00ebr Samitin e Berlinit n\u00eb Tiran\u00eb","datePublished":"2023-10-16T08:39:25+00:00","dateModified":"2023-10-16T08:39:25+00:00","mainEntityOfPage":{"@id":"https:\/\/permbledhja.com\/sq\/gjithcka-gati-per-samitin-e-berlinit-ne-tirane\/"},"wordCount":303,"publisher":{"@id":"https:\/\/permbledhja.com\/#organization"},"articleSection":["Komb\u00ebtare","Lajme"],"inLanguage":"sq"},{"@type":"WebPage","@id":"https:\/\/permbledhja.com\/sq\/gjithcka-gati-per-samitin-e-berlinit-ne-tirane\/","url":"https:\/\/permbledhja.com\/sq\/gjithcka-gati-per-samitin-e-berlinit-ne-tirane\/","name":"\u200bGjith\u00e7ka gati p\u00ebr Samitin e Berlinit n\u00eb Tiran\u00eb","isPartOf":{"@id":"https:\/\/permbledhja.com\/#website"},"datePublished":"2023-10-16T08:39:25+00:00","dateModified":"2023-10-16T08:39:25+00:00","breadcrumb":{"@id":"https:\/\/permbledhja.com\/sq\/gjithcka-gati-per-samitin-e-berlinit-ne-tirane\/#breadcrumb"},"inLanguage":"sq","potentialAction":[{"@type":"ReadAction","target":["https:\/\/permbledhja.com\/sq\/gjithcka-gati-per-samitin-e-berlinit-ne-tirane\/"]}]},{"@type":"BreadcrumbList","@id":"https:\/\/permbledhja.com\/sq\/gjithcka-gati-per-samitin-e-berlinit-ne-tirane\/#breadcrumb","itemListElement":[{"@type":"ListItem","position":1,"name":"Ballina","item":"https:\/\/permbledhja.com\/sq\/"},{"@type":"ListItem","position":2,"name":"\u200bGjith\u00e7ka gati p\u00ebr Samitin e Berlinit n\u00eb Tiran\u00eb"}]},{"@type":"WebSite","@id":"https:\/\/permbledhja.com\/#website","url":"https:\/\/permbledhja.com\/","name":"Ve\u00e7 artikuj p\u00ebrmbledh\u00ebs","description":"","publisher":{"@id":"https:\/\/permbledhja.com\/#organization"},"potentialAction":[{"@type":"SearchAction","target":{"@type":"EntryPoint","urlTemplate":"https:\/\/permbledhja.com\/?s={search_term_string}"},"query-input":"required name=search_term_string"}],"inLanguage":"sq"},{"@type":"Organization","@id":"https:\/\/permbledhja.com\/#organization","name":"MK Media & Pr","url":"https:\/\/permbledhja.com\/","logo":{"@type":"ImageObject","inLanguage":"sq","@id":"https:\/\/permbledhja.com\/#\/schema\/logo\/image\/","url":"https:\/\/permbledhja.com\/wp-content\/uploads\/2021\/12\/07-Press-Logo.jpg","contentUrl":"https:\/\/permbledhja.com\/wp-content\/uploads\/2021\/12\/07-Press-Logo.jpg","width":512,"height":512,"caption":"MK Media & Pr"},"image":{"@id":"https:\/\/permbledhja.com\/#\/schema\/logo\/image\/"},"sameAs":["https:\/\/www.facebook.com\/press07\/"]},{"@type":"Person","@id":"https:\/\/permbledhja.com\/#\/schema\/person\/d23f13f59b5722643933d6780783acf3","name":"M M","image":{"@type":"ImageObject","inLanguage":"sq","@id":"https:\/\/permbledhja.com\/#\/schema\/person\/image\/","url":"https:\/\/secure.gravatar.com\/avatar\/e2835a76ca7c31a2416b2d51c4ec9a8f?s=96&d=mm&r=g","contentUrl":"https:\/\/secure.gravatar.com\/avatar\/e2835a76ca7c31a2416b2d51c4ec9a8f?s=96&d=mm&r=g","caption":"M M"},"sameAs":["http:\/\/MM"],"url":"https:\/\/permbledhja.com\/sq\/author\/muhamet\/"}]}},"_links":{"self":[{"href":"https:\/\/permbledhja.com\/sq\/wp-json\/wp\/v2\/posts\/31477"}],"collection":[{"href":"https:\/\/permbledhja.com\/sq\/wp-json\/wp\/v2\/posts"}],"about":[{"href":"https:\/\/permbledhja.com\/sq\/wp-json\/wp\/v2\/types\/post"}],"author":[{"embeddable":true,"href":"https:\/\/permbledhja.com\/sq\/wp-json\/wp\/v2\/users\/2"}],"replies":[{"embeddable":true,"href":"https:\/\/permbledhja.com\/sq\/wp-json\/wp\/v2\/comments?post=31477"}],"version-history":[{"count":1,"href":"https:\/\/permbledhja.com\/sq\/wp-json\/wp\/v2\/posts\/31477\/revisions"}],"predecessor-version":[{"id":31479,"href":"https:\/\/permbledhja.com\/sq\/wp-json\/wp\/v2\/posts\/31477\/revisions\/31479"}],"wp:featuredmedia":[{"embeddable":true,"href":"https:\/\/permbledhja.com\/sq\/wp-json\/wp\/v2\/media\/31478"}],"wp:attachment":[{"href":"https:\/\/permbledhja.com\/sq\/wp-json\/wp\/v2\/media?parent=31477"}],"wp:term":[{"taxonomy":"category","embeddable":true,"href":"https:\/\/permbledhja.com\/sq\/wp-json\/wp\/v2\/categories?post=31477"},{"taxonomy":"post_tag","embeddable":true,"href":"https:\/\/permbledhja.com\/sq\/wp-json\/wp\/v2\/tags?post=31477"}],"curies":[{"name":"wp","href":"https:\/\/api.w.org\/{rel}","templated":true}]}}