{"id":31391,"date":"2023-10-15T11:08:40","date_gmt":"2023-10-15T11:08:40","guid":{"rendered":"https:\/\/permbledhja.com\/?p=31391"},"modified":"2023-10-15T11:08:40","modified_gmt":"2023-10-15T11:08:40","slug":"ky-eshte-4-vjecari-i-cili-u-gjet-pa-shenja-jete-te-premten","status":"publish","type":"post","link":"https:\/\/permbledhja.com\/sq\/ky-eshte-4-vjecari-i-cili-u-gjet-pa-shenja-jete-te-premten\/","title":{"rendered":"Ky \u00ebsht\u00eb 4 vje\u00e7ari i cili u gjet pa shenja jete t\u00eb premten"},"content":{"rendered":"<h3>Shoqata e Kosov\u00ebs p\u00ebr k\u00ebrkim dhe Shp\u00ebtim p\u00ebrmes nj\u00eb postimi n\u00eb Facebook t\u00eb premten ka b\u00ebr\u00eb t\u00eb ditur se nj\u00eb 4 vje\u00e7ari nga fshati Raskov\u00eb \u00ebsht\u00eb gjetur pa shenja jete.<\/h3>\n<div class=\"code-block code-block-2\">\n<div id=\"reklama-300x250\">Sipas tyre pas marrjes s\u00eb lajmit ekipi bashk\u00eb me Policin\u00eb e Kosov\u00ebs kan\u00eb b\u00ebr\u00eb k\u00ebrkime intensive ndon\u00ebse f\u00ebmiju 4 vje\u00e7ar \u00ebsht\u00eb gjetur i vdekur.<\/div>\n<div><\/div>\n<\/div>\n<div class=\"code-block code-block-7\">\n<div id=\"pas-paragrafit-te-dzte\">\u201cPas nj\u00eb alarmi t\u00eb marr\u00eb p\u00ebr zhdukjen e nj\u00eb f\u00ebmiju 4 vjeqar n\u00eb Raskov t\u00eb komunes s\u00eb Obiliqit, pjestar\u00ebt e shoqat\u00ebs u aktivizuan n\u00eb koh\u00eb rekorde.Pas k\u00ebrkimeve intenzive s\u00eb bashku me Policin\u00eb e Kosov\u00ebs dhe bashkfshatar\u00ebt u b\u00eb e mundur gjetja e f\u00ebmijut 4 vjeqar por fatkeq\u00ebsisht pa shenja t\u00eb jet\u00ebs.Ngush\u00ebllime familjes dhe fshatit Raskov p\u00ebr k\u00ebt\u00eb humbje t\u00eb madhe\u201d, thuhet n\u00eb njoftim.<\/div>\n<div><img loading=\"lazy\" decoding=\"async\" class=\"alignnone  wp-image-31392\" src=\"https:\/\/permbledhja.com\/wp-content\/uploads\/2023\/10\/B8C97329-37AD-467A-8D02-FC1D2628EE06-169x300-1.jpg\" alt=\"\" width=\"531\" height=\"943\" srcset=\"https:\/\/permbledhja.com\/wp-content\/uploads\/2023\/10\/B8C97329-37AD-467A-8D02-FC1D2628EE06-169x300-1.jpg 169w, https:\/\/permbledhja.com\/wp-content\/uploads\/2023\/10\/B8C97329-37AD-467A-8D02-FC1D2628EE06-169x300-1-7x12.jpg 7w\" sizes=\"(max-width: 531px) 100vw, 531px\" \/><\/div>\n<div>\n<p>Kat\u00ebr vje\u00e7ari i cili u gjet\u00eb i vdekur dit\u00ebn e premte \u00ebsht\u00eb Deon Bajrami k\u00ebshtu kan\u00eb b\u00ebr\u00eb t\u00eb ditur familjar\u00ebt p\u00ebrmes nj\u00eb postimi n\u00eb Facebook ku edhe kan\u00eb treguar p\u00ebr vorrimin e t\u00eb ndjerit.<\/p>\n<div><\/div>\n<\/div>\n<div><\/div>\n<\/div>\n","protected":false},"excerpt":{"rendered":"<p>Shoqata e Kosov\u00ebs p\u00ebr k\u00ebrkim dhe Shp\u00ebtim p\u00ebrmes nj\u00eb postimi n\u00eb Facebook t\u00eb premten ka b\u00ebr\u00eb t\u00eb ditur se nj\u00eb 4 vje\u00e7ari nga fshati Raskov\u00eb \u00ebsht\u00eb gjetur pa shenja jete. Sipas tyre pas marrjes s\u00eb lajmit ekipi bashk\u00eb me Policin\u00eb e Kosov\u00ebs kan\u00eb b\u00ebr\u00eb k\u00ebrkime intensive ndon\u00ebse f\u00ebmiju 4 vje\u00e7ar \u00ebsht\u00eb gjetur i vdekur. \u201cPas [&hellip;]<\/p>\n","protected":false},"author":2,"featured_media":31394,"comment_status":"closed","ping_status":"closed","sticky":false,"template":"","format":"standard","meta":{"_monsterinsights_skip_tracking":false,"_monsterinsights_sitenote_active":false,"_monsterinsights_sitenote_note":"","_monsterinsights_sitenote_category":0,"_uf_show_specific_survey":0,"_uf_disable_surveys":false,"footnotes":""},"categories":[15],"tags":[],"yoast_head":"<!-- This site is optimized with the Yoast SEO plugin v21.5 - https:\/\/yoast.com\/wordpress\/plugins\/seo\/ -->\n<title>Ky \u00ebsht\u00eb 4 vje\u00e7ari i cili u gjet pa shenja jete t\u00eb premten<\/title>\n<meta name=\"robots\" content=\"index, follow, max-snippet:-1, max-image-preview:large, max-video-preview:-1\" \/>\n<link rel=\"canonical\" href=\"https:\/\/permbledhja.com\/sq\/ky-eshte-4-vjecari-i-cili-u-gjet-pa-shenja-jete-te-premten\/\" \/>\n<meta property=\"og:locale\" content=\"sq_AL\" \/>\n<meta property=\"og:type\" content=\"article\" \/>\n<meta property=\"og:title\" content=\"Ky \u00ebsht\u00eb 4 vje\u00e7ari i cili u gjet pa shenja jete t\u00eb premten\" \/>\n<meta property=\"og:description\" content=\"Shoqata e Kosov\u00ebs p\u00ebr k\u00ebrkim dhe Shp\u00ebtim p\u00ebrmes nj\u00eb postimi n\u00eb Facebook t\u00eb premten ka b\u00ebr\u00eb t\u00eb ditur se nj\u00eb 4 vje\u00e7ari nga fshati Raskov\u00eb \u00ebsht\u00eb gjetur pa shenja jete. Sipas tyre pas marrjes s\u00eb lajmit ekipi bashk\u00eb me Policin\u00eb e Kosov\u00ebs kan\u00eb b\u00ebr\u00eb k\u00ebrkime intensive ndon\u00ebse f\u00ebmiju 4 vje\u00e7ar \u00ebsht\u00eb gjetur i vdekur. \u201cPas [&hellip;]\" \/>\n<meta property=\"og:url\" content=\"https:\/\/permbledhja.com\/sq\/ky-eshte-4-vjecari-i-cili-u-gjet-pa-shenja-jete-te-premten\/\" \/>\n<meta property=\"og:site_name\" content=\"Ve\u00e7 artikuj p\u00ebrmbledh\u00ebs\" \/>\n<meta property=\"article:publisher\" content=\"https:\/\/www.facebook.com\/press07\/\" \/>\n<meta property=\"article:published_time\" content=\"2023-10-15T11:08:40+00:00\" \/>\n<meta property=\"og:image\" content=\"https:\/\/permbledhja.com\/wp-content\/uploads\/2023\/10\/SHIRITI-SCENE-600x360-1-1.jpg\" \/>\n\t<meta property=\"og:image:width\" content=\"600\" \/>\n\t<meta property=\"og:image:height\" content=\"360\" \/>\n\t<meta property=\"og:image:type\" content=\"image\/jpeg\" \/>\n<meta name=\"author\" content=\"M M\" \/>\n<meta name=\"twitter:card\" content=\"summary_large_image\" \/>\n<meta name=\"twitter:label1\" content=\"Written by\" \/>\n\t<meta name=\"twitter:data1\" content=\"M M\" \/>\n\t<meta name=\"twitter:label2\" content=\"Est. reading time\" \/>\n\t<meta name=\"twitter:data2\" content=\"1 minut\u00eb\" \/>\n<script type=\"application\/ld+json\" class=\"yoast-schema-graph\">{\"@context\":\"https:\/\/schema.org\",\"@graph\":[{\"@type\":\"Article\",\"@id\":\"https:\/\/permbledhja.com\/sq\/ky-eshte-4-vjecari-i-cili-u-gjet-pa-shenja-jete-te-premten\/#article\",\"isPartOf\":{\"@id\":\"https:\/\/permbledhja.com\/sq\/ky-eshte-4-vjecari-i-cili-u-gjet-pa-shenja-jete-te-premten\/\"},\"author\":{\"name\":\"M M\",\"@id\":\"https:\/\/permbledhja.com\/#\/schema\/person\/d23f13f59b5722643933d6780783acf3\"},\"headline\":\"Ky \u00ebsht\u00eb 4 vje\u00e7ari i cili u gjet pa shenja jete t\u00eb premten\",\"datePublished\":\"2023-10-15T11:08:40+00:00\",\"dateModified\":\"2023-10-15T11:08:40+00:00\",\"mainEntityOfPage\":{\"@id\":\"https:\/\/permbledhja.com\/sq\/ky-eshte-4-vjecari-i-cili-u-gjet-pa-shenja-jete-te-premten\/\"},\"wordCount\":196,\"publisher\":{\"@id\":\"https:\/\/permbledhja.com\/#organization\"},\"articleSection\":[\"Lajme\"],\"inLanguage\":\"sq\"},{\"@type\":\"WebPage\",\"@id\":\"https:\/\/permbledhja.com\/sq\/ky-eshte-4-vjecari-i-cili-u-gjet-pa-shenja-jete-te-premten\/\",\"url\":\"https:\/\/permbledhja.com\/sq\/ky-eshte-4-vjecari-i-cili-u-gjet-pa-shenja-jete-te-premten\/\",\"name\":\"Ky \u00ebsht\u00eb 4 vje\u00e7ari i cili u gjet pa shenja jete t\u00eb premten\",\"isPartOf\":{\"@id\":\"https:\/\/permbledhja.com\/#website\"},\"datePublished\":\"2023-10-15T11:08:40+00:00\",\"dateModified\":\"2023-10-15T11:08:40+00:00\",\"breadcrumb\":{\"@id\":\"https:\/\/permbledhja.com\/sq\/ky-eshte-4-vjecari-i-cili-u-gjet-pa-shenja-jete-te-premten\/#breadcrumb\"},\"inLanguage\":\"sq\",\"potentialAction\":[{\"@type\":\"ReadAction\",\"target\":[\"https:\/\/permbledhja.com\/sq\/ky-eshte-4-vjecari-i-cili-u-gjet-pa-shenja-jete-te-premten\/\"]}]},{\"@type\":\"BreadcrumbList\",\"@id\":\"https:\/\/permbledhja.com\/sq\/ky-eshte-4-vjecari-i-cili-u-gjet-pa-shenja-jete-te-premten\/#breadcrumb\",\"itemListElement\":[{\"@type\":\"ListItem\",\"position\":1,\"name\":\"Ballina\",\"item\":\"https:\/\/permbledhja.com\/sq\/\"},{\"@type\":\"ListItem\",\"position\":2,\"name\":\"Ky \u00ebsht\u00eb 4 vje\u00e7ari i cili u gjet pa shenja jete t\u00eb premten\"}]},{\"@type\":\"WebSite\",\"@id\":\"https:\/\/permbledhja.com\/#website\",\"url\":\"https:\/\/permbledhja.com\/\",\"name\":\"Ve\u00e7 artikuj p\u00ebrmbledh\u00ebs\",\"description\":\"\",\"publisher\":{\"@id\":\"https:\/\/permbledhja.com\/#organization\"},\"potentialAction\":[{\"@type\":\"SearchAction\",\"target\":{\"@type\":\"EntryPoint\",\"urlTemplate\":\"https:\/\/permbledhja.com\/?s={search_term_string}\"},\"query-input\":\"required name=search_term_string\"}],\"inLanguage\":\"sq\"},{\"@type\":\"Organization\",\"@id\":\"https:\/\/permbledhja.com\/#organization\",\"name\":\"MK Media & Pr\",\"url\":\"https:\/\/permbledhja.com\/\",\"logo\":{\"@type\":\"ImageObject\",\"inLanguage\":\"sq\",\"@id\":\"https:\/\/permbledhja.com\/#\/schema\/logo\/image\/\",\"url\":\"https:\/\/permbledhja.com\/wp-content\/uploads\/2021\/12\/07-Press-Logo.jpg\",\"contentUrl\":\"https:\/\/permbledhja.com\/wp-content\/uploads\/2021\/12\/07-Press-Logo.jpg\",\"width\":512,\"height\":512,\"caption\":\"MK Media & Pr\"},\"image\":{\"@id\":\"https:\/\/permbledhja.com\/#\/schema\/logo\/image\/\"},\"sameAs\":[\"https:\/\/www.facebook.com\/press07\/\"]},{\"@type\":\"Person\",\"@id\":\"https:\/\/permbledhja.com\/#\/schema\/person\/d23f13f59b5722643933d6780783acf3\",\"name\":\"M M\",\"image\":{\"@type\":\"ImageObject\",\"inLanguage\":\"sq\",\"@id\":\"https:\/\/permbledhja.com\/#\/schema\/person\/image\/\",\"url\":\"https:\/\/secure.gravatar.com\/avatar\/e2835a76ca7c31a2416b2d51c4ec9a8f?s=96&d=mm&r=g\",\"contentUrl\":\"https:\/\/secure.gravatar.com\/avatar\/e2835a76ca7c31a2416b2d51c4ec9a8f?s=96&d=mm&r=g\",\"caption\":\"M M\"},\"sameAs\":[\"http:\/\/MM\"],\"url\":\"https:\/\/permbledhja.com\/sq\/author\/muhamet\/\"}]}<\/script>\n<!-- \/ Yoast SEO plugin. -->","yoast_head_json":{"title":"Ky \u00ebsht\u00eb 4 vje\u00e7ari i cili u gjet pa shenja jete t\u00eb premten","robots":{"index":"index","follow":"follow","max-snippet":"max-snippet:-1","max-image-preview":"max-image-preview:large","max-video-preview":"max-video-preview:-1"},"canonical":"https:\/\/permbledhja.com\/sq\/ky-eshte-4-vjecari-i-cili-u-gjet-pa-shenja-jete-te-premten\/","og_locale":"sq_AL","og_type":"article","og_title":"Ky \u00ebsht\u00eb 4 vje\u00e7ari i cili u gjet pa shenja jete t\u00eb premten","og_description":"Shoqata e Kosov\u00ebs p\u00ebr k\u00ebrkim dhe Shp\u00ebtim p\u00ebrmes nj\u00eb postimi n\u00eb Facebook t\u00eb premten ka b\u00ebr\u00eb t\u00eb ditur se nj\u00eb 4 vje\u00e7ari nga fshati Raskov\u00eb \u00ebsht\u00eb gjetur pa shenja jete. Sipas tyre pas marrjes s\u00eb lajmit ekipi bashk\u00eb me Policin\u00eb e Kosov\u00ebs kan\u00eb b\u00ebr\u00eb k\u00ebrkime intensive ndon\u00ebse f\u00ebmiju 4 vje\u00e7ar \u00ebsht\u00eb gjetur i vdekur. \u201cPas [&hellip;]","og_url":"https:\/\/permbledhja.com\/sq\/ky-eshte-4-vjecari-i-cili-u-gjet-pa-shenja-jete-te-premten\/","og_site_name":"Ve\u00e7 artikuj p\u00ebrmbledh\u00ebs","article_publisher":"https:\/\/www.facebook.com\/press07\/","article_published_time":"2023-10-15T11:08:40+00:00","og_image":[{"width":600,"height":360,"url":"https:\/\/permbledhja.com\/wp-content\/uploads\/2023\/10\/SHIRITI-SCENE-600x360-1-1.jpg","type":"image\/jpeg"}],"author":"M M","twitter_card":"summary_large_image","twitter_misc":{"Written by":"M M","Est. reading time":"1 minut\u00eb"},"schema":{"@context":"https:\/\/schema.org","@graph":[{"@type":"Article","@id":"https:\/\/permbledhja.com\/sq\/ky-eshte-4-vjecari-i-cili-u-gjet-pa-shenja-jete-te-premten\/#article","isPartOf":{"@id":"https:\/\/permbledhja.com\/sq\/ky-eshte-4-vjecari-i-cili-u-gjet-pa-shenja-jete-te-premten\/"},"author":{"name":"M M","@id":"https:\/\/permbledhja.com\/#\/schema\/person\/d23f13f59b5722643933d6780783acf3"},"headline":"Ky \u00ebsht\u00eb 4 vje\u00e7ari i cili u gjet pa shenja jete t\u00eb premten","datePublished":"2023-10-15T11:08:40+00:00","dateModified":"2023-10-15T11:08:40+00:00","mainEntityOfPage":{"@id":"https:\/\/permbledhja.com\/sq\/ky-eshte-4-vjecari-i-cili-u-gjet-pa-shenja-jete-te-premten\/"},"wordCount":196,"publisher":{"@id":"https:\/\/permbledhja.com\/#organization"},"articleSection":["Lajme"],"inLanguage":"sq"},{"@type":"WebPage","@id":"https:\/\/permbledhja.com\/sq\/ky-eshte-4-vjecari-i-cili-u-gjet-pa-shenja-jete-te-premten\/","url":"https:\/\/permbledhja.com\/sq\/ky-eshte-4-vjecari-i-cili-u-gjet-pa-shenja-jete-te-premten\/","name":"Ky \u00ebsht\u00eb 4 vje\u00e7ari i cili u gjet pa shenja jete t\u00eb premten","isPartOf":{"@id":"https:\/\/permbledhja.com\/#website"},"datePublished":"2023-10-15T11:08:40+00:00","dateModified":"2023-10-15T11:08:40+00:00","breadcrumb":{"@id":"https:\/\/permbledhja.com\/sq\/ky-eshte-4-vjecari-i-cili-u-gjet-pa-shenja-jete-te-premten\/#breadcrumb"},"inLanguage":"sq","potentialAction":[{"@type":"ReadAction","target":["https:\/\/permbledhja.com\/sq\/ky-eshte-4-vjecari-i-cili-u-gjet-pa-shenja-jete-te-premten\/"]}]},{"@type":"BreadcrumbList","@id":"https:\/\/permbledhja.com\/sq\/ky-eshte-4-vjecari-i-cili-u-gjet-pa-shenja-jete-te-premten\/#breadcrumb","itemListElement":[{"@type":"ListItem","position":1,"name":"Ballina","item":"https:\/\/permbledhja.com\/sq\/"},{"@type":"ListItem","position":2,"name":"Ky \u00ebsht\u00eb 4 vje\u00e7ari i cili u gjet pa shenja jete t\u00eb premten"}]},{"@type":"WebSite","@id":"https:\/\/permbledhja.com\/#website","url":"https:\/\/permbledhja.com\/","name":"Ve\u00e7 artikuj p\u00ebrmbledh\u00ebs","description":"","publisher":{"@id":"https:\/\/permbledhja.com\/#organization"},"potentialAction":[{"@type":"SearchAction","target":{"@type":"EntryPoint","urlTemplate":"https:\/\/permbledhja.com\/?s={search_term_string}"},"query-input":"required name=search_term_string"}],"inLanguage":"sq"},{"@type":"Organization","@id":"https:\/\/permbledhja.com\/#organization","name":"MK Media & Pr","url":"https:\/\/permbledhja.com\/","logo":{"@type":"ImageObject","inLanguage":"sq","@id":"https:\/\/permbledhja.com\/#\/schema\/logo\/image\/","url":"https:\/\/permbledhja.com\/wp-content\/uploads\/2021\/12\/07-Press-Logo.jpg","contentUrl":"https:\/\/permbledhja.com\/wp-content\/uploads\/2021\/12\/07-Press-Logo.jpg","width":512,"height":512,"caption":"MK Media & Pr"},"image":{"@id":"https:\/\/permbledhja.com\/#\/schema\/logo\/image\/"},"sameAs":["https:\/\/www.facebook.com\/press07\/"]},{"@type":"Person","@id":"https:\/\/permbledhja.com\/#\/schema\/person\/d23f13f59b5722643933d6780783acf3","name":"M M","image":{"@type":"ImageObject","inLanguage":"sq","@id":"https:\/\/permbledhja.com\/#\/schema\/person\/image\/","url":"https:\/\/secure.gravatar.com\/avatar\/e2835a76ca7c31a2416b2d51c4ec9a8f?s=96&d=mm&r=g","contentUrl":"https:\/\/secure.gravatar.com\/avatar\/e2835a76ca7c31a2416b2d51c4ec9a8f?s=96&d=mm&r=g","caption":"M M"},"sameAs":["http:\/\/MM"],"url":"https:\/\/permbledhja.com\/sq\/author\/muhamet\/"}]}},"_links":{"self":[{"href":"https:\/\/permbledhja.com\/sq\/wp-json\/wp\/v2\/posts\/31391"}],"collection":[{"href":"https:\/\/permbledhja.com\/sq\/wp-json\/wp\/v2\/posts"}],"about":[{"href":"https:\/\/permbledhja.com\/sq\/wp-json\/wp\/v2\/types\/post"}],"author":[{"embeddable":true,"href":"https:\/\/permbledhja.com\/sq\/wp-json\/wp\/v2\/users\/2"}],"replies":[{"embeddable":true,"href":"https:\/\/permbledhja.com\/sq\/wp-json\/wp\/v2\/comments?post=31391"}],"version-history":[{"count":1,"href":"https:\/\/permbledhja.com\/sq\/wp-json\/wp\/v2\/posts\/31391\/revisions"}],"predecessor-version":[{"id":31395,"href":"https:\/\/permbledhja.com\/sq\/wp-json\/wp\/v2\/posts\/31391\/revisions\/31395"}],"wp:featuredmedia":[{"embeddable":true,"href":"https:\/\/permbledhja.com\/sq\/wp-json\/wp\/v2\/media\/31394"}],"wp:attachment":[{"href":"https:\/\/permbledhja.com\/sq\/wp-json\/wp\/v2\/media?parent=31391"}],"wp:term":[{"taxonomy":"category","embeddable":true,"href":"https:\/\/permbledhja.com\/sq\/wp-json\/wp\/v2\/categories?post=31391"},{"taxonomy":"post_tag","embeddable":true,"href":"https:\/\/permbledhja.com\/sq\/wp-json\/wp\/v2\/tags?post=31391"}],"curies":[{"name":"wp","href":"https:\/\/api.w.org\/{rel}","templated":true}]}}