{"id":31362,"date":"2023-10-15T08:44:30","date_gmt":"2023-10-15T08:44:30","guid":{"rendered":"https:\/\/permbledhja.com\/?p=31362"},"modified":"2023-10-15T08:44:30","modified_gmt":"2023-10-15T08:44:30","slug":"burimet-ishin-nga-mediat-dhe-qeveria-e-serbise-avokati-i-veselit-kerkon-qe-raporti-i-fred-abrahams-te-perjashtohet-nga-provat","status":"publish","type":"post","link":"https:\/\/permbledhja.com\/sq\/burimet-ishin-nga-mediat-dhe-qeveria-e-serbise-avokati-i-veselit-kerkon-qe-raporti-i-fred-abrahams-te-perjashtohet-nga-provat\/","title":{"rendered":"&#8220;Burimet ishin nga mediat dhe qeveria e Serbis\u00eb&#8221;, Avokati i Veselit k\u00ebrkon q\u00eb raporti i Fred Abrahams t\u00eb p\u00ebrjashtohet nga provat"},"content":{"rendered":"<h3>D\u00ebshmia e hulumtuesit t\u00eb Human Rights Watch n\u00eb Hag\u00eb, ishte nj\u00eb nga m\u00eb t\u00eb diskutuarat. Kjo pasi Abrahams e kishte pranuar se p\u00ebr nj\u00eb pjes\u00eb t\u00eb raportit t\u00eb tij, ka p\u00ebrdorur burime nga mediat serbe. Disa jav\u00eb pas k\u00ebsaj d\u00ebshmie, avokati Ben Emmerson po k\u00ebrkon q\u00eb raporti i Abrahams q\u00eb ishte pranuar si prove n\u00eb proces, t\u00eb mos shfryt\u00ebzohet m\u00eb.<\/h3>\n<p>Raporti i hulumtuesit t\u00eb Human Rights \u00cbatsh, Fred Abrahams, p\u00ebr vrasjet e pretenduara t\u00eb civil\u00ebve nga Ushtria \u00c7lirimtare e Kosov\u00ebs, ishte pranuar si prov\u00eb n\u00eb gjykimin e krer\u00ebve t\u00eb U\u00c7K-s\u00eb n\u00eb Hag\u00eb. Megjithat\u00eb, pas d\u00ebshmis\u00eb s\u00eb Abrahams fizikisht n\u00eb sall\u00ebn e gjyqit, mbrojtja e krer\u00ebve t\u00eb U\u00c7K-s\u00eb po k\u00ebrkon q\u00eb kjo prove t\u00eb p\u00ebrjashtohet nga procesi.<\/p>\n<p>Sipas avokatit t\u00eb Kadri Veselit, Ben Emmerson, p\u00ebr hartimin e k\u00ebtij raporti q\u00eb \u00ebsht\u00eb si prove n\u00eb gjykim, d\u00ebshmitari Abrahams e ka pranuar edhe vet\u00eb q\u00eb ka p\u00ebrdorur raporte nga mediat serbe dhe komunikata nga Qeveria e Serbis\u00eb.<\/p>\n<p>N\u00eb parashtrimin q\u00eb e ka b\u00ebr\u00eb Emmerson me p\u00ebrkrahjen edhe t\u00eb avokat\u00ebve t\u00eb tjer\u00eb t\u00eb krer\u00ebve t\u00eb U\u00c7K-s\u00eb, thuhet se i gjith\u00eb raporti \u00ebsht\u00eb hartuar me burime dyt\u00ebsore e tret\u00ebsore. N\u00eb k\u00ebt\u00eb k\u00ebrkes\u00eb t\u00eb avokatit britanik t\u00eb cil\u00ebn e ka pare Nacionale, theksohet se n\u00ebse ky raport mbetet si prov\u00eb, cenohet e drejta e Kadri Veselit p\u00ebr gjykim t\u00eb drejt\u00eb.<\/p>\n<p><img loading=\"lazy\" decoding=\"async\" class=\"alignnone  wp-image-103121494\" src=\"https:\/\/lajmi.net\/wp-content\/uploads\/2023\/10\/4-4.png\" sizes=\"(max-width: 1003px) 100vw, 1003px\" srcset=\"https:\/\/lajmi.net\/wp-content\/uploads\/2023\/10\/4-4.png 683w, https:\/\/lajmi.net\/wp-content\/uploads\/2023\/10\/4-4-128x150.png 128w\" alt=\"\" width=\"1003\" height=\"1175\" \/><\/p>\n<p><em>\u201cAvokati i z. Veseli e kund\u00ebrshtoi pranimin e tij n\u00eb baz\u00eb t\u00eb faktit se, sipas d\u00ebshmis\u00eb s\u00eb vet\u00eb d\u00ebshmitarit, gjetjet e raportit bazoheshin n\u00eb thashetheme t\u00eb patestueshme q\u00eb e b\u00ebnin at\u00eb shum\u00eb t\u00eb pabesuesh\u00ebm dhe, p\u00ebr m\u00eb tep\u00ebr, raporti ishte krijuar p\u00ebr t\u00eb paraqitur nj\u00eb argument p\u00ebr U\u00c7K-n\u00eb q\u00eb ndodh t\u00eb p\u00ebrkoj\u00eb me rastin e Prokuroris\u00eb \u2013 duke e b\u00ebr\u00eb at\u00eb shum\u00eb paragjykues.Kund\u00ebrshtimit iu bashkuan avokati i z. Tha\u00e7i dhe avokati i z. Krasniqi\u201d,<\/em>\u00a0thuhet n\u00eb start t\u00eb k\u00ebsaj parashtrese.<\/p>\n<p><em>\u201cN\u00eb p\u00ebrgjigje t\u00eb pyetjeve n\u00eb lidhje me origjin\u00ebn e informacionit t\u00eb cituar n\u00eb P380, d\u00ebshmitari pranoi n\u00eb Prokurori se ai mb\u00ebshtetej \u201ckryesisht n\u00eb burime dyt\u00ebsore\u201d sepse, sipas tij, ishte \u201ce v\u00ebshtir\u00eb\u201d t\u00eb kryheshin hetime t\u00eb dor\u00ebs s\u00eb par\u00eb p\u00ebr krimet e supozuara t\u00eb U\u00c7K-s\u00eb\u201d,<\/em>\u00a0thuhet m\u00eb tutje, raporton Nacionale.<\/p>\n<p>Sipas parashtrimit t\u00eb Emmeron, vet\u00eb d\u00ebshmitari n\u00eb p\u00ebrgjigjet e tij e konfirmon se raporti u mb\u00ebshtet\u00eb kryesisht n\u00eb mediat e Beogradit.<\/p>\n<p><em>\u201cVe\u00e7an\u00ebrisht, megjithat\u00eb, kur u p\u00ebrball me faktin se burimi i vet\u00ebm n\u00eb t\u00eb cilin FDH u mb\u00ebshtet p\u00ebr nj\u00eb pretendim q\u00eb ishte ricikluar n\u00eb P380 ishte \u201cMedia e Beogradit\u201d, d\u00ebshmitari v\u00ebrejti se ai nuk mund t\u00eb fliste p\u00ebr FDH-n\u00eb ose vendimet q\u00eb ata mor\u00ebn n\u00eb lidhje me burimet.39 N\u00eb t\u00eb v\u00ebrtet\u00eb, ky koncesion \u00ebsht\u00eb pik\u00ebrisht arsyeja pse Mbrojtja parashtron se k\u00ebrkohej nj\u00eb vler\u00ebsim i pavarur i burimeve t\u00eb tyre, pavar\u00ebsisht se sa e itua ishte marr\u00ebdh\u00ebnia profesionale midis dy organizatave ose individ\u00ebve t\u00eb p\u00ebrfshir\u00eb\u201d,<\/em>\u00a0thuhet n\u00eb k\u00ebrkes\u00ebn e Ben Emmerson.<\/p>\n<p>Avokati i Kadri Veselit q\u00eb e kishte marr\u00eb n\u00eb pyetje p\u00ebr or\u00eb t\u00eb t\u00ebra Abrahamsin, tregoi n\u00eb detaje se shumica e k\u00ebtij raporti nd\u00ebrtohej pa intervista me d\u00ebshmitar\u00ebt apo viktimat.<\/p>\n<p><em>\u201cN\u00eb total, P380 p\u00ebrmban 34 citate. Midis tyre, vet\u00ebm tre citate i referohen intervistave ose bisedave q\u00eb ka kryer vet\u00eb personeli i HR\u00cb \u2013 asnj\u00ebri prej t\u00eb cil\u00ebve nuk \u00ebsht\u00eb viktim\u00eb apo d\u00ebshmitar i krimeve. Media \u2013 private dhe shtet\u00ebrore \u2013 si dhe jo -Organizatat qeveritare p\u00ebrb\u00ebjn\u00eb shumic\u00ebn d\u00ebrrmuese, n\u00ebse jo t\u00eb gjitha, t\u00eb referencave t\u00eb p\u00ebrfshira n\u00eb P380. Ve\u00e7an\u00ebrisht, 11 referenca i jan\u00eb b\u00ebr\u00eb raportit t\u00eb lartp\u00ebrmendur t\u00eb FDH Spotlight nga 5 gusht 1998, i cili, nga ana tjet\u00ebr, citon burime t\u00eb tjera dyt\u00ebsore, duke p\u00ebrfshir\u00eb vet\u00eb \u201cFDH\u201d dhe \u201cMedien e Beogradit\u201d\u201d,<\/em>\u00a0thuhet n\u00eb k\u00ebt\u00eb k\u00ebrkes\u00eb t\u00eb Emmerson.<\/p>\n<p><img loading=\"lazy\" decoding=\"async\" class=\"alignnone  wp-image-103121495\" src=\"https:\/\/lajmi.net\/wp-content\/uploads\/2023\/10\/5-6.png\" sizes=\"(max-width: 977px) 100vw, 977px\" srcset=\"https:\/\/lajmi.net\/wp-content\/uploads\/2023\/10\/5-6.png 685w, https:\/\/lajmi.net\/wp-content\/uploads\/2023\/10\/5-6-150x134.png 150w\" alt=\"\" width=\"977\" height=\"873\" \/><\/p>\n<p>Alarmi p\u00ebr nj\u00eb gjykim t\u00eb drejt\u00eb n\u00eb k\u00ebt\u00eb rast, sipas Emmerson, \u00ebsht\u00eb fakti se ky raport mb\u00ebshtetet kryesisht n\u00eb njoftime e infografika nga qeverit\u00eb serbe.<\/p>\n<p><em>\u201cS\u00eb fundi, P380 mb\u00ebshtetet n\u00eb njoftimet p\u00ebr shtyp dhe infografik\u00eb nga qeverit\u00eb serbe dhe jugosllave si dhe grupet fetare serbe me baz\u00eb n\u00eb Kosov\u00eb. N\u00eb lidhje me k\u00ebt\u00eb, Mbrojtja rithekson q\u00ebndrimin e saj se burimet e prejardhjes serbe duhet t\u00eb vler\u00ebsohen me shqyrtimin m\u00eb t\u00eb madh t\u00eb Serbis\u00eb u krijua tendenca p\u00ebr t\u00eb shpallur falsifikime n\u00eb d\u00ebm t\u00eb U\u00c7K-s\u00eb\u201d,<\/em>\u00a0thuhet n\u00eb k\u00ebt\u00eb k\u00ebrkes\u00eb.<\/p>\n<p><em>\u201cMbrojtja parashtron se nj\u00eb raport i bazuar n\u00eb burime t\u00eb tilla si ato t\u00eb p\u00ebrshkruara m\u00eb sip\u00ebr nuk mund t\u00eb konsiderohet si prima facie i besuesh\u00ebm p\u00ebr q\u00ebllimet e pranimit. Si\u00e7 thot\u00eb Gjykata n\u00eb rastin Milutinovi\u0107 et al. t\u00eb v\u00ebrejtura n\u00eb refuzimin e Sipas Urdhrave, \u00e7\u00ebshtjet e identifikuara m\u00eb sip\u00ebr \u201cshkojn\u00eb drejtp\u00ebrdrejt n\u00eb besueshm\u00ebrin\u00eb e pohimeve q\u00eb paraqesin k\u00ebto fragmente\u201d dhe p\u00ebr k\u00ebt\u00eb arsye nuk mund t\u00eb mb\u00ebshtetemi p\u00ebr v\u00ebrtet\u00ebsin\u00eb e p\u00ebrmbajtjes s\u00eb tyre. Vendimi i kund\u00ebrshtuar duhet t\u00eb rishqyrtohet n\u00eb ituate \u00eb drejt\u00ebsis\u00eb. Nj\u00eb d\u00ebshtim p\u00ebr ta b\u00ebr\u00eb k\u00ebt\u00eb do t\u00eb rezultonte n\u00eb nj\u00eb ituate duksh\u00ebm t\u00eb padrejt\u00eb, ku t\u00eb drejtat e z. Veseli p\u00ebr gjykim t\u00eb drejt\u00eb do t\u00eb rrezikoheshin\u201d,<\/em>\u00a0p\u00ebrfundon k\u00ebrkesa e avokatit Ben Emmerson.<\/p>\n<p><strong>\u00c7far\u00eb deklaroi Abrahams n\u00eb gjykat\u00eb?<\/strong><\/p>\n<p>N\u00eb raportet q\u00eb Fred Abrahams i kishte hartuar ku fliste p\u00ebr krimet e pretenduara t\u00eb luft\u00ebs nga pjes\u00ebtar\u00eb t\u00eb U\u00c7K-s\u00eb, e kishte cituar Fondin p\u00ebr t\u00eb Drejt\u00ebn Humanitare. Por, avokati i Kadri Veselit, Ben Emmerson, ka gjetur se Fondi disa prej burimeve i kishte pasur nga mediat e Serbis\u00eb.<\/p>\n<p>Me k\u00ebto pyetje e ballafaqoi Emmerson hulumtuesin e profesorin Abrahams n\u00eb seanc\u00ebn e sotme.<\/p>\n<p><em>\u201cMjaftojn\u00eb k\u00ebta shembuj p\u00ebr t\u00eb b\u00ebr\u00eb k\u00ebt\u00eb pyetje. Kur keni marr\u00eb k\u00ebta shembuj n\u00eb raportet e m\u00ebpasshme psh n\u00eb tetor 1998. Ju keni botuar raport p\u00ebr ndalimet dhe abuzimet ku jepni informacionin e nj\u00ebjt\u00eb, keni b\u00ebr\u00eb p\u00ebrs\u00ebritje. Ajo q\u00eb duket se ka ndodhur \u00ebsht\u00eb se burimi ka qen\u00eb media serbe. Nga media serbe shkonte te Fondi p\u00ebr t\u00eb Drejt\u00ebn Humanitare, pastaj iu e merrnit si baz\u00eb at\u00eb q\u00eb ka shkruar Fondi. A e pranoni kronologjin\u00eb\u201d,<\/em>\u00a0e pyeti Emmerson.<\/p>\n<p><em>\u201cMe disa dallime\u201d,<\/em>\u00a0u p\u00ebrgjigj d\u00ebshmitari Abrahams.<\/p>\n<p>M\u00eb pas d\u00ebshmitari k\u00ebrkoi t\u00eb dinte p\u00ebr cilat media b\u00ebhet fjal\u00eb. N\u00eb k\u00ebt\u00eb raund pyetjesh disa her\u00eb nd\u00ebrhyri edhe Prokuroria e Specializuar, duke k\u00ebrkuar pyetje m\u00eb konkrete nga avokati britanik i Veselit.<\/p>\n<p><em>\u201cS\u00eb pari dua t\u00eb di p\u00ebr cil\u00ebn media b\u00ebhet fjal\u00eb. Sepse n\u00eb pun\u00ebn ton\u00eb kemi b\u00ebr\u00eb dallim midis mediave shtet\u00ebrore. B\u00ebnim dallim mes mediave, sepse shteti kishte kontroll t\u00eb fort\u00eb, dhe kishte organe t\u00eb tjera mediale q\u00eb ishin m\u00eb t\u00eb pavarura. Dua t\u00eb di p\u00ebr cil\u00ebn media?\u201d,<\/em>\u00a0deklaroi Abrahams.<\/p>\n<p><em>\u201cJu nuk thoni n\u00eb raportin tuaj q\u00eb burimi \u00ebsht\u00eb te nj\u00eb media e caktuar serbe, ju thoni q\u00eb ky \u00ebsht\u00eb citmi juaj?\u201d,<\/em>\u00a0ia ktheu Emmerson.<\/p>\n<p><em>\u201cPo. Ne kishim nivel t\u00eb lart\u00eb besimi n\u00eb Fondin p\u00ebr t\u00eb Drejt\u00ebn Humanitare. Un\u00eb nuk mbaj mend ndonj\u00eb bised\u00eb q\u00eb hulumtuesit apo autor\u00ebt e tyre t\u00eb ken\u00eb folur me ta p\u00ebr k\u00ebtyre rasteve\u201d,<\/em>\u00a0u p\u00ebrgjigj d\u00ebshmitari s\u00ebrish.<\/p>\n<p>Ben Emmerson insistoi s\u00ebrish n\u00eb marrjen e burimeve nga mediat n\u00eb Beograd.<\/p>\n<p><em>\u201cDeklarata 20 prill 2020. Aty thuhet se t\u00eb gjitha hulumtimet e kryera nga Fondi Humanitar kishin nj\u00eb metodologji t\u00eb p\u00ebrbashk\u00ebt me at\u00eb ton\u00ebn. Hulumtues t\u00eb trajnuar me p\u00ebrvoj\u00eb kan\u00eb intervistuar viktima e d\u00ebshmitar\u00eb kok\u00eb m\u00eb kok\u00eb. Kur ishte e mundur kemi marr\u00eb d\u00ebshmi nga kryesit e pretenduar. Kjo \u00ebsht\u00eb deklarata p\u00ebr metodologjin\u00eb e raporteve tuaja. Ne sapo pam\u00eb k\u00ebt\u00eb shembull ku ajo q\u00eb keni b\u00ebr\u00eb nuk \u00ebsht\u00eb asgj\u00eb tjet\u00ebr ve\u00e7 reciklim i raporteve dhe lajmeve serbe, dhe m\u00eb pas citoni veten tuaj. Me fjal\u00eb t\u00eb tjera pasi kalon koha, ju nuk b\u00ebni as p\u00ebrfshirjen e mediave as p\u00ebrfshirjen e Fondit, por thoni burimi jeni ne. Ju thoni q\u00eb duhen disa burime, dhe thoni q\u00eb jan\u00eb b\u00ebr\u00eb intervista t\u00eb shumta me d\u00ebshmitar\u00ebt, por nga ana tjet\u00ebr nuk e keni t\u00eb p\u00ebrfshir\u00eb n\u00eb raportet tuaja. Iu tregova q\u00eb keni marr\u00eb burime nga mediat serbe\u201d,<\/em>\u00a0deklaroi avokati Ben Emmerson.<\/p>\n<p>Emmerson e ballafaqoi d\u00ebshmitarin me nj\u00eb deklarat\u00eb t\u00eb tij t\u00eb m\u00ebhershme ku kishte th\u00ebn\u00eb se kan\u00eb mbledhur metodologji t\u00eb ndryshme.<\/p>\n<p><em>\u201cE kam p\u00ebrshkruar n\u00eb m\u00ebnyr\u00eb t\u00eb vazhdueshme se si jemi qasur k\u00ebsaj pjese t\u00eb raportit. Besoj q\u00eb jepen 11 faqe metodologji. Kemi raportuar se sa e v\u00ebshtir\u00eb ishte t\u00eb raportojm\u00eb p\u00ebr sjelljet e k\u00ebqia t\u00eb U\u00c7K-s\u00eb. Mandati yn\u00eb \u00ebsht\u00eb p\u00ebrmbushur p\u00ebrmes mbledhjes t\u00eb \u00e7\u00ebshtjeve dhe informacionit e burimeve t\u00eb besueshme. Nuk \u00ebsht\u00eb se kemi marr\u00eb burim vet\u00ebm qendr\u00ebn, por edhe UNHCR apo gazetar\u00eb t\u00eb tjer\u00eb. Kemi paraqitur burime t\u00eb tjera n\u00eb k\u00ebt\u00eb pjes\u00eb. Ne besonim q\u00eb kishte informacion t\u00eb mjaftuesh\u00ebm t\u00eb k\u00ebtyre burimeve p\u00ebr t\u00eb mb\u00ebshtetur k\u00ebto abuzime t\u00eb pretenduara\u201d,<\/em>\u00a0deklaroi Abrahams.<\/p>\n","protected":false},"excerpt":{"rendered":"<p>D\u00ebshmia e hulumtuesit t\u00eb Human Rights Watch n\u00eb Hag\u00eb, ishte nj\u00eb nga m\u00eb t\u00eb diskutuarat. Kjo pasi Abrahams e kishte pranuar se p\u00ebr nj\u00eb pjes\u00eb t\u00eb raportit t\u00eb tij, ka p\u00ebrdorur burime nga mediat serbe. Disa jav\u00eb pas k\u00ebsaj d\u00ebshmie, avokati Ben Emmerson po k\u00ebrkon q\u00eb raporti i Abrahams q\u00eb ishte pranuar si prove n\u00eb [&hellip;]<\/p>\n","protected":false},"author":2,"featured_media":31363,"comment_status":"closed","ping_status":"closed","sticky":false,"template":"","format":"standard","meta":{"_monsterinsights_skip_tracking":false,"_monsterinsights_sitenote_active":false,"_monsterinsights_sitenote_note":"","_monsterinsights_sitenote_category":0,"_uf_show_specific_survey":0,"_uf_disable_surveys":false,"footnotes":""},"categories":[23,15],"tags":[],"yoast_head":"<!-- This site is optimized with the Yoast SEO plugin v21.5 - https:\/\/yoast.com\/wordpress\/plugins\/seo\/ -->\n<title>&quot;Burimet ishin nga mediat dhe qeveria e Serbis\u00eb&quot;, Avokati i Veselit k\u00ebrkon q\u00eb raporti i Fred Abrahams t\u00eb p\u00ebrjashtohet nga provat<\/title>\n<meta name=\"robots\" content=\"index, follow, max-snippet:-1, max-image-preview:large, max-video-preview:-1\" \/>\n<link rel=\"canonical\" href=\"https:\/\/permbledhja.com\/sq\/burimet-ishin-nga-mediat-dhe-qeveria-e-serbise-avokati-i-veselit-kerkon-qe-raporti-i-fred-abrahams-te-perjashtohet-nga-provat\/\" \/>\n<meta property=\"og:locale\" content=\"sq_AL\" \/>\n<meta property=\"og:type\" content=\"article\" \/>\n<meta property=\"og:title\" content=\"&quot;Burimet ishin nga mediat dhe qeveria e Serbis\u00eb&quot;, Avokati i Veselit k\u00ebrkon q\u00eb raporti i Fred Abrahams t\u00eb p\u00ebrjashtohet nga provat\" \/>\n<meta property=\"og:description\" content=\"D\u00ebshmia e hulumtuesit t\u00eb Human Rights Watch n\u00eb Hag\u00eb, ishte nj\u00eb nga m\u00eb t\u00eb diskutuarat. Kjo pasi Abrahams e kishte pranuar se p\u00ebr nj\u00eb pjes\u00eb t\u00eb raportit t\u00eb tij, ka p\u00ebrdorur burime nga mediat serbe. Disa jav\u00eb pas k\u00ebsaj d\u00ebshmie, avokati Ben Emmerson po k\u00ebrkon q\u00eb raporti i Abrahams q\u00eb ishte pranuar si prove n\u00eb [&hellip;]\" \/>\n<meta property=\"og:url\" content=\"https:\/\/permbledhja.com\/sq\/burimet-ishin-nga-mediat-dhe-qeveria-e-serbise-avokati-i-veselit-kerkon-qe-raporti-i-fred-abrahams-te-perjashtohet-nga-provat\/\" \/>\n<meta property=\"og:site_name\" content=\"Ve\u00e7 artikuj p\u00ebrmbledh\u00ebs\" \/>\n<meta property=\"article:publisher\" content=\"https:\/\/www.facebook.com\/press07\/\" \/>\n<meta property=\"article:published_time\" content=\"2023-10-15T08:44:30+00:00\" \/>\n<meta property=\"og:image\" content=\"https:\/\/permbledhja.com\/wp-content\/uploads\/2023\/10\/ben-emerson-fred-abrahams.png\" \/>\n\t<meta property=\"og:image:width\" content=\"1435\" \/>\n\t<meta property=\"og:image:height\" content=\"658\" \/>\n\t<meta property=\"og:image:type\" content=\"image\/png\" \/>\n<meta name=\"author\" content=\"M M\" \/>\n<meta name=\"twitter:card\" content=\"summary_large_image\" \/>\n<meta name=\"twitter:label1\" content=\"Written by\" \/>\n\t<meta name=\"twitter:data1\" content=\"M M\" \/>\n\t<meta name=\"twitter:label2\" content=\"Est. reading time\" \/>\n\t<meta name=\"twitter:data2\" content=\"8 minuta\" \/>\n<script type=\"application\/ld+json\" class=\"yoast-schema-graph\">{\"@context\":\"https:\/\/schema.org\",\"@graph\":[{\"@type\":\"Article\",\"@id\":\"https:\/\/permbledhja.com\/sq\/burimet-ishin-nga-mediat-dhe-qeveria-e-serbise-avokati-i-veselit-kerkon-qe-raporti-i-fred-abrahams-te-perjashtohet-nga-provat\/#article\",\"isPartOf\":{\"@id\":\"https:\/\/permbledhja.com\/sq\/burimet-ishin-nga-mediat-dhe-qeveria-e-serbise-avokati-i-veselit-kerkon-qe-raporti-i-fred-abrahams-te-perjashtohet-nga-provat\/\"},\"author\":{\"name\":\"M M\",\"@id\":\"https:\/\/permbledhja.com\/#\/schema\/person\/d23f13f59b5722643933d6780783acf3\"},\"headline\":\"&#8220;Burimet ishin nga mediat dhe qeveria e Serbis\u00eb&#8221;, Avokati i Veselit k\u00ebrkon q\u00eb raporti i Fred Abrahams t\u00eb p\u00ebrjashtohet nga provat\",\"datePublished\":\"2023-10-15T08:44:30+00:00\",\"dateModified\":\"2023-10-15T08:44:30+00:00\",\"mainEntityOfPage\":{\"@id\":\"https:\/\/permbledhja.com\/sq\/burimet-ishin-nga-mediat-dhe-qeveria-e-serbise-avokati-i-veselit-kerkon-qe-raporti-i-fred-abrahams-te-perjashtohet-nga-provat\/\"},\"wordCount\":1601,\"publisher\":{\"@id\":\"https:\/\/permbledhja.com\/#organization\"},\"articleSection\":[\"Komb\u00ebtare\",\"Lajme\"],\"inLanguage\":\"sq\"},{\"@type\":\"WebPage\",\"@id\":\"https:\/\/permbledhja.com\/sq\/burimet-ishin-nga-mediat-dhe-qeveria-e-serbise-avokati-i-veselit-kerkon-qe-raporti-i-fred-abrahams-te-perjashtohet-nga-provat\/\",\"url\":\"https:\/\/permbledhja.com\/sq\/burimet-ishin-nga-mediat-dhe-qeveria-e-serbise-avokati-i-veselit-kerkon-qe-raporti-i-fred-abrahams-te-perjashtohet-nga-provat\/\",\"name\":\"\\\"Burimet ishin nga mediat dhe qeveria e Serbis\u00eb\\\", Avokati i Veselit k\u00ebrkon q\u00eb raporti i Fred Abrahams t\u00eb p\u00ebrjashtohet nga provat\",\"isPartOf\":{\"@id\":\"https:\/\/permbledhja.com\/#website\"},\"datePublished\":\"2023-10-15T08:44:30+00:00\",\"dateModified\":\"2023-10-15T08:44:30+00:00\",\"breadcrumb\":{\"@id\":\"https:\/\/permbledhja.com\/sq\/burimet-ishin-nga-mediat-dhe-qeveria-e-serbise-avokati-i-veselit-kerkon-qe-raporti-i-fred-abrahams-te-perjashtohet-nga-provat\/#breadcrumb\"},\"inLanguage\":\"sq\",\"potentialAction\":[{\"@type\":\"ReadAction\",\"target\":[\"https:\/\/permbledhja.com\/sq\/burimet-ishin-nga-mediat-dhe-qeveria-e-serbise-avokati-i-veselit-kerkon-qe-raporti-i-fred-abrahams-te-perjashtohet-nga-provat\/\"]}]},{\"@type\":\"BreadcrumbList\",\"@id\":\"https:\/\/permbledhja.com\/sq\/burimet-ishin-nga-mediat-dhe-qeveria-e-serbise-avokati-i-veselit-kerkon-qe-raporti-i-fred-abrahams-te-perjashtohet-nga-provat\/#breadcrumb\",\"itemListElement\":[{\"@type\":\"ListItem\",\"position\":1,\"name\":\"Ballina\",\"item\":\"https:\/\/permbledhja.com\/sq\/\"},{\"@type\":\"ListItem\",\"position\":2,\"name\":\"&#8220;Burimet ishin nga mediat dhe qeveria e Serbis\u00eb&#8221;, Avokati i Veselit k\u00ebrkon q\u00eb raporti i Fred Abrahams t\u00eb p\u00ebrjashtohet nga provat\"}]},{\"@type\":\"WebSite\",\"@id\":\"https:\/\/permbledhja.com\/#website\",\"url\":\"https:\/\/permbledhja.com\/\",\"name\":\"Ve\u00e7 artikuj p\u00ebrmbledh\u00ebs\",\"description\":\"\",\"publisher\":{\"@id\":\"https:\/\/permbledhja.com\/#organization\"},\"potentialAction\":[{\"@type\":\"SearchAction\",\"target\":{\"@type\":\"EntryPoint\",\"urlTemplate\":\"https:\/\/permbledhja.com\/?s={search_term_string}\"},\"query-input\":\"required name=search_term_string\"}],\"inLanguage\":\"sq\"},{\"@type\":\"Organization\",\"@id\":\"https:\/\/permbledhja.com\/#organization\",\"name\":\"MK Media & Pr\",\"url\":\"https:\/\/permbledhja.com\/\",\"logo\":{\"@type\":\"ImageObject\",\"inLanguage\":\"sq\",\"@id\":\"https:\/\/permbledhja.com\/#\/schema\/logo\/image\/\",\"url\":\"https:\/\/permbledhja.com\/wp-content\/uploads\/2021\/12\/07-Press-Logo.jpg\",\"contentUrl\":\"https:\/\/permbledhja.com\/wp-content\/uploads\/2021\/12\/07-Press-Logo.jpg\",\"width\":512,\"height\":512,\"caption\":\"MK Media & Pr\"},\"image\":{\"@id\":\"https:\/\/permbledhja.com\/#\/schema\/logo\/image\/\"},\"sameAs\":[\"https:\/\/www.facebook.com\/press07\/\"]},{\"@type\":\"Person\",\"@id\":\"https:\/\/permbledhja.com\/#\/schema\/person\/d23f13f59b5722643933d6780783acf3\",\"name\":\"M M\",\"image\":{\"@type\":\"ImageObject\",\"inLanguage\":\"sq\",\"@id\":\"https:\/\/permbledhja.com\/#\/schema\/person\/image\/\",\"url\":\"https:\/\/secure.gravatar.com\/avatar\/e2835a76ca7c31a2416b2d51c4ec9a8f?s=96&d=mm&r=g\",\"contentUrl\":\"https:\/\/secure.gravatar.com\/avatar\/e2835a76ca7c31a2416b2d51c4ec9a8f?s=96&d=mm&r=g\",\"caption\":\"M M\"},\"sameAs\":[\"http:\/\/MM\"],\"url\":\"https:\/\/permbledhja.com\/sq\/author\/muhamet\/\"}]}<\/script>\n<!-- \/ Yoast SEO plugin. -->","yoast_head_json":{"title":"\"Burimet ishin nga mediat dhe qeveria e Serbis\u00eb\", Avokati i Veselit k\u00ebrkon q\u00eb raporti i Fred Abrahams t\u00eb p\u00ebrjashtohet nga provat","robots":{"index":"index","follow":"follow","max-snippet":"max-snippet:-1","max-image-preview":"max-image-preview:large","max-video-preview":"max-video-preview:-1"},"canonical":"https:\/\/permbledhja.com\/sq\/burimet-ishin-nga-mediat-dhe-qeveria-e-serbise-avokati-i-veselit-kerkon-qe-raporti-i-fred-abrahams-te-perjashtohet-nga-provat\/","og_locale":"sq_AL","og_type":"article","og_title":"\"Burimet ishin nga mediat dhe qeveria e Serbis\u00eb\", Avokati i Veselit k\u00ebrkon q\u00eb raporti i Fred Abrahams t\u00eb p\u00ebrjashtohet nga provat","og_description":"D\u00ebshmia e hulumtuesit t\u00eb Human Rights Watch n\u00eb Hag\u00eb, ishte nj\u00eb nga m\u00eb t\u00eb diskutuarat. Kjo pasi Abrahams e kishte pranuar se p\u00ebr nj\u00eb pjes\u00eb t\u00eb raportit t\u00eb tij, ka p\u00ebrdorur burime nga mediat serbe. Disa jav\u00eb pas k\u00ebsaj d\u00ebshmie, avokati Ben Emmerson po k\u00ebrkon q\u00eb raporti i Abrahams q\u00eb ishte pranuar si prove n\u00eb [&hellip;]","og_url":"https:\/\/permbledhja.com\/sq\/burimet-ishin-nga-mediat-dhe-qeveria-e-serbise-avokati-i-veselit-kerkon-qe-raporti-i-fred-abrahams-te-perjashtohet-nga-provat\/","og_site_name":"Ve\u00e7 artikuj p\u00ebrmbledh\u00ebs","article_publisher":"https:\/\/www.facebook.com\/press07\/","article_published_time":"2023-10-15T08:44:30+00:00","og_image":[{"width":1435,"height":658,"url":"https:\/\/permbledhja.com\/wp-content\/uploads\/2023\/10\/ben-emerson-fred-abrahams.png","type":"image\/png"}],"author":"M M","twitter_card":"summary_large_image","twitter_misc":{"Written by":"M M","Est. reading time":"8 minuta"},"schema":{"@context":"https:\/\/schema.org","@graph":[{"@type":"Article","@id":"https:\/\/permbledhja.com\/sq\/burimet-ishin-nga-mediat-dhe-qeveria-e-serbise-avokati-i-veselit-kerkon-qe-raporti-i-fred-abrahams-te-perjashtohet-nga-provat\/#article","isPartOf":{"@id":"https:\/\/permbledhja.com\/sq\/burimet-ishin-nga-mediat-dhe-qeveria-e-serbise-avokati-i-veselit-kerkon-qe-raporti-i-fred-abrahams-te-perjashtohet-nga-provat\/"},"author":{"name":"M M","@id":"https:\/\/permbledhja.com\/#\/schema\/person\/d23f13f59b5722643933d6780783acf3"},"headline":"&#8220;Burimet ishin nga mediat dhe qeveria e Serbis\u00eb&#8221;, Avokati i Veselit k\u00ebrkon q\u00eb raporti i Fred Abrahams t\u00eb p\u00ebrjashtohet nga provat","datePublished":"2023-10-15T08:44:30+00:00","dateModified":"2023-10-15T08:44:30+00:00","mainEntityOfPage":{"@id":"https:\/\/permbledhja.com\/sq\/burimet-ishin-nga-mediat-dhe-qeveria-e-serbise-avokati-i-veselit-kerkon-qe-raporti-i-fred-abrahams-te-perjashtohet-nga-provat\/"},"wordCount":1601,"publisher":{"@id":"https:\/\/permbledhja.com\/#organization"},"articleSection":["Komb\u00ebtare","Lajme"],"inLanguage":"sq"},{"@type":"WebPage","@id":"https:\/\/permbledhja.com\/sq\/burimet-ishin-nga-mediat-dhe-qeveria-e-serbise-avokati-i-veselit-kerkon-qe-raporti-i-fred-abrahams-te-perjashtohet-nga-provat\/","url":"https:\/\/permbledhja.com\/sq\/burimet-ishin-nga-mediat-dhe-qeveria-e-serbise-avokati-i-veselit-kerkon-qe-raporti-i-fred-abrahams-te-perjashtohet-nga-provat\/","name":"\"Burimet ishin nga mediat dhe qeveria e Serbis\u00eb\", Avokati i Veselit k\u00ebrkon q\u00eb raporti i Fred Abrahams t\u00eb p\u00ebrjashtohet nga provat","isPartOf":{"@id":"https:\/\/permbledhja.com\/#website"},"datePublished":"2023-10-15T08:44:30+00:00","dateModified":"2023-10-15T08:44:30+00:00","breadcrumb":{"@id":"https:\/\/permbledhja.com\/sq\/burimet-ishin-nga-mediat-dhe-qeveria-e-serbise-avokati-i-veselit-kerkon-qe-raporti-i-fred-abrahams-te-perjashtohet-nga-provat\/#breadcrumb"},"inLanguage":"sq","potentialAction":[{"@type":"ReadAction","target":["https:\/\/permbledhja.com\/sq\/burimet-ishin-nga-mediat-dhe-qeveria-e-serbise-avokati-i-veselit-kerkon-qe-raporti-i-fred-abrahams-te-perjashtohet-nga-provat\/"]}]},{"@type":"BreadcrumbList","@id":"https:\/\/permbledhja.com\/sq\/burimet-ishin-nga-mediat-dhe-qeveria-e-serbise-avokati-i-veselit-kerkon-qe-raporti-i-fred-abrahams-te-perjashtohet-nga-provat\/#breadcrumb","itemListElement":[{"@type":"ListItem","position":1,"name":"Ballina","item":"https:\/\/permbledhja.com\/sq\/"},{"@type":"ListItem","position":2,"name":"&#8220;Burimet ishin nga mediat dhe qeveria e Serbis\u00eb&#8221;, Avokati i Veselit k\u00ebrkon q\u00eb raporti i Fred Abrahams t\u00eb p\u00ebrjashtohet nga provat"}]},{"@type":"WebSite","@id":"https:\/\/permbledhja.com\/#website","url":"https:\/\/permbledhja.com\/","name":"Ve\u00e7 artikuj p\u00ebrmbledh\u00ebs","description":"","publisher":{"@id":"https:\/\/permbledhja.com\/#organization"},"potentialAction":[{"@type":"SearchAction","target":{"@type":"EntryPoint","urlTemplate":"https:\/\/permbledhja.com\/?s={search_term_string}"},"query-input":"required name=search_term_string"}],"inLanguage":"sq"},{"@type":"Organization","@id":"https:\/\/permbledhja.com\/#organization","name":"MK Media & Pr","url":"https:\/\/permbledhja.com\/","logo":{"@type":"ImageObject","inLanguage":"sq","@id":"https:\/\/permbledhja.com\/#\/schema\/logo\/image\/","url":"https:\/\/permbledhja.com\/wp-content\/uploads\/2021\/12\/07-Press-Logo.jpg","contentUrl":"https:\/\/permbledhja.com\/wp-content\/uploads\/2021\/12\/07-Press-Logo.jpg","width":512,"height":512,"caption":"MK Media & Pr"},"image":{"@id":"https:\/\/permbledhja.com\/#\/schema\/logo\/image\/"},"sameAs":["https:\/\/www.facebook.com\/press07\/"]},{"@type":"Person","@id":"https:\/\/permbledhja.com\/#\/schema\/person\/d23f13f59b5722643933d6780783acf3","name":"M M","image":{"@type":"ImageObject","inLanguage":"sq","@id":"https:\/\/permbledhja.com\/#\/schema\/person\/image\/","url":"https:\/\/secure.gravatar.com\/avatar\/e2835a76ca7c31a2416b2d51c4ec9a8f?s=96&d=mm&r=g","contentUrl":"https:\/\/secure.gravatar.com\/avatar\/e2835a76ca7c31a2416b2d51c4ec9a8f?s=96&d=mm&r=g","caption":"M M"},"sameAs":["http:\/\/MM"],"url":"https:\/\/permbledhja.com\/sq\/author\/muhamet\/"}]}},"_links":{"self":[{"href":"https:\/\/permbledhja.com\/sq\/wp-json\/wp\/v2\/posts\/31362"}],"collection":[{"href":"https:\/\/permbledhja.com\/sq\/wp-json\/wp\/v2\/posts"}],"about":[{"href":"https:\/\/permbledhja.com\/sq\/wp-json\/wp\/v2\/types\/post"}],"author":[{"embeddable":true,"href":"https:\/\/permbledhja.com\/sq\/wp-json\/wp\/v2\/users\/2"}],"replies":[{"embeddable":true,"href":"https:\/\/permbledhja.com\/sq\/wp-json\/wp\/v2\/comments?post=31362"}],"version-history":[{"count":1,"href":"https:\/\/permbledhja.com\/sq\/wp-json\/wp\/v2\/posts\/31362\/revisions"}],"predecessor-version":[{"id":31364,"href":"https:\/\/permbledhja.com\/sq\/wp-json\/wp\/v2\/posts\/31362\/revisions\/31364"}],"wp:featuredmedia":[{"embeddable":true,"href":"https:\/\/permbledhja.com\/sq\/wp-json\/wp\/v2\/media\/31363"}],"wp:attachment":[{"href":"https:\/\/permbledhja.com\/sq\/wp-json\/wp\/v2\/media?parent=31362"}],"wp:term":[{"taxonomy":"category","embeddable":true,"href":"https:\/\/permbledhja.com\/sq\/wp-json\/wp\/v2\/categories?post=31362"},{"taxonomy":"post_tag","embeddable":true,"href":"https:\/\/permbledhja.com\/sq\/wp-json\/wp\/v2\/tags?post=31362"}],"curies":[{"name":"wp","href":"https:\/\/api.w.org\/{rel}","templated":true}]}}