{"id":31257,"date":"2023-10-13T06:55:37","date_gmt":"2023-10-13T06:55:37","guid":{"rendered":"https:\/\/permbledhja.com\/?p=31257"},"modified":"2023-10-13T06:55:37","modified_gmt":"2023-10-13T06:55:37","slug":"goditi-per-vdekje-kosovarin-qe-po-ecte-ne-autostrade-shpallet-e-pafajshme-shoferja-ne-zvicer","status":"publish","type":"post","link":"https:\/\/permbledhja.com\/sq\/goditi-per-vdekje-kosovarin-qe-po-ecte-ne-autostrade-shpallet-e-pafajshme-shoferja-ne-zvicer\/","title":{"rendered":"Goditi p\u00ebr vdekje kosovarin q\u00eb po ecte n\u00eb autostrad\u00eb, shpallet e pafajshme shoferja n\u00eb Zvic\u00ebr"},"content":{"rendered":"<h3>N\u00eb prill t\u00eb vitit t\u00eb kaluar , shoferja, at\u00ebbot\u00eb 24-vje\u00e7are, e VW Golf po udh\u00ebtonte n\u00eb autostrad\u00ebn A1 drejt Cyrihut.<\/h3>\n<p>N\u00eb daljen Baden-West, t\u00eb cil\u00ebn ajo donte t\u00eb merrte, nj\u00eb burr\u00eb po kalonte rrug\u00ebn duke folur n\u00eb telefon, transmeton albinfo.ch. P\u00ebr pasoj\u00eb, makina ka goditur 34-vje\u00e7arin kosovar.<\/p>\n<p>Ai kishte p\u00ebsuar plag\u00eb aq t\u00eb r\u00ebnda nga p\u00ebrplasja, saq\u00eb at\u00eb m\u00ebngjes kishte vdekur n\u00eb spital. Kur ka hyr\u00eb n\u00eb autostrad\u00eb, ai ka qen\u00eb i dehur dhe kishte konsumuar drog\u00eb, thuhet n\u00eb dokumentet e akuz\u00ebs.<\/p>\n<p>T\u00eb m\u00ebrkur\u00ebn (dje), gruaja tashm\u00eb 25-vje\u00e7are, duhej t\u00eb p\u00ebrgjigjej para gjykat\u00ebs s\u00eb qarkut t\u00eb Badenit, Kantoni Aargau, shkruan argowia today. Ajo u akuzua p\u00ebr vrasje nga pakujdesia.<\/p>\n<p>N\u00eb aktakuz\u00ebn e Prokuroris\u00eb publike t\u00eb kantonit Aargau thuhet se e akuzuara, n\u00eb momentin e p\u00ebrplasjes ka qen\u00eb duke vozitur n\u00eb rrug\u00eb t\u00eb that\u00eb dhe t\u00eb pandri\u00e7uar me shpejt\u00ebsi rreth 90 deri n\u00eb 100 kilometra n\u00eb or\u00eb.<\/p>\n<p>N\u00ebse e akuzuara do t\u2019i kishte kushtuar v\u00ebmendje rrug\u00ebs kur voziste n\u00eb korsin\u00eb e ngadalt\u00eb n\u00eb daljen Baden-West, ajo do ta kishte par\u00eb k\u00ebmb\u00ebsorin me koh\u00eb dhe do t\u00eb ishte n\u00eb gjendje t\u00eb frenonte.<\/p>\n<p>Prandaj, p\u00ebrplasja ishte e parashikueshme p\u00ebr shkak t\u00eb pakujdesis\u00eb dhe mund t\u00eb ishte shmangur, vazhdon aktakuza, p\u00ebrcjell albinfo.ch. P\u00ebr k\u00ebt\u00eb arsye, Prokuroria publike ka k\u00ebrkuar d\u00ebnim me burg me kusht prej 7 muajsh dhe gjob\u00eb prej 2000 frangash.Por gjykata nuk e ka respektuar k\u00ebrkes\u00ebn e prokuroris\u00eb.<\/p>\n<p>Shoferja e aksidentit u shpall e pafajshme n\u00eb seanc\u00ebn e s\u00eb m\u00ebrkur\u00ebs. Nuk ishte e mundur t\u00eb frenohej n\u00eb koh\u00eb, sipas gjykat\u00ebsit. Gruaja \u2013 e cila nuk ka pranuar t`i p\u00ebrmendet emri \u2013 u shfaq vet\u00ebm pjes\u00ebrisht e leht\u00ebsuar, duke folur p\u00ebr Tele M1 pas gjyqit: \u201cJam shum\u00eb e lumtur q\u00eb u lirova. Por, \u00ebsht\u00eb ende di\u00e7ka q\u00eb m\u00eb duhet ta bart vete gjat\u00eb gjith\u00eb jet\u00ebs\u2026\u201d<\/p>\n<p>Avokati i saj, Markus Leimbacher, shton: \u201cAjo kishte frik\u00eb nga gjyqi. Nj\u00eb vit e gjysm\u00eb (nga ngjarja tragjike) ishte shum\u00eb stresues p\u00ebr t\u00eb. Ajo nuk jeton m\u00eb n\u00eb rajon, por \u00ebsht\u00eb zhvendosur n\u00eb nj\u00eb kanton tjet\u00ebr.<\/p>\n<p>P\u00ebrve\u00e7 k\u00ebsaj, ajo ka nd\u00ebrruar vendin e pun\u00ebs n\u00eb m\u00ebnyr\u00eb q\u00eb t\u00eb fitonte nj\u00eb distanc\u00eb nga ngjarja. Jam shum\u00eb i k\u00ebnaqur me k\u00ebt\u00eb vendim\u201d.Leimbacher kritikon gjithashtu zyr\u00ebn e prokurorit publik, transmeton albinfo.ch.<\/p>\n<p>Ai nuk mund ta kuptoj\u00eb pse u zhvillua gjykimi: \u201cUn\u00eb jam i mendimit se prokurori publik \u00ebsht\u00eb dashur ta nd\u00ebrpres\u00eb k\u00ebt\u00eb procedur\u00eb para se t\u00eb ngrihet aktakuza. \u00c7do vendim tjet\u00ebr do t\u00eb kishte n\u00ebnkuptuar q\u00eb nj\u00eb shofer n\u00eb autostrad\u00eb do t\u00eb duhej t\u00eb pres\u00eb q\u00eb ndonj\u00eb person do t\u00eb kalonte n\u00ebp\u00ebr rrug\u00eb (autostrad\u00eb) n\u00eb \u00e7do koh\u00eb.<\/p>\n","protected":false},"excerpt":{"rendered":"<p>N\u00eb prill t\u00eb vitit t\u00eb kaluar , shoferja, at\u00ebbot\u00eb 24-vje\u00e7are, e VW Golf po udh\u00ebtonte n\u00eb autostrad\u00ebn A1 drejt Cyrihut. N\u00eb daljen Baden-West, t\u00eb cil\u00ebn ajo donte t\u00eb merrte, nj\u00eb burr\u00eb po kalonte rrug\u00ebn duke folur n\u00eb telefon, transmeton albinfo.ch. P\u00ebr pasoj\u00eb, makina ka goditur 34-vje\u00e7arin kosovar. Ai kishte p\u00ebsuar plag\u00eb aq t\u00eb r\u00ebnda nga [&hellip;]<\/p>\n","protected":false},"author":1,"featured_media":31258,"comment_status":"closed","ping_status":"closed","sticky":false,"template":"","format":"standard","meta":{"_monsterinsights_skip_tracking":false,"_monsterinsights_sitenote_active":false,"_monsterinsights_sitenote_note":"","_monsterinsights_sitenote_category":0,"_uf_show_specific_survey":0,"_uf_disable_surveys":false,"footnotes":""},"categories":[23,15],"tags":[247],"yoast_head":"<!-- This site is optimized with the Yoast SEO plugin v21.5 - https:\/\/yoast.com\/wordpress\/plugins\/seo\/ -->\n<title>Goditi p\u00ebr vdekje kosovarin q\u00eb po ecte n\u00eb autostrad\u00eb, shpallet e pafajshme shoferja n\u00eb Zvic\u00ebr<\/title>\n<meta name=\"robots\" content=\"index, follow, max-snippet:-1, max-image-preview:large, max-video-preview:-1\" \/>\n<link rel=\"canonical\" href=\"https:\/\/permbledhja.com\/sq\/goditi-per-vdekje-kosovarin-qe-po-ecte-ne-autostrade-shpallet-e-pafajshme-shoferja-ne-zvicer\/\" \/>\n<meta property=\"og:locale\" content=\"sq_AL\" \/>\n<meta property=\"og:type\" content=\"article\" \/>\n<meta property=\"og:title\" content=\"Goditi p\u00ebr vdekje kosovarin q\u00eb po ecte n\u00eb autostrad\u00eb, shpallet e pafajshme shoferja n\u00eb Zvic\u00ebr\" \/>\n<meta property=\"og:description\" content=\"N\u00eb prill t\u00eb vitit t\u00eb kaluar , shoferja, at\u00ebbot\u00eb 24-vje\u00e7are, e VW Golf po udh\u00ebtonte n\u00eb autostrad\u00ebn A1 drejt Cyrihut. N\u00eb daljen Baden-West, t\u00eb cil\u00ebn ajo donte t\u00eb merrte, nj\u00eb burr\u00eb po kalonte rrug\u00ebn duke folur n\u00eb telefon, transmeton albinfo.ch. P\u00ebr pasoj\u00eb, makina ka goditur 34-vje\u00e7arin kosovar. Ai kishte p\u00ebsuar plag\u00eb aq t\u00eb r\u00ebnda nga [&hellip;]\" \/>\n<meta property=\"og:url\" content=\"https:\/\/permbledhja.com\/sq\/goditi-per-vdekje-kosovarin-qe-po-ecte-ne-autostrade-shpallet-e-pafajshme-shoferja-ne-zvicer\/\" \/>\n<meta property=\"og:site_name\" content=\"Ve\u00e7 artikuj p\u00ebrmbledh\u00ebs\" \/>\n<meta property=\"article:publisher\" content=\"https:\/\/www.facebook.com\/press07\/\" \/>\n<meta property=\"article:author\" content=\"https:\/\/www.facebook.com\/kafexhiu.muharrem\/\" \/>\n<meta property=\"article:published_time\" content=\"2023-10-13T06:55:37+00:00\" \/>\n<meta property=\"og:image\" content=\"https:\/\/permbledhja.com\/wp-content\/uploads\/2023\/10\/aksidentzvicer.jpg\" \/>\n\t<meta property=\"og:image:width\" content=\"1200\" \/>\n\t<meta property=\"og:image:height\" content=\"900\" \/>\n\t<meta property=\"og:image:type\" content=\"image\/jpeg\" \/>\n<meta name=\"author\" content=\"P\u00ebrmbledhja\" \/>\n<meta name=\"twitter:card\" content=\"summary_large_image\" \/>\n<meta name=\"twitter:label1\" content=\"Written by\" \/>\n\t<meta name=\"twitter:data1\" content=\"P\u00ebrmbledhja\" \/>\n\t<meta name=\"twitter:label2\" content=\"Est. reading time\" \/>\n\t<meta name=\"twitter:data2\" content=\"2 minuta\" \/>\n<script type=\"application\/ld+json\" class=\"yoast-schema-graph\">{\"@context\":\"https:\/\/schema.org\",\"@graph\":[{\"@type\":\"Article\",\"@id\":\"https:\/\/permbledhja.com\/goditi-per-vdekje-kosovarin-qe-po-ecte-ne-autostrade-shpallet-e-pafajshme-shoferja-ne-zvicer\/#article\",\"isPartOf\":{\"@id\":\"https:\/\/permbledhja.com\/goditi-per-vdekje-kosovarin-qe-po-ecte-ne-autostrade-shpallet-e-pafajshme-shoferja-ne-zvicer\/\"},\"author\":{\"name\":\"P\u00ebrmbledhja\",\"@id\":\"https:\/\/permbledhja.com\/#\/schema\/person\/0d064377258d3221e50693947b9eb4fe\"},\"headline\":\"Goditi p\u00ebr vdekje kosovarin q\u00eb po ecte n\u00eb autostrad\u00eb, shpallet e pafajshme shoferja n\u00eb Zvic\u00ebr\",\"datePublished\":\"2023-10-13T06:55:37+00:00\",\"dateModified\":\"2023-10-13T06:55:37+00:00\",\"mainEntityOfPage\":{\"@id\":\"https:\/\/permbledhja.com\/goditi-per-vdekje-kosovarin-qe-po-ecte-ne-autostrade-shpallet-e-pafajshme-shoferja-ne-zvicer\/\"},\"wordCount\":497,\"publisher\":{\"@id\":\"https:\/\/permbledhja.com\/#organization\"},\"keywords\":[\"Zvic\u00ebr\"],\"articleSection\":[\"Komb\u00ebtare\",\"Lajme\"],\"inLanguage\":\"sq\"},{\"@type\":\"WebPage\",\"@id\":\"https:\/\/permbledhja.com\/goditi-per-vdekje-kosovarin-qe-po-ecte-ne-autostrade-shpallet-e-pafajshme-shoferja-ne-zvicer\/\",\"url\":\"https:\/\/permbledhja.com\/goditi-per-vdekje-kosovarin-qe-po-ecte-ne-autostrade-shpallet-e-pafajshme-shoferja-ne-zvicer\/\",\"name\":\"Goditi p\u00ebr vdekje kosovarin q\u00eb po ecte n\u00eb autostrad\u00eb, shpallet e pafajshme shoferja n\u00eb Zvic\u00ebr\",\"isPartOf\":{\"@id\":\"https:\/\/permbledhja.com\/#website\"},\"datePublished\":\"2023-10-13T06:55:37+00:00\",\"dateModified\":\"2023-10-13T06:55:37+00:00\",\"breadcrumb\":{\"@id\":\"https:\/\/permbledhja.com\/goditi-per-vdekje-kosovarin-qe-po-ecte-ne-autostrade-shpallet-e-pafajshme-shoferja-ne-zvicer\/#breadcrumb\"},\"inLanguage\":\"sq\",\"potentialAction\":[{\"@type\":\"ReadAction\",\"target\":[\"https:\/\/permbledhja.com\/goditi-per-vdekje-kosovarin-qe-po-ecte-ne-autostrade-shpallet-e-pafajshme-shoferja-ne-zvicer\/\"]}]},{\"@type\":\"BreadcrumbList\",\"@id\":\"https:\/\/permbledhja.com\/goditi-per-vdekje-kosovarin-qe-po-ecte-ne-autostrade-shpallet-e-pafajshme-shoferja-ne-zvicer\/#breadcrumb\",\"itemListElement\":[{\"@type\":\"ListItem\",\"position\":1,\"name\":\"Ballina\",\"item\":\"https:\/\/permbledhja.com\/sq\/\"},{\"@type\":\"ListItem\",\"position\":2,\"name\":\"Goditi p\u00ebr vdekje kosovarin q\u00eb po ecte n\u00eb autostrad\u00eb, shpallet e pafajshme shoferja n\u00eb Zvic\u00ebr\"}]},{\"@type\":\"WebSite\",\"@id\":\"https:\/\/permbledhja.com\/#website\",\"url\":\"https:\/\/permbledhja.com\/\",\"name\":\"Ve\u00e7 artikuj p\u00ebrmbledh\u00ebs\",\"description\":\"\",\"publisher\":{\"@id\":\"https:\/\/permbledhja.com\/#organization\"},\"potentialAction\":[{\"@type\":\"SearchAction\",\"target\":{\"@type\":\"EntryPoint\",\"urlTemplate\":\"https:\/\/permbledhja.com\/?s={search_term_string}\"},\"query-input\":\"required name=search_term_string\"}],\"inLanguage\":\"sq\"},{\"@type\":\"Organization\",\"@id\":\"https:\/\/permbledhja.com\/#organization\",\"name\":\"MK Media & Pr\",\"url\":\"https:\/\/permbledhja.com\/\",\"logo\":{\"@type\":\"ImageObject\",\"inLanguage\":\"sq\",\"@id\":\"https:\/\/permbledhja.com\/#\/schema\/logo\/image\/\",\"url\":\"https:\/\/permbledhja.com\/wp-content\/uploads\/2021\/12\/07-Press-Logo.jpg\",\"contentUrl\":\"https:\/\/permbledhja.com\/wp-content\/uploads\/2021\/12\/07-Press-Logo.jpg\",\"width\":512,\"height\":512,\"caption\":\"MK Media & Pr\"},\"image\":{\"@id\":\"https:\/\/permbledhja.com\/#\/schema\/logo\/image\/\"},\"sameAs\":[\"https:\/\/www.facebook.com\/press07\/\"]},{\"@type\":\"Person\",\"@id\":\"https:\/\/permbledhja.com\/#\/schema\/person\/0d064377258d3221e50693947b9eb4fe\",\"name\":\"P\u00ebrmbledhja\",\"image\":{\"@type\":\"ImageObject\",\"inLanguage\":\"sq\",\"@id\":\"https:\/\/permbledhja.com\/#\/schema\/person\/image\/\",\"url\":\"https:\/\/permbledhja.com\/wp-content\/uploads\/2026\/01\/452004717_1040944174702970_8932037511805513407_n-96x96.jpg\",\"contentUrl\":\"https:\/\/permbledhja.com\/wp-content\/uploads\/2026\/01\/452004717_1040944174702970_8932037511805513407_n-96x96.jpg\",\"caption\":\"P\u00ebrmbledhja\"},\"sameAs\":[\"https:\/\/www.facebook.com\/kafexhiu.muharrem\/\",\"https:\/\/www.instagram.com\/muharrem_kafexhiu\/\"],\"url\":\"https:\/\/permbledhja.com\/sq\/author\/admin\/\"}]}<\/script>\n<!-- \/ Yoast SEO plugin. -->","yoast_head_json":{"title":"Goditi p\u00ebr vdekje kosovarin q\u00eb po ecte n\u00eb autostrad\u00eb, shpallet e pafajshme shoferja n\u00eb Zvic\u00ebr","robots":{"index":"index","follow":"follow","max-snippet":"max-snippet:-1","max-image-preview":"max-image-preview:large","max-video-preview":"max-video-preview:-1"},"canonical":"https:\/\/permbledhja.com\/sq\/goditi-per-vdekje-kosovarin-qe-po-ecte-ne-autostrade-shpallet-e-pafajshme-shoferja-ne-zvicer\/","og_locale":"sq_AL","og_type":"article","og_title":"Goditi p\u00ebr vdekje kosovarin q\u00eb po ecte n\u00eb autostrad\u00eb, shpallet e pafajshme shoferja n\u00eb Zvic\u00ebr","og_description":"N\u00eb prill t\u00eb vitit t\u00eb kaluar , shoferja, at\u00ebbot\u00eb 24-vje\u00e7are, e VW Golf po udh\u00ebtonte n\u00eb autostrad\u00ebn A1 drejt Cyrihut. N\u00eb daljen Baden-West, t\u00eb cil\u00ebn ajo donte t\u00eb merrte, nj\u00eb burr\u00eb po kalonte rrug\u00ebn duke folur n\u00eb telefon, transmeton albinfo.ch. P\u00ebr pasoj\u00eb, makina ka goditur 34-vje\u00e7arin kosovar. Ai kishte p\u00ebsuar plag\u00eb aq t\u00eb r\u00ebnda nga [&hellip;]","og_url":"https:\/\/permbledhja.com\/sq\/goditi-per-vdekje-kosovarin-qe-po-ecte-ne-autostrade-shpallet-e-pafajshme-shoferja-ne-zvicer\/","og_site_name":"Ve\u00e7 artikuj p\u00ebrmbledh\u00ebs","article_publisher":"https:\/\/www.facebook.com\/press07\/","article_author":"https:\/\/www.facebook.com\/kafexhiu.muharrem\/","article_published_time":"2023-10-13T06:55:37+00:00","og_image":[{"width":1200,"height":900,"url":"https:\/\/permbledhja.com\/wp-content\/uploads\/2023\/10\/aksidentzvicer.jpg","type":"image\/jpeg"}],"author":"P\u00ebrmbledhja","twitter_card":"summary_large_image","twitter_misc":{"Written by":"P\u00ebrmbledhja","Est. reading time":"2 minuta"},"schema":{"@context":"https:\/\/schema.org","@graph":[{"@type":"Article","@id":"https:\/\/permbledhja.com\/goditi-per-vdekje-kosovarin-qe-po-ecte-ne-autostrade-shpallet-e-pafajshme-shoferja-ne-zvicer\/#article","isPartOf":{"@id":"https:\/\/permbledhja.com\/goditi-per-vdekje-kosovarin-qe-po-ecte-ne-autostrade-shpallet-e-pafajshme-shoferja-ne-zvicer\/"},"author":{"name":"P\u00ebrmbledhja","@id":"https:\/\/permbledhja.com\/#\/schema\/person\/0d064377258d3221e50693947b9eb4fe"},"headline":"Goditi p\u00ebr vdekje kosovarin q\u00eb po ecte n\u00eb autostrad\u00eb, shpallet e pafajshme shoferja n\u00eb Zvic\u00ebr","datePublished":"2023-10-13T06:55:37+00:00","dateModified":"2023-10-13T06:55:37+00:00","mainEntityOfPage":{"@id":"https:\/\/permbledhja.com\/goditi-per-vdekje-kosovarin-qe-po-ecte-ne-autostrade-shpallet-e-pafajshme-shoferja-ne-zvicer\/"},"wordCount":497,"publisher":{"@id":"https:\/\/permbledhja.com\/#organization"},"keywords":["Zvic\u00ebr"],"articleSection":["Komb\u00ebtare","Lajme"],"inLanguage":"sq"},{"@type":"WebPage","@id":"https:\/\/permbledhja.com\/goditi-per-vdekje-kosovarin-qe-po-ecte-ne-autostrade-shpallet-e-pafajshme-shoferja-ne-zvicer\/","url":"https:\/\/permbledhja.com\/goditi-per-vdekje-kosovarin-qe-po-ecte-ne-autostrade-shpallet-e-pafajshme-shoferja-ne-zvicer\/","name":"Goditi p\u00ebr vdekje kosovarin q\u00eb po ecte n\u00eb autostrad\u00eb, shpallet e pafajshme shoferja n\u00eb Zvic\u00ebr","isPartOf":{"@id":"https:\/\/permbledhja.com\/#website"},"datePublished":"2023-10-13T06:55:37+00:00","dateModified":"2023-10-13T06:55:37+00:00","breadcrumb":{"@id":"https:\/\/permbledhja.com\/goditi-per-vdekje-kosovarin-qe-po-ecte-ne-autostrade-shpallet-e-pafajshme-shoferja-ne-zvicer\/#breadcrumb"},"inLanguage":"sq","potentialAction":[{"@type":"ReadAction","target":["https:\/\/permbledhja.com\/goditi-per-vdekje-kosovarin-qe-po-ecte-ne-autostrade-shpallet-e-pafajshme-shoferja-ne-zvicer\/"]}]},{"@type":"BreadcrumbList","@id":"https:\/\/permbledhja.com\/goditi-per-vdekje-kosovarin-qe-po-ecte-ne-autostrade-shpallet-e-pafajshme-shoferja-ne-zvicer\/#breadcrumb","itemListElement":[{"@type":"ListItem","position":1,"name":"Ballina","item":"https:\/\/permbledhja.com\/sq\/"},{"@type":"ListItem","position":2,"name":"Goditi p\u00ebr vdekje kosovarin q\u00eb po ecte n\u00eb autostrad\u00eb, shpallet e pafajshme shoferja n\u00eb Zvic\u00ebr"}]},{"@type":"WebSite","@id":"https:\/\/permbledhja.com\/#website","url":"https:\/\/permbledhja.com\/","name":"Ve\u00e7 artikuj p\u00ebrmbledh\u00ebs","description":"","publisher":{"@id":"https:\/\/permbledhja.com\/#organization"},"potentialAction":[{"@type":"SearchAction","target":{"@type":"EntryPoint","urlTemplate":"https:\/\/permbledhja.com\/?s={search_term_string}"},"query-input":"required name=search_term_string"}],"inLanguage":"sq"},{"@type":"Organization","@id":"https:\/\/permbledhja.com\/#organization","name":"MK Media & Pr","url":"https:\/\/permbledhja.com\/","logo":{"@type":"ImageObject","inLanguage":"sq","@id":"https:\/\/permbledhja.com\/#\/schema\/logo\/image\/","url":"https:\/\/permbledhja.com\/wp-content\/uploads\/2021\/12\/07-Press-Logo.jpg","contentUrl":"https:\/\/permbledhja.com\/wp-content\/uploads\/2021\/12\/07-Press-Logo.jpg","width":512,"height":512,"caption":"MK Media & Pr"},"image":{"@id":"https:\/\/permbledhja.com\/#\/schema\/logo\/image\/"},"sameAs":["https:\/\/www.facebook.com\/press07\/"]},{"@type":"Person","@id":"https:\/\/permbledhja.com\/#\/schema\/person\/0d064377258d3221e50693947b9eb4fe","name":"P\u00ebrmbledhja","image":{"@type":"ImageObject","inLanguage":"sq","@id":"https:\/\/permbledhja.com\/#\/schema\/person\/image\/","url":"https:\/\/permbledhja.com\/wp-content\/uploads\/2026\/01\/452004717_1040944174702970_8932037511805513407_n-96x96.jpg","contentUrl":"https:\/\/permbledhja.com\/wp-content\/uploads\/2026\/01\/452004717_1040944174702970_8932037511805513407_n-96x96.jpg","caption":"P\u00ebrmbledhja"},"sameAs":["https:\/\/www.facebook.com\/kafexhiu.muharrem\/","https:\/\/www.instagram.com\/muharrem_kafexhiu\/"],"url":"https:\/\/permbledhja.com\/sq\/author\/admin\/"}]}},"_links":{"self":[{"href":"https:\/\/permbledhja.com\/sq\/wp-json\/wp\/v2\/posts\/31257"}],"collection":[{"href":"https:\/\/permbledhja.com\/sq\/wp-json\/wp\/v2\/posts"}],"about":[{"href":"https:\/\/permbledhja.com\/sq\/wp-json\/wp\/v2\/types\/post"}],"author":[{"embeddable":true,"href":"https:\/\/permbledhja.com\/sq\/wp-json\/wp\/v2\/users\/1"}],"replies":[{"embeddable":true,"href":"https:\/\/permbledhja.com\/sq\/wp-json\/wp\/v2\/comments?post=31257"}],"version-history":[{"count":1,"href":"https:\/\/permbledhja.com\/sq\/wp-json\/wp\/v2\/posts\/31257\/revisions"}],"predecessor-version":[{"id":31259,"href":"https:\/\/permbledhja.com\/sq\/wp-json\/wp\/v2\/posts\/31257\/revisions\/31259"}],"wp:featuredmedia":[{"embeddable":true,"href":"https:\/\/permbledhja.com\/sq\/wp-json\/wp\/v2\/media\/31258"}],"wp:attachment":[{"href":"https:\/\/permbledhja.com\/sq\/wp-json\/wp\/v2\/media?parent=31257"}],"wp:term":[{"taxonomy":"category","embeddable":true,"href":"https:\/\/permbledhja.com\/sq\/wp-json\/wp\/v2\/categories?post=31257"},{"taxonomy":"post_tag","embeddable":true,"href":"https:\/\/permbledhja.com\/sq\/wp-json\/wp\/v2\/tags?post=31257"}],"curies":[{"name":"wp","href":"https:\/\/api.w.org\/{rel}","templated":true}]}}