{"id":31071,"date":"2023-10-11T18:14:45","date_gmt":"2023-10-11T18:14:45","guid":{"rendered":"https:\/\/permbledhja.com\/?p=31071"},"modified":"2023-10-11T18:14:45","modified_gmt":"2023-10-11T18:14:45","slug":"e-tmerrshme-burri-32-vjecar-dyshohet-per-dhunimin-e-nje-12-vjecareje-policia-ne-ndjekje-te-tij","status":"publish","type":"post","link":"https:\/\/permbledhja.com\/sq\/e-tmerrshme-burri-32-vjecar-dyshohet-per-dhunimin-e-nje-12-vjecareje-policia-ne-ndjekje-te-tij\/","title":{"rendered":"E tmerrshme: Burri 32-vje\u00e7ar dyshohet p\u00ebr dhunimin e nj\u00eb 12-vje\u00e7areje, policia n\u00eb ndjekje t\u00eb tij"},"content":{"rendered":"<h3>Numri i rasteve t\u00eb ngacmimeve, sulmeve e dhun\u00ebs seksuale n\u00eb vendin ton\u00eb ka marr\u00eb p\u00ebrmasa shqet\u00ebsuese.<\/h3>\n<p>Zakonisht viktima jan\u00eb vajzat dhe grat\u00eb t\u00eb cilat raportojn\u00eb n\u00eb Polici se jan\u00eb keqp\u00ebrdorur seksualisht nga persona t\u00eb panjohur. P\u00ebr nj\u00eb rast t\u00eb till\u00eb q\u00eb dyshohet se ka ndodhur n\u00eb Ferizaj, Prokuroria tashm\u00eb ka nisur hetimet.<\/p>\n<p>Burimet brenda Prokuroris\u00eb kan\u00eb b\u00ebr\u00eb me dije se rasti u zbulua pas denoncimit t\u00eb nj\u00eb gruaje, e cila ka raportuar n\u00eb Polici se vajza e saj 12-vje\u00e7are \u00ebsht\u00eb keqp\u00ebrdorur seksualisht nga nj\u00eb person.<\/p>\n<p>Sinjali m\u00ebson se gjith\u00e7ka dyshohet t\u00eb ket\u00eb ndodhur pasi vajza ishte larguar nga sht\u00ebpia dhe dyshohet se kishte q\u00ebndruar n\u00eb nj\u00eb banes\u00eb, ku i dyshuari 32-vje\u00e7ar ka kryer marr\u00ebdh\u00ebnie seksuale me t\u00eb.<\/p>\n<p>P\u00ebrball\u00eb k\u00ebsaj situate, pasi n\u00ebna e viktim\u00ebs e kuptoi se \u00e7far\u00eb kishte ndodhur, vendosi t\u00eb k\u00ebrkoj\u00eb ndihm\u00eb, duke e raportuar rastin n\u00eb Polici, me \u00e7\u2019rast ka rr\u00ebfyer n\u00eb detaje p\u00ebr gjith\u00eb ngjarjen e trisht\u00eb q\u00eb i kishte treguar e bija.<\/p>\n<p>Si rezultat i denoncimit, Policia ka nisur hetimet p\u00ebr kapjen e t\u00eb dyshuarit, i cili nuk \u00ebsht\u00eb gjetur p\u00ebrkund\u00ebr k\u00ebrkimeve.<\/p>\n<p>Pas p\u00ebrfundimit t\u00eb procedurave policore, lidhur me rastin \u00ebsht\u00eb v\u00ebn\u00eb n\u00eb dijeni edhe Prokurori i Shtetit, i cili ka urdh\u00ebruar nisjen e hetimeve n\u00eb drejtim t\u00eb vepr\u00ebs penale \u201cDhunimi\u201d, nd\u00ebrsa veprimet e tjera do t\u00eb nd\u00ebrmerren posa t\u00eb sigurohet prezenca e t\u00eb dyshuarit.<\/p>\n","protected":false},"excerpt":{"rendered":"<p>Numri i rasteve t\u00eb ngacmimeve, sulmeve e dhun\u00ebs seksuale n\u00eb vendin ton\u00eb ka marr\u00eb p\u00ebrmasa shqet\u00ebsuese. Zakonisht viktima jan\u00eb vajzat dhe grat\u00eb t\u00eb cilat raportojn\u00eb n\u00eb Polici se jan\u00eb keqp\u00ebrdorur seksualisht nga persona t\u00eb panjohur. P\u00ebr nj\u00eb rast t\u00eb till\u00eb q\u00eb dyshohet se ka ndodhur n\u00eb Ferizaj, Prokuroria tashm\u00eb ka nisur hetimet. Burimet brenda Prokuroris\u00eb [&hellip;]<\/p>\n","protected":false},"author":1,"featured_media":31072,"comment_status":"closed","ping_status":"closed","sticky":false,"template":"","format":"standard","meta":{"_monsterinsights_skip_tracking":false,"_monsterinsights_sitenote_active":false,"_monsterinsights_sitenote_note":"","_monsterinsights_sitenote_category":0,"_uf_show_specific_survey":0,"_uf_disable_surveys":false,"footnotes":""},"categories":[23,15],"tags":[102],"yoast_head":"<!-- This site is optimized with the Yoast SEO plugin v21.5 - https:\/\/yoast.com\/wordpress\/plugins\/seo\/ -->\n<title>E tmerrshme: Burri 32-vje\u00e7ar dyshohet p\u00ebr dhunimin e nj\u00eb 12-vje\u00e7areje, policia n\u00eb ndjekje t\u00eb tij<\/title>\n<meta name=\"robots\" content=\"index, follow, max-snippet:-1, max-image-preview:large, max-video-preview:-1\" \/>\n<link rel=\"canonical\" href=\"https:\/\/permbledhja.com\/sq\/e-tmerrshme-burri-32-vjecar-dyshohet-per-dhunimin-e-nje-12-vjecareje-policia-ne-ndjekje-te-tij\/\" \/>\n<meta property=\"og:locale\" content=\"sq_AL\" \/>\n<meta property=\"og:type\" content=\"article\" \/>\n<meta property=\"og:title\" content=\"E tmerrshme: Burri 32-vje\u00e7ar dyshohet p\u00ebr dhunimin e nj\u00eb 12-vje\u00e7areje, policia n\u00eb ndjekje t\u00eb tij\" \/>\n<meta property=\"og:description\" content=\"Numri i rasteve t\u00eb ngacmimeve, sulmeve e dhun\u00ebs seksuale n\u00eb vendin ton\u00eb ka marr\u00eb p\u00ebrmasa shqet\u00ebsuese. Zakonisht viktima jan\u00eb vajzat dhe grat\u00eb t\u00eb cilat raportojn\u00eb n\u00eb Polici se jan\u00eb keqp\u00ebrdorur seksualisht nga persona t\u00eb panjohur. P\u00ebr nj\u00eb rast t\u00eb till\u00eb q\u00eb dyshohet se ka ndodhur n\u00eb Ferizaj, Prokuroria tashm\u00eb ka nisur hetimet. Burimet brenda Prokuroris\u00eb [&hellip;]\" \/>\n<meta property=\"og:url\" content=\"https:\/\/permbledhja.com\/sq\/e-tmerrshme-burri-32-vjecar-dyshohet-per-dhunimin-e-nje-12-vjecareje-policia-ne-ndjekje-te-tij\/\" \/>\n<meta property=\"og:site_name\" content=\"Ve\u00e7 artikuj p\u00ebrmbledh\u00ebs\" \/>\n<meta property=\"article:publisher\" content=\"https:\/\/www.facebook.com\/press07\/\" \/>\n<meta property=\"article:author\" content=\"https:\/\/www.facebook.com\/kafexhiu.muharrem\/\" \/>\n<meta property=\"article:published_time\" content=\"2023-10-11T18:14:45+00:00\" \/>\n<meta property=\"og:image\" content=\"https:\/\/permbledhja.com\/wp-content\/uploads\/2023\/10\/dhunim-1-e1556204204206-780x439-750x40616179508621670922681-1.webp\" \/>\n\t<meta property=\"og:image:width\" content=\"750\" \/>\n\t<meta property=\"og:image:height\" content=\"406\" \/>\n\t<meta property=\"og:image:type\" content=\"image\/webp\" \/>\n<meta name=\"author\" content=\"P\u00ebrmbledhja\" \/>\n<meta name=\"twitter:card\" content=\"summary_large_image\" \/>\n<meta name=\"twitter:label1\" content=\"Written by\" \/>\n\t<meta name=\"twitter:data1\" content=\"P\u00ebrmbledhja\" \/>\n\t<meta name=\"twitter:label2\" content=\"Est. reading time\" \/>\n\t<meta name=\"twitter:data2\" content=\"1 minut\u00eb\" \/>\n<script type=\"application\/ld+json\" class=\"yoast-schema-graph\">{\"@context\":\"https:\/\/schema.org\",\"@graph\":[{\"@type\":\"Article\",\"@id\":\"https:\/\/permbledhja.com\/e-tmerrshme-burri-32-vjecar-dyshohet-per-dhunimin-e-nje-12-vjecareje-policia-ne-ndjekje-te-tij\/#article\",\"isPartOf\":{\"@id\":\"https:\/\/permbledhja.com\/e-tmerrshme-burri-32-vjecar-dyshohet-per-dhunimin-e-nje-12-vjecareje-policia-ne-ndjekje-te-tij\/\"},\"author\":{\"name\":\"P\u00ebrmbledhja\",\"@id\":\"https:\/\/permbledhja.com\/#\/schema\/person\/0d064377258d3221e50693947b9eb4fe\"},\"headline\":\"E tmerrshme: Burri 32-vje\u00e7ar dyshohet p\u00ebr dhunimin e nj\u00eb 12-vje\u00e7areje, policia n\u00eb ndjekje t\u00eb tij\",\"datePublished\":\"2023-10-11T18:14:45+00:00\",\"dateModified\":\"2023-10-11T18:14:45+00:00\",\"mainEntityOfPage\":{\"@id\":\"https:\/\/permbledhja.com\/e-tmerrshme-burri-32-vjecar-dyshohet-per-dhunimin-e-nje-12-vjecareje-policia-ne-ndjekje-te-tij\/\"},\"wordCount\":270,\"publisher\":{\"@id\":\"https:\/\/permbledhja.com\/#organization\"},\"keywords\":[\"Policia e Kosov\u00ebs\"],\"articleSection\":[\"Komb\u00ebtare\",\"Lajme\"],\"inLanguage\":\"sq\"},{\"@type\":\"WebPage\",\"@id\":\"https:\/\/permbledhja.com\/e-tmerrshme-burri-32-vjecar-dyshohet-per-dhunimin-e-nje-12-vjecareje-policia-ne-ndjekje-te-tij\/\",\"url\":\"https:\/\/permbledhja.com\/e-tmerrshme-burri-32-vjecar-dyshohet-per-dhunimin-e-nje-12-vjecareje-policia-ne-ndjekje-te-tij\/\",\"name\":\"E tmerrshme: Burri 32-vje\u00e7ar dyshohet p\u00ebr dhunimin e nj\u00eb 12-vje\u00e7areje, policia n\u00eb ndjekje t\u00eb tij\",\"isPartOf\":{\"@id\":\"https:\/\/permbledhja.com\/#website\"},\"datePublished\":\"2023-10-11T18:14:45+00:00\",\"dateModified\":\"2023-10-11T18:14:45+00:00\",\"breadcrumb\":{\"@id\":\"https:\/\/permbledhja.com\/e-tmerrshme-burri-32-vjecar-dyshohet-per-dhunimin-e-nje-12-vjecareje-policia-ne-ndjekje-te-tij\/#breadcrumb\"},\"inLanguage\":\"sq\",\"potentialAction\":[{\"@type\":\"ReadAction\",\"target\":[\"https:\/\/permbledhja.com\/e-tmerrshme-burri-32-vjecar-dyshohet-per-dhunimin-e-nje-12-vjecareje-policia-ne-ndjekje-te-tij\/\"]}]},{\"@type\":\"BreadcrumbList\",\"@id\":\"https:\/\/permbledhja.com\/e-tmerrshme-burri-32-vjecar-dyshohet-per-dhunimin-e-nje-12-vjecareje-policia-ne-ndjekje-te-tij\/#breadcrumb\",\"itemListElement\":[{\"@type\":\"ListItem\",\"position\":1,\"name\":\"Ballina\",\"item\":\"https:\/\/permbledhja.com\/sq\/\"},{\"@type\":\"ListItem\",\"position\":2,\"name\":\"E tmerrshme: Burri 32-vje\u00e7ar dyshohet p\u00ebr dhunimin e nj\u00eb 12-vje\u00e7areje, policia n\u00eb ndjekje t\u00eb tij\"}]},{\"@type\":\"WebSite\",\"@id\":\"https:\/\/permbledhja.com\/#website\",\"url\":\"https:\/\/permbledhja.com\/\",\"name\":\"Ve\u00e7 artikuj p\u00ebrmbledh\u00ebs\",\"description\":\"\",\"publisher\":{\"@id\":\"https:\/\/permbledhja.com\/#organization\"},\"potentialAction\":[{\"@type\":\"SearchAction\",\"target\":{\"@type\":\"EntryPoint\",\"urlTemplate\":\"https:\/\/permbledhja.com\/?s={search_term_string}\"},\"query-input\":\"required name=search_term_string\"}],\"inLanguage\":\"sq\"},{\"@type\":\"Organization\",\"@id\":\"https:\/\/permbledhja.com\/#organization\",\"name\":\"MK Media & Pr\",\"url\":\"https:\/\/permbledhja.com\/\",\"logo\":{\"@type\":\"ImageObject\",\"inLanguage\":\"sq\",\"@id\":\"https:\/\/permbledhja.com\/#\/schema\/logo\/image\/\",\"url\":\"https:\/\/permbledhja.com\/wp-content\/uploads\/2021\/12\/07-Press-Logo.jpg\",\"contentUrl\":\"https:\/\/permbledhja.com\/wp-content\/uploads\/2021\/12\/07-Press-Logo.jpg\",\"width\":512,\"height\":512,\"caption\":\"MK Media & Pr\"},\"image\":{\"@id\":\"https:\/\/permbledhja.com\/#\/schema\/logo\/image\/\"},\"sameAs\":[\"https:\/\/www.facebook.com\/press07\/\"]},{\"@type\":\"Person\",\"@id\":\"https:\/\/permbledhja.com\/#\/schema\/person\/0d064377258d3221e50693947b9eb4fe\",\"name\":\"P\u00ebrmbledhja\",\"image\":{\"@type\":\"ImageObject\",\"inLanguage\":\"sq\",\"@id\":\"https:\/\/permbledhja.com\/#\/schema\/person\/image\/\",\"url\":\"https:\/\/permbledhja.com\/wp-content\/uploads\/2026\/01\/452004717_1040944174702970_8932037511805513407_n-96x96.jpg\",\"contentUrl\":\"https:\/\/permbledhja.com\/wp-content\/uploads\/2026\/01\/452004717_1040944174702970_8932037511805513407_n-96x96.jpg\",\"caption\":\"P\u00ebrmbledhja\"},\"sameAs\":[\"https:\/\/www.facebook.com\/kafexhiu.muharrem\/\",\"https:\/\/www.instagram.com\/muharrem_kafexhiu\/\"],\"url\":\"https:\/\/permbledhja.com\/sq\/author\/admin\/\"}]}<\/script>\n<!-- \/ Yoast SEO plugin. -->","yoast_head_json":{"title":"E tmerrshme: Burri 32-vje\u00e7ar dyshohet p\u00ebr dhunimin e nj\u00eb 12-vje\u00e7areje, policia n\u00eb ndjekje t\u00eb tij","robots":{"index":"index","follow":"follow","max-snippet":"max-snippet:-1","max-image-preview":"max-image-preview:large","max-video-preview":"max-video-preview:-1"},"canonical":"https:\/\/permbledhja.com\/sq\/e-tmerrshme-burri-32-vjecar-dyshohet-per-dhunimin-e-nje-12-vjecareje-policia-ne-ndjekje-te-tij\/","og_locale":"sq_AL","og_type":"article","og_title":"E tmerrshme: Burri 32-vje\u00e7ar dyshohet p\u00ebr dhunimin e nj\u00eb 12-vje\u00e7areje, policia n\u00eb ndjekje t\u00eb tij","og_description":"Numri i rasteve t\u00eb ngacmimeve, sulmeve e dhun\u00ebs seksuale n\u00eb vendin ton\u00eb ka marr\u00eb p\u00ebrmasa shqet\u00ebsuese. Zakonisht viktima jan\u00eb vajzat dhe grat\u00eb t\u00eb cilat raportojn\u00eb n\u00eb Polici se jan\u00eb keqp\u00ebrdorur seksualisht nga persona t\u00eb panjohur. P\u00ebr nj\u00eb rast t\u00eb till\u00eb q\u00eb dyshohet se ka ndodhur n\u00eb Ferizaj, Prokuroria tashm\u00eb ka nisur hetimet. Burimet brenda Prokuroris\u00eb [&hellip;]","og_url":"https:\/\/permbledhja.com\/sq\/e-tmerrshme-burri-32-vjecar-dyshohet-per-dhunimin-e-nje-12-vjecareje-policia-ne-ndjekje-te-tij\/","og_site_name":"Ve\u00e7 artikuj p\u00ebrmbledh\u00ebs","article_publisher":"https:\/\/www.facebook.com\/press07\/","article_author":"https:\/\/www.facebook.com\/kafexhiu.muharrem\/","article_published_time":"2023-10-11T18:14:45+00:00","og_image":[{"width":750,"height":406,"url":"https:\/\/permbledhja.com\/wp-content\/uploads\/2023\/10\/dhunim-1-e1556204204206-780x439-750x40616179508621670922681-1.webp","type":"image\/webp"}],"author":"P\u00ebrmbledhja","twitter_card":"summary_large_image","twitter_misc":{"Written by":"P\u00ebrmbledhja","Est. reading time":"1 minut\u00eb"},"schema":{"@context":"https:\/\/schema.org","@graph":[{"@type":"Article","@id":"https:\/\/permbledhja.com\/e-tmerrshme-burri-32-vjecar-dyshohet-per-dhunimin-e-nje-12-vjecareje-policia-ne-ndjekje-te-tij\/#article","isPartOf":{"@id":"https:\/\/permbledhja.com\/e-tmerrshme-burri-32-vjecar-dyshohet-per-dhunimin-e-nje-12-vjecareje-policia-ne-ndjekje-te-tij\/"},"author":{"name":"P\u00ebrmbledhja","@id":"https:\/\/permbledhja.com\/#\/schema\/person\/0d064377258d3221e50693947b9eb4fe"},"headline":"E tmerrshme: Burri 32-vje\u00e7ar dyshohet p\u00ebr dhunimin e nj\u00eb 12-vje\u00e7areje, policia n\u00eb ndjekje t\u00eb tij","datePublished":"2023-10-11T18:14:45+00:00","dateModified":"2023-10-11T18:14:45+00:00","mainEntityOfPage":{"@id":"https:\/\/permbledhja.com\/e-tmerrshme-burri-32-vjecar-dyshohet-per-dhunimin-e-nje-12-vjecareje-policia-ne-ndjekje-te-tij\/"},"wordCount":270,"publisher":{"@id":"https:\/\/permbledhja.com\/#organization"},"keywords":["Policia e Kosov\u00ebs"],"articleSection":["Komb\u00ebtare","Lajme"],"inLanguage":"sq"},{"@type":"WebPage","@id":"https:\/\/permbledhja.com\/e-tmerrshme-burri-32-vjecar-dyshohet-per-dhunimin-e-nje-12-vjecareje-policia-ne-ndjekje-te-tij\/","url":"https:\/\/permbledhja.com\/e-tmerrshme-burri-32-vjecar-dyshohet-per-dhunimin-e-nje-12-vjecareje-policia-ne-ndjekje-te-tij\/","name":"E tmerrshme: Burri 32-vje\u00e7ar dyshohet p\u00ebr dhunimin e nj\u00eb 12-vje\u00e7areje, policia n\u00eb ndjekje t\u00eb tij","isPartOf":{"@id":"https:\/\/permbledhja.com\/#website"},"datePublished":"2023-10-11T18:14:45+00:00","dateModified":"2023-10-11T18:14:45+00:00","breadcrumb":{"@id":"https:\/\/permbledhja.com\/e-tmerrshme-burri-32-vjecar-dyshohet-per-dhunimin-e-nje-12-vjecareje-policia-ne-ndjekje-te-tij\/#breadcrumb"},"inLanguage":"sq","potentialAction":[{"@type":"ReadAction","target":["https:\/\/permbledhja.com\/e-tmerrshme-burri-32-vjecar-dyshohet-per-dhunimin-e-nje-12-vjecareje-policia-ne-ndjekje-te-tij\/"]}]},{"@type":"BreadcrumbList","@id":"https:\/\/permbledhja.com\/e-tmerrshme-burri-32-vjecar-dyshohet-per-dhunimin-e-nje-12-vjecareje-policia-ne-ndjekje-te-tij\/#breadcrumb","itemListElement":[{"@type":"ListItem","position":1,"name":"Ballina","item":"https:\/\/permbledhja.com\/sq\/"},{"@type":"ListItem","position":2,"name":"E tmerrshme: Burri 32-vje\u00e7ar dyshohet p\u00ebr dhunimin e nj\u00eb 12-vje\u00e7areje, policia n\u00eb ndjekje t\u00eb tij"}]},{"@type":"WebSite","@id":"https:\/\/permbledhja.com\/#website","url":"https:\/\/permbledhja.com\/","name":"Ve\u00e7 artikuj p\u00ebrmbledh\u00ebs","description":"","publisher":{"@id":"https:\/\/permbledhja.com\/#organization"},"potentialAction":[{"@type":"SearchAction","target":{"@type":"EntryPoint","urlTemplate":"https:\/\/permbledhja.com\/?s={search_term_string}"},"query-input":"required name=search_term_string"}],"inLanguage":"sq"},{"@type":"Organization","@id":"https:\/\/permbledhja.com\/#organization","name":"MK Media & Pr","url":"https:\/\/permbledhja.com\/","logo":{"@type":"ImageObject","inLanguage":"sq","@id":"https:\/\/permbledhja.com\/#\/schema\/logo\/image\/","url":"https:\/\/permbledhja.com\/wp-content\/uploads\/2021\/12\/07-Press-Logo.jpg","contentUrl":"https:\/\/permbledhja.com\/wp-content\/uploads\/2021\/12\/07-Press-Logo.jpg","width":512,"height":512,"caption":"MK Media & Pr"},"image":{"@id":"https:\/\/permbledhja.com\/#\/schema\/logo\/image\/"},"sameAs":["https:\/\/www.facebook.com\/press07\/"]},{"@type":"Person","@id":"https:\/\/permbledhja.com\/#\/schema\/person\/0d064377258d3221e50693947b9eb4fe","name":"P\u00ebrmbledhja","image":{"@type":"ImageObject","inLanguage":"sq","@id":"https:\/\/permbledhja.com\/#\/schema\/person\/image\/","url":"https:\/\/permbledhja.com\/wp-content\/uploads\/2026\/01\/452004717_1040944174702970_8932037511805513407_n-96x96.jpg","contentUrl":"https:\/\/permbledhja.com\/wp-content\/uploads\/2026\/01\/452004717_1040944174702970_8932037511805513407_n-96x96.jpg","caption":"P\u00ebrmbledhja"},"sameAs":["https:\/\/www.facebook.com\/kafexhiu.muharrem\/","https:\/\/www.instagram.com\/muharrem_kafexhiu\/"],"url":"https:\/\/permbledhja.com\/sq\/author\/admin\/"}]}},"_links":{"self":[{"href":"https:\/\/permbledhja.com\/sq\/wp-json\/wp\/v2\/posts\/31071"}],"collection":[{"href":"https:\/\/permbledhja.com\/sq\/wp-json\/wp\/v2\/posts"}],"about":[{"href":"https:\/\/permbledhja.com\/sq\/wp-json\/wp\/v2\/types\/post"}],"author":[{"embeddable":true,"href":"https:\/\/permbledhja.com\/sq\/wp-json\/wp\/v2\/users\/1"}],"replies":[{"embeddable":true,"href":"https:\/\/permbledhja.com\/sq\/wp-json\/wp\/v2\/comments?post=31071"}],"version-history":[{"count":1,"href":"https:\/\/permbledhja.com\/sq\/wp-json\/wp\/v2\/posts\/31071\/revisions"}],"predecessor-version":[{"id":31073,"href":"https:\/\/permbledhja.com\/sq\/wp-json\/wp\/v2\/posts\/31071\/revisions\/31073"}],"wp:featuredmedia":[{"embeddable":true,"href":"https:\/\/permbledhja.com\/sq\/wp-json\/wp\/v2\/media\/31072"}],"wp:attachment":[{"href":"https:\/\/permbledhja.com\/sq\/wp-json\/wp\/v2\/media?parent=31071"}],"wp:term":[{"taxonomy":"category","embeddable":true,"href":"https:\/\/permbledhja.com\/sq\/wp-json\/wp\/v2\/categories?post=31071"},{"taxonomy":"post_tag","embeddable":true,"href":"https:\/\/permbledhja.com\/sq\/wp-json\/wp\/v2\/tags?post=31071"}],"curies":[{"name":"wp","href":"https:\/\/api.w.org\/{rel}","templated":true}]}}