{"id":30999,"date":"2023-10-11T11:16:18","date_gmt":"2023-10-11T11:16:18","guid":{"rendered":"https:\/\/permbledhja.com\/?p=30999"},"modified":"2023-10-11T11:16:18","modified_gmt":"2023-10-11T11:16:18","slug":"i-dyshuari-per-skandalin-financiar-ne-slloveni-ambasadori-berishaj-krah-presidentes-ne-kroaci","status":"publish","type":"post","link":"https:\/\/permbledhja.com\/sq\/i-dyshuari-per-skandalin-financiar-ne-slloveni-ambasadori-berishaj-krah-presidentes-ne-kroaci\/","title":{"rendered":"I dyshuari p\u00ebr skandalin financiar n\u00eb Slloveni, Ambasadori Berishaj krah Presidentes n\u00eb Kroaci"},"content":{"rendered":"<h3>Presidentja Vjosa Osmani \u00ebsht\u00eb duke q\u00ebndruar p\u00ebr vizit\u00eb dy ditore n\u00eb Kroaci, shkruan Gazeta Express.<\/h3>\n<p>Atje Osmani \u00ebsht\u00eb par\u00eb sot n\u00ebn shoq\u00ebrin\u00eb e ambasadorit t\u00eb Kosov\u00ebs n\u00eb Kroaci, Martin Berishaj.<\/p>\n<p>N\u00eb nj\u00eb postim n\u00eb \u201cstory\u201d n\u00eb Instagram, Osmani ka postuar edhe disa fotografi, n\u00eb mesin e t\u00eb cilave shihet edhe ambasadori i Kosov\u00ebs, Martin Berishaj, i cili dyshohet se \u00ebsht\u00eb p\u00ebrfshir\u00eb n\u00eb nj\u00eb skandal financiar n\u00eb Slloveni.<\/p>\n<p>Kjo fotografi \u00ebsht\u00eb b\u00ebr\u00eb gjat\u00eb ndarjes post mortem, t\u00eb Medaljeve Presidenciale t\u00eb Meritave albanologut e historianit kroat, Milan Shuflaj, Vin\u00e7enc Gjinit, kompozitor, pedagog dhe figur\u00eb e shquar e muzik\u00ebs shqiptare dhe Shime Deshpalit, muzikolog dhe shkrimtar shqiptar i Arbneshit t\u00eb Zar\u00ebs.<\/p>\n<p><img loading=\"lazy\" decoding=\"async\" class=\"alignnone  wp-image-31000\" src=\"https:\/\/permbledhja.com\/wp-content\/uploads\/2023\/10\/4-6-600x360-1-300x180.jpg\" alt=\"\" width=\"615\" height=\"369\" srcset=\"https:\/\/permbledhja.com\/wp-content\/uploads\/2023\/10\/4-6-600x360-1-300x180.jpg 300w, https:\/\/permbledhja.com\/wp-content\/uploads\/2023\/10\/4-6-600x360-1-18x12.jpg 18w, https:\/\/permbledhja.com\/wp-content\/uploads\/2023\/10\/4-6-600x360-1.jpg 600w\" sizes=\"(max-width: 615px) 100vw, 615px\" \/><\/p>\n","protected":false},"excerpt":{"rendered":"<p>Presidentja Vjosa Osmani \u00ebsht\u00eb duke q\u00ebndruar p\u00ebr vizit\u00eb dy ditore n\u00eb Kroaci, shkruan Gazeta Express. Atje Osmani \u00ebsht\u00eb par\u00eb sot n\u00ebn shoq\u00ebrin\u00eb e ambasadorit t\u00eb Kosov\u00ebs n\u00eb Kroaci, Martin Berishaj. N\u00eb nj\u00eb postim n\u00eb \u201cstory\u201d n\u00eb Instagram, Osmani ka postuar edhe disa fotografi, n\u00eb mesin e t\u00eb cilave shihet edhe ambasadori i Kosov\u00ebs, Martin Berishaj, [&hellip;]<\/p>\n","protected":false},"author":2,"featured_media":31001,"comment_status":"closed","ping_status":"closed","sticky":false,"template":"","format":"standard","meta":{"_monsterinsights_skip_tracking":false,"_monsterinsights_sitenote_active":false,"_monsterinsights_sitenote_note":"","_monsterinsights_sitenote_category":0,"_uf_show_specific_survey":0,"_uf_disable_surveys":false,"footnotes":""},"categories":[1146,15],"tags":[163],"yoast_head":"<!-- This site is optimized with the Yoast SEO plugin v21.5 - https:\/\/yoast.com\/wordpress\/plugins\/seo\/ -->\n<title>I dyshuari p\u00ebr skandalin financiar n\u00eb Slloveni, Ambasadori Berishaj krah Presidentes n\u00eb Kroaci<\/title>\n<meta name=\"robots\" content=\"index, follow, max-snippet:-1, max-image-preview:large, max-video-preview:-1\" \/>\n<link rel=\"canonical\" href=\"https:\/\/permbledhja.com\/sq\/i-dyshuari-per-skandalin-financiar-ne-slloveni-ambasadori-berishaj-krah-presidentes-ne-kroaci\/\" \/>\n<meta property=\"og:locale\" content=\"sq_AL\" \/>\n<meta property=\"og:type\" content=\"article\" \/>\n<meta property=\"og:title\" content=\"I dyshuari p\u00ebr skandalin financiar n\u00eb Slloveni, Ambasadori Berishaj krah Presidentes n\u00eb Kroaci\" \/>\n<meta property=\"og:description\" content=\"Presidentja Vjosa Osmani \u00ebsht\u00eb duke q\u00ebndruar p\u00ebr vizit\u00eb dy ditore n\u00eb Kroaci, shkruan Gazeta Express. Atje Osmani \u00ebsht\u00eb par\u00eb sot n\u00ebn shoq\u00ebrin\u00eb e ambasadorit t\u00eb Kosov\u00ebs n\u00eb Kroaci, Martin Berishaj. N\u00eb nj\u00eb postim n\u00eb \u201cstory\u201d n\u00eb Instagram, Osmani ka postuar edhe disa fotografi, n\u00eb mesin e t\u00eb cilave shihet edhe ambasadori i Kosov\u00ebs, Martin Berishaj, [&hellip;]\" \/>\n<meta property=\"og:url\" content=\"https:\/\/permbledhja.com\/sq\/i-dyshuari-per-skandalin-financiar-ne-slloveni-ambasadori-berishaj-krah-presidentes-ne-kroaci\/\" \/>\n<meta property=\"og:site_name\" content=\"Ve\u00e7 artikuj p\u00ebrmbledh\u00ebs\" \/>\n<meta property=\"article:publisher\" content=\"https:\/\/www.facebook.com\/press07\/\" \/>\n<meta property=\"article:published_time\" content=\"2023-10-11T11:16:18+00:00\" \/>\n<meta property=\"og:image\" content=\"https:\/\/permbledhja.com\/wp-content\/uploads\/2023\/10\/4-6-600x360-2.jpg\" \/>\n\t<meta property=\"og:image:width\" content=\"600\" \/>\n\t<meta property=\"og:image:height\" content=\"360\" \/>\n\t<meta property=\"og:image:type\" content=\"image\/jpeg\" \/>\n<meta name=\"author\" content=\"M M\" \/>\n<meta name=\"twitter:card\" content=\"summary_large_image\" \/>\n<meta name=\"twitter:label1\" content=\"Written by\" \/>\n\t<meta name=\"twitter:data1\" content=\"M M\" \/>\n\t<meta name=\"twitter:label2\" content=\"Est. reading time\" \/>\n\t<meta name=\"twitter:data2\" content=\"1 minut\u00eb\" \/>\n<script type=\"application\/ld+json\" class=\"yoast-schema-graph\">{\"@context\":\"https:\/\/schema.org\",\"@graph\":[{\"@type\":\"Article\",\"@id\":\"https:\/\/permbledhja.com\/i-dyshuari-per-skandalin-financiar-ne-slloveni-ambasadori-berishaj-krah-presidentes-ne-kroaci\/#article\",\"isPartOf\":{\"@id\":\"https:\/\/permbledhja.com\/i-dyshuari-per-skandalin-financiar-ne-slloveni-ambasadori-berishaj-krah-presidentes-ne-kroaci\/\"},\"author\":{\"name\":\"M M\",\"@id\":\"https:\/\/permbledhja.com\/#\/schema\/person\/d23f13f59b5722643933d6780783acf3\"},\"headline\":\"I dyshuari p\u00ebr skandalin financiar n\u00eb Slloveni, Ambasadori Berishaj krah Presidentes n\u00eb Kroaci\",\"datePublished\":\"2023-10-11T11:16:18+00:00\",\"dateModified\":\"2023-10-11T11:16:18+00:00\",\"mainEntityOfPage\":{\"@id\":\"https:\/\/permbledhja.com\/i-dyshuari-per-skandalin-financiar-ne-slloveni-ambasadori-berishaj-krah-presidentes-ne-kroaci\/\"},\"wordCount\":133,\"publisher\":{\"@id\":\"https:\/\/permbledhja.com\/#organization\"},\"keywords\":[\"Vjosa Osmani\"],\"articleSection\":[\"Kryesoret\",\"Lajme\"],\"inLanguage\":\"sq\"},{\"@type\":\"WebPage\",\"@id\":\"https:\/\/permbledhja.com\/i-dyshuari-per-skandalin-financiar-ne-slloveni-ambasadori-berishaj-krah-presidentes-ne-kroaci\/\",\"url\":\"https:\/\/permbledhja.com\/i-dyshuari-per-skandalin-financiar-ne-slloveni-ambasadori-berishaj-krah-presidentes-ne-kroaci\/\",\"name\":\"I dyshuari p\u00ebr skandalin financiar n\u00eb Slloveni, Ambasadori Berishaj krah Presidentes n\u00eb Kroaci\",\"isPartOf\":{\"@id\":\"https:\/\/permbledhja.com\/#website\"},\"datePublished\":\"2023-10-11T11:16:18+00:00\",\"dateModified\":\"2023-10-11T11:16:18+00:00\",\"breadcrumb\":{\"@id\":\"https:\/\/permbledhja.com\/i-dyshuari-per-skandalin-financiar-ne-slloveni-ambasadori-berishaj-krah-presidentes-ne-kroaci\/#breadcrumb\"},\"inLanguage\":\"sq\",\"potentialAction\":[{\"@type\":\"ReadAction\",\"target\":[\"https:\/\/permbledhja.com\/i-dyshuari-per-skandalin-financiar-ne-slloveni-ambasadori-berishaj-krah-presidentes-ne-kroaci\/\"]}]},{\"@type\":\"BreadcrumbList\",\"@id\":\"https:\/\/permbledhja.com\/i-dyshuari-per-skandalin-financiar-ne-slloveni-ambasadori-berishaj-krah-presidentes-ne-kroaci\/#breadcrumb\",\"itemListElement\":[{\"@type\":\"ListItem\",\"position\":1,\"name\":\"Ballina\",\"item\":\"https:\/\/permbledhja.com\/sq\/\"},{\"@type\":\"ListItem\",\"position\":2,\"name\":\"I dyshuari p\u00ebr skandalin financiar n\u00eb Slloveni, Ambasadori Berishaj krah Presidentes n\u00eb Kroaci\"}]},{\"@type\":\"WebSite\",\"@id\":\"https:\/\/permbledhja.com\/#website\",\"url\":\"https:\/\/permbledhja.com\/\",\"name\":\"Ve\u00e7 artikuj p\u00ebrmbledh\u00ebs\",\"description\":\"\",\"publisher\":{\"@id\":\"https:\/\/permbledhja.com\/#organization\"},\"potentialAction\":[{\"@type\":\"SearchAction\",\"target\":{\"@type\":\"EntryPoint\",\"urlTemplate\":\"https:\/\/permbledhja.com\/?s={search_term_string}\"},\"query-input\":\"required name=search_term_string\"}],\"inLanguage\":\"sq\"},{\"@type\":\"Organization\",\"@id\":\"https:\/\/permbledhja.com\/#organization\",\"name\":\"MK Media & Pr\",\"url\":\"https:\/\/permbledhja.com\/\",\"logo\":{\"@type\":\"ImageObject\",\"inLanguage\":\"sq\",\"@id\":\"https:\/\/permbledhja.com\/#\/schema\/logo\/image\/\",\"url\":\"https:\/\/permbledhja.com\/wp-content\/uploads\/2021\/12\/07-Press-Logo.jpg\",\"contentUrl\":\"https:\/\/permbledhja.com\/wp-content\/uploads\/2021\/12\/07-Press-Logo.jpg\",\"width\":512,\"height\":512,\"caption\":\"MK Media & Pr\"},\"image\":{\"@id\":\"https:\/\/permbledhja.com\/#\/schema\/logo\/image\/\"},\"sameAs\":[\"https:\/\/www.facebook.com\/press07\/\"]},{\"@type\":\"Person\",\"@id\":\"https:\/\/permbledhja.com\/#\/schema\/person\/d23f13f59b5722643933d6780783acf3\",\"name\":\"M M\",\"image\":{\"@type\":\"ImageObject\",\"inLanguage\":\"sq\",\"@id\":\"https:\/\/permbledhja.com\/#\/schema\/person\/image\/\",\"url\":\"https:\/\/secure.gravatar.com\/avatar\/e2835a76ca7c31a2416b2d51c4ec9a8f?s=96&d=mm&r=g\",\"contentUrl\":\"https:\/\/secure.gravatar.com\/avatar\/e2835a76ca7c31a2416b2d51c4ec9a8f?s=96&d=mm&r=g\",\"caption\":\"M M\"},\"sameAs\":[\"http:\/\/MM\"],\"url\":\"https:\/\/permbledhja.com\/sq\/author\/muhamet\/\"}]}<\/script>\n<!-- \/ Yoast SEO plugin. -->","yoast_head_json":{"title":"I dyshuari p\u00ebr skandalin financiar n\u00eb Slloveni, Ambasadori Berishaj krah Presidentes n\u00eb Kroaci","robots":{"index":"index","follow":"follow","max-snippet":"max-snippet:-1","max-image-preview":"max-image-preview:large","max-video-preview":"max-video-preview:-1"},"canonical":"https:\/\/permbledhja.com\/sq\/i-dyshuari-per-skandalin-financiar-ne-slloveni-ambasadori-berishaj-krah-presidentes-ne-kroaci\/","og_locale":"sq_AL","og_type":"article","og_title":"I dyshuari p\u00ebr skandalin financiar n\u00eb Slloveni, Ambasadori Berishaj krah Presidentes n\u00eb Kroaci","og_description":"Presidentja Vjosa Osmani \u00ebsht\u00eb duke q\u00ebndruar p\u00ebr vizit\u00eb dy ditore n\u00eb Kroaci, shkruan Gazeta Express. Atje Osmani \u00ebsht\u00eb par\u00eb sot n\u00ebn shoq\u00ebrin\u00eb e ambasadorit t\u00eb Kosov\u00ebs n\u00eb Kroaci, Martin Berishaj. N\u00eb nj\u00eb postim n\u00eb \u201cstory\u201d n\u00eb Instagram, Osmani ka postuar edhe disa fotografi, n\u00eb mesin e t\u00eb cilave shihet edhe ambasadori i Kosov\u00ebs, Martin Berishaj, [&hellip;]","og_url":"https:\/\/permbledhja.com\/sq\/i-dyshuari-per-skandalin-financiar-ne-slloveni-ambasadori-berishaj-krah-presidentes-ne-kroaci\/","og_site_name":"Ve\u00e7 artikuj p\u00ebrmbledh\u00ebs","article_publisher":"https:\/\/www.facebook.com\/press07\/","article_published_time":"2023-10-11T11:16:18+00:00","og_image":[{"width":600,"height":360,"url":"https:\/\/permbledhja.com\/wp-content\/uploads\/2023\/10\/4-6-600x360-2.jpg","type":"image\/jpeg"}],"author":"M M","twitter_card":"summary_large_image","twitter_misc":{"Written by":"M M","Est. reading time":"1 minut\u00eb"},"schema":{"@context":"https:\/\/schema.org","@graph":[{"@type":"Article","@id":"https:\/\/permbledhja.com\/i-dyshuari-per-skandalin-financiar-ne-slloveni-ambasadori-berishaj-krah-presidentes-ne-kroaci\/#article","isPartOf":{"@id":"https:\/\/permbledhja.com\/i-dyshuari-per-skandalin-financiar-ne-slloveni-ambasadori-berishaj-krah-presidentes-ne-kroaci\/"},"author":{"name":"M M","@id":"https:\/\/permbledhja.com\/#\/schema\/person\/d23f13f59b5722643933d6780783acf3"},"headline":"I dyshuari p\u00ebr skandalin financiar n\u00eb Slloveni, Ambasadori Berishaj krah Presidentes n\u00eb Kroaci","datePublished":"2023-10-11T11:16:18+00:00","dateModified":"2023-10-11T11:16:18+00:00","mainEntityOfPage":{"@id":"https:\/\/permbledhja.com\/i-dyshuari-per-skandalin-financiar-ne-slloveni-ambasadori-berishaj-krah-presidentes-ne-kroaci\/"},"wordCount":133,"publisher":{"@id":"https:\/\/permbledhja.com\/#organization"},"keywords":["Vjosa Osmani"],"articleSection":["Kryesoret","Lajme"],"inLanguage":"sq"},{"@type":"WebPage","@id":"https:\/\/permbledhja.com\/i-dyshuari-per-skandalin-financiar-ne-slloveni-ambasadori-berishaj-krah-presidentes-ne-kroaci\/","url":"https:\/\/permbledhja.com\/i-dyshuari-per-skandalin-financiar-ne-slloveni-ambasadori-berishaj-krah-presidentes-ne-kroaci\/","name":"I dyshuari p\u00ebr skandalin financiar n\u00eb Slloveni, Ambasadori Berishaj krah Presidentes n\u00eb Kroaci","isPartOf":{"@id":"https:\/\/permbledhja.com\/#website"},"datePublished":"2023-10-11T11:16:18+00:00","dateModified":"2023-10-11T11:16:18+00:00","breadcrumb":{"@id":"https:\/\/permbledhja.com\/i-dyshuari-per-skandalin-financiar-ne-slloveni-ambasadori-berishaj-krah-presidentes-ne-kroaci\/#breadcrumb"},"inLanguage":"sq","potentialAction":[{"@type":"ReadAction","target":["https:\/\/permbledhja.com\/i-dyshuari-per-skandalin-financiar-ne-slloveni-ambasadori-berishaj-krah-presidentes-ne-kroaci\/"]}]},{"@type":"BreadcrumbList","@id":"https:\/\/permbledhja.com\/i-dyshuari-per-skandalin-financiar-ne-slloveni-ambasadori-berishaj-krah-presidentes-ne-kroaci\/#breadcrumb","itemListElement":[{"@type":"ListItem","position":1,"name":"Ballina","item":"https:\/\/permbledhja.com\/sq\/"},{"@type":"ListItem","position":2,"name":"I dyshuari p\u00ebr skandalin financiar n\u00eb Slloveni, Ambasadori Berishaj krah Presidentes n\u00eb Kroaci"}]},{"@type":"WebSite","@id":"https:\/\/permbledhja.com\/#website","url":"https:\/\/permbledhja.com\/","name":"Ve\u00e7 artikuj p\u00ebrmbledh\u00ebs","description":"","publisher":{"@id":"https:\/\/permbledhja.com\/#organization"},"potentialAction":[{"@type":"SearchAction","target":{"@type":"EntryPoint","urlTemplate":"https:\/\/permbledhja.com\/?s={search_term_string}"},"query-input":"required name=search_term_string"}],"inLanguage":"sq"},{"@type":"Organization","@id":"https:\/\/permbledhja.com\/#organization","name":"MK Media & Pr","url":"https:\/\/permbledhja.com\/","logo":{"@type":"ImageObject","inLanguage":"sq","@id":"https:\/\/permbledhja.com\/#\/schema\/logo\/image\/","url":"https:\/\/permbledhja.com\/wp-content\/uploads\/2021\/12\/07-Press-Logo.jpg","contentUrl":"https:\/\/permbledhja.com\/wp-content\/uploads\/2021\/12\/07-Press-Logo.jpg","width":512,"height":512,"caption":"MK Media & Pr"},"image":{"@id":"https:\/\/permbledhja.com\/#\/schema\/logo\/image\/"},"sameAs":["https:\/\/www.facebook.com\/press07\/"]},{"@type":"Person","@id":"https:\/\/permbledhja.com\/#\/schema\/person\/d23f13f59b5722643933d6780783acf3","name":"M M","image":{"@type":"ImageObject","inLanguage":"sq","@id":"https:\/\/permbledhja.com\/#\/schema\/person\/image\/","url":"https:\/\/secure.gravatar.com\/avatar\/e2835a76ca7c31a2416b2d51c4ec9a8f?s=96&d=mm&r=g","contentUrl":"https:\/\/secure.gravatar.com\/avatar\/e2835a76ca7c31a2416b2d51c4ec9a8f?s=96&d=mm&r=g","caption":"M M"},"sameAs":["http:\/\/MM"],"url":"https:\/\/permbledhja.com\/sq\/author\/muhamet\/"}]}},"_links":{"self":[{"href":"https:\/\/permbledhja.com\/sq\/wp-json\/wp\/v2\/posts\/30999"}],"collection":[{"href":"https:\/\/permbledhja.com\/sq\/wp-json\/wp\/v2\/posts"}],"about":[{"href":"https:\/\/permbledhja.com\/sq\/wp-json\/wp\/v2\/types\/post"}],"author":[{"embeddable":true,"href":"https:\/\/permbledhja.com\/sq\/wp-json\/wp\/v2\/users\/2"}],"replies":[{"embeddable":true,"href":"https:\/\/permbledhja.com\/sq\/wp-json\/wp\/v2\/comments?post=30999"}],"version-history":[{"count":1,"href":"https:\/\/permbledhja.com\/sq\/wp-json\/wp\/v2\/posts\/30999\/revisions"}],"predecessor-version":[{"id":31002,"href":"https:\/\/permbledhja.com\/sq\/wp-json\/wp\/v2\/posts\/30999\/revisions\/31002"}],"wp:featuredmedia":[{"embeddable":true,"href":"https:\/\/permbledhja.com\/sq\/wp-json\/wp\/v2\/media\/31001"}],"wp:attachment":[{"href":"https:\/\/permbledhja.com\/sq\/wp-json\/wp\/v2\/media?parent=30999"}],"wp:term":[{"taxonomy":"category","embeddable":true,"href":"https:\/\/permbledhja.com\/sq\/wp-json\/wp\/v2\/categories?post=30999"},{"taxonomy":"post_tag","embeddable":true,"href":"https:\/\/permbledhja.com\/sq\/wp-json\/wp\/v2\/tags?post=30999"}],"curies":[{"name":"wp","href":"https:\/\/api.w.org\/{rel}","templated":true}]}}