{"id":30966,"date":"2023-10-11T09:16:49","date_gmt":"2023-10-11T09:16:49","guid":{"rendered":"https:\/\/permbledhja.com\/?p=30966"},"modified":"2023-10-11T09:16:49","modified_gmt":"2023-10-11T09:16:49","slug":"enciklopedia-e-uck-se-do-ti-dhurohet-per-ditelindje-joe-bidenit","status":"publish","type":"post","link":"https:\/\/permbledhja.com\/sq\/enciklopedia-e-uck-se-do-ti-dhurohet-per-ditelindje-joe-bidenit\/","title":{"rendered":"Enciklopedia e U\u00c7K-s\u00eb, do t\u2019i dhurohet p\u00ebr dit\u00eblindje Joe Bidenit"},"content":{"rendered":"<h3>\u201cBardh\u00ebsit\u00eb e Atdheut\u201d, \u00ebsht\u00eb nj\u00eb lib\u00ebr, q\u00eb po cil\u00ebsohet si enciklopedi p\u00ebr historikun e Ushtris\u00eb \u00c7lirimtare t\u00eb Kosov\u00ebs. Autori i saj, Afrim Mustafa, n\u00eb Syt\u00eb 7 n\u00eb Klan Kosova, tha se ky lib\u00ebr do t\u2019i d\u00ebrgohet presidentit t\u00eb SHBA-ve, Joe Biden, n\u00eb shenj\u00eb nderimi dhe fal\u00ebnderimi p\u00ebr ndihm\u00ebn q\u00eb i ka b\u00ebr\u00eb Kosov\u00ebs.<\/h3>\n<p>Mustafa, tek autori i emisionit, Enis Re\u00e7ica, njoftoi se nj\u00eb ekzemplar i ve\u00e7ant\u00eb \u00ebsht\u00eb botuar enkas p\u00ebr k\u00ebt\u00eb dhurat\u00eb.<\/p>\n<p>Sipas tij, kopja e librit \u201cBardh\u00ebsit\u00eb e Atdheut\u201d q\u00eb do t\u00eb d\u00ebrgohet me 20 n\u00ebntor n\u00eb Sht\u00ebpin\u00eb e Bardh\u00eb, pik\u00ebrisht n\u00eb dit\u00eblindjen e presidentit amerikan, \u00ebsht\u00eb kopje me madh\u00ebsi m\u00eb t\u00eb ve\u00e7ant\u00eb, peshon 17 kilogram\u00eb dhe ka 1842 faqe.<\/p>\n<p>Mustafa, tha se kopja e k\u00ebtij ekzemplari t\u00eb ve\u00e7ant\u00eb ka kushtuar 1600 euro, nd\u00ebrsa 800 euro do t\u00eb kushtoj d\u00ebrgesa p\u00ebrmes post\u00ebs.<\/p>\n<p>Kjo enciklopedi p\u00ebrmban rreth 41 mij\u00eb fakte e dokumente mbi historikun e Ushtris\u00eb \u00c7lirimtare t\u00eb Kosov\u00ebs, por edhe luft\u00ebrave t\u00eb m\u00ebhersh\u00ebm t\u00eb popullit shqiptar. Sipas autorit, q\u00eb ishte edhe reporter dhe veteran i luft\u00ebs s\u00eb fundit n\u00eb Kosov\u00eb, q\u00ebllimi i k\u00ebsaj d\u00ebrgese, ve\u00e7 fal\u00ebnderimit, \u00ebsht\u00eb edhe njoftimi me t\u00eb v\u00ebrtet\u00ebn historike t\u00eb shqiptar\u00ebve dhe Kosov\u00ebs.<\/p>\n","protected":false},"excerpt":{"rendered":"<p>\u201cBardh\u00ebsit\u00eb e Atdheut\u201d, \u00ebsht\u00eb nj\u00eb lib\u00ebr, q\u00eb po cil\u00ebsohet si enciklopedi p\u00ebr historikun e Ushtris\u00eb \u00c7lirimtare t\u00eb Kosov\u00ebs. Autori i saj, Afrim Mustafa, n\u00eb Syt\u00eb 7 n\u00eb Klan Kosova, tha se ky lib\u00ebr do t\u2019i d\u00ebrgohet presidentit t\u00eb SHBA-ve, Joe Biden, n\u00eb shenj\u00eb nderimi dhe fal\u00ebnderimi p\u00ebr ndihm\u00ebn q\u00eb i ka b\u00ebr\u00eb Kosov\u00ebs. Mustafa, tek [&hellip;]<\/p>\n","protected":false},"author":2,"featured_media":30967,"comment_status":"closed","ping_status":"closed","sticky":false,"template":"","format":"standard","meta":{"_monsterinsights_skip_tracking":false,"_monsterinsights_sitenote_active":false,"_monsterinsights_sitenote_note":"","_monsterinsights_sitenote_category":0,"_uf_show_specific_survey":0,"_uf_disable_surveys":false,"footnotes":""},"categories":[15],"tags":[],"yoast_head":"<!-- This site is optimized with the Yoast SEO plugin v21.5 - https:\/\/yoast.com\/wordpress\/plugins\/seo\/ -->\n<title>Enciklopedia e U\u00c7K-s\u00eb, do t\u2019i dhurohet p\u00ebr dit\u00eblindje Joe Bidenit<\/title>\n<meta name=\"robots\" content=\"index, follow, max-snippet:-1, max-image-preview:large, max-video-preview:-1\" \/>\n<link rel=\"canonical\" href=\"https:\/\/permbledhja.com\/sq\/enciklopedia-e-uck-se-do-ti-dhurohet-per-ditelindje-joe-bidenit\/\" \/>\n<meta property=\"og:locale\" content=\"sq_AL\" \/>\n<meta property=\"og:type\" content=\"article\" \/>\n<meta property=\"og:title\" content=\"Enciklopedia e U\u00c7K-s\u00eb, do t\u2019i dhurohet p\u00ebr dit\u00eblindje Joe Bidenit\" \/>\n<meta property=\"og:description\" content=\"\u201cBardh\u00ebsit\u00eb e Atdheut\u201d, \u00ebsht\u00eb nj\u00eb lib\u00ebr, q\u00eb po cil\u00ebsohet si enciklopedi p\u00ebr historikun e Ushtris\u00eb \u00c7lirimtare t\u00eb Kosov\u00ebs. Autori i saj, Afrim Mustafa, n\u00eb Syt\u00eb 7 n\u00eb Klan Kosova, tha se ky lib\u00ebr do t\u2019i d\u00ebrgohet presidentit t\u00eb SHBA-ve, Joe Biden, n\u00eb shenj\u00eb nderimi dhe fal\u00ebnderimi p\u00ebr ndihm\u00ebn q\u00eb i ka b\u00ebr\u00eb Kosov\u00ebs. Mustafa, tek [&hellip;]\" \/>\n<meta property=\"og:url\" content=\"https:\/\/permbledhja.com\/sq\/enciklopedia-e-uck-se-do-ti-dhurohet-per-ditelindje-joe-bidenit\/\" \/>\n<meta property=\"og:site_name\" content=\"Ve\u00e7 artikuj p\u00ebrmbledh\u00ebs\" \/>\n<meta property=\"article:publisher\" content=\"https:\/\/www.facebook.com\/press07\/\" \/>\n<meta property=\"article:published_time\" content=\"2023-10-11T09:16:49+00:00\" \/>\n<meta property=\"og:image\" content=\"https:\/\/permbledhja.com\/wp-content\/uploads\/2023\/10\/UCK-Biden.jpg\" \/>\n\t<meta property=\"og:image:width\" content=\"1849\" \/>\n\t<meta property=\"og:image:height\" content=\"1387\" \/>\n\t<meta property=\"og:image:type\" content=\"image\/jpeg\" \/>\n<meta name=\"author\" content=\"M M\" \/>\n<meta name=\"twitter:card\" content=\"summary_large_image\" \/>\n<meta name=\"twitter:label1\" content=\"Written by\" \/>\n\t<meta name=\"twitter:data1\" content=\"M M\" \/>\n\t<meta name=\"twitter:label2\" content=\"Est. reading time\" \/>\n\t<meta name=\"twitter:data2\" content=\"1 minut\u00eb\" \/>\n<script type=\"application\/ld+json\" class=\"yoast-schema-graph\">{\"@context\":\"https:\/\/schema.org\",\"@graph\":[{\"@type\":\"Article\",\"@id\":\"https:\/\/permbledhja.com\/sq\/enciklopedia-e-uck-se-do-ti-dhurohet-per-ditelindje-joe-bidenit\/#article\",\"isPartOf\":{\"@id\":\"https:\/\/permbledhja.com\/sq\/enciklopedia-e-uck-se-do-ti-dhurohet-per-ditelindje-joe-bidenit\/\"},\"author\":{\"name\":\"M M\",\"@id\":\"https:\/\/permbledhja.com\/#\/schema\/person\/d23f13f59b5722643933d6780783acf3\"},\"headline\":\"Enciklopedia e U\u00c7K-s\u00eb, do t\u2019i dhurohet p\u00ebr dit\u00eblindje Joe Bidenit\",\"datePublished\":\"2023-10-11T09:16:49+00:00\",\"dateModified\":\"2023-10-11T09:16:49+00:00\",\"mainEntityOfPage\":{\"@id\":\"https:\/\/permbledhja.com\/sq\/enciklopedia-e-uck-se-do-ti-dhurohet-per-ditelindje-joe-bidenit\/\"},\"wordCount\":240,\"publisher\":{\"@id\":\"https:\/\/permbledhja.com\/#organization\"},\"articleSection\":[\"Lajme\"],\"inLanguage\":\"sq\"},{\"@type\":\"WebPage\",\"@id\":\"https:\/\/permbledhja.com\/sq\/enciklopedia-e-uck-se-do-ti-dhurohet-per-ditelindje-joe-bidenit\/\",\"url\":\"https:\/\/permbledhja.com\/sq\/enciklopedia-e-uck-se-do-ti-dhurohet-per-ditelindje-joe-bidenit\/\",\"name\":\"Enciklopedia e U\u00c7K-s\u00eb, do t\u2019i dhurohet p\u00ebr dit\u00eblindje Joe Bidenit\",\"isPartOf\":{\"@id\":\"https:\/\/permbledhja.com\/#website\"},\"datePublished\":\"2023-10-11T09:16:49+00:00\",\"dateModified\":\"2023-10-11T09:16:49+00:00\",\"breadcrumb\":{\"@id\":\"https:\/\/permbledhja.com\/sq\/enciklopedia-e-uck-se-do-ti-dhurohet-per-ditelindje-joe-bidenit\/#breadcrumb\"},\"inLanguage\":\"sq\",\"potentialAction\":[{\"@type\":\"ReadAction\",\"target\":[\"https:\/\/permbledhja.com\/sq\/enciklopedia-e-uck-se-do-ti-dhurohet-per-ditelindje-joe-bidenit\/\"]}]},{\"@type\":\"BreadcrumbList\",\"@id\":\"https:\/\/permbledhja.com\/sq\/enciklopedia-e-uck-se-do-ti-dhurohet-per-ditelindje-joe-bidenit\/#breadcrumb\",\"itemListElement\":[{\"@type\":\"ListItem\",\"position\":1,\"name\":\"Ballina\",\"item\":\"https:\/\/permbledhja.com\/sq\/\"},{\"@type\":\"ListItem\",\"position\":2,\"name\":\"Enciklopedia e U\u00c7K-s\u00eb, do t\u2019i dhurohet p\u00ebr dit\u00eblindje Joe Bidenit\"}]},{\"@type\":\"WebSite\",\"@id\":\"https:\/\/permbledhja.com\/#website\",\"url\":\"https:\/\/permbledhja.com\/\",\"name\":\"Ve\u00e7 artikuj p\u00ebrmbledh\u00ebs\",\"description\":\"\",\"publisher\":{\"@id\":\"https:\/\/permbledhja.com\/#organization\"},\"potentialAction\":[{\"@type\":\"SearchAction\",\"target\":{\"@type\":\"EntryPoint\",\"urlTemplate\":\"https:\/\/permbledhja.com\/?s={search_term_string}\"},\"query-input\":\"required name=search_term_string\"}],\"inLanguage\":\"sq\"},{\"@type\":\"Organization\",\"@id\":\"https:\/\/permbledhja.com\/#organization\",\"name\":\"MK Media & Pr\",\"url\":\"https:\/\/permbledhja.com\/\",\"logo\":{\"@type\":\"ImageObject\",\"inLanguage\":\"sq\",\"@id\":\"https:\/\/permbledhja.com\/#\/schema\/logo\/image\/\",\"url\":\"https:\/\/permbledhja.com\/wp-content\/uploads\/2021\/12\/07-Press-Logo.jpg\",\"contentUrl\":\"https:\/\/permbledhja.com\/wp-content\/uploads\/2021\/12\/07-Press-Logo.jpg\",\"width\":512,\"height\":512,\"caption\":\"MK Media & Pr\"},\"image\":{\"@id\":\"https:\/\/permbledhja.com\/#\/schema\/logo\/image\/\"},\"sameAs\":[\"https:\/\/www.facebook.com\/press07\/\"]},{\"@type\":\"Person\",\"@id\":\"https:\/\/permbledhja.com\/#\/schema\/person\/d23f13f59b5722643933d6780783acf3\",\"name\":\"M M\",\"image\":{\"@type\":\"ImageObject\",\"inLanguage\":\"sq\",\"@id\":\"https:\/\/permbledhja.com\/#\/schema\/person\/image\/\",\"url\":\"https:\/\/secure.gravatar.com\/avatar\/e2835a76ca7c31a2416b2d51c4ec9a8f?s=96&d=mm&r=g\",\"contentUrl\":\"https:\/\/secure.gravatar.com\/avatar\/e2835a76ca7c31a2416b2d51c4ec9a8f?s=96&d=mm&r=g\",\"caption\":\"M M\"},\"sameAs\":[\"http:\/\/MM\"],\"url\":\"https:\/\/permbledhja.com\/sq\/author\/muhamet\/\"}]}<\/script>\n<!-- \/ Yoast SEO plugin. -->","yoast_head_json":{"title":"Enciklopedia e U\u00c7K-s\u00eb, do t\u2019i dhurohet p\u00ebr dit\u00eblindje Joe Bidenit","robots":{"index":"index","follow":"follow","max-snippet":"max-snippet:-1","max-image-preview":"max-image-preview:large","max-video-preview":"max-video-preview:-1"},"canonical":"https:\/\/permbledhja.com\/sq\/enciklopedia-e-uck-se-do-ti-dhurohet-per-ditelindje-joe-bidenit\/","og_locale":"sq_AL","og_type":"article","og_title":"Enciklopedia e U\u00c7K-s\u00eb, do t\u2019i dhurohet p\u00ebr dit\u00eblindje Joe Bidenit","og_description":"\u201cBardh\u00ebsit\u00eb e Atdheut\u201d, \u00ebsht\u00eb nj\u00eb lib\u00ebr, q\u00eb po cil\u00ebsohet si enciklopedi p\u00ebr historikun e Ushtris\u00eb \u00c7lirimtare t\u00eb Kosov\u00ebs. Autori i saj, Afrim Mustafa, n\u00eb Syt\u00eb 7 n\u00eb Klan Kosova, tha se ky lib\u00ebr do t\u2019i d\u00ebrgohet presidentit t\u00eb SHBA-ve, Joe Biden, n\u00eb shenj\u00eb nderimi dhe fal\u00ebnderimi p\u00ebr ndihm\u00ebn q\u00eb i ka b\u00ebr\u00eb Kosov\u00ebs. Mustafa, tek [&hellip;]","og_url":"https:\/\/permbledhja.com\/sq\/enciklopedia-e-uck-se-do-ti-dhurohet-per-ditelindje-joe-bidenit\/","og_site_name":"Ve\u00e7 artikuj p\u00ebrmbledh\u00ebs","article_publisher":"https:\/\/www.facebook.com\/press07\/","article_published_time":"2023-10-11T09:16:49+00:00","og_image":[{"width":1849,"height":1387,"url":"https:\/\/permbledhja.com\/wp-content\/uploads\/2023\/10\/UCK-Biden.jpg","type":"image\/jpeg"}],"author":"M M","twitter_card":"summary_large_image","twitter_misc":{"Written by":"M M","Est. reading time":"1 minut\u00eb"},"schema":{"@context":"https:\/\/schema.org","@graph":[{"@type":"Article","@id":"https:\/\/permbledhja.com\/sq\/enciklopedia-e-uck-se-do-ti-dhurohet-per-ditelindje-joe-bidenit\/#article","isPartOf":{"@id":"https:\/\/permbledhja.com\/sq\/enciklopedia-e-uck-se-do-ti-dhurohet-per-ditelindje-joe-bidenit\/"},"author":{"name":"M M","@id":"https:\/\/permbledhja.com\/#\/schema\/person\/d23f13f59b5722643933d6780783acf3"},"headline":"Enciklopedia e U\u00c7K-s\u00eb, do t\u2019i dhurohet p\u00ebr dit\u00eblindje Joe Bidenit","datePublished":"2023-10-11T09:16:49+00:00","dateModified":"2023-10-11T09:16:49+00:00","mainEntityOfPage":{"@id":"https:\/\/permbledhja.com\/sq\/enciklopedia-e-uck-se-do-ti-dhurohet-per-ditelindje-joe-bidenit\/"},"wordCount":240,"publisher":{"@id":"https:\/\/permbledhja.com\/#organization"},"articleSection":["Lajme"],"inLanguage":"sq"},{"@type":"WebPage","@id":"https:\/\/permbledhja.com\/sq\/enciklopedia-e-uck-se-do-ti-dhurohet-per-ditelindje-joe-bidenit\/","url":"https:\/\/permbledhja.com\/sq\/enciklopedia-e-uck-se-do-ti-dhurohet-per-ditelindje-joe-bidenit\/","name":"Enciklopedia e U\u00c7K-s\u00eb, do t\u2019i dhurohet p\u00ebr dit\u00eblindje Joe Bidenit","isPartOf":{"@id":"https:\/\/permbledhja.com\/#website"},"datePublished":"2023-10-11T09:16:49+00:00","dateModified":"2023-10-11T09:16:49+00:00","breadcrumb":{"@id":"https:\/\/permbledhja.com\/sq\/enciklopedia-e-uck-se-do-ti-dhurohet-per-ditelindje-joe-bidenit\/#breadcrumb"},"inLanguage":"sq","potentialAction":[{"@type":"ReadAction","target":["https:\/\/permbledhja.com\/sq\/enciklopedia-e-uck-se-do-ti-dhurohet-per-ditelindje-joe-bidenit\/"]}]},{"@type":"BreadcrumbList","@id":"https:\/\/permbledhja.com\/sq\/enciklopedia-e-uck-se-do-ti-dhurohet-per-ditelindje-joe-bidenit\/#breadcrumb","itemListElement":[{"@type":"ListItem","position":1,"name":"Ballina","item":"https:\/\/permbledhja.com\/sq\/"},{"@type":"ListItem","position":2,"name":"Enciklopedia e U\u00c7K-s\u00eb, do t\u2019i dhurohet p\u00ebr dit\u00eblindje Joe Bidenit"}]},{"@type":"WebSite","@id":"https:\/\/permbledhja.com\/#website","url":"https:\/\/permbledhja.com\/","name":"Ve\u00e7 artikuj p\u00ebrmbledh\u00ebs","description":"","publisher":{"@id":"https:\/\/permbledhja.com\/#organization"},"potentialAction":[{"@type":"SearchAction","target":{"@type":"EntryPoint","urlTemplate":"https:\/\/permbledhja.com\/?s={search_term_string}"},"query-input":"required name=search_term_string"}],"inLanguage":"sq"},{"@type":"Organization","@id":"https:\/\/permbledhja.com\/#organization","name":"MK Media & Pr","url":"https:\/\/permbledhja.com\/","logo":{"@type":"ImageObject","inLanguage":"sq","@id":"https:\/\/permbledhja.com\/#\/schema\/logo\/image\/","url":"https:\/\/permbledhja.com\/wp-content\/uploads\/2021\/12\/07-Press-Logo.jpg","contentUrl":"https:\/\/permbledhja.com\/wp-content\/uploads\/2021\/12\/07-Press-Logo.jpg","width":512,"height":512,"caption":"MK Media & Pr"},"image":{"@id":"https:\/\/permbledhja.com\/#\/schema\/logo\/image\/"},"sameAs":["https:\/\/www.facebook.com\/press07\/"]},{"@type":"Person","@id":"https:\/\/permbledhja.com\/#\/schema\/person\/d23f13f59b5722643933d6780783acf3","name":"M M","image":{"@type":"ImageObject","inLanguage":"sq","@id":"https:\/\/permbledhja.com\/#\/schema\/person\/image\/","url":"https:\/\/secure.gravatar.com\/avatar\/e2835a76ca7c31a2416b2d51c4ec9a8f?s=96&d=mm&r=g","contentUrl":"https:\/\/secure.gravatar.com\/avatar\/e2835a76ca7c31a2416b2d51c4ec9a8f?s=96&d=mm&r=g","caption":"M M"},"sameAs":["http:\/\/MM"],"url":"https:\/\/permbledhja.com\/sq\/author\/muhamet\/"}]}},"_links":{"self":[{"href":"https:\/\/permbledhja.com\/sq\/wp-json\/wp\/v2\/posts\/30966"}],"collection":[{"href":"https:\/\/permbledhja.com\/sq\/wp-json\/wp\/v2\/posts"}],"about":[{"href":"https:\/\/permbledhja.com\/sq\/wp-json\/wp\/v2\/types\/post"}],"author":[{"embeddable":true,"href":"https:\/\/permbledhja.com\/sq\/wp-json\/wp\/v2\/users\/2"}],"replies":[{"embeddable":true,"href":"https:\/\/permbledhja.com\/sq\/wp-json\/wp\/v2\/comments?post=30966"}],"version-history":[{"count":1,"href":"https:\/\/permbledhja.com\/sq\/wp-json\/wp\/v2\/posts\/30966\/revisions"}],"predecessor-version":[{"id":30968,"href":"https:\/\/permbledhja.com\/sq\/wp-json\/wp\/v2\/posts\/30966\/revisions\/30968"}],"wp:featuredmedia":[{"embeddable":true,"href":"https:\/\/permbledhja.com\/sq\/wp-json\/wp\/v2\/media\/30967"}],"wp:attachment":[{"href":"https:\/\/permbledhja.com\/sq\/wp-json\/wp\/v2\/media?parent=30966"}],"wp:term":[{"taxonomy":"category","embeddable":true,"href":"https:\/\/permbledhja.com\/sq\/wp-json\/wp\/v2\/categories?post=30966"},{"taxonomy":"post_tag","embeddable":true,"href":"https:\/\/permbledhja.com\/sq\/wp-json\/wp\/v2\/tags?post=30966"}],"curies":[{"name":"wp","href":"https:\/\/api.w.org\/{rel}","templated":true}]}}