{"id":30960,"date":"2023-10-11T09:03:19","date_gmt":"2023-10-11T09:03:19","guid":{"rendered":"https:\/\/permbledhja.com\/?p=30960"},"modified":"2023-10-11T09:03:19","modified_gmt":"2023-10-11T09:03:19","slug":"konjufca-gjermania-mbetet-partner-i-pazevendesueshem-per-kosoven","status":"publish","type":"post","link":"https:\/\/permbledhja.com\/sq\/konjufca-gjermania-mbetet-partner-i-pazevendesueshem-per-kosoven\/","title":{"rendered":"Konjufca: Gjermania mbetet partner i paz\u00ebvend\u00ebsuesh\u00ebm p\u00ebr Kosov\u00ebn"},"content":{"rendered":"<h3>Kryetari i Kuvendit t\u00eb Kosov\u00ebs, Glauk Konjufca, n\u00eb kuad\u00ebr t\u00eb vizit\u00ebs s\u00eb tij n\u00eb Gjermani \u00ebsht\u00eb takuar me Anton Hofreiter, Kryetarin e Komisionit p\u00ebr \u00c7\u00ebshtjet Evropiane n\u00eb Bundestagun Gjerman.<\/h3>\n<p>Ai ka njoftuar se me an\u00ebtar\u00eb t\u00eb tjer\u00eb t\u00eb k\u00ebtij komisioni pat\u00ebn mund\u00ebsi t\u00eb shk\u00ebmbenim perspektivat rreth \u00e7\u00ebshtjeve t\u00eb interesit t\u00eb p\u00ebrbashk\u00ebt.<\/p>\n<p>\u201cZ. Hofreiter e fal\u00ebnderova p\u00ebr mikpritjen dhe i shpreha mir\u00ebnjohje p\u00ebr kontributin e tij, t\u00eb komisionit q\u00eb drejton dhe t\u00eb shtetit gjerman ndaj Republik\u00ebs s\u00eb Kosov\u00ebs, ve\u00e7an\u00ebrisht n\u00eb \u00e7\u00ebshtjet e proceseve integruese evropiane, ekonomis\u00eb dhe energjis\u00eb s\u00eb q\u00ebndrueshme dhe liberalizimit t\u00eb vizave\u201d, shkroi Konjufca n\u00eb Facebook.<\/p>\n","protected":false},"excerpt":{"rendered":"<p>Kryetari i Kuvendit t\u00eb Kosov\u00ebs, Glauk Konjufca, n\u00eb kuad\u00ebr t\u00eb vizit\u00ebs s\u00eb tij n\u00eb Gjermani \u00ebsht\u00eb takuar me Anton Hofreiter, Kryetarin e Komisionit p\u00ebr \u00c7\u00ebshtjet Evropiane n\u00eb Bundestagun Gjerman. Ai ka njoftuar se me an\u00ebtar\u00eb t\u00eb tjer\u00eb t\u00eb k\u00ebtij komisioni pat\u00ebn mund\u00ebsi t\u00eb shk\u00ebmbenim perspektivat rreth \u00e7\u00ebshtjeve t\u00eb interesit t\u00eb p\u00ebrbashk\u00ebt. \u201cZ. Hofreiter e fal\u00ebnderova [&hellip;]<\/p>\n","protected":false},"author":2,"featured_media":30961,"comment_status":"closed","ping_status":"closed","sticky":false,"template":"","format":"standard","meta":{"_monsterinsights_skip_tracking":false,"_monsterinsights_sitenote_active":false,"_monsterinsights_sitenote_note":"","_monsterinsights_sitenote_category":0,"_uf_show_specific_survey":0,"_uf_disable_surveys":false,"footnotes":""},"categories":[23,15],"tags":[24],"yoast_head":"<!-- This site is optimized with the Yoast SEO plugin v21.5 - https:\/\/yoast.com\/wordpress\/plugins\/seo\/ -->\n<title>Konjufca: Gjermania mbetet partner i paz\u00ebvend\u00ebsuesh\u00ebm p\u00ebr Kosov\u00ebn<\/title>\n<meta name=\"robots\" content=\"index, follow, max-snippet:-1, max-image-preview:large, max-video-preview:-1\" \/>\n<link rel=\"canonical\" href=\"https:\/\/permbledhja.com\/sq\/konjufca-gjermania-mbetet-partner-i-pazevendesueshem-per-kosoven\/\" \/>\n<meta property=\"og:locale\" content=\"sq_AL\" \/>\n<meta property=\"og:type\" content=\"article\" \/>\n<meta property=\"og:title\" content=\"Konjufca: Gjermania mbetet partner i paz\u00ebvend\u00ebsuesh\u00ebm p\u00ebr Kosov\u00ebn\" \/>\n<meta property=\"og:description\" content=\"Kryetari i Kuvendit t\u00eb Kosov\u00ebs, Glauk Konjufca, n\u00eb kuad\u00ebr t\u00eb vizit\u00ebs s\u00eb tij n\u00eb Gjermani \u00ebsht\u00eb takuar me Anton Hofreiter, Kryetarin e Komisionit p\u00ebr \u00c7\u00ebshtjet Evropiane n\u00eb Bundestagun Gjerman. Ai ka njoftuar se me an\u00ebtar\u00eb t\u00eb tjer\u00eb t\u00eb k\u00ebtij komisioni pat\u00ebn mund\u00ebsi t\u00eb shk\u00ebmbenim perspektivat rreth \u00e7\u00ebshtjeve t\u00eb interesit t\u00eb p\u00ebrbashk\u00ebt. \u201cZ. Hofreiter e fal\u00ebnderova [&hellip;]\" \/>\n<meta property=\"og:url\" content=\"https:\/\/permbledhja.com\/sq\/konjufca-gjermania-mbetet-partner-i-pazevendesueshem-per-kosoven\/\" \/>\n<meta property=\"og:site_name\" content=\"Ve\u00e7 artikuj p\u00ebrmbledh\u00ebs\" \/>\n<meta property=\"article:publisher\" content=\"https:\/\/www.facebook.com\/press07\/\" \/>\n<meta property=\"article:published_time\" content=\"2023-10-11T09:03:19+00:00\" \/>\n<meta property=\"og:image\" content=\"https:\/\/permbledhja.com\/wp-content\/uploads\/2023\/10\/konjufca-1.jpg\" \/>\n\t<meta property=\"og:image:width\" content=\"1600\" \/>\n\t<meta property=\"og:image:height\" content=\"1066\" \/>\n\t<meta property=\"og:image:type\" content=\"image\/jpeg\" \/>\n<meta name=\"author\" content=\"M M\" \/>\n<meta name=\"twitter:card\" content=\"summary_large_image\" \/>\n<meta name=\"twitter:label1\" content=\"Written by\" \/>\n\t<meta name=\"twitter:data1\" content=\"M M\" \/>\n\t<meta name=\"twitter:label2\" content=\"Est. reading time\" \/>\n\t<meta name=\"twitter:data2\" content=\"1 minut\u00eb\" \/>\n<script type=\"application\/ld+json\" class=\"yoast-schema-graph\">{\"@context\":\"https:\/\/schema.org\",\"@graph\":[{\"@type\":\"Article\",\"@id\":\"https:\/\/permbledhja.com\/sq\/konjufca-gjermania-mbetet-partner-i-pazevendesueshem-per-kosoven\/#article\",\"isPartOf\":{\"@id\":\"https:\/\/permbledhja.com\/sq\/konjufca-gjermania-mbetet-partner-i-pazevendesueshem-per-kosoven\/\"},\"author\":{\"name\":\"M M\",\"@id\":\"https:\/\/permbledhja.com\/#\/schema\/person\/d23f13f59b5722643933d6780783acf3\"},\"headline\":\"Konjufca: Gjermania mbetet partner i paz\u00ebvend\u00ebsuesh\u00ebm p\u00ebr Kosov\u00ebn\",\"datePublished\":\"2023-10-11T09:03:19+00:00\",\"dateModified\":\"2023-10-11T09:03:19+00:00\",\"mainEntityOfPage\":{\"@id\":\"https:\/\/permbledhja.com\/sq\/konjufca-gjermania-mbetet-partner-i-pazevendesueshem-per-kosoven\/\"},\"wordCount\":130,\"publisher\":{\"@id\":\"https:\/\/permbledhja.com\/#organization\"},\"keywords\":[\"Glauk Konjufca\"],\"articleSection\":[\"Komb\u00ebtare\",\"Lajme\"],\"inLanguage\":\"sq\"},{\"@type\":\"WebPage\",\"@id\":\"https:\/\/permbledhja.com\/sq\/konjufca-gjermania-mbetet-partner-i-pazevendesueshem-per-kosoven\/\",\"url\":\"https:\/\/permbledhja.com\/sq\/konjufca-gjermania-mbetet-partner-i-pazevendesueshem-per-kosoven\/\",\"name\":\"Konjufca: Gjermania mbetet partner i paz\u00ebvend\u00ebsuesh\u00ebm p\u00ebr Kosov\u00ebn\",\"isPartOf\":{\"@id\":\"https:\/\/permbledhja.com\/#website\"},\"datePublished\":\"2023-10-11T09:03:19+00:00\",\"dateModified\":\"2023-10-11T09:03:19+00:00\",\"breadcrumb\":{\"@id\":\"https:\/\/permbledhja.com\/sq\/konjufca-gjermania-mbetet-partner-i-pazevendesueshem-per-kosoven\/#breadcrumb\"},\"inLanguage\":\"sq\",\"potentialAction\":[{\"@type\":\"ReadAction\",\"target\":[\"https:\/\/permbledhja.com\/sq\/konjufca-gjermania-mbetet-partner-i-pazevendesueshem-per-kosoven\/\"]}]},{\"@type\":\"BreadcrumbList\",\"@id\":\"https:\/\/permbledhja.com\/sq\/konjufca-gjermania-mbetet-partner-i-pazevendesueshem-per-kosoven\/#breadcrumb\",\"itemListElement\":[{\"@type\":\"ListItem\",\"position\":1,\"name\":\"Ballina\",\"item\":\"https:\/\/permbledhja.com\/sq\/\"},{\"@type\":\"ListItem\",\"position\":2,\"name\":\"Konjufca: Gjermania mbetet partner i paz\u00ebvend\u00ebsuesh\u00ebm p\u00ebr Kosov\u00ebn\"}]},{\"@type\":\"WebSite\",\"@id\":\"https:\/\/permbledhja.com\/#website\",\"url\":\"https:\/\/permbledhja.com\/\",\"name\":\"Ve\u00e7 artikuj p\u00ebrmbledh\u00ebs\",\"description\":\"\",\"publisher\":{\"@id\":\"https:\/\/permbledhja.com\/#organization\"},\"potentialAction\":[{\"@type\":\"SearchAction\",\"target\":{\"@type\":\"EntryPoint\",\"urlTemplate\":\"https:\/\/permbledhja.com\/?s={search_term_string}\"},\"query-input\":\"required name=search_term_string\"}],\"inLanguage\":\"sq\"},{\"@type\":\"Organization\",\"@id\":\"https:\/\/permbledhja.com\/#organization\",\"name\":\"MK Media & Pr\",\"url\":\"https:\/\/permbledhja.com\/\",\"logo\":{\"@type\":\"ImageObject\",\"inLanguage\":\"sq\",\"@id\":\"https:\/\/permbledhja.com\/#\/schema\/logo\/image\/\",\"url\":\"https:\/\/permbledhja.com\/wp-content\/uploads\/2021\/12\/07-Press-Logo.jpg\",\"contentUrl\":\"https:\/\/permbledhja.com\/wp-content\/uploads\/2021\/12\/07-Press-Logo.jpg\",\"width\":512,\"height\":512,\"caption\":\"MK Media & Pr\"},\"image\":{\"@id\":\"https:\/\/permbledhja.com\/#\/schema\/logo\/image\/\"},\"sameAs\":[\"https:\/\/www.facebook.com\/press07\/\"]},{\"@type\":\"Person\",\"@id\":\"https:\/\/permbledhja.com\/#\/schema\/person\/d23f13f59b5722643933d6780783acf3\",\"name\":\"M M\",\"image\":{\"@type\":\"ImageObject\",\"inLanguage\":\"sq\",\"@id\":\"https:\/\/permbledhja.com\/#\/schema\/person\/image\/\",\"url\":\"https:\/\/secure.gravatar.com\/avatar\/e2835a76ca7c31a2416b2d51c4ec9a8f?s=96&d=mm&r=g\",\"contentUrl\":\"https:\/\/secure.gravatar.com\/avatar\/e2835a76ca7c31a2416b2d51c4ec9a8f?s=96&d=mm&r=g\",\"caption\":\"M M\"},\"sameAs\":[\"http:\/\/MM\"],\"url\":\"https:\/\/permbledhja.com\/sq\/author\/muhamet\/\"}]}<\/script>\n<!-- \/ Yoast SEO plugin. -->","yoast_head_json":{"title":"Konjufca: Gjermania mbetet partner i paz\u00ebvend\u00ebsuesh\u00ebm p\u00ebr Kosov\u00ebn","robots":{"index":"index","follow":"follow","max-snippet":"max-snippet:-1","max-image-preview":"max-image-preview:large","max-video-preview":"max-video-preview:-1"},"canonical":"https:\/\/permbledhja.com\/sq\/konjufca-gjermania-mbetet-partner-i-pazevendesueshem-per-kosoven\/","og_locale":"sq_AL","og_type":"article","og_title":"Konjufca: Gjermania mbetet partner i paz\u00ebvend\u00ebsuesh\u00ebm p\u00ebr Kosov\u00ebn","og_description":"Kryetari i Kuvendit t\u00eb Kosov\u00ebs, Glauk Konjufca, n\u00eb kuad\u00ebr t\u00eb vizit\u00ebs s\u00eb tij n\u00eb Gjermani \u00ebsht\u00eb takuar me Anton Hofreiter, Kryetarin e Komisionit p\u00ebr \u00c7\u00ebshtjet Evropiane n\u00eb Bundestagun Gjerman. Ai ka njoftuar se me an\u00ebtar\u00eb t\u00eb tjer\u00eb t\u00eb k\u00ebtij komisioni pat\u00ebn mund\u00ebsi t\u00eb shk\u00ebmbenim perspektivat rreth \u00e7\u00ebshtjeve t\u00eb interesit t\u00eb p\u00ebrbashk\u00ebt. \u201cZ. Hofreiter e fal\u00ebnderova [&hellip;]","og_url":"https:\/\/permbledhja.com\/sq\/konjufca-gjermania-mbetet-partner-i-pazevendesueshem-per-kosoven\/","og_site_name":"Ve\u00e7 artikuj p\u00ebrmbledh\u00ebs","article_publisher":"https:\/\/www.facebook.com\/press07\/","article_published_time":"2023-10-11T09:03:19+00:00","og_image":[{"width":1600,"height":1066,"url":"https:\/\/permbledhja.com\/wp-content\/uploads\/2023\/10\/konjufca-1.jpg","type":"image\/jpeg"}],"author":"M M","twitter_card":"summary_large_image","twitter_misc":{"Written by":"M M","Est. reading time":"1 minut\u00eb"},"schema":{"@context":"https:\/\/schema.org","@graph":[{"@type":"Article","@id":"https:\/\/permbledhja.com\/sq\/konjufca-gjermania-mbetet-partner-i-pazevendesueshem-per-kosoven\/#article","isPartOf":{"@id":"https:\/\/permbledhja.com\/sq\/konjufca-gjermania-mbetet-partner-i-pazevendesueshem-per-kosoven\/"},"author":{"name":"M M","@id":"https:\/\/permbledhja.com\/#\/schema\/person\/d23f13f59b5722643933d6780783acf3"},"headline":"Konjufca: Gjermania mbetet partner i paz\u00ebvend\u00ebsuesh\u00ebm p\u00ebr Kosov\u00ebn","datePublished":"2023-10-11T09:03:19+00:00","dateModified":"2023-10-11T09:03:19+00:00","mainEntityOfPage":{"@id":"https:\/\/permbledhja.com\/sq\/konjufca-gjermania-mbetet-partner-i-pazevendesueshem-per-kosoven\/"},"wordCount":130,"publisher":{"@id":"https:\/\/permbledhja.com\/#organization"},"keywords":["Glauk Konjufca"],"articleSection":["Komb\u00ebtare","Lajme"],"inLanguage":"sq"},{"@type":"WebPage","@id":"https:\/\/permbledhja.com\/sq\/konjufca-gjermania-mbetet-partner-i-pazevendesueshem-per-kosoven\/","url":"https:\/\/permbledhja.com\/sq\/konjufca-gjermania-mbetet-partner-i-pazevendesueshem-per-kosoven\/","name":"Konjufca: Gjermania mbetet partner i paz\u00ebvend\u00ebsuesh\u00ebm p\u00ebr Kosov\u00ebn","isPartOf":{"@id":"https:\/\/permbledhja.com\/#website"},"datePublished":"2023-10-11T09:03:19+00:00","dateModified":"2023-10-11T09:03:19+00:00","breadcrumb":{"@id":"https:\/\/permbledhja.com\/sq\/konjufca-gjermania-mbetet-partner-i-pazevendesueshem-per-kosoven\/#breadcrumb"},"inLanguage":"sq","potentialAction":[{"@type":"ReadAction","target":["https:\/\/permbledhja.com\/sq\/konjufca-gjermania-mbetet-partner-i-pazevendesueshem-per-kosoven\/"]}]},{"@type":"BreadcrumbList","@id":"https:\/\/permbledhja.com\/sq\/konjufca-gjermania-mbetet-partner-i-pazevendesueshem-per-kosoven\/#breadcrumb","itemListElement":[{"@type":"ListItem","position":1,"name":"Ballina","item":"https:\/\/permbledhja.com\/sq\/"},{"@type":"ListItem","position":2,"name":"Konjufca: Gjermania mbetet partner i paz\u00ebvend\u00ebsuesh\u00ebm p\u00ebr Kosov\u00ebn"}]},{"@type":"WebSite","@id":"https:\/\/permbledhja.com\/#website","url":"https:\/\/permbledhja.com\/","name":"Ve\u00e7 artikuj p\u00ebrmbledh\u00ebs","description":"","publisher":{"@id":"https:\/\/permbledhja.com\/#organization"},"potentialAction":[{"@type":"SearchAction","target":{"@type":"EntryPoint","urlTemplate":"https:\/\/permbledhja.com\/?s={search_term_string}"},"query-input":"required name=search_term_string"}],"inLanguage":"sq"},{"@type":"Organization","@id":"https:\/\/permbledhja.com\/#organization","name":"MK Media & Pr","url":"https:\/\/permbledhja.com\/","logo":{"@type":"ImageObject","inLanguage":"sq","@id":"https:\/\/permbledhja.com\/#\/schema\/logo\/image\/","url":"https:\/\/permbledhja.com\/wp-content\/uploads\/2021\/12\/07-Press-Logo.jpg","contentUrl":"https:\/\/permbledhja.com\/wp-content\/uploads\/2021\/12\/07-Press-Logo.jpg","width":512,"height":512,"caption":"MK Media & Pr"},"image":{"@id":"https:\/\/permbledhja.com\/#\/schema\/logo\/image\/"},"sameAs":["https:\/\/www.facebook.com\/press07\/"]},{"@type":"Person","@id":"https:\/\/permbledhja.com\/#\/schema\/person\/d23f13f59b5722643933d6780783acf3","name":"M M","image":{"@type":"ImageObject","inLanguage":"sq","@id":"https:\/\/permbledhja.com\/#\/schema\/person\/image\/","url":"https:\/\/secure.gravatar.com\/avatar\/e2835a76ca7c31a2416b2d51c4ec9a8f?s=96&d=mm&r=g","contentUrl":"https:\/\/secure.gravatar.com\/avatar\/e2835a76ca7c31a2416b2d51c4ec9a8f?s=96&d=mm&r=g","caption":"M M"},"sameAs":["http:\/\/MM"],"url":"https:\/\/permbledhja.com\/sq\/author\/muhamet\/"}]}},"_links":{"self":[{"href":"https:\/\/permbledhja.com\/sq\/wp-json\/wp\/v2\/posts\/30960"}],"collection":[{"href":"https:\/\/permbledhja.com\/sq\/wp-json\/wp\/v2\/posts"}],"about":[{"href":"https:\/\/permbledhja.com\/sq\/wp-json\/wp\/v2\/types\/post"}],"author":[{"embeddable":true,"href":"https:\/\/permbledhja.com\/sq\/wp-json\/wp\/v2\/users\/2"}],"replies":[{"embeddable":true,"href":"https:\/\/permbledhja.com\/sq\/wp-json\/wp\/v2\/comments?post=30960"}],"version-history":[{"count":1,"href":"https:\/\/permbledhja.com\/sq\/wp-json\/wp\/v2\/posts\/30960\/revisions"}],"predecessor-version":[{"id":30962,"href":"https:\/\/permbledhja.com\/sq\/wp-json\/wp\/v2\/posts\/30960\/revisions\/30962"}],"wp:featuredmedia":[{"embeddable":true,"href":"https:\/\/permbledhja.com\/sq\/wp-json\/wp\/v2\/media\/30961"}],"wp:attachment":[{"href":"https:\/\/permbledhja.com\/sq\/wp-json\/wp\/v2\/media?parent=30960"}],"wp:term":[{"taxonomy":"category","embeddable":true,"href":"https:\/\/permbledhja.com\/sq\/wp-json\/wp\/v2\/categories?post=30960"},{"taxonomy":"post_tag","embeddable":true,"href":"https:\/\/permbledhja.com\/sq\/wp-json\/wp\/v2\/tags?post=30960"}],"curies":[{"name":"wp","href":"https:\/\/api.w.org\/{rel}","templated":true}]}}