{"id":30948,"date":"2023-10-11T08:28:37","date_gmt":"2023-10-11T08:28:37","guid":{"rendered":"https:\/\/permbledhja.com\/?p=30948"},"modified":"2023-10-11T08:28:37","modified_gmt":"2023-10-11T08:28:37","slug":"hetimet-per-sulmin-ne-banjske-mund-te-zgjasin-deri-ne-tri-vite","status":"publish","type":"post","link":"https:\/\/permbledhja.com\/sq\/hetimet-per-sulmin-ne-banjske-mund-te-zgjasin-deri-ne-tri-vite\/","title":{"rendered":"Hetimet p\u00ebr sulmin n\u00eb Banjsk\u00eb mund t\u00eb zgjasin deri n\u00eb tri vite"},"content":{"rendered":"<h3>Prokuroria Speciale e Kosov\u00ebs b\u00ebri t\u00eb ditur se po i vazhdon hetimet p\u00ebr sulmin n\u00eb Banjsk\u00eb, por pa dh\u00ebn\u00eb detaje se n\u00eb \u00e7far\u00eb faze jan\u00eb k\u00ebto hetime. Edhe Serbia \u00ebsht\u00eb deklaruar se po e heton k\u00ebt\u00eb rast, por nuk dihet n\u00ebse pal\u00ebt jan\u00eb duke bashk\u00ebpunuar p\u00ebr ndri\u00e7imin e plot\u00eb t\u00eb rrethanave t\u00eb sulmit.<\/h3>\n<p>Ministria e Drejt\u00ebsis\u00eb nuk b\u00ebri t\u00eb ditur n\u00ebse \u00ebsht\u00eb k\u00ebrkuar bashk\u00ebpunim nga Serbia, por tha se institucionet jan\u00eb duke punuar n\u00eb k\u00ebt\u00eb rast.<\/p>\n<p>\u201cP\u00ebr shkak t\u00eb ndjeshm\u00ebris\u00eb s\u00eb rastit, nuk mund t\u00eb japim detaje. E r\u00ebnd\u00ebsishme q\u00eb institucionet po punojn\u00eb dhe do t\u2019i kryejn\u00eb obligimet e tyre sipas legjislacionit\u201d.<\/p>\n<p>Profesori i s\u00eb drejt\u00ebs penale, Ismet Saliu thot\u00eb p\u00ebr Rtv21 se hetimet p\u00ebr sulmin n\u00eb Banjsk\u00eb jan\u00eb mjaft komplekse dhe se ato duhet t\u00eb b\u00ebhen n\u00eb bashk\u00ebpunim me faktorin nd\u00ebrkomb\u00ebtar, por edhe me Serbin\u00eb.<\/p>\n<p>\u201cHetimet ve\u00e7 kane vazhduar dhe do te vazhdojn\u00eb. Hetimet p\u00ebr k\u00ebt\u00eb krim q\u00eb \u00ebsht\u00eb t\u00eb kryer ne Banjsk\u00eb jan\u00eb mjaft komplekse dhe duhet te b\u00ebhen ne bashk\u00ebpunim me faktorin nd\u00ebrkomb\u00ebtar por gjithsesi duhet t\u00eb bashk\u00ebpunoj n\u00eb ndri\u00e7imin e k\u00ebtij akti terrorist ndaj siguris\u00eb dhe integritetit territorial edhe me pushtetin e Serbis\u00eb, Policin\u00eb, Prokurorin\u00eb e Gjykatat e Serbis\u00eb. Edhe pse Serbia nuk e njeh Kosov\u00ebn si shtet t\u00eb pavarur nuk ka kurrfar\u00eb pengesash ka m\u00ebnyra t\u00eb ndryshme t\u00eb bashk\u00ebpunimit por mendoj se n\u00eb lidhje me k\u00ebt\u00eb duhet t\u00eb angazhohet edhe EUROPOL-i edhe INTERPOL-i. Sa u p\u00ebrket hetimeve, k\u00ebtu duhet t\u00eb angazhohen ekspert\u00ebt m\u00eb t\u00eb mir\u00eb q\u00eb i kemi l\u00ebmin e drejt\u00ebsis\u00eb ..ndaj personave t\u00eb dyshuar n\u00eb baz\u00eb t\u00eb provave duhet t\u00eb filloj\u00eb procedura penale pran\u00eb gjykatave tona\u2026.\u201d.<\/p>\n<p>Drejtori i Institutit t\u00eb Kosov\u00ebs p\u00ebr Drejt\u00ebsi, Ehat Miftaraj, nd\u00ebrkaq thot\u00eb se hetimet p\u00ebr sulmin n\u00eb Banjsk\u00eb mund t\u00eb zgjasin deri n\u00eb tre vjet. Sipas tij, faktori nd\u00ebrkomb\u00ebtar duhet t\u2019i b\u00ebj\u00eb presion Serbis\u00eb q\u00eb t\u00eb bashk\u00ebpunoj\u00eb me Kosov\u00ebn.<\/p>\n<p>\u201cN\u00eb baz\u00eb t\u00eb kodit t\u00eb procedur\u00ebs penale prokurori ka tri vite p\u00ebr t\u00eb zhvilluar hetime brenda k\u00ebtij afati i nj\u00ebjti duhet t\u00eb ngrit aktakuz\u00eb \u2026 Duhet t\u2019i jepet koh\u00eb prokurorit q\u00eb t\u00eb b\u00ebj\u00eb nj\u00eb hetim kualitativ n\u00eb m\u00ebnyr\u00eb q\u00eb aktakuz\u00ebn ta b\u00ebj\u00eb n\u00eb m\u00ebnyr\u00eb profesionale. N\u00eb nj\u00eb shtet normal pritjet legjitime do t\u00eb ishin q\u00eb e nj\u00ebjta t\u00eb bashk\u00ebpunoj\u00eb me Kosov\u00ebn. BE-ja do t\u00eb duhej ta obligonte Serbin\u00eb t\u00eb bashk\u00ebpunoj\u00eb me Kosov\u00ebn dhe t\u00eb mos marr vendime sikuse n\u00eb Banjsk\u00eb.\u201d<\/p>\n<p>N\u00eb koh\u00ebn kur hetimet p\u00ebr sulmin terrorist n\u00eb Banjks\u00eb po vazhdojn\u00eb, Millan Radoi\u00e7iq, i cili mori p\u00ebrgjegj\u00ebsin\u00eb p\u00ebr organizimin e k\u00ebtij sulmi, vazhdon t\u00eb jet\u00eb i lir\u00eb n\u00eb Serbi.<\/p>\n<p>Bashk\u00ebbiseduesit Salihu e Miftaraj vler\u00ebsojn\u00eb se Kosova duhet t\u00eb l\u00ebshoj\u00eb fletarrest nd\u00ebrkomb\u00ebtar p\u00ebr Radoi\u00e7iqin, teksa theksojn\u00eb se kryesit e sulmit t\u00eb Banjsk\u00ebs mund t\u00eb d\u00ebnohen edhe me burgim t\u00eb p\u00ebrjetsh\u00ebm.<\/p>\n<p>\u201cKosova mundet dhe duhet t\u00eb l\u00ebshoj\u00eb fletarrest p\u00ebr arrestimin e Radoi\u00e7iqit dhe k\u00ebt\u00eb fletarrest duhet t\u2019ua dor\u00ebzoj\u00eb edhe nd\u00ebrkomb\u00ebtar\u00ebve EUROPOL-it. Si person i dyshuar p\u00ebr at\u00eb \u00e7ka ka ndodh n\u00eb Banjsk\u00eb. D\u00ebnimet jan\u00eb t\u00eb ndryshme por n\u00eb rastet kur nj\u00eb akt terrorist rezulton edhe me vrasjen e personit si\u00e7 ka ndodh vrasja e togerit ton\u00eb d\u00ebnimi \u00ebsht\u00eb s\u00eb paku 10-25 vjet ose i p\u00ebrjetsh\u00ebm\u201d.<\/p>\n<p>\u201cKosova edhe pse nuk \u00ebsht\u00eb pjes\u00eb e Interpolit p\u00ebrmes UNMIK-ut \u00e7doher\u00eb ka l\u00ebshuar fletarreste edhe n\u00eb rastin konkret prokurori i Shtetit duhet t\u00eb b\u00ebj\u00eb k\u00ebrkes\u00eb dhe t\u00eb inicioj\u00eb l\u00ebshimin e fletarrestit nd\u00ebrkomb\u00ebtar\u00eb\u2026.N\u00eb baz\u00eb t\u00eb veprave q\u00eb dyshohet q\u00eb i kan\u00eb kry dhe n\u00eb baz\u00eb asaj \u00e7far\u00eb prokuroria \u00ebsht\u00eb duke ndjekur d\u00ebnimi mund t\u00eb shkoj\u00eb deri n\u00eb burgim t\u00eb p\u00ebrjetsh\u00ebm\u201d.<\/p>\n<p>Kosova e ka akuzuar Serbin\u00eb p\u00ebr sulmin terrorist n\u00eb Banjsk\u00eb. Serbia, n\u00eb an\u00ebn tjet\u00ebr, ka mohuar t\u00eb ket\u00eb qen\u00eb e p\u00ebrfshir\u00eb n\u00eb sulmin e 24 shtatorit.<\/p>\n<div class=\"code-block code-block-4\"><\/div>\n","protected":false},"excerpt":{"rendered":"<p>Prokuroria Speciale e Kosov\u00ebs b\u00ebri t\u00eb ditur se po i vazhdon hetimet p\u00ebr sulmin n\u00eb Banjsk\u00eb, por pa dh\u00ebn\u00eb detaje se n\u00eb \u00e7far\u00eb faze jan\u00eb k\u00ebto hetime. Edhe Serbia \u00ebsht\u00eb deklaruar se po e heton k\u00ebt\u00eb rast, por nuk dihet n\u00ebse pal\u00ebt jan\u00eb duke bashk\u00ebpunuar p\u00ebr ndri\u00e7imin e plot\u00eb t\u00eb rrethanave t\u00eb sulmit. Ministria e [&hellip;]<\/p>\n","protected":false},"author":2,"featured_media":30949,"comment_status":"closed","ping_status":"closed","sticky":false,"template":"","format":"standard","meta":{"_monsterinsights_skip_tracking":false,"_monsterinsights_sitenote_active":false,"_monsterinsights_sitenote_note":"","_monsterinsights_sitenote_category":0,"_uf_show_specific_survey":0,"_uf_disable_surveys":false,"footnotes":""},"categories":[23,15],"tags":[],"yoast_head":"<!-- This site is optimized with the Yoast SEO plugin v21.5 - https:\/\/yoast.com\/wordpress\/plugins\/seo\/ -->\n<title>Hetimet p\u00ebr sulmin n\u00eb Banjsk\u00eb mund t\u00eb zgjasin deri n\u00eb tri vite<\/title>\n<meta name=\"robots\" content=\"index, follow, max-snippet:-1, max-image-preview:large, max-video-preview:-1\" \/>\n<link rel=\"canonical\" href=\"https:\/\/permbledhja.com\/sq\/hetimet-per-sulmin-ne-banjske-mund-te-zgjasin-deri-ne-tri-vite\/\" \/>\n<meta property=\"og:locale\" content=\"sq_AL\" \/>\n<meta property=\"og:type\" content=\"article\" \/>\n<meta property=\"og:title\" content=\"Hetimet p\u00ebr sulmin n\u00eb Banjsk\u00eb mund t\u00eb zgjasin deri n\u00eb tri vite\" \/>\n<meta property=\"og:description\" content=\"Prokuroria Speciale e Kosov\u00ebs b\u00ebri t\u00eb ditur se po i vazhdon hetimet p\u00ebr sulmin n\u00eb Banjsk\u00eb, por pa dh\u00ebn\u00eb detaje se n\u00eb \u00e7far\u00eb faze jan\u00eb k\u00ebto hetime. Edhe Serbia \u00ebsht\u00eb deklaruar se po e heton k\u00ebt\u00eb rast, por nuk dihet n\u00ebse pal\u00ebt jan\u00eb duke bashk\u00ebpunuar p\u00ebr ndri\u00e7imin e plot\u00eb t\u00eb rrethanave t\u00eb sulmit. Ministria e [&hellip;]\" \/>\n<meta property=\"og:url\" content=\"https:\/\/permbledhja.com\/sq\/hetimet-per-sulmin-ne-banjske-mund-te-zgjasin-deri-ne-tri-vite\/\" \/>\n<meta property=\"og:site_name\" content=\"Ve\u00e7 artikuj p\u00ebrmbledh\u00ebs\" \/>\n<meta property=\"article:publisher\" content=\"https:\/\/www.facebook.com\/press07\/\" \/>\n<meta property=\"article:published_time\" content=\"2023-10-11T08:28:37+00:00\" \/>\n<meta property=\"og:image\" content=\"https:\/\/permbledhja.com\/wp-content\/uploads\/2023\/10\/Hetimet-per-sulmin-ne-veri-mund-te-zgjasin-deri-ne-tri-vite-Insajderi.org_-750x375-1.jpg\" \/>\n\t<meta property=\"og:image:width\" content=\"750\" \/>\n\t<meta property=\"og:image:height\" content=\"375\" \/>\n\t<meta property=\"og:image:type\" content=\"image\/jpeg\" \/>\n<meta name=\"author\" content=\"M M\" \/>\n<meta name=\"twitter:card\" content=\"summary_large_image\" \/>\n<meta name=\"twitter:label1\" content=\"Written by\" \/>\n\t<meta name=\"twitter:data1\" content=\"M M\" \/>\n\t<meta name=\"twitter:label2\" content=\"Est. reading time\" \/>\n\t<meta name=\"twitter:data2\" content=\"4 minuta\" \/>\n<script type=\"application\/ld+json\" class=\"yoast-schema-graph\">{\"@context\":\"https:\/\/schema.org\",\"@graph\":[{\"@type\":\"Article\",\"@id\":\"https:\/\/permbledhja.com\/hetimet-per-sulmin-ne-banjske-mund-te-zgjasin-deri-ne-tri-vite\/#article\",\"isPartOf\":{\"@id\":\"https:\/\/permbledhja.com\/hetimet-per-sulmin-ne-banjske-mund-te-zgjasin-deri-ne-tri-vite\/\"},\"author\":{\"name\":\"M M\",\"@id\":\"https:\/\/permbledhja.com\/#\/schema\/person\/d23f13f59b5722643933d6780783acf3\"},\"headline\":\"Hetimet p\u00ebr sulmin n\u00eb Banjsk\u00eb mund t\u00eb zgjasin deri n\u00eb tri vite\",\"datePublished\":\"2023-10-11T08:28:37+00:00\",\"dateModified\":\"2023-10-11T08:28:37+00:00\",\"mainEntityOfPage\":{\"@id\":\"https:\/\/permbledhja.com\/hetimet-per-sulmin-ne-banjske-mund-te-zgjasin-deri-ne-tri-vite\/\"},\"wordCount\":719,\"publisher\":{\"@id\":\"https:\/\/permbledhja.com\/#organization\"},\"articleSection\":[\"Komb\u00ebtare\",\"Lajme\"],\"inLanguage\":\"sq\"},{\"@type\":\"WebPage\",\"@id\":\"https:\/\/permbledhja.com\/hetimet-per-sulmin-ne-banjske-mund-te-zgjasin-deri-ne-tri-vite\/\",\"url\":\"https:\/\/permbledhja.com\/hetimet-per-sulmin-ne-banjske-mund-te-zgjasin-deri-ne-tri-vite\/\",\"name\":\"Hetimet p\u00ebr sulmin n\u00eb Banjsk\u00eb mund t\u00eb zgjasin deri n\u00eb tri vite\",\"isPartOf\":{\"@id\":\"https:\/\/permbledhja.com\/#website\"},\"datePublished\":\"2023-10-11T08:28:37+00:00\",\"dateModified\":\"2023-10-11T08:28:37+00:00\",\"breadcrumb\":{\"@id\":\"https:\/\/permbledhja.com\/hetimet-per-sulmin-ne-banjske-mund-te-zgjasin-deri-ne-tri-vite\/#breadcrumb\"},\"inLanguage\":\"sq\",\"potentialAction\":[{\"@type\":\"ReadAction\",\"target\":[\"https:\/\/permbledhja.com\/hetimet-per-sulmin-ne-banjske-mund-te-zgjasin-deri-ne-tri-vite\/\"]}]},{\"@type\":\"BreadcrumbList\",\"@id\":\"https:\/\/permbledhja.com\/hetimet-per-sulmin-ne-banjske-mund-te-zgjasin-deri-ne-tri-vite\/#breadcrumb\",\"itemListElement\":[{\"@type\":\"ListItem\",\"position\":1,\"name\":\"Ballina\",\"item\":\"https:\/\/permbledhja.com\/sq\/\"},{\"@type\":\"ListItem\",\"position\":2,\"name\":\"Hetimet p\u00ebr sulmin n\u00eb Banjsk\u00eb mund t\u00eb zgjasin deri n\u00eb tri vite\"}]},{\"@type\":\"WebSite\",\"@id\":\"https:\/\/permbledhja.com\/#website\",\"url\":\"https:\/\/permbledhja.com\/\",\"name\":\"Ve\u00e7 artikuj p\u00ebrmbledh\u00ebs\",\"description\":\"\",\"publisher\":{\"@id\":\"https:\/\/permbledhja.com\/#organization\"},\"potentialAction\":[{\"@type\":\"SearchAction\",\"target\":{\"@type\":\"EntryPoint\",\"urlTemplate\":\"https:\/\/permbledhja.com\/?s={search_term_string}\"},\"query-input\":\"required name=search_term_string\"}],\"inLanguage\":\"sq\"},{\"@type\":\"Organization\",\"@id\":\"https:\/\/permbledhja.com\/#organization\",\"name\":\"MK Media & Pr\",\"url\":\"https:\/\/permbledhja.com\/\",\"logo\":{\"@type\":\"ImageObject\",\"inLanguage\":\"sq\",\"@id\":\"https:\/\/permbledhja.com\/#\/schema\/logo\/image\/\",\"url\":\"https:\/\/permbledhja.com\/wp-content\/uploads\/2021\/12\/07-Press-Logo.jpg\",\"contentUrl\":\"https:\/\/permbledhja.com\/wp-content\/uploads\/2021\/12\/07-Press-Logo.jpg\",\"width\":512,\"height\":512,\"caption\":\"MK Media & Pr\"},\"image\":{\"@id\":\"https:\/\/permbledhja.com\/#\/schema\/logo\/image\/\"},\"sameAs\":[\"https:\/\/www.facebook.com\/press07\/\"]},{\"@type\":\"Person\",\"@id\":\"https:\/\/permbledhja.com\/#\/schema\/person\/d23f13f59b5722643933d6780783acf3\",\"name\":\"M M\",\"image\":{\"@type\":\"ImageObject\",\"inLanguage\":\"sq\",\"@id\":\"https:\/\/permbledhja.com\/#\/schema\/person\/image\/\",\"url\":\"https:\/\/secure.gravatar.com\/avatar\/e2835a76ca7c31a2416b2d51c4ec9a8f?s=96&d=mm&r=g\",\"contentUrl\":\"https:\/\/secure.gravatar.com\/avatar\/e2835a76ca7c31a2416b2d51c4ec9a8f?s=96&d=mm&r=g\",\"caption\":\"M M\"},\"sameAs\":[\"http:\/\/MM\"],\"url\":\"https:\/\/permbledhja.com\/sq\/author\/muhamet\/\"}]}<\/script>\n<!-- \/ Yoast SEO plugin. -->","yoast_head_json":{"title":"Hetimet p\u00ebr sulmin n\u00eb Banjsk\u00eb mund t\u00eb zgjasin deri n\u00eb tri vite","robots":{"index":"index","follow":"follow","max-snippet":"max-snippet:-1","max-image-preview":"max-image-preview:large","max-video-preview":"max-video-preview:-1"},"canonical":"https:\/\/permbledhja.com\/sq\/hetimet-per-sulmin-ne-banjske-mund-te-zgjasin-deri-ne-tri-vite\/","og_locale":"sq_AL","og_type":"article","og_title":"Hetimet p\u00ebr sulmin n\u00eb Banjsk\u00eb mund t\u00eb zgjasin deri n\u00eb tri vite","og_description":"Prokuroria Speciale e Kosov\u00ebs b\u00ebri t\u00eb ditur se po i vazhdon hetimet p\u00ebr sulmin n\u00eb Banjsk\u00eb, por pa dh\u00ebn\u00eb detaje se n\u00eb \u00e7far\u00eb faze jan\u00eb k\u00ebto hetime. Edhe Serbia \u00ebsht\u00eb deklaruar se po e heton k\u00ebt\u00eb rast, por nuk dihet n\u00ebse pal\u00ebt jan\u00eb duke bashk\u00ebpunuar p\u00ebr ndri\u00e7imin e plot\u00eb t\u00eb rrethanave t\u00eb sulmit. Ministria e [&hellip;]","og_url":"https:\/\/permbledhja.com\/sq\/hetimet-per-sulmin-ne-banjske-mund-te-zgjasin-deri-ne-tri-vite\/","og_site_name":"Ve\u00e7 artikuj p\u00ebrmbledh\u00ebs","article_publisher":"https:\/\/www.facebook.com\/press07\/","article_published_time":"2023-10-11T08:28:37+00:00","og_image":[{"width":750,"height":375,"url":"https:\/\/permbledhja.com\/wp-content\/uploads\/2023\/10\/Hetimet-per-sulmin-ne-veri-mund-te-zgjasin-deri-ne-tri-vite-Insajderi.org_-750x375-1.jpg","type":"image\/jpeg"}],"author":"M M","twitter_card":"summary_large_image","twitter_misc":{"Written by":"M M","Est. reading time":"4 minuta"},"schema":{"@context":"https:\/\/schema.org","@graph":[{"@type":"Article","@id":"https:\/\/permbledhja.com\/hetimet-per-sulmin-ne-banjske-mund-te-zgjasin-deri-ne-tri-vite\/#article","isPartOf":{"@id":"https:\/\/permbledhja.com\/hetimet-per-sulmin-ne-banjske-mund-te-zgjasin-deri-ne-tri-vite\/"},"author":{"name":"M M","@id":"https:\/\/permbledhja.com\/#\/schema\/person\/d23f13f59b5722643933d6780783acf3"},"headline":"Hetimet p\u00ebr sulmin n\u00eb Banjsk\u00eb mund t\u00eb zgjasin deri n\u00eb tri vite","datePublished":"2023-10-11T08:28:37+00:00","dateModified":"2023-10-11T08:28:37+00:00","mainEntityOfPage":{"@id":"https:\/\/permbledhja.com\/hetimet-per-sulmin-ne-banjske-mund-te-zgjasin-deri-ne-tri-vite\/"},"wordCount":719,"publisher":{"@id":"https:\/\/permbledhja.com\/#organization"},"articleSection":["Komb\u00ebtare","Lajme"],"inLanguage":"sq"},{"@type":"WebPage","@id":"https:\/\/permbledhja.com\/hetimet-per-sulmin-ne-banjske-mund-te-zgjasin-deri-ne-tri-vite\/","url":"https:\/\/permbledhja.com\/hetimet-per-sulmin-ne-banjske-mund-te-zgjasin-deri-ne-tri-vite\/","name":"Hetimet p\u00ebr sulmin n\u00eb Banjsk\u00eb mund t\u00eb zgjasin deri n\u00eb tri vite","isPartOf":{"@id":"https:\/\/permbledhja.com\/#website"},"datePublished":"2023-10-11T08:28:37+00:00","dateModified":"2023-10-11T08:28:37+00:00","breadcrumb":{"@id":"https:\/\/permbledhja.com\/hetimet-per-sulmin-ne-banjske-mund-te-zgjasin-deri-ne-tri-vite\/#breadcrumb"},"inLanguage":"sq","potentialAction":[{"@type":"ReadAction","target":["https:\/\/permbledhja.com\/hetimet-per-sulmin-ne-banjske-mund-te-zgjasin-deri-ne-tri-vite\/"]}]},{"@type":"BreadcrumbList","@id":"https:\/\/permbledhja.com\/hetimet-per-sulmin-ne-banjske-mund-te-zgjasin-deri-ne-tri-vite\/#breadcrumb","itemListElement":[{"@type":"ListItem","position":1,"name":"Ballina","item":"https:\/\/permbledhja.com\/sq\/"},{"@type":"ListItem","position":2,"name":"Hetimet p\u00ebr sulmin n\u00eb Banjsk\u00eb mund t\u00eb zgjasin deri n\u00eb tri vite"}]},{"@type":"WebSite","@id":"https:\/\/permbledhja.com\/#website","url":"https:\/\/permbledhja.com\/","name":"Ve\u00e7 artikuj p\u00ebrmbledh\u00ebs","description":"","publisher":{"@id":"https:\/\/permbledhja.com\/#organization"},"potentialAction":[{"@type":"SearchAction","target":{"@type":"EntryPoint","urlTemplate":"https:\/\/permbledhja.com\/?s={search_term_string}"},"query-input":"required name=search_term_string"}],"inLanguage":"sq"},{"@type":"Organization","@id":"https:\/\/permbledhja.com\/#organization","name":"MK Media & Pr","url":"https:\/\/permbledhja.com\/","logo":{"@type":"ImageObject","inLanguage":"sq","@id":"https:\/\/permbledhja.com\/#\/schema\/logo\/image\/","url":"https:\/\/permbledhja.com\/wp-content\/uploads\/2021\/12\/07-Press-Logo.jpg","contentUrl":"https:\/\/permbledhja.com\/wp-content\/uploads\/2021\/12\/07-Press-Logo.jpg","width":512,"height":512,"caption":"MK Media & Pr"},"image":{"@id":"https:\/\/permbledhja.com\/#\/schema\/logo\/image\/"},"sameAs":["https:\/\/www.facebook.com\/press07\/"]},{"@type":"Person","@id":"https:\/\/permbledhja.com\/#\/schema\/person\/d23f13f59b5722643933d6780783acf3","name":"M M","image":{"@type":"ImageObject","inLanguage":"sq","@id":"https:\/\/permbledhja.com\/#\/schema\/person\/image\/","url":"https:\/\/secure.gravatar.com\/avatar\/e2835a76ca7c31a2416b2d51c4ec9a8f?s=96&d=mm&r=g","contentUrl":"https:\/\/secure.gravatar.com\/avatar\/e2835a76ca7c31a2416b2d51c4ec9a8f?s=96&d=mm&r=g","caption":"M M"},"sameAs":["http:\/\/MM"],"url":"https:\/\/permbledhja.com\/sq\/author\/muhamet\/"}]}},"_links":{"self":[{"href":"https:\/\/permbledhja.com\/sq\/wp-json\/wp\/v2\/posts\/30948"}],"collection":[{"href":"https:\/\/permbledhja.com\/sq\/wp-json\/wp\/v2\/posts"}],"about":[{"href":"https:\/\/permbledhja.com\/sq\/wp-json\/wp\/v2\/types\/post"}],"author":[{"embeddable":true,"href":"https:\/\/permbledhja.com\/sq\/wp-json\/wp\/v2\/users\/2"}],"replies":[{"embeddable":true,"href":"https:\/\/permbledhja.com\/sq\/wp-json\/wp\/v2\/comments?post=30948"}],"version-history":[{"count":1,"href":"https:\/\/permbledhja.com\/sq\/wp-json\/wp\/v2\/posts\/30948\/revisions"}],"predecessor-version":[{"id":30950,"href":"https:\/\/permbledhja.com\/sq\/wp-json\/wp\/v2\/posts\/30948\/revisions\/30950"}],"wp:featuredmedia":[{"embeddable":true,"href":"https:\/\/permbledhja.com\/sq\/wp-json\/wp\/v2\/media\/30949"}],"wp:attachment":[{"href":"https:\/\/permbledhja.com\/sq\/wp-json\/wp\/v2\/media?parent=30948"}],"wp:term":[{"taxonomy":"category","embeddable":true,"href":"https:\/\/permbledhja.com\/sq\/wp-json\/wp\/v2\/categories?post=30948"},{"taxonomy":"post_tag","embeddable":true,"href":"https:\/\/permbledhja.com\/sq\/wp-json\/wp\/v2\/tags?post=30948"}],"curies":[{"name":"wp","href":"https:\/\/api.w.org\/{rel}","templated":true}]}}