{"id":30942,"date":"2023-10-11T08:05:06","date_gmt":"2023-10-11T08:05:06","guid":{"rendered":"https:\/\/permbledhja.com\/?p=30942"},"modified":"2023-10-11T08:05:06","modified_gmt":"2023-10-11T08:05:06","slug":"jasharaj-ka-nje-kerkese-per-deputetet-e-kuvendit-te-kosoves","status":"publish","type":"post","link":"https:\/\/permbledhja.com\/sq\/jasharaj-ka-nje-kerkese-per-deputetet-e-kuvendit-te-kosoves\/","title":{"rendered":"Jasharaj ka nj\u00eb k\u00ebrkes\u00eb p\u00ebr deputet\u00ebt e Kuvendit t\u00eb Kosov\u00ebs"},"content":{"rendered":"<h3>P\u00ebr Sindikat\u00ebn e Bashkuar t\u00eb Arsimit, Shkenc\u00ebs dhe Kultur\u00ebs s\u00eb Kosov\u00ebs (SBAShK) vlera e koeficientit duhet t\u00eb jet\u00eb 130 euro.<\/h3>\n<p>Kryesindikalisti i arsimit, Rrahman Jasharaj p\u00ebr Front Online ka th\u00ebn\u00eb q\u00eb do t\u2019i drejtohen deputet\u00ebve n\u00eb m\u00ebnyr\u00eb q\u00eb t\u2019i plot\u00ebsohet kjo k\u00ebrkes\u00eb e tyre.<\/p>\n<p>\u201cNe tani jemi duke bashk\u00ebbiseduar me sindikatat tjera do ta kemi nj\u00eb takim t\u00eb kryesis\u00eb ekzekutive dhe bashk\u00ebrisht do ta punojm\u00eb nj\u00eb shkres\u00eb me t\u00eb cil\u00ebn do t\u2019i drejtohemi deputet\u00ebve edhe t\u00eb pozit\u00ebs edhe t\u00eb opozit\u00ebs q\u00eb ata ta ngrisin \u00e7\u00ebshtjen dhe meq\u00ebn\u00ebse po afrohemi fundit t\u00eb vitit dhe do t\u00eb b\u00ebhet planifikimi i ligjit t\u00eb buxhetit p\u00ebr vitin e ardhsh\u00ebm do t\u00eb k\u00ebrkojm\u00eb q\u00eb deputet\u00ebt t\u00eb angazhohen q\u00eb vlera e koeficientit t\u00eb ngrit\u00ebt. Do t\u00eb b\u00ebjm\u00eb angazhime q\u00eb t\u00eb ket\u00eb l\u00ebvizje t\u00eb koeficientit s\u00eb paku t\u00eb jet\u00eb 130 euro vlera\u201d, deklaroi ai.<\/p>\n<p>Jasharaj ka k\u00ebrkuar q\u00eb t\u00eb takohet edhe me zyrtar\u00ebt e Qeveris\u00eb, mir\u00ebpo ai thot\u00eb q\u00eb nuk ka marr\u00eb asnj\u00eb p\u00ebrgjigje.<\/p>\n<p>Ai thot\u00eb q\u00eb qasja e pushtetit, krijon tensione.<\/p>\n<p>\u201cAs kryeministri, as ministri Murati e as zonja Nagavci nuk i jan\u00eb p\u00ebrgjigjur k\u00ebrkesave tona t\u00eb arsyeshme q\u00eb t\u00eb takohemi, dhe t\u00eb bisedojm\u00eb dhe ata po harrojn\u00eb q\u00eb n\u00eb k\u00ebt\u00eb m\u00ebnyr\u00eb dhe kjo qasje e gabuar ndaj sindikatave krijon tensione, krijon dhe pak\u00ebnaq\u00ebsi, t\u00eb cilat edhe n\u00ebse nuk ka grev\u00eb ato pak\u00ebnaq\u00ebsi ekzistojn\u00eb\u201d, deklaroi ai.<\/p>\n<p>Ngritja e vler\u00ebs s\u00eb koeficientit, sipas kryesindikalisiti Rrahman Jasharaj thot\u00eb q\u00eb do t\u00eb duhej t\u00eb b\u00ebhej p\u00ebr hir t\u00eb Policis\u00eb s\u00eb Kosov\u00ebs.<\/p>\n<p>Kjo p\u00ebr shkak q\u00eb sipas tij, polic\u00ebt po p\u00ebrballen me sfida.<\/p>\n<p>\u201cQeveria do t\u00eb duhej ta ndjente obligim dhe moral q\u00eb p\u00ebr hir t\u00eb Policis\u00eb s\u00eb Kosov\u00ebs ta b\u00ebj\u00eb k\u00ebt\u00eb ngritje t\u00eb vler\u00ebs s\u00eb koeficientit, sepse kjo Polici po p\u00ebrballet p\u00ebrdit\u00eb me sfida t\u00eb koh\u00ebs dhe \u00ebsht\u00eb duke q\u00ebndruar n\u00eb nivelin m\u00eb t\u00eb lart\u00eb t\u00eb detyr\u00ebs, p\u00ebr at\u00eb po them edhe mos e b\u00ebft\u00eb p\u00ebr t\u00eb tjer\u00ebt, le ta b\u00ebj\u00eb p\u00ebr hir t\u00eb Policis\u00eb s\u00eb Kosov\u00ebs dhe pastaj ajo vler\u00eb t\u00eb vlej\u00eb p\u00ebr t\u00eb gjith\u00eb\u201d, thekson ai.<\/p>\n","protected":false},"excerpt":{"rendered":"<p>P\u00ebr Sindikat\u00ebn e Bashkuar t\u00eb Arsimit, Shkenc\u00ebs dhe Kultur\u00ebs s\u00eb Kosov\u00ebs (SBAShK) vlera e koeficientit duhet t\u00eb jet\u00eb 130 euro. Kryesindikalisti i arsimit, Rrahman Jasharaj p\u00ebr Front Online ka th\u00ebn\u00eb q\u00eb do t\u2019i drejtohen deputet\u00ebve n\u00eb m\u00ebnyr\u00eb q\u00eb t\u2019i plot\u00ebsohet kjo k\u00ebrkes\u00eb e tyre. \u201cNe tani jemi duke bashk\u00ebbiseduar me sindikatat tjera do ta kemi [&hellip;]<\/p>\n","protected":false},"author":2,"featured_media":30943,"comment_status":"closed","ping_status":"closed","sticky":false,"template":"","format":"standard","meta":{"_monsterinsights_skip_tracking":false,"_monsterinsights_sitenote_active":false,"_monsterinsights_sitenote_note":"","_monsterinsights_sitenote_category":0,"_uf_show_specific_survey":0,"_uf_disable_surveys":false,"footnotes":""},"categories":[23,15],"tags":[679],"yoast_head":"<!-- This site is optimized with the Yoast SEO plugin v21.5 - https:\/\/yoast.com\/wordpress\/plugins\/seo\/ -->\n<title>Jasharaj ka nj\u00eb k\u00ebrkes\u00eb p\u00ebr deputet\u00ebt e Kuvendit t\u00eb Kosov\u00ebs<\/title>\n<meta name=\"robots\" content=\"index, follow, max-snippet:-1, max-image-preview:large, max-video-preview:-1\" \/>\n<link rel=\"canonical\" href=\"https:\/\/permbledhja.com\/sq\/jasharaj-ka-nje-kerkese-per-deputetet-e-kuvendit-te-kosoves\/\" \/>\n<meta property=\"og:locale\" content=\"sq_AL\" \/>\n<meta property=\"og:type\" content=\"article\" \/>\n<meta property=\"og:title\" content=\"Jasharaj ka nj\u00eb k\u00ebrkes\u00eb p\u00ebr deputet\u00ebt e Kuvendit t\u00eb Kosov\u00ebs\" \/>\n<meta property=\"og:description\" content=\"P\u00ebr Sindikat\u00ebn e Bashkuar t\u00eb Arsimit, Shkenc\u00ebs dhe Kultur\u00ebs s\u00eb Kosov\u00ebs (SBAShK) vlera e koeficientit duhet t\u00eb jet\u00eb 130 euro. Kryesindikalisti i arsimit, Rrahman Jasharaj p\u00ebr Front Online ka th\u00ebn\u00eb q\u00eb do t\u2019i drejtohen deputet\u00ebve n\u00eb m\u00ebnyr\u00eb q\u00eb t\u2019i plot\u00ebsohet kjo k\u00ebrkes\u00eb e tyre. \u201cNe tani jemi duke bashk\u00ebbiseduar me sindikatat tjera do ta kemi [&hellip;]\" \/>\n<meta property=\"og:url\" content=\"https:\/\/permbledhja.com\/sq\/jasharaj-ka-nje-kerkese-per-deputetet-e-kuvendit-te-kosoves\/\" \/>\n<meta property=\"og:site_name\" content=\"Ve\u00e7 artikuj p\u00ebrmbledh\u00ebs\" \/>\n<meta property=\"article:publisher\" content=\"https:\/\/www.facebook.com\/press07\/\" \/>\n<meta property=\"article:published_time\" content=\"2023-10-11T08:05:06+00:00\" \/>\n<meta property=\"og:image\" content=\"https:\/\/permbledhja.com\/wp-content\/uploads\/2023\/10\/1200-630-61c4597fc86ef.png\" \/>\n\t<meta property=\"og:image:width\" content=\"1200\" \/>\n\t<meta property=\"og:image:height\" content=\"630\" \/>\n\t<meta property=\"og:image:type\" content=\"image\/png\" \/>\n<meta name=\"author\" content=\"M M\" \/>\n<meta name=\"twitter:card\" content=\"summary_large_image\" \/>\n<meta name=\"twitter:label1\" content=\"Written by\" \/>\n\t<meta name=\"twitter:data1\" content=\"M M\" \/>\n\t<meta name=\"twitter:label2\" content=\"Est. reading time\" \/>\n\t<meta name=\"twitter:data2\" content=\"2 minuta\" \/>\n<script type=\"application\/ld+json\" class=\"yoast-schema-graph\">{\"@context\":\"https:\/\/schema.org\",\"@graph\":[{\"@type\":\"Article\",\"@id\":\"https:\/\/permbledhja.com\/jasharaj-ka-nje-kerkese-per-deputetet-e-kuvendit-te-kosoves\/#article\",\"isPartOf\":{\"@id\":\"https:\/\/permbledhja.com\/jasharaj-ka-nje-kerkese-per-deputetet-e-kuvendit-te-kosoves\/\"},\"author\":{\"name\":\"M M\",\"@id\":\"https:\/\/permbledhja.com\/#\/schema\/person\/d23f13f59b5722643933d6780783acf3\"},\"headline\":\"Jasharaj ka nj\u00eb k\u00ebrkes\u00eb p\u00ebr deputet\u00ebt e Kuvendit t\u00eb Kosov\u00ebs\",\"datePublished\":\"2023-10-11T08:05:06+00:00\",\"dateModified\":\"2023-10-11T08:05:06+00:00\",\"mainEntityOfPage\":{\"@id\":\"https:\/\/permbledhja.com\/jasharaj-ka-nje-kerkese-per-deputetet-e-kuvendit-te-kosoves\/\"},\"wordCount\":409,\"publisher\":{\"@id\":\"https:\/\/permbledhja.com\/#organization\"},\"keywords\":[\"Rrahman Jasharaj\"],\"articleSection\":[\"Komb\u00ebtare\",\"Lajme\"],\"inLanguage\":\"sq\"},{\"@type\":\"WebPage\",\"@id\":\"https:\/\/permbledhja.com\/jasharaj-ka-nje-kerkese-per-deputetet-e-kuvendit-te-kosoves\/\",\"url\":\"https:\/\/permbledhja.com\/jasharaj-ka-nje-kerkese-per-deputetet-e-kuvendit-te-kosoves\/\",\"name\":\"Jasharaj ka nj\u00eb k\u00ebrkes\u00eb p\u00ebr deputet\u00ebt e Kuvendit t\u00eb Kosov\u00ebs\",\"isPartOf\":{\"@id\":\"https:\/\/permbledhja.com\/#website\"},\"datePublished\":\"2023-10-11T08:05:06+00:00\",\"dateModified\":\"2023-10-11T08:05:06+00:00\",\"breadcrumb\":{\"@id\":\"https:\/\/permbledhja.com\/jasharaj-ka-nje-kerkese-per-deputetet-e-kuvendit-te-kosoves\/#breadcrumb\"},\"inLanguage\":\"sq\",\"potentialAction\":[{\"@type\":\"ReadAction\",\"target\":[\"https:\/\/permbledhja.com\/jasharaj-ka-nje-kerkese-per-deputetet-e-kuvendit-te-kosoves\/\"]}]},{\"@type\":\"BreadcrumbList\",\"@id\":\"https:\/\/permbledhja.com\/jasharaj-ka-nje-kerkese-per-deputetet-e-kuvendit-te-kosoves\/#breadcrumb\",\"itemListElement\":[{\"@type\":\"ListItem\",\"position\":1,\"name\":\"Ballina\",\"item\":\"https:\/\/permbledhja.com\/sq\/\"},{\"@type\":\"ListItem\",\"position\":2,\"name\":\"Jasharaj ka nj\u00eb k\u00ebrkes\u00eb p\u00ebr deputet\u00ebt e Kuvendit t\u00eb Kosov\u00ebs\"}]},{\"@type\":\"WebSite\",\"@id\":\"https:\/\/permbledhja.com\/#website\",\"url\":\"https:\/\/permbledhja.com\/\",\"name\":\"Ve\u00e7 artikuj p\u00ebrmbledh\u00ebs\",\"description\":\"\",\"publisher\":{\"@id\":\"https:\/\/permbledhja.com\/#organization\"},\"potentialAction\":[{\"@type\":\"SearchAction\",\"target\":{\"@type\":\"EntryPoint\",\"urlTemplate\":\"https:\/\/permbledhja.com\/?s={search_term_string}\"},\"query-input\":\"required name=search_term_string\"}],\"inLanguage\":\"sq\"},{\"@type\":\"Organization\",\"@id\":\"https:\/\/permbledhja.com\/#organization\",\"name\":\"MK Media & Pr\",\"url\":\"https:\/\/permbledhja.com\/\",\"logo\":{\"@type\":\"ImageObject\",\"inLanguage\":\"sq\",\"@id\":\"https:\/\/permbledhja.com\/#\/schema\/logo\/image\/\",\"url\":\"https:\/\/permbledhja.com\/wp-content\/uploads\/2021\/12\/07-Press-Logo.jpg\",\"contentUrl\":\"https:\/\/permbledhja.com\/wp-content\/uploads\/2021\/12\/07-Press-Logo.jpg\",\"width\":512,\"height\":512,\"caption\":\"MK Media & Pr\"},\"image\":{\"@id\":\"https:\/\/permbledhja.com\/#\/schema\/logo\/image\/\"},\"sameAs\":[\"https:\/\/www.facebook.com\/press07\/\"]},{\"@type\":\"Person\",\"@id\":\"https:\/\/permbledhja.com\/#\/schema\/person\/d23f13f59b5722643933d6780783acf3\",\"name\":\"M M\",\"image\":{\"@type\":\"ImageObject\",\"inLanguage\":\"sq\",\"@id\":\"https:\/\/permbledhja.com\/#\/schema\/person\/image\/\",\"url\":\"https:\/\/secure.gravatar.com\/avatar\/e2835a76ca7c31a2416b2d51c4ec9a8f?s=96&d=mm&r=g\",\"contentUrl\":\"https:\/\/secure.gravatar.com\/avatar\/e2835a76ca7c31a2416b2d51c4ec9a8f?s=96&d=mm&r=g\",\"caption\":\"M M\"},\"sameAs\":[\"http:\/\/MM\"],\"url\":\"https:\/\/permbledhja.com\/sq\/author\/muhamet\/\"}]}<\/script>\n<!-- \/ Yoast SEO plugin. -->","yoast_head_json":{"title":"Jasharaj ka nj\u00eb k\u00ebrkes\u00eb p\u00ebr deputet\u00ebt e Kuvendit t\u00eb Kosov\u00ebs","robots":{"index":"index","follow":"follow","max-snippet":"max-snippet:-1","max-image-preview":"max-image-preview:large","max-video-preview":"max-video-preview:-1"},"canonical":"https:\/\/permbledhja.com\/sq\/jasharaj-ka-nje-kerkese-per-deputetet-e-kuvendit-te-kosoves\/","og_locale":"sq_AL","og_type":"article","og_title":"Jasharaj ka nj\u00eb k\u00ebrkes\u00eb p\u00ebr deputet\u00ebt e Kuvendit t\u00eb Kosov\u00ebs","og_description":"P\u00ebr Sindikat\u00ebn e Bashkuar t\u00eb Arsimit, Shkenc\u00ebs dhe Kultur\u00ebs s\u00eb Kosov\u00ebs (SBAShK) vlera e koeficientit duhet t\u00eb jet\u00eb 130 euro. Kryesindikalisti i arsimit, Rrahman Jasharaj p\u00ebr Front Online ka th\u00ebn\u00eb q\u00eb do t\u2019i drejtohen deputet\u00ebve n\u00eb m\u00ebnyr\u00eb q\u00eb t\u2019i plot\u00ebsohet kjo k\u00ebrkes\u00eb e tyre. \u201cNe tani jemi duke bashk\u00ebbiseduar me sindikatat tjera do ta kemi [&hellip;]","og_url":"https:\/\/permbledhja.com\/sq\/jasharaj-ka-nje-kerkese-per-deputetet-e-kuvendit-te-kosoves\/","og_site_name":"Ve\u00e7 artikuj p\u00ebrmbledh\u00ebs","article_publisher":"https:\/\/www.facebook.com\/press07\/","article_published_time":"2023-10-11T08:05:06+00:00","og_image":[{"width":1200,"height":630,"url":"https:\/\/permbledhja.com\/wp-content\/uploads\/2023\/10\/1200-630-61c4597fc86ef.png","type":"image\/png"}],"author":"M M","twitter_card":"summary_large_image","twitter_misc":{"Written by":"M M","Est. reading time":"2 minuta"},"schema":{"@context":"https:\/\/schema.org","@graph":[{"@type":"Article","@id":"https:\/\/permbledhja.com\/jasharaj-ka-nje-kerkese-per-deputetet-e-kuvendit-te-kosoves\/#article","isPartOf":{"@id":"https:\/\/permbledhja.com\/jasharaj-ka-nje-kerkese-per-deputetet-e-kuvendit-te-kosoves\/"},"author":{"name":"M M","@id":"https:\/\/permbledhja.com\/#\/schema\/person\/d23f13f59b5722643933d6780783acf3"},"headline":"Jasharaj ka nj\u00eb k\u00ebrkes\u00eb p\u00ebr deputet\u00ebt e Kuvendit t\u00eb Kosov\u00ebs","datePublished":"2023-10-11T08:05:06+00:00","dateModified":"2023-10-11T08:05:06+00:00","mainEntityOfPage":{"@id":"https:\/\/permbledhja.com\/jasharaj-ka-nje-kerkese-per-deputetet-e-kuvendit-te-kosoves\/"},"wordCount":409,"publisher":{"@id":"https:\/\/permbledhja.com\/#organization"},"keywords":["Rrahman Jasharaj"],"articleSection":["Komb\u00ebtare","Lajme"],"inLanguage":"sq"},{"@type":"WebPage","@id":"https:\/\/permbledhja.com\/jasharaj-ka-nje-kerkese-per-deputetet-e-kuvendit-te-kosoves\/","url":"https:\/\/permbledhja.com\/jasharaj-ka-nje-kerkese-per-deputetet-e-kuvendit-te-kosoves\/","name":"Jasharaj ka nj\u00eb k\u00ebrkes\u00eb p\u00ebr deputet\u00ebt e Kuvendit t\u00eb Kosov\u00ebs","isPartOf":{"@id":"https:\/\/permbledhja.com\/#website"},"datePublished":"2023-10-11T08:05:06+00:00","dateModified":"2023-10-11T08:05:06+00:00","breadcrumb":{"@id":"https:\/\/permbledhja.com\/jasharaj-ka-nje-kerkese-per-deputetet-e-kuvendit-te-kosoves\/#breadcrumb"},"inLanguage":"sq","potentialAction":[{"@type":"ReadAction","target":["https:\/\/permbledhja.com\/jasharaj-ka-nje-kerkese-per-deputetet-e-kuvendit-te-kosoves\/"]}]},{"@type":"BreadcrumbList","@id":"https:\/\/permbledhja.com\/jasharaj-ka-nje-kerkese-per-deputetet-e-kuvendit-te-kosoves\/#breadcrumb","itemListElement":[{"@type":"ListItem","position":1,"name":"Ballina","item":"https:\/\/permbledhja.com\/sq\/"},{"@type":"ListItem","position":2,"name":"Jasharaj ka nj\u00eb k\u00ebrkes\u00eb p\u00ebr deputet\u00ebt e Kuvendit t\u00eb Kosov\u00ebs"}]},{"@type":"WebSite","@id":"https:\/\/permbledhja.com\/#website","url":"https:\/\/permbledhja.com\/","name":"Ve\u00e7 artikuj p\u00ebrmbledh\u00ebs","description":"","publisher":{"@id":"https:\/\/permbledhja.com\/#organization"},"potentialAction":[{"@type":"SearchAction","target":{"@type":"EntryPoint","urlTemplate":"https:\/\/permbledhja.com\/?s={search_term_string}"},"query-input":"required name=search_term_string"}],"inLanguage":"sq"},{"@type":"Organization","@id":"https:\/\/permbledhja.com\/#organization","name":"MK Media & Pr","url":"https:\/\/permbledhja.com\/","logo":{"@type":"ImageObject","inLanguage":"sq","@id":"https:\/\/permbledhja.com\/#\/schema\/logo\/image\/","url":"https:\/\/permbledhja.com\/wp-content\/uploads\/2021\/12\/07-Press-Logo.jpg","contentUrl":"https:\/\/permbledhja.com\/wp-content\/uploads\/2021\/12\/07-Press-Logo.jpg","width":512,"height":512,"caption":"MK Media & Pr"},"image":{"@id":"https:\/\/permbledhja.com\/#\/schema\/logo\/image\/"},"sameAs":["https:\/\/www.facebook.com\/press07\/"]},{"@type":"Person","@id":"https:\/\/permbledhja.com\/#\/schema\/person\/d23f13f59b5722643933d6780783acf3","name":"M M","image":{"@type":"ImageObject","inLanguage":"sq","@id":"https:\/\/permbledhja.com\/#\/schema\/person\/image\/","url":"https:\/\/secure.gravatar.com\/avatar\/e2835a76ca7c31a2416b2d51c4ec9a8f?s=96&d=mm&r=g","contentUrl":"https:\/\/secure.gravatar.com\/avatar\/e2835a76ca7c31a2416b2d51c4ec9a8f?s=96&d=mm&r=g","caption":"M M"},"sameAs":["http:\/\/MM"],"url":"https:\/\/permbledhja.com\/sq\/author\/muhamet\/"}]}},"_links":{"self":[{"href":"https:\/\/permbledhja.com\/sq\/wp-json\/wp\/v2\/posts\/30942"}],"collection":[{"href":"https:\/\/permbledhja.com\/sq\/wp-json\/wp\/v2\/posts"}],"about":[{"href":"https:\/\/permbledhja.com\/sq\/wp-json\/wp\/v2\/types\/post"}],"author":[{"embeddable":true,"href":"https:\/\/permbledhja.com\/sq\/wp-json\/wp\/v2\/users\/2"}],"replies":[{"embeddable":true,"href":"https:\/\/permbledhja.com\/sq\/wp-json\/wp\/v2\/comments?post=30942"}],"version-history":[{"count":1,"href":"https:\/\/permbledhja.com\/sq\/wp-json\/wp\/v2\/posts\/30942\/revisions"}],"predecessor-version":[{"id":30944,"href":"https:\/\/permbledhja.com\/sq\/wp-json\/wp\/v2\/posts\/30942\/revisions\/30944"}],"wp:featuredmedia":[{"embeddable":true,"href":"https:\/\/permbledhja.com\/sq\/wp-json\/wp\/v2\/media\/30943"}],"wp:attachment":[{"href":"https:\/\/permbledhja.com\/sq\/wp-json\/wp\/v2\/media?parent=30942"}],"wp:term":[{"taxonomy":"category","embeddable":true,"href":"https:\/\/permbledhja.com\/sq\/wp-json\/wp\/v2\/categories?post=30942"},{"taxonomy":"post_tag","embeddable":true,"href":"https:\/\/permbledhja.com\/sq\/wp-json\/wp\/v2\/tags?post=30942"}],"curies":[{"name":"wp","href":"https:\/\/api.w.org\/{rel}","templated":true}]}}