{"id":30939,"date":"2023-10-11T07:54:49","date_gmt":"2023-10-11T07:54:49","guid":{"rendered":"https:\/\/permbledhja.com\/?p=30939"},"modified":"2023-10-11T07:54:49","modified_gmt":"2023-10-11T07:54:49","slug":"shqiperia-merr-nje-tjeter-rol-nderkombetar-do-te-jete-nje-nga-15-vendet-qe-do-te-ulen-ne-kdnj-ne-okb","status":"publish","type":"post","link":"https:\/\/permbledhja.com\/sq\/shqiperia-merr-nje-tjeter-rol-nderkombetar-do-te-jete-nje-nga-15-vendet-qe-do-te-ulen-ne-kdnj-ne-okb\/","title":{"rendered":"Shqip\u00ebria merr nj\u00eb tjet\u00ebr rol nd\u00ebrkomb\u00ebtar, do t\u00eb jet\u00eb nj\u00eb nga 15 vendet q\u00eb do t\u00eb ulen n\u00eb KDNJ n\u00eb OKB"},"content":{"rendered":"<h3>Shqip\u00ebria \u00ebsht\u00eb votuar nga 123 vende an\u00ebtare t\u00eb Asambles\u00eb s\u00eb P\u00ebrgjithshme t\u00eb OKB-s\u00eb, p\u00ebr t\u2019u ulur K\u00ebshillin e t\u00eb Drejtave t\u00eb Njeriut.<\/h3>\n<p>Kryeministri Edi Rama deklaroi se Shqip\u00ebria ka marr\u00eb nj\u00eb tjet\u00ebr rol nd\u00ebrkomb\u00ebtar.<\/p>\n<p>Rama theksoi se vendi yn\u00eb, s\u00eb bashku me 14 shtete t\u00eb tjera, do t\u00eb ulen K\u00ebshillin e t\u00eb Drejtave t\u00eb Njeriut n\u00eb OKB, nga 1 janari 2024 deri n\u00eb 31 dhjetor 2026.<\/p>\n<p><strong>Postimi i kryeministrit Rama n\u00eb rrjetin social, Facebook<\/strong><\/p>\n<p>SHQIP\u00cbRIA MERR NJ\u00cb TJET\u00cbR ROL ND\u00cbRKOMB\u00cbTAR<\/p>\n<p>Shqip\u00ebria ulet n\u00eb K\u00ebshillin e t\u00eb Drejtave t\u00eb Njeriut n\u00eb OKB. Dje, 123 vende an\u00ebtare t\u00eb Asambles\u00eb s\u00eb P\u00ebrgjithshme t\u00eb OKB-s\u00eb votuan PRO SHQIP\u00cbRIS\u00cb si nj\u00eb prej 15 vendeve q\u00eb do t\u00eb ulen n\u00eb KDNJ nga 1 janari 2024 deri n\u00eb 31 dhjetor 2026.<\/p>\n<p>15 an\u00ebtar\u00ebt e rinj t\u00eb KDNJ:<\/p>\n<p>Shqip\u00ebria<\/p>\n<p>Brazili<\/p>\n<p>Bullgaria<\/p>\n<p>Burundi<\/p>\n<p>Kina<\/p>\n<div class=\"adds__image mt-3 mb-3\">\n<p>Bregu i Fildisht\u00eb<\/p>\n<p>Kuba<\/p>\n<p>Republika Domenikane<\/p>\n<p>Franca<\/p>\n<p>Gana<\/p>\n<p>Indonezia<\/p>\n<p>Japonia<\/p>\n<p>Kuvajti<\/p>\n<p>Malaui<\/p>\n<p>Hollanda<\/p>\n<\/div>\n","protected":false},"excerpt":{"rendered":"<p>Shqip\u00ebria \u00ebsht\u00eb votuar nga 123 vende an\u00ebtare t\u00eb Asambles\u00eb s\u00eb P\u00ebrgjithshme t\u00eb OKB-s\u00eb, p\u00ebr t\u2019u ulur K\u00ebshillin e t\u00eb Drejtave t\u00eb Njeriut. Kryeministri Edi Rama deklaroi se Shqip\u00ebria ka marr\u00eb nj\u00eb tjet\u00ebr rol nd\u00ebrkomb\u00ebtar. Rama theksoi se vendi yn\u00eb, s\u00eb bashku me 14 shtete t\u00eb tjera, do t\u00eb ulen K\u00ebshillin e t\u00eb Drejtave t\u00eb Njeriut [&hellip;]<\/p>\n","protected":false},"author":2,"featured_media":30940,"comment_status":"closed","ping_status":"closed","sticky":false,"template":"","format":"standard","meta":{"_monsterinsights_skip_tracking":false,"_monsterinsights_sitenote_active":false,"_monsterinsights_sitenote_note":"","_monsterinsights_sitenote_category":0,"_uf_show_specific_survey":0,"_uf_disable_surveys":false,"footnotes":""},"categories":[23,15],"tags":[474],"yoast_head":"<!-- This site is optimized with the Yoast SEO plugin v21.5 - https:\/\/yoast.com\/wordpress\/plugins\/seo\/ -->\n<title>Shqip\u00ebria merr nj\u00eb tjet\u00ebr rol nd\u00ebrkomb\u00ebtar, do t\u00eb jet\u00eb nj\u00eb nga 15 vendet q\u00eb do t\u00eb ulen n\u00eb KDNJ n\u00eb OKB<\/title>\n<meta name=\"robots\" content=\"index, follow, max-snippet:-1, max-image-preview:large, max-video-preview:-1\" \/>\n<link rel=\"canonical\" href=\"https:\/\/permbledhja.com\/sq\/shqiperia-merr-nje-tjeter-rol-nderkombetar-do-te-jete-nje-nga-15-vendet-qe-do-te-ulen-ne-kdnj-ne-okb\/\" \/>\n<meta property=\"og:locale\" content=\"sq_AL\" \/>\n<meta property=\"og:type\" content=\"article\" \/>\n<meta property=\"og:title\" content=\"Shqip\u00ebria merr nj\u00eb tjet\u00ebr rol nd\u00ebrkomb\u00ebtar, do t\u00eb jet\u00eb nj\u00eb nga 15 vendet q\u00eb do t\u00eb ulen n\u00eb KDNJ n\u00eb OKB\" \/>\n<meta property=\"og:description\" content=\"Shqip\u00ebria \u00ebsht\u00eb votuar nga 123 vende an\u00ebtare t\u00eb Asambles\u00eb s\u00eb P\u00ebrgjithshme t\u00eb OKB-s\u00eb, p\u00ebr t\u2019u ulur K\u00ebshillin e t\u00eb Drejtave t\u00eb Njeriut. Kryeministri Edi Rama deklaroi se Shqip\u00ebria ka marr\u00eb nj\u00eb tjet\u00ebr rol nd\u00ebrkomb\u00ebtar. Rama theksoi se vendi yn\u00eb, s\u00eb bashku me 14 shtete t\u00eb tjera, do t\u00eb ulen K\u00ebshillin e t\u00eb Drejtave t\u00eb Njeriut [&hellip;]\" \/>\n<meta property=\"og:url\" content=\"https:\/\/permbledhja.com\/sq\/shqiperia-merr-nje-tjeter-rol-nderkombetar-do-te-jete-nje-nga-15-vendet-qe-do-te-ulen-ne-kdnj-ne-okb\/\" \/>\n<meta property=\"og:site_name\" content=\"Ve\u00e7 artikuj p\u00ebrmbledh\u00ebs\" \/>\n<meta property=\"article:publisher\" content=\"https:\/\/www.facebook.com\/press07\/\" \/>\n<meta property=\"article:published_time\" content=\"2023-10-11T07:54:49+00:00\" \/>\n<meta property=\"og:image\" content=\"https:\/\/permbledhja.com\/wp-content\/uploads\/2023\/10\/alba-1.jpg\" \/>\n\t<meta property=\"og:image:width\" content=\"920\" \/>\n\t<meta property=\"og:image:height\" content=\"575\" \/>\n\t<meta property=\"og:image:type\" content=\"image\/jpeg\" \/>\n<meta name=\"author\" content=\"M M\" \/>\n<meta name=\"twitter:card\" content=\"summary_large_image\" \/>\n<meta name=\"twitter:label1\" content=\"Written by\" \/>\n\t<meta name=\"twitter:data1\" content=\"M M\" \/>\n\t<meta name=\"twitter:label2\" content=\"Est. reading time\" \/>\n\t<meta name=\"twitter:data2\" content=\"1 minut\u00eb\" \/>\n<script type=\"application\/ld+json\" class=\"yoast-schema-graph\">{\"@context\":\"https:\/\/schema.org\",\"@graph\":[{\"@type\":\"Article\",\"@id\":\"https:\/\/permbledhja.com\/shqiperia-merr-nje-tjeter-rol-nderkombetar-do-te-jete-nje-nga-15-vendet-qe-do-te-ulen-ne-kdnj-ne-okb\/#article\",\"isPartOf\":{\"@id\":\"https:\/\/permbledhja.com\/shqiperia-merr-nje-tjeter-rol-nderkombetar-do-te-jete-nje-nga-15-vendet-qe-do-te-ulen-ne-kdnj-ne-okb\/\"},\"author\":{\"name\":\"M M\",\"@id\":\"https:\/\/permbledhja.com\/#\/schema\/person\/d23f13f59b5722643933d6780783acf3\"},\"headline\":\"Shqip\u00ebria merr nj\u00eb tjet\u00ebr rol nd\u00ebrkomb\u00ebtar, do t\u00eb jet\u00eb nj\u00eb nga 15 vendet q\u00eb do t\u00eb ulen n\u00eb KDNJ n\u00eb OKB\",\"datePublished\":\"2023-10-11T07:54:49+00:00\",\"dateModified\":\"2023-10-11T07:54:49+00:00\",\"mainEntityOfPage\":{\"@id\":\"https:\/\/permbledhja.com\/shqiperia-merr-nje-tjeter-rol-nderkombetar-do-te-jete-nje-nga-15-vendet-qe-do-te-ulen-ne-kdnj-ne-okb\/\"},\"wordCount\":182,\"publisher\":{\"@id\":\"https:\/\/permbledhja.com\/#organization\"},\"keywords\":[\"Edi Rama\"],\"articleSection\":[\"Komb\u00ebtare\",\"Lajme\"],\"inLanguage\":\"sq\"},{\"@type\":\"WebPage\",\"@id\":\"https:\/\/permbledhja.com\/shqiperia-merr-nje-tjeter-rol-nderkombetar-do-te-jete-nje-nga-15-vendet-qe-do-te-ulen-ne-kdnj-ne-okb\/\",\"url\":\"https:\/\/permbledhja.com\/shqiperia-merr-nje-tjeter-rol-nderkombetar-do-te-jete-nje-nga-15-vendet-qe-do-te-ulen-ne-kdnj-ne-okb\/\",\"name\":\"Shqip\u00ebria merr nj\u00eb tjet\u00ebr rol nd\u00ebrkomb\u00ebtar, do t\u00eb jet\u00eb nj\u00eb nga 15 vendet q\u00eb do t\u00eb ulen n\u00eb KDNJ n\u00eb OKB\",\"isPartOf\":{\"@id\":\"https:\/\/permbledhja.com\/#website\"},\"datePublished\":\"2023-10-11T07:54:49+00:00\",\"dateModified\":\"2023-10-11T07:54:49+00:00\",\"breadcrumb\":{\"@id\":\"https:\/\/permbledhja.com\/shqiperia-merr-nje-tjeter-rol-nderkombetar-do-te-jete-nje-nga-15-vendet-qe-do-te-ulen-ne-kdnj-ne-okb\/#breadcrumb\"},\"inLanguage\":\"sq\",\"potentialAction\":[{\"@type\":\"ReadAction\",\"target\":[\"https:\/\/permbledhja.com\/shqiperia-merr-nje-tjeter-rol-nderkombetar-do-te-jete-nje-nga-15-vendet-qe-do-te-ulen-ne-kdnj-ne-okb\/\"]}]},{\"@type\":\"BreadcrumbList\",\"@id\":\"https:\/\/permbledhja.com\/shqiperia-merr-nje-tjeter-rol-nderkombetar-do-te-jete-nje-nga-15-vendet-qe-do-te-ulen-ne-kdnj-ne-okb\/#breadcrumb\",\"itemListElement\":[{\"@type\":\"ListItem\",\"position\":1,\"name\":\"Ballina\",\"item\":\"https:\/\/permbledhja.com\/sq\/\"},{\"@type\":\"ListItem\",\"position\":2,\"name\":\"Shqip\u00ebria merr nj\u00eb tjet\u00ebr rol nd\u00ebrkomb\u00ebtar, do t\u00eb jet\u00eb nj\u00eb nga 15 vendet q\u00eb do t\u00eb ulen n\u00eb KDNJ n\u00eb OKB\"}]},{\"@type\":\"WebSite\",\"@id\":\"https:\/\/permbledhja.com\/#website\",\"url\":\"https:\/\/permbledhja.com\/\",\"name\":\"Ve\u00e7 artikuj p\u00ebrmbledh\u00ebs\",\"description\":\"\",\"publisher\":{\"@id\":\"https:\/\/permbledhja.com\/#organization\"},\"potentialAction\":[{\"@type\":\"SearchAction\",\"target\":{\"@type\":\"EntryPoint\",\"urlTemplate\":\"https:\/\/permbledhja.com\/?s={search_term_string}\"},\"query-input\":\"required name=search_term_string\"}],\"inLanguage\":\"sq\"},{\"@type\":\"Organization\",\"@id\":\"https:\/\/permbledhja.com\/#organization\",\"name\":\"MK Media & Pr\",\"url\":\"https:\/\/permbledhja.com\/\",\"logo\":{\"@type\":\"ImageObject\",\"inLanguage\":\"sq\",\"@id\":\"https:\/\/permbledhja.com\/#\/schema\/logo\/image\/\",\"url\":\"https:\/\/permbledhja.com\/wp-content\/uploads\/2021\/12\/07-Press-Logo.jpg\",\"contentUrl\":\"https:\/\/permbledhja.com\/wp-content\/uploads\/2021\/12\/07-Press-Logo.jpg\",\"width\":512,\"height\":512,\"caption\":\"MK Media & Pr\"},\"image\":{\"@id\":\"https:\/\/permbledhja.com\/#\/schema\/logo\/image\/\"},\"sameAs\":[\"https:\/\/www.facebook.com\/press07\/\"]},{\"@type\":\"Person\",\"@id\":\"https:\/\/permbledhja.com\/#\/schema\/person\/d23f13f59b5722643933d6780783acf3\",\"name\":\"M M\",\"image\":{\"@type\":\"ImageObject\",\"inLanguage\":\"sq\",\"@id\":\"https:\/\/permbledhja.com\/#\/schema\/person\/image\/\",\"url\":\"https:\/\/secure.gravatar.com\/avatar\/e2835a76ca7c31a2416b2d51c4ec9a8f?s=96&d=mm&r=g\",\"contentUrl\":\"https:\/\/secure.gravatar.com\/avatar\/e2835a76ca7c31a2416b2d51c4ec9a8f?s=96&d=mm&r=g\",\"caption\":\"M M\"},\"sameAs\":[\"http:\/\/MM\"],\"url\":\"https:\/\/permbledhja.com\/sq\/author\/muhamet\/\"}]}<\/script>\n<!-- \/ Yoast SEO plugin. -->","yoast_head_json":{"title":"Shqip\u00ebria merr nj\u00eb tjet\u00ebr rol nd\u00ebrkomb\u00ebtar, do t\u00eb jet\u00eb nj\u00eb nga 15 vendet q\u00eb do t\u00eb ulen n\u00eb KDNJ n\u00eb OKB","robots":{"index":"index","follow":"follow","max-snippet":"max-snippet:-1","max-image-preview":"max-image-preview:large","max-video-preview":"max-video-preview:-1"},"canonical":"https:\/\/permbledhja.com\/sq\/shqiperia-merr-nje-tjeter-rol-nderkombetar-do-te-jete-nje-nga-15-vendet-qe-do-te-ulen-ne-kdnj-ne-okb\/","og_locale":"sq_AL","og_type":"article","og_title":"Shqip\u00ebria merr nj\u00eb tjet\u00ebr rol nd\u00ebrkomb\u00ebtar, do t\u00eb jet\u00eb nj\u00eb nga 15 vendet q\u00eb do t\u00eb ulen n\u00eb KDNJ n\u00eb OKB","og_description":"Shqip\u00ebria \u00ebsht\u00eb votuar nga 123 vende an\u00ebtare t\u00eb Asambles\u00eb s\u00eb P\u00ebrgjithshme t\u00eb OKB-s\u00eb, p\u00ebr t\u2019u ulur K\u00ebshillin e t\u00eb Drejtave t\u00eb Njeriut. Kryeministri Edi Rama deklaroi se Shqip\u00ebria ka marr\u00eb nj\u00eb tjet\u00ebr rol nd\u00ebrkomb\u00ebtar. Rama theksoi se vendi yn\u00eb, s\u00eb bashku me 14 shtete t\u00eb tjera, do t\u00eb ulen K\u00ebshillin e t\u00eb Drejtave t\u00eb Njeriut [&hellip;]","og_url":"https:\/\/permbledhja.com\/sq\/shqiperia-merr-nje-tjeter-rol-nderkombetar-do-te-jete-nje-nga-15-vendet-qe-do-te-ulen-ne-kdnj-ne-okb\/","og_site_name":"Ve\u00e7 artikuj p\u00ebrmbledh\u00ebs","article_publisher":"https:\/\/www.facebook.com\/press07\/","article_published_time":"2023-10-11T07:54:49+00:00","og_image":[{"width":920,"height":575,"url":"https:\/\/permbledhja.com\/wp-content\/uploads\/2023\/10\/alba-1.jpg","type":"image\/jpeg"}],"author":"M M","twitter_card":"summary_large_image","twitter_misc":{"Written by":"M M","Est. reading time":"1 minut\u00eb"},"schema":{"@context":"https:\/\/schema.org","@graph":[{"@type":"Article","@id":"https:\/\/permbledhja.com\/shqiperia-merr-nje-tjeter-rol-nderkombetar-do-te-jete-nje-nga-15-vendet-qe-do-te-ulen-ne-kdnj-ne-okb\/#article","isPartOf":{"@id":"https:\/\/permbledhja.com\/shqiperia-merr-nje-tjeter-rol-nderkombetar-do-te-jete-nje-nga-15-vendet-qe-do-te-ulen-ne-kdnj-ne-okb\/"},"author":{"name":"M M","@id":"https:\/\/permbledhja.com\/#\/schema\/person\/d23f13f59b5722643933d6780783acf3"},"headline":"Shqip\u00ebria merr nj\u00eb tjet\u00ebr rol nd\u00ebrkomb\u00ebtar, do t\u00eb jet\u00eb nj\u00eb nga 15 vendet q\u00eb do t\u00eb ulen n\u00eb KDNJ n\u00eb OKB","datePublished":"2023-10-11T07:54:49+00:00","dateModified":"2023-10-11T07:54:49+00:00","mainEntityOfPage":{"@id":"https:\/\/permbledhja.com\/shqiperia-merr-nje-tjeter-rol-nderkombetar-do-te-jete-nje-nga-15-vendet-qe-do-te-ulen-ne-kdnj-ne-okb\/"},"wordCount":182,"publisher":{"@id":"https:\/\/permbledhja.com\/#organization"},"keywords":["Edi Rama"],"articleSection":["Komb\u00ebtare","Lajme"],"inLanguage":"sq"},{"@type":"WebPage","@id":"https:\/\/permbledhja.com\/shqiperia-merr-nje-tjeter-rol-nderkombetar-do-te-jete-nje-nga-15-vendet-qe-do-te-ulen-ne-kdnj-ne-okb\/","url":"https:\/\/permbledhja.com\/shqiperia-merr-nje-tjeter-rol-nderkombetar-do-te-jete-nje-nga-15-vendet-qe-do-te-ulen-ne-kdnj-ne-okb\/","name":"Shqip\u00ebria merr nj\u00eb tjet\u00ebr rol nd\u00ebrkomb\u00ebtar, do t\u00eb jet\u00eb nj\u00eb nga 15 vendet q\u00eb do t\u00eb ulen n\u00eb KDNJ n\u00eb OKB","isPartOf":{"@id":"https:\/\/permbledhja.com\/#website"},"datePublished":"2023-10-11T07:54:49+00:00","dateModified":"2023-10-11T07:54:49+00:00","breadcrumb":{"@id":"https:\/\/permbledhja.com\/shqiperia-merr-nje-tjeter-rol-nderkombetar-do-te-jete-nje-nga-15-vendet-qe-do-te-ulen-ne-kdnj-ne-okb\/#breadcrumb"},"inLanguage":"sq","potentialAction":[{"@type":"ReadAction","target":["https:\/\/permbledhja.com\/shqiperia-merr-nje-tjeter-rol-nderkombetar-do-te-jete-nje-nga-15-vendet-qe-do-te-ulen-ne-kdnj-ne-okb\/"]}]},{"@type":"BreadcrumbList","@id":"https:\/\/permbledhja.com\/shqiperia-merr-nje-tjeter-rol-nderkombetar-do-te-jete-nje-nga-15-vendet-qe-do-te-ulen-ne-kdnj-ne-okb\/#breadcrumb","itemListElement":[{"@type":"ListItem","position":1,"name":"Ballina","item":"https:\/\/permbledhja.com\/sq\/"},{"@type":"ListItem","position":2,"name":"Shqip\u00ebria merr nj\u00eb tjet\u00ebr rol nd\u00ebrkomb\u00ebtar, do t\u00eb jet\u00eb nj\u00eb nga 15 vendet q\u00eb do t\u00eb ulen n\u00eb KDNJ n\u00eb OKB"}]},{"@type":"WebSite","@id":"https:\/\/permbledhja.com\/#website","url":"https:\/\/permbledhja.com\/","name":"Ve\u00e7 artikuj p\u00ebrmbledh\u00ebs","description":"","publisher":{"@id":"https:\/\/permbledhja.com\/#organization"},"potentialAction":[{"@type":"SearchAction","target":{"@type":"EntryPoint","urlTemplate":"https:\/\/permbledhja.com\/?s={search_term_string}"},"query-input":"required name=search_term_string"}],"inLanguage":"sq"},{"@type":"Organization","@id":"https:\/\/permbledhja.com\/#organization","name":"MK Media & Pr","url":"https:\/\/permbledhja.com\/","logo":{"@type":"ImageObject","inLanguage":"sq","@id":"https:\/\/permbledhja.com\/#\/schema\/logo\/image\/","url":"https:\/\/permbledhja.com\/wp-content\/uploads\/2021\/12\/07-Press-Logo.jpg","contentUrl":"https:\/\/permbledhja.com\/wp-content\/uploads\/2021\/12\/07-Press-Logo.jpg","width":512,"height":512,"caption":"MK Media & Pr"},"image":{"@id":"https:\/\/permbledhja.com\/#\/schema\/logo\/image\/"},"sameAs":["https:\/\/www.facebook.com\/press07\/"]},{"@type":"Person","@id":"https:\/\/permbledhja.com\/#\/schema\/person\/d23f13f59b5722643933d6780783acf3","name":"M M","image":{"@type":"ImageObject","inLanguage":"sq","@id":"https:\/\/permbledhja.com\/#\/schema\/person\/image\/","url":"https:\/\/secure.gravatar.com\/avatar\/e2835a76ca7c31a2416b2d51c4ec9a8f?s=96&d=mm&r=g","contentUrl":"https:\/\/secure.gravatar.com\/avatar\/e2835a76ca7c31a2416b2d51c4ec9a8f?s=96&d=mm&r=g","caption":"M M"},"sameAs":["http:\/\/MM"],"url":"https:\/\/permbledhja.com\/sq\/author\/muhamet\/"}]}},"_links":{"self":[{"href":"https:\/\/permbledhja.com\/sq\/wp-json\/wp\/v2\/posts\/30939"}],"collection":[{"href":"https:\/\/permbledhja.com\/sq\/wp-json\/wp\/v2\/posts"}],"about":[{"href":"https:\/\/permbledhja.com\/sq\/wp-json\/wp\/v2\/types\/post"}],"author":[{"embeddable":true,"href":"https:\/\/permbledhja.com\/sq\/wp-json\/wp\/v2\/users\/2"}],"replies":[{"embeddable":true,"href":"https:\/\/permbledhja.com\/sq\/wp-json\/wp\/v2\/comments?post=30939"}],"version-history":[{"count":1,"href":"https:\/\/permbledhja.com\/sq\/wp-json\/wp\/v2\/posts\/30939\/revisions"}],"predecessor-version":[{"id":30941,"href":"https:\/\/permbledhja.com\/sq\/wp-json\/wp\/v2\/posts\/30939\/revisions\/30941"}],"wp:featuredmedia":[{"embeddable":true,"href":"https:\/\/permbledhja.com\/sq\/wp-json\/wp\/v2\/media\/30940"}],"wp:attachment":[{"href":"https:\/\/permbledhja.com\/sq\/wp-json\/wp\/v2\/media?parent=30939"}],"wp:term":[{"taxonomy":"category","embeddable":true,"href":"https:\/\/permbledhja.com\/sq\/wp-json\/wp\/v2\/categories?post=30939"},{"taxonomy":"post_tag","embeddable":true,"href":"https:\/\/permbledhja.com\/sq\/wp-json\/wp\/v2\/tags?post=30939"}],"curies":[{"name":"wp","href":"https:\/\/api.w.org\/{rel}","templated":true}]}}