{"id":30893,"date":"2023-10-10T21:36:23","date_gmt":"2023-10-10T21:36:23","guid":{"rendered":"https:\/\/permbledhja.com\/?p=30893"},"modified":"2023-10-10T21:36:23","modified_gmt":"2023-10-10T21:36:23","slug":"eksperti-i-sigurise-leshon-alarmin-sulme-si-ne-banjske-mund-te-kete-edhe-ne-jug-e-lindje-te-kosoves","status":"publish","type":"post","link":"https:\/\/permbledhja.com\/sq\/eksperti-i-sigurise-leshon-alarmin-sulme-si-ne-banjske-mund-te-kete-edhe-ne-jug-e-lindje-te-kosoves\/","title":{"rendered":"Eksperti i siguris\u00eb &#8220;l\u00ebshon&#8221; alarmin: Sulme si n\u00eb Banjsk\u00eb mund t\u00eb ket\u00eb edhe n\u00eb Jug e Lindje t\u00eb Kosov\u00ebs"},"content":{"rendered":"<h3>Eksperti i siguris\u00eb, Ilir Kulla ka deklaruar se sulmi terrorist si n\u00eb Banjsk\u00eb t\u00eb Zve\u00e7anit, mund t\u00eb p\u00ebrs\u00ebritet.<\/h3>\n<p>Kulla n\u00eb T7 ka deklaruar se nga informacionet q\u00eb i ka, nj\u00eb sulm i ngjash\u00ebm mund t\u00eb ndodh n\u00eb\u00a0Jug apo edhe n\u00eb Lindje t\u00eb Kosov\u00ebs.<\/p>\n<p><i>\u201cArmatimet jan\u00eb aty, politika \u00ebsht\u00eb aty dhe ju mendoni q\u00eb s\u2019do t\u00eb ndodh\u00eb n\u00eb veri, por informacione dhe burime t\u00eb mia per\u00ebndimore m\u00eb thon\u00eb q\u00eb ka p\u00ebrpjekje q\u00eb t\u00eb ndodh\u00eb n\u00eb jug, n\u00eb jug t\u00eb Kosov\u00ebs, n\u00eb lindje t\u00eb Kosov\u00ebs.\u201d<\/i><\/p>\n<p><i>\u201cKam referenca q\u00eb ka p\u00ebrpjekje p\u00ebr t\u00eb destabilizuar enklavat dhe p\u00ebr t\u2019ia l\u00ebn\u00eb fajin shqiptar\u00ebve gj\u00ebja p\u00ebr luft\u00eb fetare n\u00eb manastire apo kund\u00ebr pelegrin\u00ebve, apo gj\u00ebja p\u00ebr luft\u00eb n\u00eb rajon apo pastrim etnik\u201d.<\/i><\/p>\n<p><i>\u201cKur e kam th\u00ebn\u00eb para nj\u00eb vit e gjysm\u00eb q\u00eb duhet t\u00eb armatoseni dhe t\u00eb ruheni, m\u00eb thonin se je spekulant politik, tani q\u00eb ndodhi s\u2019e p\u00ebrmend kush. Po t\u00eb them q\u00eb ata q\u00eb e kan\u00eb provuar nj\u00ebher\u00eb e provojn\u00eb 2-3-4 her\u00eb. Pse qeveria e Serbis\u00eb nuk e dor\u00ebzon Radoji\u00e7iq n\u00eb duart e EULEX-it apo KFOR-it<\/i>?\u201d \u2013 ka th\u00ebn\u00eb ai.<\/p>\n","protected":false},"excerpt":{"rendered":"<p>Eksperti i siguris\u00eb, Ilir Kulla ka deklaruar se sulmi terrorist si n\u00eb Banjsk\u00eb t\u00eb Zve\u00e7anit, mund t\u00eb p\u00ebrs\u00ebritet. Kulla n\u00eb T7 ka deklaruar se nga informacionet q\u00eb i ka, nj\u00eb sulm i ngjash\u00ebm mund t\u00eb ndodh n\u00eb\u00a0Jug apo edhe n\u00eb Lindje t\u00eb Kosov\u00ebs. \u201cArmatimet jan\u00eb aty, politika \u00ebsht\u00eb aty dhe ju mendoni q\u00eb s\u2019do t\u00eb [&hellip;]<\/p>\n","protected":false},"author":1,"featured_media":30894,"comment_status":"closed","ping_status":"closed","sticky":false,"template":"","format":"standard","meta":{"_monsterinsights_skip_tracking":false,"_monsterinsights_sitenote_active":false,"_monsterinsights_sitenote_note":"","_monsterinsights_sitenote_category":0,"_uf_show_specific_survey":0,"_uf_disable_surveys":false,"footnotes":""},"categories":[23,15],"tags":[2515],"yoast_head":"<!-- This site is optimized with the Yoast SEO plugin v21.5 - https:\/\/yoast.com\/wordpress\/plugins\/seo\/ -->\n<title>Eksperti i siguris\u00eb &quot;l\u00ebshon&quot; alarmin: Sulme si n\u00eb Banjsk\u00eb mund t\u00eb ket\u00eb edhe n\u00eb Jug e Lindje t\u00eb Kosov\u00ebs<\/title>\n<meta name=\"robots\" content=\"index, follow, max-snippet:-1, max-image-preview:large, max-video-preview:-1\" \/>\n<link rel=\"canonical\" href=\"https:\/\/permbledhja.com\/sq\/eksperti-i-sigurise-leshon-alarmin-sulme-si-ne-banjske-mund-te-kete-edhe-ne-jug-e-lindje-te-kosoves\/\" \/>\n<meta property=\"og:locale\" content=\"sq_AL\" \/>\n<meta property=\"og:type\" content=\"article\" \/>\n<meta property=\"og:title\" content=\"Eksperti i siguris\u00eb &quot;l\u00ebshon&quot; alarmin: Sulme si n\u00eb Banjsk\u00eb mund t\u00eb ket\u00eb edhe n\u00eb Jug e Lindje t\u00eb Kosov\u00ebs\" \/>\n<meta property=\"og:description\" content=\"Eksperti i siguris\u00eb, Ilir Kulla ka deklaruar se sulmi terrorist si n\u00eb Banjsk\u00eb t\u00eb Zve\u00e7anit, mund t\u00eb p\u00ebrs\u00ebritet. Kulla n\u00eb T7 ka deklaruar se nga informacionet q\u00eb i ka, nj\u00eb sulm i ngjash\u00ebm mund t\u00eb ndodh n\u00eb\u00a0Jug apo edhe n\u00eb Lindje t\u00eb Kosov\u00ebs. \u201cArmatimet jan\u00eb aty, politika \u00ebsht\u00eb aty dhe ju mendoni q\u00eb s\u2019do t\u00eb [&hellip;]\" \/>\n<meta property=\"og:url\" content=\"https:\/\/permbledhja.com\/sq\/eksperti-i-sigurise-leshon-alarmin-sulme-si-ne-banjske-mund-te-kete-edhe-ne-jug-e-lindje-te-kosoves\/\" \/>\n<meta property=\"og:site_name\" content=\"Ve\u00e7 artikuj p\u00ebrmbledh\u00ebs\" \/>\n<meta property=\"article:publisher\" content=\"https:\/\/www.facebook.com\/press07\/\" \/>\n<meta property=\"article:author\" content=\"https:\/\/www.facebook.com\/kafexhiu.muharrem\/\" \/>\n<meta property=\"article:published_time\" content=\"2023-10-10T21:36:23+00:00\" \/>\n<meta property=\"og:image\" content=\"https:\/\/permbledhja.com\/wp-content\/uploads\/2023\/10\/eee.jpg\" \/>\n\t<meta property=\"og:image:width\" content=\"535\" \/>\n\t<meta property=\"og:image:height\" content=\"342\" \/>\n\t<meta property=\"og:image:type\" content=\"image\/jpeg\" \/>\n<meta name=\"author\" content=\"P\u00ebrmbledhja\" \/>\n<meta name=\"twitter:card\" content=\"summary_large_image\" \/>\n<meta name=\"twitter:label1\" content=\"Written by\" \/>\n\t<meta name=\"twitter:data1\" content=\"P\u00ebrmbledhja\" \/>\n\t<meta name=\"twitter:label2\" content=\"Est. reading time\" \/>\n\t<meta name=\"twitter:data2\" content=\"1 minut\u00eb\" \/>\n<script type=\"application\/ld+json\" class=\"yoast-schema-graph\">{\"@context\":\"https:\/\/schema.org\",\"@graph\":[{\"@type\":\"Article\",\"@id\":\"https:\/\/permbledhja.com\/eksperti-i-sigurise-leshon-alarmin-sulme-si-ne-banjske-mund-te-kete-edhe-ne-jug-e-lindje-te-kosoves\/#article\",\"isPartOf\":{\"@id\":\"https:\/\/permbledhja.com\/eksperti-i-sigurise-leshon-alarmin-sulme-si-ne-banjske-mund-te-kete-edhe-ne-jug-e-lindje-te-kosoves\/\"},\"author\":{\"name\":\"P\u00ebrmbledhja\",\"@id\":\"https:\/\/permbledhja.com\/#\/schema\/person\/0d064377258d3221e50693947b9eb4fe\"},\"headline\":\"Eksperti i siguris\u00eb &#8220;l\u00ebshon&#8221; alarmin: Sulme si n\u00eb Banjsk\u00eb mund t\u00eb ket\u00eb edhe n\u00eb Jug e Lindje t\u00eb Kosov\u00ebs\",\"datePublished\":\"2023-10-10T21:36:23+00:00\",\"dateModified\":\"2023-10-10T21:36:23+00:00\",\"mainEntityOfPage\":{\"@id\":\"https:\/\/permbledhja.com\/eksperti-i-sigurise-leshon-alarmin-sulme-si-ne-banjske-mund-te-kete-edhe-ne-jug-e-lindje-te-kosoves\/\"},\"wordCount\":227,\"publisher\":{\"@id\":\"https:\/\/permbledhja.com\/#organization\"},\"keywords\":[\"Eksperti\"],\"articleSection\":[\"Komb\u00ebtare\",\"Lajme\"],\"inLanguage\":\"sq\"},{\"@type\":\"WebPage\",\"@id\":\"https:\/\/permbledhja.com\/eksperti-i-sigurise-leshon-alarmin-sulme-si-ne-banjske-mund-te-kete-edhe-ne-jug-e-lindje-te-kosoves\/\",\"url\":\"https:\/\/permbledhja.com\/eksperti-i-sigurise-leshon-alarmin-sulme-si-ne-banjske-mund-te-kete-edhe-ne-jug-e-lindje-te-kosoves\/\",\"name\":\"Eksperti i siguris\u00eb \\\"l\u00ebshon\\\" alarmin: Sulme si n\u00eb Banjsk\u00eb mund t\u00eb ket\u00eb edhe n\u00eb Jug e Lindje t\u00eb Kosov\u00ebs\",\"isPartOf\":{\"@id\":\"https:\/\/permbledhja.com\/#website\"},\"datePublished\":\"2023-10-10T21:36:23+00:00\",\"dateModified\":\"2023-10-10T21:36:23+00:00\",\"breadcrumb\":{\"@id\":\"https:\/\/permbledhja.com\/eksperti-i-sigurise-leshon-alarmin-sulme-si-ne-banjske-mund-te-kete-edhe-ne-jug-e-lindje-te-kosoves\/#breadcrumb\"},\"inLanguage\":\"sq\",\"potentialAction\":[{\"@type\":\"ReadAction\",\"target\":[\"https:\/\/permbledhja.com\/eksperti-i-sigurise-leshon-alarmin-sulme-si-ne-banjske-mund-te-kete-edhe-ne-jug-e-lindje-te-kosoves\/\"]}]},{\"@type\":\"BreadcrumbList\",\"@id\":\"https:\/\/permbledhja.com\/eksperti-i-sigurise-leshon-alarmin-sulme-si-ne-banjske-mund-te-kete-edhe-ne-jug-e-lindje-te-kosoves\/#breadcrumb\",\"itemListElement\":[{\"@type\":\"ListItem\",\"position\":1,\"name\":\"Ballina\",\"item\":\"https:\/\/permbledhja.com\/sq\/\"},{\"@type\":\"ListItem\",\"position\":2,\"name\":\"Eksperti i siguris\u00eb &#8220;l\u00ebshon&#8221; alarmin: Sulme si n\u00eb Banjsk\u00eb mund t\u00eb ket\u00eb edhe n\u00eb Jug e Lindje t\u00eb Kosov\u00ebs\"}]},{\"@type\":\"WebSite\",\"@id\":\"https:\/\/permbledhja.com\/#website\",\"url\":\"https:\/\/permbledhja.com\/\",\"name\":\"Ve\u00e7 artikuj p\u00ebrmbledh\u00ebs\",\"description\":\"\",\"publisher\":{\"@id\":\"https:\/\/permbledhja.com\/#organization\"},\"potentialAction\":[{\"@type\":\"SearchAction\",\"target\":{\"@type\":\"EntryPoint\",\"urlTemplate\":\"https:\/\/permbledhja.com\/?s={search_term_string}\"},\"query-input\":\"required name=search_term_string\"}],\"inLanguage\":\"sq\"},{\"@type\":\"Organization\",\"@id\":\"https:\/\/permbledhja.com\/#organization\",\"name\":\"MK Media & Pr\",\"url\":\"https:\/\/permbledhja.com\/\",\"logo\":{\"@type\":\"ImageObject\",\"inLanguage\":\"sq\",\"@id\":\"https:\/\/permbledhja.com\/#\/schema\/logo\/image\/\",\"url\":\"https:\/\/permbledhja.com\/wp-content\/uploads\/2021\/12\/07-Press-Logo.jpg\",\"contentUrl\":\"https:\/\/permbledhja.com\/wp-content\/uploads\/2021\/12\/07-Press-Logo.jpg\",\"width\":512,\"height\":512,\"caption\":\"MK Media & Pr\"},\"image\":{\"@id\":\"https:\/\/permbledhja.com\/#\/schema\/logo\/image\/\"},\"sameAs\":[\"https:\/\/www.facebook.com\/press07\/\"]},{\"@type\":\"Person\",\"@id\":\"https:\/\/permbledhja.com\/#\/schema\/person\/0d064377258d3221e50693947b9eb4fe\",\"name\":\"P\u00ebrmbledhja\",\"image\":{\"@type\":\"ImageObject\",\"inLanguage\":\"sq\",\"@id\":\"https:\/\/permbledhja.com\/#\/schema\/person\/image\/\",\"url\":\"https:\/\/permbledhja.com\/wp-content\/uploads\/2026\/01\/452004717_1040944174702970_8932037511805513407_n-96x96.jpg\",\"contentUrl\":\"https:\/\/permbledhja.com\/wp-content\/uploads\/2026\/01\/452004717_1040944174702970_8932037511805513407_n-96x96.jpg\",\"caption\":\"P\u00ebrmbledhja\"},\"sameAs\":[\"https:\/\/www.facebook.com\/kafexhiu.muharrem\/\",\"https:\/\/www.instagram.com\/muharrem_kafexhiu\/\"],\"url\":\"https:\/\/permbledhja.com\/sq\/author\/admin\/\"}]}<\/script>\n<!-- \/ Yoast SEO plugin. -->","yoast_head_json":{"title":"Eksperti i siguris\u00eb \"l\u00ebshon\" alarmin: Sulme si n\u00eb Banjsk\u00eb mund t\u00eb ket\u00eb edhe n\u00eb Jug e Lindje t\u00eb Kosov\u00ebs","robots":{"index":"index","follow":"follow","max-snippet":"max-snippet:-1","max-image-preview":"max-image-preview:large","max-video-preview":"max-video-preview:-1"},"canonical":"https:\/\/permbledhja.com\/sq\/eksperti-i-sigurise-leshon-alarmin-sulme-si-ne-banjske-mund-te-kete-edhe-ne-jug-e-lindje-te-kosoves\/","og_locale":"sq_AL","og_type":"article","og_title":"Eksperti i siguris\u00eb \"l\u00ebshon\" alarmin: Sulme si n\u00eb Banjsk\u00eb mund t\u00eb ket\u00eb edhe n\u00eb Jug e Lindje t\u00eb Kosov\u00ebs","og_description":"Eksperti i siguris\u00eb, Ilir Kulla ka deklaruar se sulmi terrorist si n\u00eb Banjsk\u00eb t\u00eb Zve\u00e7anit, mund t\u00eb p\u00ebrs\u00ebritet. Kulla n\u00eb T7 ka deklaruar se nga informacionet q\u00eb i ka, nj\u00eb sulm i ngjash\u00ebm mund t\u00eb ndodh n\u00eb\u00a0Jug apo edhe n\u00eb Lindje t\u00eb Kosov\u00ebs. \u201cArmatimet jan\u00eb aty, politika \u00ebsht\u00eb aty dhe ju mendoni q\u00eb s\u2019do t\u00eb [&hellip;]","og_url":"https:\/\/permbledhja.com\/sq\/eksperti-i-sigurise-leshon-alarmin-sulme-si-ne-banjske-mund-te-kete-edhe-ne-jug-e-lindje-te-kosoves\/","og_site_name":"Ve\u00e7 artikuj p\u00ebrmbledh\u00ebs","article_publisher":"https:\/\/www.facebook.com\/press07\/","article_author":"https:\/\/www.facebook.com\/kafexhiu.muharrem\/","article_published_time":"2023-10-10T21:36:23+00:00","og_image":[{"width":535,"height":342,"url":"https:\/\/permbledhja.com\/wp-content\/uploads\/2023\/10\/eee.jpg","type":"image\/jpeg"}],"author":"P\u00ebrmbledhja","twitter_card":"summary_large_image","twitter_misc":{"Written by":"P\u00ebrmbledhja","Est. reading time":"1 minut\u00eb"},"schema":{"@context":"https:\/\/schema.org","@graph":[{"@type":"Article","@id":"https:\/\/permbledhja.com\/eksperti-i-sigurise-leshon-alarmin-sulme-si-ne-banjske-mund-te-kete-edhe-ne-jug-e-lindje-te-kosoves\/#article","isPartOf":{"@id":"https:\/\/permbledhja.com\/eksperti-i-sigurise-leshon-alarmin-sulme-si-ne-banjske-mund-te-kete-edhe-ne-jug-e-lindje-te-kosoves\/"},"author":{"name":"P\u00ebrmbledhja","@id":"https:\/\/permbledhja.com\/#\/schema\/person\/0d064377258d3221e50693947b9eb4fe"},"headline":"Eksperti i siguris\u00eb &#8220;l\u00ebshon&#8221; alarmin: Sulme si n\u00eb Banjsk\u00eb mund t\u00eb ket\u00eb edhe n\u00eb Jug e Lindje t\u00eb Kosov\u00ebs","datePublished":"2023-10-10T21:36:23+00:00","dateModified":"2023-10-10T21:36:23+00:00","mainEntityOfPage":{"@id":"https:\/\/permbledhja.com\/eksperti-i-sigurise-leshon-alarmin-sulme-si-ne-banjske-mund-te-kete-edhe-ne-jug-e-lindje-te-kosoves\/"},"wordCount":227,"publisher":{"@id":"https:\/\/permbledhja.com\/#organization"},"keywords":["Eksperti"],"articleSection":["Komb\u00ebtare","Lajme"],"inLanguage":"sq"},{"@type":"WebPage","@id":"https:\/\/permbledhja.com\/eksperti-i-sigurise-leshon-alarmin-sulme-si-ne-banjske-mund-te-kete-edhe-ne-jug-e-lindje-te-kosoves\/","url":"https:\/\/permbledhja.com\/eksperti-i-sigurise-leshon-alarmin-sulme-si-ne-banjske-mund-te-kete-edhe-ne-jug-e-lindje-te-kosoves\/","name":"Eksperti i siguris\u00eb \"l\u00ebshon\" alarmin: Sulme si n\u00eb Banjsk\u00eb mund t\u00eb ket\u00eb edhe n\u00eb Jug e Lindje t\u00eb Kosov\u00ebs","isPartOf":{"@id":"https:\/\/permbledhja.com\/#website"},"datePublished":"2023-10-10T21:36:23+00:00","dateModified":"2023-10-10T21:36:23+00:00","breadcrumb":{"@id":"https:\/\/permbledhja.com\/eksperti-i-sigurise-leshon-alarmin-sulme-si-ne-banjske-mund-te-kete-edhe-ne-jug-e-lindje-te-kosoves\/#breadcrumb"},"inLanguage":"sq","potentialAction":[{"@type":"ReadAction","target":["https:\/\/permbledhja.com\/eksperti-i-sigurise-leshon-alarmin-sulme-si-ne-banjske-mund-te-kete-edhe-ne-jug-e-lindje-te-kosoves\/"]}]},{"@type":"BreadcrumbList","@id":"https:\/\/permbledhja.com\/eksperti-i-sigurise-leshon-alarmin-sulme-si-ne-banjske-mund-te-kete-edhe-ne-jug-e-lindje-te-kosoves\/#breadcrumb","itemListElement":[{"@type":"ListItem","position":1,"name":"Ballina","item":"https:\/\/permbledhja.com\/sq\/"},{"@type":"ListItem","position":2,"name":"Eksperti i siguris\u00eb &#8220;l\u00ebshon&#8221; alarmin: Sulme si n\u00eb Banjsk\u00eb mund t\u00eb ket\u00eb edhe n\u00eb Jug e Lindje t\u00eb Kosov\u00ebs"}]},{"@type":"WebSite","@id":"https:\/\/permbledhja.com\/#website","url":"https:\/\/permbledhja.com\/","name":"Ve\u00e7 artikuj p\u00ebrmbledh\u00ebs","description":"","publisher":{"@id":"https:\/\/permbledhja.com\/#organization"},"potentialAction":[{"@type":"SearchAction","target":{"@type":"EntryPoint","urlTemplate":"https:\/\/permbledhja.com\/?s={search_term_string}"},"query-input":"required name=search_term_string"}],"inLanguage":"sq"},{"@type":"Organization","@id":"https:\/\/permbledhja.com\/#organization","name":"MK Media & Pr","url":"https:\/\/permbledhja.com\/","logo":{"@type":"ImageObject","inLanguage":"sq","@id":"https:\/\/permbledhja.com\/#\/schema\/logo\/image\/","url":"https:\/\/permbledhja.com\/wp-content\/uploads\/2021\/12\/07-Press-Logo.jpg","contentUrl":"https:\/\/permbledhja.com\/wp-content\/uploads\/2021\/12\/07-Press-Logo.jpg","width":512,"height":512,"caption":"MK Media & Pr"},"image":{"@id":"https:\/\/permbledhja.com\/#\/schema\/logo\/image\/"},"sameAs":["https:\/\/www.facebook.com\/press07\/"]},{"@type":"Person","@id":"https:\/\/permbledhja.com\/#\/schema\/person\/0d064377258d3221e50693947b9eb4fe","name":"P\u00ebrmbledhja","image":{"@type":"ImageObject","inLanguage":"sq","@id":"https:\/\/permbledhja.com\/#\/schema\/person\/image\/","url":"https:\/\/permbledhja.com\/wp-content\/uploads\/2026\/01\/452004717_1040944174702970_8932037511805513407_n-96x96.jpg","contentUrl":"https:\/\/permbledhja.com\/wp-content\/uploads\/2026\/01\/452004717_1040944174702970_8932037511805513407_n-96x96.jpg","caption":"P\u00ebrmbledhja"},"sameAs":["https:\/\/www.facebook.com\/kafexhiu.muharrem\/","https:\/\/www.instagram.com\/muharrem_kafexhiu\/"],"url":"https:\/\/permbledhja.com\/sq\/author\/admin\/"}]}},"_links":{"self":[{"href":"https:\/\/permbledhja.com\/sq\/wp-json\/wp\/v2\/posts\/30893"}],"collection":[{"href":"https:\/\/permbledhja.com\/sq\/wp-json\/wp\/v2\/posts"}],"about":[{"href":"https:\/\/permbledhja.com\/sq\/wp-json\/wp\/v2\/types\/post"}],"author":[{"embeddable":true,"href":"https:\/\/permbledhja.com\/sq\/wp-json\/wp\/v2\/users\/1"}],"replies":[{"embeddable":true,"href":"https:\/\/permbledhja.com\/sq\/wp-json\/wp\/v2\/comments?post=30893"}],"version-history":[{"count":1,"href":"https:\/\/permbledhja.com\/sq\/wp-json\/wp\/v2\/posts\/30893\/revisions"}],"predecessor-version":[{"id":30895,"href":"https:\/\/permbledhja.com\/sq\/wp-json\/wp\/v2\/posts\/30893\/revisions\/30895"}],"wp:featuredmedia":[{"embeddable":true,"href":"https:\/\/permbledhja.com\/sq\/wp-json\/wp\/v2\/media\/30894"}],"wp:attachment":[{"href":"https:\/\/permbledhja.com\/sq\/wp-json\/wp\/v2\/media?parent=30893"}],"wp:term":[{"taxonomy":"category","embeddable":true,"href":"https:\/\/permbledhja.com\/sq\/wp-json\/wp\/v2\/categories?post=30893"},{"taxonomy":"post_tag","embeddable":true,"href":"https:\/\/permbledhja.com\/sq\/wp-json\/wp\/v2\/tags?post=30893"}],"curies":[{"name":"wp","href":"https:\/\/api.w.org\/{rel}","templated":true}]}}