{"id":30847,"date":"2023-10-10T17:34:16","date_gmt":"2023-10-10T17:34:16","guid":{"rendered":"https:\/\/permbledhja.com\/?p=30847"},"modified":"2023-10-10T17:34:16","modified_gmt":"2023-10-10T17:34:16","slug":"policia-e-kosoves-mbyll-operacionin-ne-leposaviq-mesohet-cka-eshte-sekuestruar","status":"publish","type":"post","link":"https:\/\/permbledhja.com\/sq\/policia-e-kosoves-mbyll-operacionin-ne-leposaviq-mesohet-cka-eshte-sekuestruar\/","title":{"rendered":"Policia e Kosov\u00ebs mbyll operacionin n\u00eb Leposaviq, m\u00ebsohet \u00e7ka \u00ebsht\u00eb sekuestruar"},"content":{"rendered":"<h2>\u00cbsht\u00eb mbyllur tashm\u00eb operacioni n\u00eb Leposaviq.<\/h2>\n<p>K\u00ebt\u00eb e konfirmoi edhe z\u00ebvend\u00ebs-drejtori i policis\u00eb p\u00ebr rajonin e veriut, Veton Elshani<strong>.<\/strong><\/p>\n<p>Elshani shtoi se nuk kan\u00eb gjetur arm\u00eb, por kumtoi se kan\u00eb sekuestruar tri vetura.<\/p>\n<p>K\u00ebto vetura jan\u00eb n\u00eb pron\u00ebsi t\u00eb komun\u00ebs s\u00eb Leposaiviqit.<\/p>\n<p><em>\u201cPolicia ka zhvilluar bastisje p\u00ebr dyshimet lidhur me arm\u00eb. T\u00eb nj\u00ebjtat nuk jan\u00eb gjetur. I kemi konfiskuar 3 vetura, pron\u00eb e komun\u00ebs se Leposaviqit, n\u00eb nj\u00eb lokacion af\u00ebr stacionit t\u00eb policis\u00eb\u201d<\/em>, tha Elshani.<\/p>\n","protected":false},"excerpt":{"rendered":"<p>\u00cbsht\u00eb mbyllur tashm\u00eb operacioni n\u00eb Leposaviq. K\u00ebt\u00eb e konfirmoi edhe z\u00ebvend\u00ebs-drejtori i policis\u00eb p\u00ebr rajonin e veriut, Veton Elshani. Elshani shtoi se nuk kan\u00eb gjetur arm\u00eb, por kumtoi se kan\u00eb sekuestruar tri vetura. K\u00ebto vetura jan\u00eb n\u00eb pron\u00ebsi t\u00eb komun\u00ebs s\u00eb Leposaiviqit. \u201cPolicia ka zhvilluar bastisje p\u00ebr dyshimet lidhur me arm\u00eb. T\u00eb nj\u00ebjtat nuk jan\u00eb [&hellip;]<\/p>\n","protected":false},"author":1,"featured_media":30848,"comment_status":"closed","ping_status":"closed","sticky":false,"template":"","format":"standard","meta":{"_monsterinsights_skip_tracking":false,"_monsterinsights_sitenote_active":false,"_monsterinsights_sitenote_note":"","_monsterinsights_sitenote_category":0,"_uf_show_specific_survey":0,"_uf_disable_surveys":false,"footnotes":""},"categories":[1146],"tags":[102],"yoast_head":"<!-- This site is optimized with the Yoast SEO plugin v21.5 - https:\/\/yoast.com\/wordpress\/plugins\/seo\/ -->\n<title>Policia e Kosov\u00ebs mbyll operacionin n\u00eb Leposaviq, m\u00ebsohet \u00e7ka \u00ebsht\u00eb sekuestruar<\/title>\n<meta name=\"robots\" content=\"index, follow, max-snippet:-1, max-image-preview:large, max-video-preview:-1\" \/>\n<link rel=\"canonical\" href=\"https:\/\/permbledhja.com\/sq\/policia-e-kosoves-mbyll-operacionin-ne-leposaviq-mesohet-cka-eshte-sekuestruar\/\" \/>\n<meta property=\"og:locale\" content=\"sq_AL\" \/>\n<meta property=\"og:type\" content=\"article\" \/>\n<meta property=\"og:title\" content=\"Policia e Kosov\u00ebs mbyll operacionin n\u00eb Leposaviq, m\u00ebsohet \u00e7ka \u00ebsht\u00eb sekuestruar\" \/>\n<meta property=\"og:description\" content=\"\u00cbsht\u00eb mbyllur tashm\u00eb operacioni n\u00eb Leposaviq. K\u00ebt\u00eb e konfirmoi edhe z\u00ebvend\u00ebs-drejtori i policis\u00eb p\u00ebr rajonin e veriut, Veton Elshani. Elshani shtoi se nuk kan\u00eb gjetur arm\u00eb, por kumtoi se kan\u00eb sekuestruar tri vetura. K\u00ebto vetura jan\u00eb n\u00eb pron\u00ebsi t\u00eb komun\u00ebs s\u00eb Leposaiviqit. \u201cPolicia ka zhvilluar bastisje p\u00ebr dyshimet lidhur me arm\u00eb. T\u00eb nj\u00ebjtat nuk jan\u00eb [&hellip;]\" \/>\n<meta property=\"og:url\" content=\"https:\/\/permbledhja.com\/sq\/policia-e-kosoves-mbyll-operacionin-ne-leposaviq-mesohet-cka-eshte-sekuestruar\/\" \/>\n<meta property=\"og:site_name\" content=\"Ve\u00e7 artikuj p\u00ebrmbledh\u00ebs\" \/>\n<meta property=\"article:publisher\" content=\"https:\/\/www.facebook.com\/press07\/\" \/>\n<meta property=\"article:author\" content=\"https:\/\/www.facebook.com\/kafexhiu.muharrem\/\" \/>\n<meta property=\"article:published_time\" content=\"2023-10-10T17:34:16+00:00\" \/>\n<meta property=\"og:image\" content=\"https:\/\/permbledhja.com\/wp-content\/uploads\/2023\/10\/policia-1.png\" \/>\n\t<meta property=\"og:image:width\" content=\"646\" \/>\n\t<meta property=\"og:image:height\" content=\"359\" \/>\n\t<meta property=\"og:image:type\" content=\"image\/png\" \/>\n<meta name=\"author\" content=\"P\u00ebrmbledhja\" \/>\n<meta name=\"twitter:card\" content=\"summary_large_image\" \/>\n<meta name=\"twitter:label1\" content=\"Written by\" \/>\n\t<meta name=\"twitter:data1\" content=\"P\u00ebrmbledhja\" \/>\n<script type=\"application\/ld+json\" class=\"yoast-schema-graph\">{\"@context\":\"https:\/\/schema.org\",\"@graph\":[{\"@type\":\"Article\",\"@id\":\"https:\/\/permbledhja.com\/sq\/policia-e-kosoves-mbyll-operacionin-ne-leposaviq-mesohet-cka-eshte-sekuestruar\/#article\",\"isPartOf\":{\"@id\":\"https:\/\/permbledhja.com\/sq\/policia-e-kosoves-mbyll-operacionin-ne-leposaviq-mesohet-cka-eshte-sekuestruar\/\"},\"author\":{\"name\":\"P\u00ebrmbledhja\",\"@id\":\"https:\/\/permbledhja.com\/#\/schema\/person\/0d064377258d3221e50693947b9eb4fe\"},\"headline\":\"Policia e Kosov\u00ebs mbyll operacionin n\u00eb Leposaviq, m\u00ebsohet \u00e7ka \u00ebsht\u00eb sekuestruar\",\"datePublished\":\"2023-10-10T17:34:16+00:00\",\"dateModified\":\"2023-10-10T17:34:16+00:00\",\"mainEntityOfPage\":{\"@id\":\"https:\/\/permbledhja.com\/sq\/policia-e-kosoves-mbyll-operacionin-ne-leposaviq-mesohet-cka-eshte-sekuestruar\/\"},\"wordCount\":98,\"publisher\":{\"@id\":\"https:\/\/permbledhja.com\/#organization\"},\"keywords\":[\"Policia e Kosov\u00ebs\"],\"articleSection\":[\"Kryesoret\"],\"inLanguage\":\"sq\"},{\"@type\":\"WebPage\",\"@id\":\"https:\/\/permbledhja.com\/sq\/policia-e-kosoves-mbyll-operacionin-ne-leposaviq-mesohet-cka-eshte-sekuestruar\/\",\"url\":\"https:\/\/permbledhja.com\/sq\/policia-e-kosoves-mbyll-operacionin-ne-leposaviq-mesohet-cka-eshte-sekuestruar\/\",\"name\":\"Policia e Kosov\u00ebs mbyll operacionin n\u00eb Leposaviq, m\u00ebsohet \u00e7ka \u00ebsht\u00eb sekuestruar\",\"isPartOf\":{\"@id\":\"https:\/\/permbledhja.com\/#website\"},\"datePublished\":\"2023-10-10T17:34:16+00:00\",\"dateModified\":\"2023-10-10T17:34:16+00:00\",\"breadcrumb\":{\"@id\":\"https:\/\/permbledhja.com\/sq\/policia-e-kosoves-mbyll-operacionin-ne-leposaviq-mesohet-cka-eshte-sekuestruar\/#breadcrumb\"},\"inLanguage\":\"sq\",\"potentialAction\":[{\"@type\":\"ReadAction\",\"target\":[\"https:\/\/permbledhja.com\/sq\/policia-e-kosoves-mbyll-operacionin-ne-leposaviq-mesohet-cka-eshte-sekuestruar\/\"]}]},{\"@type\":\"BreadcrumbList\",\"@id\":\"https:\/\/permbledhja.com\/sq\/policia-e-kosoves-mbyll-operacionin-ne-leposaviq-mesohet-cka-eshte-sekuestruar\/#breadcrumb\",\"itemListElement\":[{\"@type\":\"ListItem\",\"position\":1,\"name\":\"Ballina\",\"item\":\"https:\/\/permbledhja.com\/sq\/\"},{\"@type\":\"ListItem\",\"position\":2,\"name\":\"Policia e Kosov\u00ebs mbyll operacionin n\u00eb Leposaviq, m\u00ebsohet \u00e7ka \u00ebsht\u00eb sekuestruar\"}]},{\"@type\":\"WebSite\",\"@id\":\"https:\/\/permbledhja.com\/#website\",\"url\":\"https:\/\/permbledhja.com\/\",\"name\":\"Ve\u00e7 artikuj p\u00ebrmbledh\u00ebs\",\"description\":\"\",\"publisher\":{\"@id\":\"https:\/\/permbledhja.com\/#organization\"},\"potentialAction\":[{\"@type\":\"SearchAction\",\"target\":{\"@type\":\"EntryPoint\",\"urlTemplate\":\"https:\/\/permbledhja.com\/?s={search_term_string}\"},\"query-input\":\"required name=search_term_string\"}],\"inLanguage\":\"sq\"},{\"@type\":\"Organization\",\"@id\":\"https:\/\/permbledhja.com\/#organization\",\"name\":\"MK Media & Pr\",\"url\":\"https:\/\/permbledhja.com\/\",\"logo\":{\"@type\":\"ImageObject\",\"inLanguage\":\"sq\",\"@id\":\"https:\/\/permbledhja.com\/#\/schema\/logo\/image\/\",\"url\":\"https:\/\/permbledhja.com\/wp-content\/uploads\/2021\/12\/07-Press-Logo.jpg\",\"contentUrl\":\"https:\/\/permbledhja.com\/wp-content\/uploads\/2021\/12\/07-Press-Logo.jpg\",\"width\":512,\"height\":512,\"caption\":\"MK Media & Pr\"},\"image\":{\"@id\":\"https:\/\/permbledhja.com\/#\/schema\/logo\/image\/\"},\"sameAs\":[\"https:\/\/www.facebook.com\/press07\/\"]},{\"@type\":\"Person\",\"@id\":\"https:\/\/permbledhja.com\/#\/schema\/person\/0d064377258d3221e50693947b9eb4fe\",\"name\":\"P\u00ebrmbledhja\",\"image\":{\"@type\":\"ImageObject\",\"inLanguage\":\"sq\",\"@id\":\"https:\/\/permbledhja.com\/#\/schema\/person\/image\/\",\"url\":\"https:\/\/permbledhja.com\/wp-content\/uploads\/2026\/01\/452004717_1040944174702970_8932037511805513407_n-96x96.jpg\",\"contentUrl\":\"https:\/\/permbledhja.com\/wp-content\/uploads\/2026\/01\/452004717_1040944174702970_8932037511805513407_n-96x96.jpg\",\"caption\":\"P\u00ebrmbledhja\"},\"sameAs\":[\"https:\/\/www.facebook.com\/kafexhiu.muharrem\/\",\"https:\/\/www.instagram.com\/muharrem_kafexhiu\/\"],\"url\":\"https:\/\/permbledhja.com\/sq\/author\/admin\/\"}]}<\/script>\n<!-- \/ Yoast SEO plugin. -->","yoast_head_json":{"title":"Policia e Kosov\u00ebs mbyll operacionin n\u00eb Leposaviq, m\u00ebsohet \u00e7ka \u00ebsht\u00eb sekuestruar","robots":{"index":"index","follow":"follow","max-snippet":"max-snippet:-1","max-image-preview":"max-image-preview:large","max-video-preview":"max-video-preview:-1"},"canonical":"https:\/\/permbledhja.com\/sq\/policia-e-kosoves-mbyll-operacionin-ne-leposaviq-mesohet-cka-eshte-sekuestruar\/","og_locale":"sq_AL","og_type":"article","og_title":"Policia e Kosov\u00ebs mbyll operacionin n\u00eb Leposaviq, m\u00ebsohet \u00e7ka \u00ebsht\u00eb sekuestruar","og_description":"\u00cbsht\u00eb mbyllur tashm\u00eb operacioni n\u00eb Leposaviq. K\u00ebt\u00eb e konfirmoi edhe z\u00ebvend\u00ebs-drejtori i policis\u00eb p\u00ebr rajonin e veriut, Veton Elshani. Elshani shtoi se nuk kan\u00eb gjetur arm\u00eb, por kumtoi se kan\u00eb sekuestruar tri vetura. K\u00ebto vetura jan\u00eb n\u00eb pron\u00ebsi t\u00eb komun\u00ebs s\u00eb Leposaiviqit. \u201cPolicia ka zhvilluar bastisje p\u00ebr dyshimet lidhur me arm\u00eb. T\u00eb nj\u00ebjtat nuk jan\u00eb [&hellip;]","og_url":"https:\/\/permbledhja.com\/sq\/policia-e-kosoves-mbyll-operacionin-ne-leposaviq-mesohet-cka-eshte-sekuestruar\/","og_site_name":"Ve\u00e7 artikuj p\u00ebrmbledh\u00ebs","article_publisher":"https:\/\/www.facebook.com\/press07\/","article_author":"https:\/\/www.facebook.com\/kafexhiu.muharrem\/","article_published_time":"2023-10-10T17:34:16+00:00","og_image":[{"width":646,"height":359,"url":"https:\/\/permbledhja.com\/wp-content\/uploads\/2023\/10\/policia-1.png","type":"image\/png"}],"author":"P\u00ebrmbledhja","twitter_card":"summary_large_image","twitter_misc":{"Written by":"P\u00ebrmbledhja"},"schema":{"@context":"https:\/\/schema.org","@graph":[{"@type":"Article","@id":"https:\/\/permbledhja.com\/sq\/policia-e-kosoves-mbyll-operacionin-ne-leposaviq-mesohet-cka-eshte-sekuestruar\/#article","isPartOf":{"@id":"https:\/\/permbledhja.com\/sq\/policia-e-kosoves-mbyll-operacionin-ne-leposaviq-mesohet-cka-eshte-sekuestruar\/"},"author":{"name":"P\u00ebrmbledhja","@id":"https:\/\/permbledhja.com\/#\/schema\/person\/0d064377258d3221e50693947b9eb4fe"},"headline":"Policia e Kosov\u00ebs mbyll operacionin n\u00eb Leposaviq, m\u00ebsohet \u00e7ka \u00ebsht\u00eb sekuestruar","datePublished":"2023-10-10T17:34:16+00:00","dateModified":"2023-10-10T17:34:16+00:00","mainEntityOfPage":{"@id":"https:\/\/permbledhja.com\/sq\/policia-e-kosoves-mbyll-operacionin-ne-leposaviq-mesohet-cka-eshte-sekuestruar\/"},"wordCount":98,"publisher":{"@id":"https:\/\/permbledhja.com\/#organization"},"keywords":["Policia e Kosov\u00ebs"],"articleSection":["Kryesoret"],"inLanguage":"sq"},{"@type":"WebPage","@id":"https:\/\/permbledhja.com\/sq\/policia-e-kosoves-mbyll-operacionin-ne-leposaviq-mesohet-cka-eshte-sekuestruar\/","url":"https:\/\/permbledhja.com\/sq\/policia-e-kosoves-mbyll-operacionin-ne-leposaviq-mesohet-cka-eshte-sekuestruar\/","name":"Policia e Kosov\u00ebs mbyll operacionin n\u00eb Leposaviq, m\u00ebsohet \u00e7ka \u00ebsht\u00eb sekuestruar","isPartOf":{"@id":"https:\/\/permbledhja.com\/#website"},"datePublished":"2023-10-10T17:34:16+00:00","dateModified":"2023-10-10T17:34:16+00:00","breadcrumb":{"@id":"https:\/\/permbledhja.com\/sq\/policia-e-kosoves-mbyll-operacionin-ne-leposaviq-mesohet-cka-eshte-sekuestruar\/#breadcrumb"},"inLanguage":"sq","potentialAction":[{"@type":"ReadAction","target":["https:\/\/permbledhja.com\/sq\/policia-e-kosoves-mbyll-operacionin-ne-leposaviq-mesohet-cka-eshte-sekuestruar\/"]}]},{"@type":"BreadcrumbList","@id":"https:\/\/permbledhja.com\/sq\/policia-e-kosoves-mbyll-operacionin-ne-leposaviq-mesohet-cka-eshte-sekuestruar\/#breadcrumb","itemListElement":[{"@type":"ListItem","position":1,"name":"Ballina","item":"https:\/\/permbledhja.com\/sq\/"},{"@type":"ListItem","position":2,"name":"Policia e Kosov\u00ebs mbyll operacionin n\u00eb Leposaviq, m\u00ebsohet \u00e7ka \u00ebsht\u00eb sekuestruar"}]},{"@type":"WebSite","@id":"https:\/\/permbledhja.com\/#website","url":"https:\/\/permbledhja.com\/","name":"Ve\u00e7 artikuj p\u00ebrmbledh\u00ebs","description":"","publisher":{"@id":"https:\/\/permbledhja.com\/#organization"},"potentialAction":[{"@type":"SearchAction","target":{"@type":"EntryPoint","urlTemplate":"https:\/\/permbledhja.com\/?s={search_term_string}"},"query-input":"required name=search_term_string"}],"inLanguage":"sq"},{"@type":"Organization","@id":"https:\/\/permbledhja.com\/#organization","name":"MK Media & Pr","url":"https:\/\/permbledhja.com\/","logo":{"@type":"ImageObject","inLanguage":"sq","@id":"https:\/\/permbledhja.com\/#\/schema\/logo\/image\/","url":"https:\/\/permbledhja.com\/wp-content\/uploads\/2021\/12\/07-Press-Logo.jpg","contentUrl":"https:\/\/permbledhja.com\/wp-content\/uploads\/2021\/12\/07-Press-Logo.jpg","width":512,"height":512,"caption":"MK Media & Pr"},"image":{"@id":"https:\/\/permbledhja.com\/#\/schema\/logo\/image\/"},"sameAs":["https:\/\/www.facebook.com\/press07\/"]},{"@type":"Person","@id":"https:\/\/permbledhja.com\/#\/schema\/person\/0d064377258d3221e50693947b9eb4fe","name":"P\u00ebrmbledhja","image":{"@type":"ImageObject","inLanguage":"sq","@id":"https:\/\/permbledhja.com\/#\/schema\/person\/image\/","url":"https:\/\/permbledhja.com\/wp-content\/uploads\/2026\/01\/452004717_1040944174702970_8932037511805513407_n-96x96.jpg","contentUrl":"https:\/\/permbledhja.com\/wp-content\/uploads\/2026\/01\/452004717_1040944174702970_8932037511805513407_n-96x96.jpg","caption":"P\u00ebrmbledhja"},"sameAs":["https:\/\/www.facebook.com\/kafexhiu.muharrem\/","https:\/\/www.instagram.com\/muharrem_kafexhiu\/"],"url":"https:\/\/permbledhja.com\/sq\/author\/admin\/"}]}},"_links":{"self":[{"href":"https:\/\/permbledhja.com\/sq\/wp-json\/wp\/v2\/posts\/30847"}],"collection":[{"href":"https:\/\/permbledhja.com\/sq\/wp-json\/wp\/v2\/posts"}],"about":[{"href":"https:\/\/permbledhja.com\/sq\/wp-json\/wp\/v2\/types\/post"}],"author":[{"embeddable":true,"href":"https:\/\/permbledhja.com\/sq\/wp-json\/wp\/v2\/users\/1"}],"replies":[{"embeddable":true,"href":"https:\/\/permbledhja.com\/sq\/wp-json\/wp\/v2\/comments?post=30847"}],"version-history":[{"count":1,"href":"https:\/\/permbledhja.com\/sq\/wp-json\/wp\/v2\/posts\/30847\/revisions"}],"predecessor-version":[{"id":30849,"href":"https:\/\/permbledhja.com\/sq\/wp-json\/wp\/v2\/posts\/30847\/revisions\/30849"}],"wp:featuredmedia":[{"embeddable":true,"href":"https:\/\/permbledhja.com\/sq\/wp-json\/wp\/v2\/media\/30848"}],"wp:attachment":[{"href":"https:\/\/permbledhja.com\/sq\/wp-json\/wp\/v2\/media?parent=30847"}],"wp:term":[{"taxonomy":"category","embeddable":true,"href":"https:\/\/permbledhja.com\/sq\/wp-json\/wp\/v2\/categories?post=30847"},{"taxonomy":"post_tag","embeddable":true,"href":"https:\/\/permbledhja.com\/sq\/wp-json\/wp\/v2\/tags?post=30847"}],"curies":[{"name":"wp","href":"https:\/\/api.w.org\/{rel}","templated":true}]}}