{"id":30441,"date":"2023-10-09T06:54:56","date_gmt":"2023-10-09T06:54:56","guid":{"rendered":"https:\/\/permbledhja.com\/?p=30441"},"modified":"2023-10-09T06:54:56","modified_gmt":"2023-10-09T06:54:56","slug":"si-u-vodhen-2-milione-euro-nga-buxheti-i-kosoves","status":"publish","type":"post","link":"https:\/\/permbledhja.com\/sq\/si-u-vodhen-2-milione-euro-nga-buxheti-i-kosoves\/","title":{"rendered":"Si u vodh\u00ebn 2 milion\u00eb euro nga buxheti i Kosov\u00ebs"},"content":{"rendered":"<h3>Kosova ishte trazuar nga lajmi se nj\u00eb pun\u00ebtor i Thesarit t\u00eb Kosov\u00ebs dyshohet se p\u00ebrmes kat\u00ebr transaksioneve t\u00eb ndryshme, ka b\u00ebr\u00eb transferimin e mbi 2 milion\u00eb eurove t\u00eb buxhetit n\u00eb llogari t\u00eb nj\u00eb kompanie private, LDA Group Shpk.<\/h3>\n<p>N\u00eb aktakuz\u00eb theksohej se m\u00eb 9 tetor t\u00eb vitit 2020, Kadri Shala, si person p\u00ebrgjegj\u00ebs i kompanis\u00eb \u201cLDA GROUP SHPK\u201d i ka mund\u00ebsuar Labinot Grud\u00ebs, zyrtar n\u00eb Ministrin\u00eb e Financave, q\u00eb parat\u00eb nga Thesari i Shtetit n\u00eb vler\u00eb t\u00eb 2 milion\u00eb e 77 mij\u00eb e 995 eurove e 90 cent\u00eb t\u00eb transferohen n\u00eb t\u00eb nj\u00ebjt\u00ebn kompani n\u00eb m\u00ebnyr\u00eb t\u00eb kund\u00ebrligjshme.<\/p>\n<p>Gjykata e Prishtin\u00ebs m\u00eb 07.12.2022, kishte shpallur fajtor\u00eb Labinot Grud\u00ebn dhe Kadri Shal\u00ebn, t\u00eb akuzuar p\u00ebr vjedhjen e 2 milion\u00eb eurove nga Thesari i Shtetit.Gjykata e d\u00ebnoi Labinot Grud\u00ebn me d\u00ebnim unik, d\u00ebnim me burg n\u00eb koh\u00ebzgjatje prej 11 viteve dhe d\u00ebnim me gjob\u00eb n\u00eb vler\u00ebn 8500 euro.Po ashtu i shqiptoi d\u00ebnimin plot\u00ebsues me t\u00eb cilin ia ndalon ushtrimin e pun\u00ebve n\u00eb funksion publik.Nd\u00ebrsa, t\u00eb pandehurin Kadri Shala gjykata e d\u00ebnoi me d\u00ebnim unik, d\u00ebnim me burg n\u00eb koh\u00ebzgjatje prej 10 viteve dhe d\u00ebnim me gjob\u00eb n\u00eb vler\u00eb 33 mij\u00eb euro.<\/p>\n<p>Gjykata n\u00eb shpallje t\u00eb vendimit njoftoi se e t\u00ebr\u00eb pasuria e fituar n\u00eb m\u00ebnyr\u00eb t\u00eb kund\u00ebrligjshme \u00ebsht\u00eb konfiskuar.Kujtojm\u00eb se Labinot Gruda pati pranuar faj\u00ebsin\u00eb p\u00ebr vepr\u00ebn q\u00eb Prokuroria ia v\u00eb n\u00eb barr\u00eb, mir\u00ebpo gjykata e kishte refuzuar pranimin e faj\u00ebsis\u00eb.<\/p>\n<p>Nd\u00ebrsa, Kadri Shala kishte negociuar me Prokurorin\u00eb p\u00ebr marr\u00ebveshje p\u00ebr pranimin e faj\u00ebsis\u00eb mir\u00ebpo nuk pat\u00ebn arritur nj\u00eb t\u00eb till\u00eb.<\/p>\n<p>Prokuroria Speciale e Republik\u00ebs s\u00eb Kosov\u00ebs (PSRK), kishte ngritur aktakuz\u00eb n\u00eb Gjykat\u00ebn Themelore n\u00eb Prishtin\u00eb \u2013 Departamenti Special, kund\u00ebr t\u00eb pandehurve Labionot Gruda dhe Kadri Shala.<\/p>\n<p>Sipas prokuroris\u00eb, i pandehuri Labinot Gruda akuzohet p\u00ebr veprat penale \u201cKeqp\u00ebrdorim i pozit\u00ebs apo autoritetit zyrtar\u2019\u2019, \u201cVjedhja e identitetit dhe pajisja e qasjes\u2019\u2019 si dhe \u201cShp\u00eblarje e paras\u00eb\u2019\u2019 n\u00eb bashk\u00ebkryerje me t\u00eb pandehurin Kadri Shal\u00ebn.<\/p>\n<p>Nd\u00ebrkaq, ndaj t\u00eb pandehurit me inicialet Kadri Shala \u00ebsht\u00eb ngritur aktakuza p\u00ebr shkak t\u00eb veprave penale \u201cShp\u00eblarje e paras\u00eb\u2019\u2019 nga neni 308 t\u00eb KPRK-s\u00eb, lidhur me nenin 56 t\u00eb Ligjit p\u00ebr Parandalimin e Shp\u00eblarjes se Paras\u00eb dhe Financimin e Terrorizmit, n\u00eb bashk\u00ebveprim me t\u00eb pandehurin Labinot Gruda dhe p\u00ebr vepr\u00ebn penale \u2018\u2019Ndihma\u2019\u2019 nga neni 33 paragrafi 2 lidhur me paragrafin 1 t\u00eb KPRK-s\u00eb, n\u00eb nd\u00ebrlidhje me vepr\u00ebn penale \u201cKeqp\u00ebrdorimi i pozit\u00ebs apo autoritetit zyrtar\u2019\u2019 nga neni 414 t\u00eb KPRK-s\u00eb.<\/p>\n<p>Prokuroria Speciale njofton se si pasoj\u00eb e veprimeve inkriminuese t\u00eb t\u00eb pandehurve L.G dhe K.SH, buxhetit t\u00eb Republik\u00ebs s\u00eb Kosov\u00ebs i \u00ebsht\u00eb shkaktuar d\u00ebm n\u00eb vler\u00eb prej dy milion e shtat\u00ebdhjet\u00eb e shtat\u00eb mij\u00eb e n\u00ebnt\u00ebqind e n\u00ebnt\u00ebdhjet\u00eb e pes\u00eb euro e n\u00ebnt\u00ebdhjet\u00eb cent (2,077,995.90) euro.<\/p>\n<p>Lidhur me k\u00ebt\u00eb, Prokuroria ka k\u00ebrkuar konfiskimin e kat\u00ebr (4) veturave t\u00eb cilat jan\u00eb rrjedhoj\u00eb e k\u00ebtij aktiviteti kriminal, shum\u00ebn e t\u00eb hollave t\u00eb cilat jan\u00eb ngrir\u00eb me urdh\u00ebr t\u00eb gjykat\u00ebs.<\/p>\n<p>Po ashtu nga ana e t\u00eb pandehurve sipas prokuroris\u00eb do t\u00eb b\u00ebhet kompensimi i humbjes apo d\u00ebmit t\u00eb shkaktuar Buxhetit t\u00eb Republik\u00ebs s\u00eb Kosov\u00ebs, deri n\u00eb p\u00ebrmbushjen e vler\u00ebs s\u00eb d\u00ebmit t\u00eb shkaktuar si rezultat i veprave penale, ose n\u00eb t\u00eb kund\u00ebrt\u00ebn, gjykata lidhur me k\u00ebt\u00eb t\u00eb konfiskoj\u00eb \u00e7do pasuri t\u00eb t\u00eb pandehurve deri n\u00eb kompensimin e plot\u00eb t\u00eb d\u00ebmit t\u00eb shkaktuar buxhetit t\u00eb Republik\u00ebs s\u00eb Kosov\u00ebs.<\/p>\n<p>Ministrja e Financave n\u00eb Qeverin\u00eb e Kosov\u00ebs, Hykmete Bajrami, gjat\u00eb nj\u00eb raportimi t\u00eb dit\u00ebs s\u00eb enjte para Komisionit Parlamentar p\u00ebr Mbik\u00ebqyrjen e Financave Publike, \u00ebsht\u00eb shprehur se transferimi i mbi dy milion\u00eb eurove nga Thesari i Kosov\u00ebs n\u00eb llogarin\u00eb e nj\u00eb kompanie private \u00ebsht\u00eb realizuar p\u00ebrmes nj\u00eb krimi kibernetik.<\/p>\n<p>\u201cPas tre minutave q\u00eb jam informuar, menj\u00ebher\u00eb e kemi denoncuar rastin n\u00eb Polici. Ky \u00ebsht\u00eb krim ekonomik i realizuar p\u00ebrmes nj\u00eb krimi t\u00eb thell\u00eb kibernetik, ku jan\u00eb b\u00ebr\u00eb qasje t\u00eb paautorizuara, jan\u00eb tejkaluar autorizimet ligjore, \u00ebsht\u00eb b\u00ebr\u00eb keqp\u00ebrdorim i detyr\u00ebs zyrtare dhe jan\u00eb thyer pass\u00ebordet (fjal\u00ebkalimet)\u201d, tha Bajrami.<\/p>\n<p>Si u transferuan parat\u00eb?<\/p>\n<p>Struktura e transferimit t\u00eb mjeteve financiare t\u00eb buxhetit t\u00eb Kosov\u00ebs \u00ebsht\u00eb e shp\u00ebrndar\u00eb n\u00eb disa zyrtar\u00eb, me hallka t\u00eb shumta t\u00eb kontrollit, kurse ka zyrtar\u00eb q\u00eb kan\u00eb kompetenca m\u00eb specifike. P\u00ebrgjegj\u00ebsit\u00eb dhe menaxhimi i mjeteve financiare, n\u00eb faqen zyrtare t\u00eb Ministris\u00eb se Financave, n\u00eb kuad\u00ebr t\u00eb se cil\u00ebs funksionon Thesari i Kosov\u00ebs, jan\u00eb t\u00eb publikuara n\u00eb Procedurat p\u00ebr Menaxhimin e qasjes s\u00eb p\u00ebrdorueseve n\u00eb Sistemin Informativ t\u00eb Menaxhimit t\u00eb Financave t\u00eb Kosov\u00ebs, i quajtur me shkurtes\u00ebn SIMFK.<\/p>\n<p>N\u00eb k\u00ebt\u00eb sistem, p\u00ebrve\u00e7 punonj\u00ebsve t\u00eb Thesarit, t\u00eb drejt\u00eb t\u00eb qasjes kan\u00eb edhe punonj\u00ebs t\u00eb organizatave buxhetore, q\u00eb caktohet nga organizatat p\u00ebrkat\u00ebse, por vet\u00ebm pasi t\u00eb kaluar procesin e trajnimit dhe certifikimin p\u00ebr modulin p\u00ebrkat\u00ebs.<\/p>\n<p>N\u00ebn organizata buxhetore hyjn\u00eb ministrit\u00eb dhe agjencit\u00eb e ndryshme t\u00eb shtetit. P\u00ebrdoruesit e sistemit vazhdimisht monitorohen.<\/p>\n<p>P\u00ebrdoruesi i k\u00ebtij sistemi n\u00eb momentin q\u00eb pranon k\u00ebrkes\u00ebn e aprovuar nga Thesari p\u00ebr qasje n\u00eb SIMFK, e b\u00ebn regjistrimin, i caktohet ID e p\u00ebrdoruesit, fjal\u00ebkalimi, klasa funksionale dhe grupi i siguris\u00eb.<\/p>\n<p>Numri identifikues dhe fjal\u00ebkalimi i jepet vet\u00ebm shfryt\u00ebzuesit. Klasat funksionale, e q\u00eb jan\u00eb 33 t\u00eb tilla, p\u00ebrcaktojn\u00eb qasjen n\u00eb funksione t\u00eb caktuara p\u00ebr p\u00ebrdoruesit, sipas p\u00ebrgjegj\u00ebsive q\u00eb ka. Nga k\u00ebto klasa, qasje n\u00eb t\u00eb gjitha funksionet dhe modulet e sistemit mund t\u00eb ket\u00eb vet\u00ebm udh\u00ebheq\u00ebsi i Divizionit p\u00ebr Menaxhim dhe kontroll t\u00eb brendsh\u00ebm dhe analist\u00eb funksional\u00eb, si dhe ndonj\u00eb zyrtar alternativ me autorizim t\u00eb z\u00ebvend\u00ebsdrejtorit t\u00eb operimeve.<\/p>\n<p>N\u00eb klasat e tjera, kan\u00eb t\u00eb drejt\u00eb t\u00eb ken\u00eb qasje vet\u00ebm zyrtar\u00ebt e organizatave buxhetore, zyrtar\u00eb t\u00eb regjistrimit t\u00eb pasurive, zyrtar\u00ebt zotues p\u00ebr k\u00ebrkesa p\u00ebr blerje etj.<\/p>\n<p>Por, t\u00eb gjith\u00eb k\u00ebta persona zyrtar\u00eb kan\u00eb kode dhe fjal\u00ebkalime t\u00eb ndryshme p\u00ebr t\u00eb realizuar transfertat. Kurse n\u00eb Divizionin e pagesave n\u00eb Thesar, t\u00eb drejt\u00eb kan\u00eb vet\u00ebm pun\u00ebtor\u00ebt e Thesarit. \u00c7do regjistrim i transfertave n\u00eb fund t\u00eb dit\u00ebs duhet t\u00eb verifikohet, ku personi q\u00eb ka p\u00ebrgjegj\u00ebsi p\u00ebr t\u00eb realizuar transferte, vazhdimisht duhet t\u00eb jet\u00eb i monitoruar, i kontrolluar nga zyrtar\u00ebt e tjer\u00eb.<\/p>\n<p>N\u00eb baz\u00eb t\u00eb pro\u00e7edurave, \u00e7do regjistrim i transfertave n\u00eb fund t\u00eb dit\u00ebs duhet t\u00eb verifikohen, kryesisht shumat e m\u00ebdha t\u00eb mjeteve. Nevojitet edhe t\u00eb kontaktohen organizatat buxhetore dhe t\u00eb pyeten se a kan\u00eb realizuar vler\u00ebn e caktuar t\u00eb pages\u00ebs.<\/p>\n<p>Monitorimin e transferave t\u00eb mjeteve e realizon nj\u00eb tjet\u00ebr Departament, q\u00eb kompleton dosjen e pagesave t\u00eb t\u00eb gjitha organizatave buxhetore.<\/p>\n<p>Monitorimi i p\u00ebrdorueseve t\u00eb SIMFK-s\u00eb<\/p>\n<p>N\u00eb rastin kur Nj\u00ebsia e Monitorimit konstaton se p\u00ebrdoruesi b\u00ebn gabime sistematike gjat\u00eb regjistrimit t\u00eb transaksioneve n\u00eb SIMFK, Thesari nd\u00ebrmerr masa duke filluar me v\u00ebrejtje, pezullim i p\u00ebrkohsh\u00ebm i qasjes, deri tek marrja e \u00e7ertifikat\u00ebs p\u00ebr SIMFK t\u00eb l\u00ebshuar nga Thesari. N\u00eb k\u00ebto raste, p\u00ebr rimarrjen e qasjes, do t\u00eb iniciohet pro\u00e7edura nga fillimi si edhe p\u00ebr p\u00ebrdoruesit e rinj, ku n\u00ebse organizata buxhetore ende konsideron se ai zyrtar financiar mund ta kryej\u00eb at\u00eb rol.<\/p>\n<p>&nbsp;<\/p>\n<div id=\"aswift_3_host\" tabindex=\"0\" title=\"Advertisement\" aria-label=\"Advertisement\"><\/div>\n<p>&nbsp;<\/p>\n","protected":false},"excerpt":{"rendered":"<p>Kosova ishte trazuar nga lajmi se nj\u00eb pun\u00ebtor i Thesarit t\u00eb Kosov\u00ebs dyshohet se p\u00ebrmes kat\u00ebr transaksioneve t\u00eb ndryshme, ka b\u00ebr\u00eb transferimin e mbi 2 milion\u00eb eurove t\u00eb buxhetit n\u00eb llogari t\u00eb nj\u00eb kompanie private, LDA Group Shpk. N\u00eb aktakuz\u00eb theksohej se m\u00eb 9 tetor t\u00eb vitit 2020, Kadri Shala, si person p\u00ebrgjegj\u00ebs i kompanis\u00eb [&hellip;]<\/p>\n","protected":false},"author":2,"featured_media":30442,"comment_status":"closed","ping_status":"closed","sticky":false,"template":"","format":"standard","meta":{"_monsterinsights_skip_tracking":false,"_monsterinsights_sitenote_active":false,"_monsterinsights_sitenote_note":"","_monsterinsights_sitenote_category":0,"_uf_show_specific_survey":0,"_uf_disable_surveys":false,"footnotes":""},"categories":[15],"tags":[],"yoast_head":"<!-- This site is optimized with the Yoast SEO plugin v21.5 - https:\/\/yoast.com\/wordpress\/plugins\/seo\/ -->\n<title>Si u vodh\u00ebn 2 milion\u00eb euro nga buxheti i Kosov\u00ebs<\/title>\n<meta name=\"robots\" content=\"index, follow, max-snippet:-1, max-image-preview:large, max-video-preview:-1\" \/>\n<link rel=\"canonical\" href=\"https:\/\/permbledhja.com\/sq\/si-u-vodhen-2-milione-euro-nga-buxheti-i-kosoves\/\" \/>\n<meta property=\"og:locale\" content=\"sq_AL\" \/>\n<meta property=\"og:type\" content=\"article\" \/>\n<meta property=\"og:title\" content=\"Si u vodh\u00ebn 2 milion\u00eb euro nga buxheti i Kosov\u00ebs\" \/>\n<meta property=\"og:description\" content=\"Kosova ishte trazuar nga lajmi se nj\u00eb pun\u00ebtor i Thesarit t\u00eb Kosov\u00ebs dyshohet se p\u00ebrmes kat\u00ebr transaksioneve t\u00eb ndryshme, ka b\u00ebr\u00eb transferimin e mbi 2 milion\u00eb eurove t\u00eb buxhetit n\u00eb llogari t\u00eb nj\u00eb kompanie private, LDA Group Shpk. N\u00eb aktakuz\u00eb theksohej se m\u00eb 9 tetor t\u00eb vitit 2020, Kadri Shala, si person p\u00ebrgjegj\u00ebs i kompanis\u00eb [&hellip;]\" \/>\n<meta property=\"og:url\" content=\"https:\/\/permbledhja.com\/sq\/si-u-vodhen-2-milione-euro-nga-buxheti-i-kosoves\/\" \/>\n<meta property=\"og:site_name\" content=\"Ve\u00e7 artikuj p\u00ebrmbledh\u00ebs\" \/>\n<meta property=\"article:publisher\" content=\"https:\/\/www.facebook.com\/press07\/\" \/>\n<meta property=\"article:published_time\" content=\"2023-10-09T06:54:56+00:00\" \/>\n<meta property=\"og:image\" content=\"https:\/\/permbledhja.com\/wp-content\/uploads\/2023\/10\/1-30-600x360-1.jpg\" \/>\n\t<meta property=\"og:image:width\" content=\"600\" \/>\n\t<meta property=\"og:image:height\" content=\"360\" \/>\n\t<meta property=\"og:image:type\" content=\"image\/jpeg\" \/>\n<meta name=\"author\" content=\"M M\" \/>\n<meta name=\"twitter:card\" content=\"summary_large_image\" \/>\n<meta name=\"twitter:label1\" content=\"Written by\" \/>\n\t<meta name=\"twitter:data1\" content=\"M M\" \/>\n\t<meta name=\"twitter:label2\" content=\"Est. reading time\" \/>\n\t<meta name=\"twitter:data2\" content=\"6 minuta\" \/>\n<script type=\"application\/ld+json\" class=\"yoast-schema-graph\">{\"@context\":\"https:\/\/schema.org\",\"@graph\":[{\"@type\":\"Article\",\"@id\":\"https:\/\/permbledhja.com\/si-u-vodhen-2-milione-euro-nga-buxheti-i-kosoves\/#article\",\"isPartOf\":{\"@id\":\"https:\/\/permbledhja.com\/si-u-vodhen-2-milione-euro-nga-buxheti-i-kosoves\/\"},\"author\":{\"name\":\"M M\",\"@id\":\"https:\/\/permbledhja.com\/#\/schema\/person\/d23f13f59b5722643933d6780783acf3\"},\"headline\":\"Si u vodh\u00ebn 2 milion\u00eb euro nga buxheti i Kosov\u00ebs\",\"datePublished\":\"2023-10-09T06:54:56+00:00\",\"dateModified\":\"2023-10-09T06:54:56+00:00\",\"mainEntityOfPage\":{\"@id\":\"https:\/\/permbledhja.com\/si-u-vodhen-2-milione-euro-nga-buxheti-i-kosoves\/\"},\"wordCount\":1286,\"publisher\":{\"@id\":\"https:\/\/permbledhja.com\/#organization\"},\"articleSection\":[\"Lajme\"],\"inLanguage\":\"sq\"},{\"@type\":\"WebPage\",\"@id\":\"https:\/\/permbledhja.com\/si-u-vodhen-2-milione-euro-nga-buxheti-i-kosoves\/\",\"url\":\"https:\/\/permbledhja.com\/si-u-vodhen-2-milione-euro-nga-buxheti-i-kosoves\/\",\"name\":\"Si u vodh\u00ebn 2 milion\u00eb euro nga buxheti i Kosov\u00ebs\",\"isPartOf\":{\"@id\":\"https:\/\/permbledhja.com\/#website\"},\"datePublished\":\"2023-10-09T06:54:56+00:00\",\"dateModified\":\"2023-10-09T06:54:56+00:00\",\"breadcrumb\":{\"@id\":\"https:\/\/permbledhja.com\/si-u-vodhen-2-milione-euro-nga-buxheti-i-kosoves\/#breadcrumb\"},\"inLanguage\":\"sq\",\"potentialAction\":[{\"@type\":\"ReadAction\",\"target\":[\"https:\/\/permbledhja.com\/si-u-vodhen-2-milione-euro-nga-buxheti-i-kosoves\/\"]}]},{\"@type\":\"BreadcrumbList\",\"@id\":\"https:\/\/permbledhja.com\/si-u-vodhen-2-milione-euro-nga-buxheti-i-kosoves\/#breadcrumb\",\"itemListElement\":[{\"@type\":\"ListItem\",\"position\":1,\"name\":\"Ballina\",\"item\":\"https:\/\/permbledhja.com\/sq\/\"},{\"@type\":\"ListItem\",\"position\":2,\"name\":\"Si u vodh\u00ebn 2 milion\u00eb euro nga buxheti i Kosov\u00ebs\"}]},{\"@type\":\"WebSite\",\"@id\":\"https:\/\/permbledhja.com\/#website\",\"url\":\"https:\/\/permbledhja.com\/\",\"name\":\"Ve\u00e7 artikuj p\u00ebrmbledh\u00ebs\",\"description\":\"\",\"publisher\":{\"@id\":\"https:\/\/permbledhja.com\/#organization\"},\"potentialAction\":[{\"@type\":\"SearchAction\",\"target\":{\"@type\":\"EntryPoint\",\"urlTemplate\":\"https:\/\/permbledhja.com\/?s={search_term_string}\"},\"query-input\":\"required name=search_term_string\"}],\"inLanguage\":\"sq\"},{\"@type\":\"Organization\",\"@id\":\"https:\/\/permbledhja.com\/#organization\",\"name\":\"MK Media & Pr\",\"url\":\"https:\/\/permbledhja.com\/\",\"logo\":{\"@type\":\"ImageObject\",\"inLanguage\":\"sq\",\"@id\":\"https:\/\/permbledhja.com\/#\/schema\/logo\/image\/\",\"url\":\"https:\/\/permbledhja.com\/wp-content\/uploads\/2021\/12\/07-Press-Logo.jpg\",\"contentUrl\":\"https:\/\/permbledhja.com\/wp-content\/uploads\/2021\/12\/07-Press-Logo.jpg\",\"width\":512,\"height\":512,\"caption\":\"MK Media & Pr\"},\"image\":{\"@id\":\"https:\/\/permbledhja.com\/#\/schema\/logo\/image\/\"},\"sameAs\":[\"https:\/\/www.facebook.com\/press07\/\"]},{\"@type\":\"Person\",\"@id\":\"https:\/\/permbledhja.com\/#\/schema\/person\/d23f13f59b5722643933d6780783acf3\",\"name\":\"M M\",\"image\":{\"@type\":\"ImageObject\",\"inLanguage\":\"sq\",\"@id\":\"https:\/\/permbledhja.com\/#\/schema\/person\/image\/\",\"url\":\"https:\/\/secure.gravatar.com\/avatar\/e2835a76ca7c31a2416b2d51c4ec9a8f?s=96&d=mm&r=g\",\"contentUrl\":\"https:\/\/secure.gravatar.com\/avatar\/e2835a76ca7c31a2416b2d51c4ec9a8f?s=96&d=mm&r=g\",\"caption\":\"M M\"},\"sameAs\":[\"http:\/\/MM\"],\"url\":\"https:\/\/permbledhja.com\/sq\/author\/muhamet\/\"}]}<\/script>\n<!-- \/ Yoast SEO plugin. -->","yoast_head_json":{"title":"Si u vodh\u00ebn 2 milion\u00eb euro nga buxheti i Kosov\u00ebs","robots":{"index":"index","follow":"follow","max-snippet":"max-snippet:-1","max-image-preview":"max-image-preview:large","max-video-preview":"max-video-preview:-1"},"canonical":"https:\/\/permbledhja.com\/sq\/si-u-vodhen-2-milione-euro-nga-buxheti-i-kosoves\/","og_locale":"sq_AL","og_type":"article","og_title":"Si u vodh\u00ebn 2 milion\u00eb euro nga buxheti i Kosov\u00ebs","og_description":"Kosova ishte trazuar nga lajmi se nj\u00eb pun\u00ebtor i Thesarit t\u00eb Kosov\u00ebs dyshohet se p\u00ebrmes kat\u00ebr transaksioneve t\u00eb ndryshme, ka b\u00ebr\u00eb transferimin e mbi 2 milion\u00eb eurove t\u00eb buxhetit n\u00eb llogari t\u00eb nj\u00eb kompanie private, LDA Group Shpk. N\u00eb aktakuz\u00eb theksohej se m\u00eb 9 tetor t\u00eb vitit 2020, Kadri Shala, si person p\u00ebrgjegj\u00ebs i kompanis\u00eb [&hellip;]","og_url":"https:\/\/permbledhja.com\/sq\/si-u-vodhen-2-milione-euro-nga-buxheti-i-kosoves\/","og_site_name":"Ve\u00e7 artikuj p\u00ebrmbledh\u00ebs","article_publisher":"https:\/\/www.facebook.com\/press07\/","article_published_time":"2023-10-09T06:54:56+00:00","og_image":[{"width":600,"height":360,"url":"https:\/\/permbledhja.com\/wp-content\/uploads\/2023\/10\/1-30-600x360-1.jpg","type":"image\/jpeg"}],"author":"M M","twitter_card":"summary_large_image","twitter_misc":{"Written by":"M M","Est. reading time":"6 minuta"},"schema":{"@context":"https:\/\/schema.org","@graph":[{"@type":"Article","@id":"https:\/\/permbledhja.com\/si-u-vodhen-2-milione-euro-nga-buxheti-i-kosoves\/#article","isPartOf":{"@id":"https:\/\/permbledhja.com\/si-u-vodhen-2-milione-euro-nga-buxheti-i-kosoves\/"},"author":{"name":"M M","@id":"https:\/\/permbledhja.com\/#\/schema\/person\/d23f13f59b5722643933d6780783acf3"},"headline":"Si u vodh\u00ebn 2 milion\u00eb euro nga buxheti i Kosov\u00ebs","datePublished":"2023-10-09T06:54:56+00:00","dateModified":"2023-10-09T06:54:56+00:00","mainEntityOfPage":{"@id":"https:\/\/permbledhja.com\/si-u-vodhen-2-milione-euro-nga-buxheti-i-kosoves\/"},"wordCount":1286,"publisher":{"@id":"https:\/\/permbledhja.com\/#organization"},"articleSection":["Lajme"],"inLanguage":"sq"},{"@type":"WebPage","@id":"https:\/\/permbledhja.com\/si-u-vodhen-2-milione-euro-nga-buxheti-i-kosoves\/","url":"https:\/\/permbledhja.com\/si-u-vodhen-2-milione-euro-nga-buxheti-i-kosoves\/","name":"Si u vodh\u00ebn 2 milion\u00eb euro nga buxheti i Kosov\u00ebs","isPartOf":{"@id":"https:\/\/permbledhja.com\/#website"},"datePublished":"2023-10-09T06:54:56+00:00","dateModified":"2023-10-09T06:54:56+00:00","breadcrumb":{"@id":"https:\/\/permbledhja.com\/si-u-vodhen-2-milione-euro-nga-buxheti-i-kosoves\/#breadcrumb"},"inLanguage":"sq","potentialAction":[{"@type":"ReadAction","target":["https:\/\/permbledhja.com\/si-u-vodhen-2-milione-euro-nga-buxheti-i-kosoves\/"]}]},{"@type":"BreadcrumbList","@id":"https:\/\/permbledhja.com\/si-u-vodhen-2-milione-euro-nga-buxheti-i-kosoves\/#breadcrumb","itemListElement":[{"@type":"ListItem","position":1,"name":"Ballina","item":"https:\/\/permbledhja.com\/sq\/"},{"@type":"ListItem","position":2,"name":"Si u vodh\u00ebn 2 milion\u00eb euro nga buxheti i Kosov\u00ebs"}]},{"@type":"WebSite","@id":"https:\/\/permbledhja.com\/#website","url":"https:\/\/permbledhja.com\/","name":"Ve\u00e7 artikuj p\u00ebrmbledh\u00ebs","description":"","publisher":{"@id":"https:\/\/permbledhja.com\/#organization"},"potentialAction":[{"@type":"SearchAction","target":{"@type":"EntryPoint","urlTemplate":"https:\/\/permbledhja.com\/?s={search_term_string}"},"query-input":"required name=search_term_string"}],"inLanguage":"sq"},{"@type":"Organization","@id":"https:\/\/permbledhja.com\/#organization","name":"MK Media & Pr","url":"https:\/\/permbledhja.com\/","logo":{"@type":"ImageObject","inLanguage":"sq","@id":"https:\/\/permbledhja.com\/#\/schema\/logo\/image\/","url":"https:\/\/permbledhja.com\/wp-content\/uploads\/2021\/12\/07-Press-Logo.jpg","contentUrl":"https:\/\/permbledhja.com\/wp-content\/uploads\/2021\/12\/07-Press-Logo.jpg","width":512,"height":512,"caption":"MK Media & Pr"},"image":{"@id":"https:\/\/permbledhja.com\/#\/schema\/logo\/image\/"},"sameAs":["https:\/\/www.facebook.com\/press07\/"]},{"@type":"Person","@id":"https:\/\/permbledhja.com\/#\/schema\/person\/d23f13f59b5722643933d6780783acf3","name":"M M","image":{"@type":"ImageObject","inLanguage":"sq","@id":"https:\/\/permbledhja.com\/#\/schema\/person\/image\/","url":"https:\/\/secure.gravatar.com\/avatar\/e2835a76ca7c31a2416b2d51c4ec9a8f?s=96&d=mm&r=g","contentUrl":"https:\/\/secure.gravatar.com\/avatar\/e2835a76ca7c31a2416b2d51c4ec9a8f?s=96&d=mm&r=g","caption":"M M"},"sameAs":["http:\/\/MM"],"url":"https:\/\/permbledhja.com\/sq\/author\/muhamet\/"}]}},"_links":{"self":[{"href":"https:\/\/permbledhja.com\/sq\/wp-json\/wp\/v2\/posts\/30441"}],"collection":[{"href":"https:\/\/permbledhja.com\/sq\/wp-json\/wp\/v2\/posts"}],"about":[{"href":"https:\/\/permbledhja.com\/sq\/wp-json\/wp\/v2\/types\/post"}],"author":[{"embeddable":true,"href":"https:\/\/permbledhja.com\/sq\/wp-json\/wp\/v2\/users\/2"}],"replies":[{"embeddable":true,"href":"https:\/\/permbledhja.com\/sq\/wp-json\/wp\/v2\/comments?post=30441"}],"version-history":[{"count":1,"href":"https:\/\/permbledhja.com\/sq\/wp-json\/wp\/v2\/posts\/30441\/revisions"}],"predecessor-version":[{"id":30443,"href":"https:\/\/permbledhja.com\/sq\/wp-json\/wp\/v2\/posts\/30441\/revisions\/30443"}],"wp:featuredmedia":[{"embeddable":true,"href":"https:\/\/permbledhja.com\/sq\/wp-json\/wp\/v2\/media\/30442"}],"wp:attachment":[{"href":"https:\/\/permbledhja.com\/sq\/wp-json\/wp\/v2\/media?parent=30441"}],"wp:term":[{"taxonomy":"category","embeddable":true,"href":"https:\/\/permbledhja.com\/sq\/wp-json\/wp\/v2\/categories?post=30441"},{"taxonomy":"post_tag","embeddable":true,"href":"https:\/\/permbledhja.com\/sq\/wp-json\/wp\/v2\/tags?post=30441"}],"curies":[{"name":"wp","href":"https:\/\/api.w.org\/{rel}","templated":true}]}}