{"id":30432,"date":"2023-10-09T06:22:23","date_gmt":"2023-10-09T06:22:23","guid":{"rendered":"https:\/\/permbledhja.com\/?p=30432"},"modified":"2023-10-09T06:22:23","modified_gmt":"2023-10-09T06:22:23","slug":"vajza-e-ministrit-xhelal-svecla-ne-mesin-e-te-evakuuarve-nga-izraeli-ne-shqiperi","status":"publish","type":"post","link":"https:\/\/permbledhja.com\/sq\/vajza-e-ministrit-xhelal-svecla-ne-mesin-e-te-evakuuarve-nga-izraeli-ne-shqiperi\/","title":{"rendered":"Vajza e ministrit Xhelal Sve\u00e7la n\u00eb mesin e t\u00eb evakuuarve nga Izraeli n\u00eb Shqip\u00ebri"},"content":{"rendered":"<h3>Vajza e ministrit t\u00eb Pun\u00ebve t\u00eb Brendshme t\u00eb Kosov\u00ebs, Xhelal Sve\u00e7la \u00ebsht\u00eb evakuuar nga Izraeli n\u00eb Shqip\u00ebri, bashk\u00eb me 39 shqiptar\u00eb t\u00eb tjer\u00eb. Evakuimi \u00ebsht\u00eb realizuar pas k\u00ebrkes\u00ebs s\u00eb tyre p\u00ebr t\u2019u larguar nga Izraeli, q\u00eb ka shpallur t\u00eb diel\u00ebn zyrtarisht gjendje lufte, pas sulmeve nga Hamasi.<\/h3>\n<p>E bija e Sve\u00e7l\u00ebs dhe nj\u00eb tjet\u00ebr ishin nga Kosova, teksa n\u00ebnt\u00eb t\u00eb tjer\u00eb nga Maqedonia e Veriut.<\/p>\n<p>Kjo u konfirmua edhe nga Ministria p\u00ebr Evrop\u00ebn dhe Pun\u00ebt e Jashtme e Shqip\u00ebris\u00eb.<\/p>\n<p>\u201cN\u00eb dit\u00ebt n\u00eb vijim do t\u00eb ket\u00eb s\u00ebrish t\u00eb tjera fluturime t\u00eb posa\u00e7me drejt Tel Avivit, nd\u00ebrkoh\u00eb q\u00eb Ministria p\u00ebr Evrop\u00ebn dhe Pun\u00ebt e Jashtme \u00ebsht\u00eb n\u00eb koordinim edhe me ministrit\u00eb simotra t\u00eb vendeve t\u00eb rajonit p\u00ebr t\u2019u ardhur n\u00eb ndihm\u00eb t\u00eb gjith\u00eb qytetar\u00ebve q\u00eb k\u00ebrkojn\u00eb t\u00eb kthehen n\u00eb vendet e tyre\u201d, tha kjo ministri pas mb\u00ebrritjes s\u00eb avionit n\u00eb aeroportin nd\u00ebrkomb\u00ebtar \u201cN\u00ebn\u00eb Tereza\u201d n\u00eb Tiran\u00eb, mbr\u00ebmjen e s\u00eb diel\u00ebs.<\/p>\n<p>M\u00eb her\u00ebt, p\u00ebrmes nj\u00eb videoje n\u00eb rrjetet sociale,<em>\u00a0<\/em>ambasadorja e Shqip\u00ebris\u00eb n\u00eb Izrael, Meri Kumbe, tha se po b\u00ebhet gjith\u00e7ka e mundur p\u00ebr t\u2019i larguar nga Izraeli shtetasit shqiptar\u00eb.<\/p>\n<p>\u201cJan\u00eb or\u00eb t\u00eb v\u00ebshtira p\u00ebr ne k\u00ebtu n\u00eb Izrael, por n\u00eb em\u00ebr t\u00eb Qeveris\u00eb shqiptare garantoj shtetasit shqiptar\u00eb dhe familjet e tyre, q\u00eb n\u00ebn drejtimin e Ministris\u00eb son\u00eb t\u00eb Jashtme dhe autoriteteve izraelite, po ndiqen t\u00eb gjitha procedurat p\u00ebr sigurin\u00eb e tyre gjat\u00eb q\u00ebndrimit dhe largimit drejt Shqip\u00ebris\u00eb. Ka v\u00ebmendje maksimale p\u00ebr shtetasit tan\u00eb, p\u00ebr punonj\u00ebsit dhe familjar\u00ebt e ambasad\u00ebs, si dhe p\u00ebr shtetasit nga Kosova, Mali i Zi apo Maqedonia e Veriut\u201d, tha ambasadorja Kumbe.<\/p>\n<p>Ministria p\u00ebr Evrop\u00ebn dhe Pun\u00ebt e Jashtme e Shqip\u00ebris\u00eb vuri n\u00eb dispozicion numrin\u00a0<strong>+972 54 904 2813<\/strong>\u00a0p\u00ebr t\u00eb gjith\u00eb qytetar\u00ebt shqiptar\u00eb q\u00eb ndodhen n\u00eb Izrael dhe kan\u00eb nevoj\u00eb p\u00ebr informacione p\u00ebr largimin e tyre prej andej.<\/p>\n","protected":false},"excerpt":{"rendered":"<p>Vajza e ministrit t\u00eb Pun\u00ebve t\u00eb Brendshme t\u00eb Kosov\u00ebs, Xhelal Sve\u00e7la \u00ebsht\u00eb evakuuar nga Izraeli n\u00eb Shqip\u00ebri, bashk\u00eb me 39 shqiptar\u00eb t\u00eb tjer\u00eb. Evakuimi \u00ebsht\u00eb realizuar pas k\u00ebrkes\u00ebs s\u00eb tyre p\u00ebr t\u2019u larguar nga Izraeli, q\u00eb ka shpallur t\u00eb diel\u00ebn zyrtarisht gjendje lufte, pas sulmeve nga Hamasi. E bija e Sve\u00e7l\u00ebs dhe nj\u00eb tjet\u00ebr ishin [&hellip;]<\/p>\n","protected":false},"author":2,"featured_media":30433,"comment_status":"closed","ping_status":"closed","sticky":false,"template":"","format":"standard","meta":{"_monsterinsights_skip_tracking":false,"_monsterinsights_sitenote_active":false,"_monsterinsights_sitenote_note":"","_monsterinsights_sitenote_category":0,"_uf_show_specific_survey":0,"_uf_disable_surveys":false,"footnotes":""},"categories":[23,15],"tags":[],"yoast_head":"<!-- This site is optimized with the Yoast SEO plugin v21.5 - https:\/\/yoast.com\/wordpress\/plugins\/seo\/ -->\n<title>Vajza e ministrit Xhelal Sve\u00e7la n\u00eb mesin e t\u00eb evakuuarve nga Izraeli n\u00eb Shqip\u00ebri<\/title>\n<meta name=\"robots\" content=\"index, follow, max-snippet:-1, max-image-preview:large, max-video-preview:-1\" \/>\n<link rel=\"canonical\" href=\"https:\/\/permbledhja.com\/sq\/vajza-e-ministrit-xhelal-svecla-ne-mesin-e-te-evakuuarve-nga-izraeli-ne-shqiperi\/\" \/>\n<meta property=\"og:locale\" content=\"sq_AL\" \/>\n<meta property=\"og:type\" content=\"article\" \/>\n<meta property=\"og:title\" content=\"Vajza e ministrit Xhelal Sve\u00e7la n\u00eb mesin e t\u00eb evakuuarve nga Izraeli n\u00eb Shqip\u00ebri\" \/>\n<meta property=\"og:description\" content=\"Vajza e ministrit t\u00eb Pun\u00ebve t\u00eb Brendshme t\u00eb Kosov\u00ebs, Xhelal Sve\u00e7la \u00ebsht\u00eb evakuuar nga Izraeli n\u00eb Shqip\u00ebri, bashk\u00eb me 39 shqiptar\u00eb t\u00eb tjer\u00eb. Evakuimi \u00ebsht\u00eb realizuar pas k\u00ebrkes\u00ebs s\u00eb tyre p\u00ebr t\u2019u larguar nga Izraeli, q\u00eb ka shpallur t\u00eb diel\u00ebn zyrtarisht gjendje lufte, pas sulmeve nga Hamasi. E bija e Sve\u00e7l\u00ebs dhe nj\u00eb tjet\u00ebr ishin [&hellip;]\" \/>\n<meta property=\"og:url\" content=\"https:\/\/permbledhja.com\/sq\/vajza-e-ministrit-xhelal-svecla-ne-mesin-e-te-evakuuarve-nga-izraeli-ne-shqiperi\/\" \/>\n<meta property=\"og:site_name\" content=\"Ve\u00e7 artikuj p\u00ebrmbledh\u00ebs\" \/>\n<meta property=\"article:publisher\" content=\"https:\/\/www.facebook.com\/press07\/\" \/>\n<meta property=\"article:published_time\" content=\"2023-10-09T06:22:23+00:00\" \/>\n<meta property=\"og:image\" content=\"https:\/\/permbledhja.com\/wp-content\/uploads\/2023\/10\/auto_Untitled1658144813.jpg\" \/>\n\t<meta property=\"og:image:width\" content=\"850\" \/>\n\t<meta property=\"og:image:height\" content=\"478\" \/>\n\t<meta property=\"og:image:type\" content=\"image\/jpeg\" \/>\n<meta name=\"author\" content=\"M M\" \/>\n<meta name=\"twitter:card\" content=\"summary_large_image\" \/>\n<meta name=\"twitter:label1\" content=\"Written by\" \/>\n\t<meta name=\"twitter:data1\" content=\"M M\" \/>\n\t<meta name=\"twitter:label2\" content=\"Est. reading time\" \/>\n\t<meta name=\"twitter:data2\" content=\"2 minuta\" \/>\n<script type=\"application\/ld+json\" class=\"yoast-schema-graph\">{\"@context\":\"https:\/\/schema.org\",\"@graph\":[{\"@type\":\"Article\",\"@id\":\"https:\/\/permbledhja.com\/sq\/vajza-e-ministrit-xhelal-svecla-ne-mesin-e-te-evakuuarve-nga-izraeli-ne-shqiperi\/#article\",\"isPartOf\":{\"@id\":\"https:\/\/permbledhja.com\/sq\/vajza-e-ministrit-xhelal-svecla-ne-mesin-e-te-evakuuarve-nga-izraeli-ne-shqiperi\/\"},\"author\":{\"name\":\"M M\",\"@id\":\"https:\/\/permbledhja.com\/#\/schema\/person\/d23f13f59b5722643933d6780783acf3\"},\"headline\":\"Vajza e ministrit Xhelal Sve\u00e7la n\u00eb mesin e t\u00eb evakuuarve nga Izraeli n\u00eb Shqip\u00ebri\",\"datePublished\":\"2023-10-09T06:22:23+00:00\",\"dateModified\":\"2023-10-09T06:22:23+00:00\",\"mainEntityOfPage\":{\"@id\":\"https:\/\/permbledhja.com\/sq\/vajza-e-ministrit-xhelal-svecla-ne-mesin-e-te-evakuuarve-nga-izraeli-ne-shqiperi\/\"},\"wordCount\":366,\"publisher\":{\"@id\":\"https:\/\/permbledhja.com\/#organization\"},\"articleSection\":[\"Komb\u00ebtare\",\"Lajme\"],\"inLanguage\":\"sq\"},{\"@type\":\"WebPage\",\"@id\":\"https:\/\/permbledhja.com\/sq\/vajza-e-ministrit-xhelal-svecla-ne-mesin-e-te-evakuuarve-nga-izraeli-ne-shqiperi\/\",\"url\":\"https:\/\/permbledhja.com\/sq\/vajza-e-ministrit-xhelal-svecla-ne-mesin-e-te-evakuuarve-nga-izraeli-ne-shqiperi\/\",\"name\":\"Vajza e ministrit Xhelal Sve\u00e7la n\u00eb mesin e t\u00eb evakuuarve nga Izraeli n\u00eb Shqip\u00ebri\",\"isPartOf\":{\"@id\":\"https:\/\/permbledhja.com\/#website\"},\"datePublished\":\"2023-10-09T06:22:23+00:00\",\"dateModified\":\"2023-10-09T06:22:23+00:00\",\"breadcrumb\":{\"@id\":\"https:\/\/permbledhja.com\/sq\/vajza-e-ministrit-xhelal-svecla-ne-mesin-e-te-evakuuarve-nga-izraeli-ne-shqiperi\/#breadcrumb\"},\"inLanguage\":\"sq\",\"potentialAction\":[{\"@type\":\"ReadAction\",\"target\":[\"https:\/\/permbledhja.com\/sq\/vajza-e-ministrit-xhelal-svecla-ne-mesin-e-te-evakuuarve-nga-izraeli-ne-shqiperi\/\"]}]},{\"@type\":\"BreadcrumbList\",\"@id\":\"https:\/\/permbledhja.com\/sq\/vajza-e-ministrit-xhelal-svecla-ne-mesin-e-te-evakuuarve-nga-izraeli-ne-shqiperi\/#breadcrumb\",\"itemListElement\":[{\"@type\":\"ListItem\",\"position\":1,\"name\":\"Ballina\",\"item\":\"https:\/\/permbledhja.com\/sq\/\"},{\"@type\":\"ListItem\",\"position\":2,\"name\":\"Vajza e ministrit Xhelal Sve\u00e7la n\u00eb mesin e t\u00eb evakuuarve nga Izraeli n\u00eb Shqip\u00ebri\"}]},{\"@type\":\"WebSite\",\"@id\":\"https:\/\/permbledhja.com\/#website\",\"url\":\"https:\/\/permbledhja.com\/\",\"name\":\"Ve\u00e7 artikuj p\u00ebrmbledh\u00ebs\",\"description\":\"\",\"publisher\":{\"@id\":\"https:\/\/permbledhja.com\/#organization\"},\"potentialAction\":[{\"@type\":\"SearchAction\",\"target\":{\"@type\":\"EntryPoint\",\"urlTemplate\":\"https:\/\/permbledhja.com\/?s={search_term_string}\"},\"query-input\":\"required name=search_term_string\"}],\"inLanguage\":\"sq\"},{\"@type\":\"Organization\",\"@id\":\"https:\/\/permbledhja.com\/#organization\",\"name\":\"MK Media & Pr\",\"url\":\"https:\/\/permbledhja.com\/\",\"logo\":{\"@type\":\"ImageObject\",\"inLanguage\":\"sq\",\"@id\":\"https:\/\/permbledhja.com\/#\/schema\/logo\/image\/\",\"url\":\"https:\/\/permbledhja.com\/wp-content\/uploads\/2021\/12\/07-Press-Logo.jpg\",\"contentUrl\":\"https:\/\/permbledhja.com\/wp-content\/uploads\/2021\/12\/07-Press-Logo.jpg\",\"width\":512,\"height\":512,\"caption\":\"MK Media & Pr\"},\"image\":{\"@id\":\"https:\/\/permbledhja.com\/#\/schema\/logo\/image\/\"},\"sameAs\":[\"https:\/\/www.facebook.com\/press07\/\"]},{\"@type\":\"Person\",\"@id\":\"https:\/\/permbledhja.com\/#\/schema\/person\/d23f13f59b5722643933d6780783acf3\",\"name\":\"M M\",\"image\":{\"@type\":\"ImageObject\",\"inLanguage\":\"sq\",\"@id\":\"https:\/\/permbledhja.com\/#\/schema\/person\/image\/\",\"url\":\"https:\/\/secure.gravatar.com\/avatar\/e2835a76ca7c31a2416b2d51c4ec9a8f?s=96&d=mm&r=g\",\"contentUrl\":\"https:\/\/secure.gravatar.com\/avatar\/e2835a76ca7c31a2416b2d51c4ec9a8f?s=96&d=mm&r=g\",\"caption\":\"M M\"},\"sameAs\":[\"http:\/\/MM\"],\"url\":\"https:\/\/permbledhja.com\/sq\/author\/muhamet\/\"}]}<\/script>\n<!-- \/ Yoast SEO plugin. -->","yoast_head_json":{"title":"Vajza e ministrit Xhelal Sve\u00e7la n\u00eb mesin e t\u00eb evakuuarve nga Izraeli n\u00eb Shqip\u00ebri","robots":{"index":"index","follow":"follow","max-snippet":"max-snippet:-1","max-image-preview":"max-image-preview:large","max-video-preview":"max-video-preview:-1"},"canonical":"https:\/\/permbledhja.com\/sq\/vajza-e-ministrit-xhelal-svecla-ne-mesin-e-te-evakuuarve-nga-izraeli-ne-shqiperi\/","og_locale":"sq_AL","og_type":"article","og_title":"Vajza e ministrit Xhelal Sve\u00e7la n\u00eb mesin e t\u00eb evakuuarve nga Izraeli n\u00eb Shqip\u00ebri","og_description":"Vajza e ministrit t\u00eb Pun\u00ebve t\u00eb Brendshme t\u00eb Kosov\u00ebs, Xhelal Sve\u00e7la \u00ebsht\u00eb evakuuar nga Izraeli n\u00eb Shqip\u00ebri, bashk\u00eb me 39 shqiptar\u00eb t\u00eb tjer\u00eb. Evakuimi \u00ebsht\u00eb realizuar pas k\u00ebrkes\u00ebs s\u00eb tyre p\u00ebr t\u2019u larguar nga Izraeli, q\u00eb ka shpallur t\u00eb diel\u00ebn zyrtarisht gjendje lufte, pas sulmeve nga Hamasi. E bija e Sve\u00e7l\u00ebs dhe nj\u00eb tjet\u00ebr ishin [&hellip;]","og_url":"https:\/\/permbledhja.com\/sq\/vajza-e-ministrit-xhelal-svecla-ne-mesin-e-te-evakuuarve-nga-izraeli-ne-shqiperi\/","og_site_name":"Ve\u00e7 artikuj p\u00ebrmbledh\u00ebs","article_publisher":"https:\/\/www.facebook.com\/press07\/","article_published_time":"2023-10-09T06:22:23+00:00","og_image":[{"width":850,"height":478,"url":"https:\/\/permbledhja.com\/wp-content\/uploads\/2023\/10\/auto_Untitled1658144813.jpg","type":"image\/jpeg"}],"author":"M M","twitter_card":"summary_large_image","twitter_misc":{"Written by":"M M","Est. reading time":"2 minuta"},"schema":{"@context":"https:\/\/schema.org","@graph":[{"@type":"Article","@id":"https:\/\/permbledhja.com\/sq\/vajza-e-ministrit-xhelal-svecla-ne-mesin-e-te-evakuuarve-nga-izraeli-ne-shqiperi\/#article","isPartOf":{"@id":"https:\/\/permbledhja.com\/sq\/vajza-e-ministrit-xhelal-svecla-ne-mesin-e-te-evakuuarve-nga-izraeli-ne-shqiperi\/"},"author":{"name":"M M","@id":"https:\/\/permbledhja.com\/#\/schema\/person\/d23f13f59b5722643933d6780783acf3"},"headline":"Vajza e ministrit Xhelal Sve\u00e7la n\u00eb mesin e t\u00eb evakuuarve nga Izraeli n\u00eb Shqip\u00ebri","datePublished":"2023-10-09T06:22:23+00:00","dateModified":"2023-10-09T06:22:23+00:00","mainEntityOfPage":{"@id":"https:\/\/permbledhja.com\/sq\/vajza-e-ministrit-xhelal-svecla-ne-mesin-e-te-evakuuarve-nga-izraeli-ne-shqiperi\/"},"wordCount":366,"publisher":{"@id":"https:\/\/permbledhja.com\/#organization"},"articleSection":["Komb\u00ebtare","Lajme"],"inLanguage":"sq"},{"@type":"WebPage","@id":"https:\/\/permbledhja.com\/sq\/vajza-e-ministrit-xhelal-svecla-ne-mesin-e-te-evakuuarve-nga-izraeli-ne-shqiperi\/","url":"https:\/\/permbledhja.com\/sq\/vajza-e-ministrit-xhelal-svecla-ne-mesin-e-te-evakuuarve-nga-izraeli-ne-shqiperi\/","name":"Vajza e ministrit Xhelal Sve\u00e7la n\u00eb mesin e t\u00eb evakuuarve nga Izraeli n\u00eb Shqip\u00ebri","isPartOf":{"@id":"https:\/\/permbledhja.com\/#website"},"datePublished":"2023-10-09T06:22:23+00:00","dateModified":"2023-10-09T06:22:23+00:00","breadcrumb":{"@id":"https:\/\/permbledhja.com\/sq\/vajza-e-ministrit-xhelal-svecla-ne-mesin-e-te-evakuuarve-nga-izraeli-ne-shqiperi\/#breadcrumb"},"inLanguage":"sq","potentialAction":[{"@type":"ReadAction","target":["https:\/\/permbledhja.com\/sq\/vajza-e-ministrit-xhelal-svecla-ne-mesin-e-te-evakuuarve-nga-izraeli-ne-shqiperi\/"]}]},{"@type":"BreadcrumbList","@id":"https:\/\/permbledhja.com\/sq\/vajza-e-ministrit-xhelal-svecla-ne-mesin-e-te-evakuuarve-nga-izraeli-ne-shqiperi\/#breadcrumb","itemListElement":[{"@type":"ListItem","position":1,"name":"Ballina","item":"https:\/\/permbledhja.com\/sq\/"},{"@type":"ListItem","position":2,"name":"Vajza e ministrit Xhelal Sve\u00e7la n\u00eb mesin e t\u00eb evakuuarve nga Izraeli n\u00eb Shqip\u00ebri"}]},{"@type":"WebSite","@id":"https:\/\/permbledhja.com\/#website","url":"https:\/\/permbledhja.com\/","name":"Ve\u00e7 artikuj p\u00ebrmbledh\u00ebs","description":"","publisher":{"@id":"https:\/\/permbledhja.com\/#organization"},"potentialAction":[{"@type":"SearchAction","target":{"@type":"EntryPoint","urlTemplate":"https:\/\/permbledhja.com\/?s={search_term_string}"},"query-input":"required name=search_term_string"}],"inLanguage":"sq"},{"@type":"Organization","@id":"https:\/\/permbledhja.com\/#organization","name":"MK Media & Pr","url":"https:\/\/permbledhja.com\/","logo":{"@type":"ImageObject","inLanguage":"sq","@id":"https:\/\/permbledhja.com\/#\/schema\/logo\/image\/","url":"https:\/\/permbledhja.com\/wp-content\/uploads\/2021\/12\/07-Press-Logo.jpg","contentUrl":"https:\/\/permbledhja.com\/wp-content\/uploads\/2021\/12\/07-Press-Logo.jpg","width":512,"height":512,"caption":"MK Media & Pr"},"image":{"@id":"https:\/\/permbledhja.com\/#\/schema\/logo\/image\/"},"sameAs":["https:\/\/www.facebook.com\/press07\/"]},{"@type":"Person","@id":"https:\/\/permbledhja.com\/#\/schema\/person\/d23f13f59b5722643933d6780783acf3","name":"M M","image":{"@type":"ImageObject","inLanguage":"sq","@id":"https:\/\/permbledhja.com\/#\/schema\/person\/image\/","url":"https:\/\/secure.gravatar.com\/avatar\/e2835a76ca7c31a2416b2d51c4ec9a8f?s=96&d=mm&r=g","contentUrl":"https:\/\/secure.gravatar.com\/avatar\/e2835a76ca7c31a2416b2d51c4ec9a8f?s=96&d=mm&r=g","caption":"M M"},"sameAs":["http:\/\/MM"],"url":"https:\/\/permbledhja.com\/sq\/author\/muhamet\/"}]}},"_links":{"self":[{"href":"https:\/\/permbledhja.com\/sq\/wp-json\/wp\/v2\/posts\/30432"}],"collection":[{"href":"https:\/\/permbledhja.com\/sq\/wp-json\/wp\/v2\/posts"}],"about":[{"href":"https:\/\/permbledhja.com\/sq\/wp-json\/wp\/v2\/types\/post"}],"author":[{"embeddable":true,"href":"https:\/\/permbledhja.com\/sq\/wp-json\/wp\/v2\/users\/2"}],"replies":[{"embeddable":true,"href":"https:\/\/permbledhja.com\/sq\/wp-json\/wp\/v2\/comments?post=30432"}],"version-history":[{"count":1,"href":"https:\/\/permbledhja.com\/sq\/wp-json\/wp\/v2\/posts\/30432\/revisions"}],"predecessor-version":[{"id":30434,"href":"https:\/\/permbledhja.com\/sq\/wp-json\/wp\/v2\/posts\/30432\/revisions\/30434"}],"wp:featuredmedia":[{"embeddable":true,"href":"https:\/\/permbledhja.com\/sq\/wp-json\/wp\/v2\/media\/30433"}],"wp:attachment":[{"href":"https:\/\/permbledhja.com\/sq\/wp-json\/wp\/v2\/media?parent=30432"}],"wp:term":[{"taxonomy":"category","embeddable":true,"href":"https:\/\/permbledhja.com\/sq\/wp-json\/wp\/v2\/categories?post=30432"},{"taxonomy":"post_tag","embeddable":true,"href":"https:\/\/permbledhja.com\/sq\/wp-json\/wp\/v2\/tags?post=30432"}],"curies":[{"name":"wp","href":"https:\/\/api.w.org\/{rel}","templated":true}]}}