{"id":30371,"date":"2023-10-08T18:47:30","date_gmt":"2023-10-08T18:47:30","guid":{"rendered":"https:\/\/permbledhja.com\/?p=30371"},"modified":"2023-10-08T18:47:30","modified_gmt":"2023-10-08T18:47:30","slug":"kurti-merr-rruge-per-ne-mbreterine-e-bashkuar-kjo-eshte-arsyeja","status":"publish","type":"post","link":"https:\/\/permbledhja.com\/sq\/kurti-merr-rruge-per-ne-mbreterine-e-bashkuar-kjo-eshte-arsyeja\/","title":{"rendered":"Kurti merr rrug\u00eb p\u00ebr n\u00eb Mbret\u00ebrin\u00eb e Bashkuar, kjo \u00ebsht\u00eb arsyeja"},"content":{"rendered":"<h3>Kryeministri i Kosov\u00ebs, Albin Kurti ka udh\u00ebtuar p\u00ebr n\u00eb Mbret\u00ebrin\u00eb e Bashkuar ku do t\u00eb marr\u00eb pjes\u00eb n\u00eb Konferenc\u00ebn Vjetore t\u00eb Partis\u00eb Laburiste, e cila mbahet n\u00eb Liverpool.<\/h3>\n<p>N\u00eb njoftimin e Zyr\u00ebs s\u00eb Kryeministrit thuhet se p\u00ebrgjat\u00eb punimeve t\u00eb k\u00ebsaj konference, krahas fjalimeve, ai do zhvilloj\u00eb takime me p\u00ebrfaq\u00ebsues t\u00eb lart\u00eb t\u00eb k\u00ebsaj partie si dhe p\u00ebrfaq\u00ebsues t\u00eb partive simotra nga shtete t\u00eb ndryshme, q\u00eb do t\u00eb marrin pjes\u00eb n\u00eb konferenc\u00eb.<\/p>\n<p><em>\u201cKryeministri i Republik\u00ebs s\u00eb Kosov\u00ebs, Albin Kurti ka udh\u00ebtuar p\u00ebr n\u00eb Mbret\u00ebrin\u00eb e Bashkuar ku do t\u00eb marr\u00eb pjes\u00eb n\u00eb Konferenc\u00ebn Vjetore t\u00eb Partis\u00eb Laburiste, e cila mbahet n\u00eb Liverpool.<\/em><\/p>\n<p><em>P\u00ebrgjat\u00eb punimeve t\u00eb k\u00ebsaj konference, krahas fjalimeve, ai do zhvilloj\u00eb takime me p\u00ebrfaq\u00ebsues t\u00eb lart\u00eb t\u00eb k\u00ebsaj partie si dhe p\u00ebrfaq\u00ebsues t\u00eb partive simotra nga shtete t\u00eb ndryshme, q\u00eb do t\u00eb marrin pjes\u00eb n\u00eb konferenc\u00eb\u201d<\/em>, thuhet n\u00eb njoftimin e ZKM-s\u00eb.<\/p>\n","protected":false},"excerpt":{"rendered":"<p>Kryeministri i Kosov\u00ebs, Albin Kurti ka udh\u00ebtuar p\u00ebr n\u00eb Mbret\u00ebrin\u00eb e Bashkuar ku do t\u00eb marr\u00eb pjes\u00eb n\u00eb Konferenc\u00ebn Vjetore t\u00eb Partis\u00eb Laburiste, e cila mbahet n\u00eb Liverpool. N\u00eb njoftimin e Zyr\u00ebs s\u00eb Kryeministrit thuhet se p\u00ebrgjat\u00eb punimeve t\u00eb k\u00ebsaj konference, krahas fjalimeve, ai do zhvilloj\u00eb takime me p\u00ebrfaq\u00ebsues t\u00eb lart\u00eb t\u00eb k\u00ebsaj partie si [&hellip;]<\/p>\n","protected":false},"author":1,"featured_media":30372,"comment_status":"closed","ping_status":"closed","sticky":false,"template":"","format":"standard","meta":{"_monsterinsights_skip_tracking":false,"_monsterinsights_sitenote_active":false,"_monsterinsights_sitenote_note":"","_monsterinsights_sitenote_category":0,"_uf_show_specific_survey":0,"_uf_disable_surveys":false,"footnotes":""},"categories":[23,15],"tags":[2490],"yoast_head":"<!-- This site is optimized with the Yoast SEO plugin v21.5 - https:\/\/yoast.com\/wordpress\/plugins\/seo\/ -->\n<title>Kurti merr rrug\u00eb p\u00ebr n\u00eb Mbret\u00ebrin\u00eb e Bashkuar, kjo \u00ebsht\u00eb arsyeja<\/title>\n<meta name=\"robots\" content=\"index, follow, max-snippet:-1, max-image-preview:large, max-video-preview:-1\" \/>\n<link rel=\"canonical\" href=\"https:\/\/permbledhja.com\/sq\/kurti-merr-rruge-per-ne-mbreterine-e-bashkuar-kjo-eshte-arsyeja\/\" \/>\n<meta property=\"og:locale\" content=\"sq_AL\" \/>\n<meta property=\"og:type\" content=\"article\" \/>\n<meta property=\"og:title\" content=\"Kurti merr rrug\u00eb p\u00ebr n\u00eb Mbret\u00ebrin\u00eb e Bashkuar, kjo \u00ebsht\u00eb arsyeja\" \/>\n<meta property=\"og:description\" content=\"Kryeministri i Kosov\u00ebs, Albin Kurti ka udh\u00ebtuar p\u00ebr n\u00eb Mbret\u00ebrin\u00eb e Bashkuar ku do t\u00eb marr\u00eb pjes\u00eb n\u00eb Konferenc\u00ebn Vjetore t\u00eb Partis\u00eb Laburiste, e cila mbahet n\u00eb Liverpool. N\u00eb njoftimin e Zyr\u00ebs s\u00eb Kryeministrit thuhet se p\u00ebrgjat\u00eb punimeve t\u00eb k\u00ebsaj konference, krahas fjalimeve, ai do zhvilloj\u00eb takime me p\u00ebrfaq\u00ebsues t\u00eb lart\u00eb t\u00eb k\u00ebsaj partie si [&hellip;]\" \/>\n<meta property=\"og:url\" content=\"https:\/\/permbledhja.com\/sq\/kurti-merr-rruge-per-ne-mbreterine-e-bashkuar-kjo-eshte-arsyeja\/\" \/>\n<meta property=\"og:site_name\" content=\"Ve\u00e7 artikuj p\u00ebrmbledh\u00ebs\" \/>\n<meta property=\"article:publisher\" content=\"https:\/\/www.facebook.com\/press07\/\" \/>\n<meta property=\"article:author\" content=\"https:\/\/www.facebook.com\/kafexhiu.muharrem\/\" \/>\n<meta property=\"article:published_time\" content=\"2023-10-08T18:47:30+00:00\" \/>\n<meta property=\"og:image\" content=\"https:\/\/permbledhja.com\/wp-content\/uploads\/2023\/10\/AlbinKurti-1-600x360-1.jpg\" \/>\n\t<meta property=\"og:image:width\" content=\"600\" \/>\n\t<meta property=\"og:image:height\" content=\"360\" \/>\n\t<meta property=\"og:image:type\" content=\"image\/jpeg\" \/>\n<meta name=\"author\" content=\"P\u00ebrmbledhja\" \/>\n<meta name=\"twitter:card\" content=\"summary_large_image\" \/>\n<meta name=\"twitter:label1\" content=\"Written by\" \/>\n\t<meta name=\"twitter:data1\" content=\"P\u00ebrmbledhja\" \/>\n\t<meta name=\"twitter:label2\" content=\"Est. reading time\" \/>\n\t<meta name=\"twitter:data2\" content=\"1 minut\u00eb\" \/>\n<script type=\"application\/ld+json\" class=\"yoast-schema-graph\">{\"@context\":\"https:\/\/schema.org\",\"@graph\":[{\"@type\":\"Article\",\"@id\":\"https:\/\/permbledhja.com\/sq\/kurti-merr-rruge-per-ne-mbreterine-e-bashkuar-kjo-eshte-arsyeja\/#article\",\"isPartOf\":{\"@id\":\"https:\/\/permbledhja.com\/sq\/kurti-merr-rruge-per-ne-mbreterine-e-bashkuar-kjo-eshte-arsyeja\/\"},\"author\":{\"name\":\"P\u00ebrmbledhja\",\"@id\":\"https:\/\/permbledhja.com\/#\/schema\/person\/0d064377258d3221e50693947b9eb4fe\"},\"headline\":\"Kurti merr rrug\u00eb p\u00ebr n\u00eb Mbret\u00ebrin\u00eb e Bashkuar, kjo \u00ebsht\u00eb arsyeja\",\"datePublished\":\"2023-10-08T18:47:30+00:00\",\"dateModified\":\"2023-10-08T18:47:30+00:00\",\"mainEntityOfPage\":{\"@id\":\"https:\/\/permbledhja.com\/sq\/kurti-merr-rruge-per-ne-mbreterine-e-bashkuar-kjo-eshte-arsyeja\/\"},\"wordCount\":180,\"publisher\":{\"@id\":\"https:\/\/permbledhja.com\/#organization\"},\"keywords\":[\"Mbret\u00ebri e Bashkuar\"],\"articleSection\":[\"Komb\u00ebtare\",\"Lajme\"],\"inLanguage\":\"sq\"},{\"@type\":\"WebPage\",\"@id\":\"https:\/\/permbledhja.com\/sq\/kurti-merr-rruge-per-ne-mbreterine-e-bashkuar-kjo-eshte-arsyeja\/\",\"url\":\"https:\/\/permbledhja.com\/sq\/kurti-merr-rruge-per-ne-mbreterine-e-bashkuar-kjo-eshte-arsyeja\/\",\"name\":\"Kurti merr rrug\u00eb p\u00ebr n\u00eb Mbret\u00ebrin\u00eb e Bashkuar, kjo \u00ebsht\u00eb arsyeja\",\"isPartOf\":{\"@id\":\"https:\/\/permbledhja.com\/#website\"},\"datePublished\":\"2023-10-08T18:47:30+00:00\",\"dateModified\":\"2023-10-08T18:47:30+00:00\",\"breadcrumb\":{\"@id\":\"https:\/\/permbledhja.com\/sq\/kurti-merr-rruge-per-ne-mbreterine-e-bashkuar-kjo-eshte-arsyeja\/#breadcrumb\"},\"inLanguage\":\"sq\",\"potentialAction\":[{\"@type\":\"ReadAction\",\"target\":[\"https:\/\/permbledhja.com\/sq\/kurti-merr-rruge-per-ne-mbreterine-e-bashkuar-kjo-eshte-arsyeja\/\"]}]},{\"@type\":\"BreadcrumbList\",\"@id\":\"https:\/\/permbledhja.com\/sq\/kurti-merr-rruge-per-ne-mbreterine-e-bashkuar-kjo-eshte-arsyeja\/#breadcrumb\",\"itemListElement\":[{\"@type\":\"ListItem\",\"position\":1,\"name\":\"Ballina\",\"item\":\"https:\/\/permbledhja.com\/sq\/\"},{\"@type\":\"ListItem\",\"position\":2,\"name\":\"Kurti merr rrug\u00eb p\u00ebr n\u00eb Mbret\u00ebrin\u00eb e Bashkuar, kjo \u00ebsht\u00eb arsyeja\"}]},{\"@type\":\"WebSite\",\"@id\":\"https:\/\/permbledhja.com\/#website\",\"url\":\"https:\/\/permbledhja.com\/\",\"name\":\"Ve\u00e7 artikuj p\u00ebrmbledh\u00ebs\",\"description\":\"\",\"publisher\":{\"@id\":\"https:\/\/permbledhja.com\/#organization\"},\"potentialAction\":[{\"@type\":\"SearchAction\",\"target\":{\"@type\":\"EntryPoint\",\"urlTemplate\":\"https:\/\/permbledhja.com\/?s={search_term_string}\"},\"query-input\":\"required name=search_term_string\"}],\"inLanguage\":\"sq\"},{\"@type\":\"Organization\",\"@id\":\"https:\/\/permbledhja.com\/#organization\",\"name\":\"MK Media & Pr\",\"url\":\"https:\/\/permbledhja.com\/\",\"logo\":{\"@type\":\"ImageObject\",\"inLanguage\":\"sq\",\"@id\":\"https:\/\/permbledhja.com\/#\/schema\/logo\/image\/\",\"url\":\"https:\/\/permbledhja.com\/wp-content\/uploads\/2021\/12\/07-Press-Logo.jpg\",\"contentUrl\":\"https:\/\/permbledhja.com\/wp-content\/uploads\/2021\/12\/07-Press-Logo.jpg\",\"width\":512,\"height\":512,\"caption\":\"MK Media & Pr\"},\"image\":{\"@id\":\"https:\/\/permbledhja.com\/#\/schema\/logo\/image\/\"},\"sameAs\":[\"https:\/\/www.facebook.com\/press07\/\"]},{\"@type\":\"Person\",\"@id\":\"https:\/\/permbledhja.com\/#\/schema\/person\/0d064377258d3221e50693947b9eb4fe\",\"name\":\"P\u00ebrmbledhja\",\"image\":{\"@type\":\"ImageObject\",\"inLanguage\":\"sq\",\"@id\":\"https:\/\/permbledhja.com\/#\/schema\/person\/image\/\",\"url\":\"https:\/\/permbledhja.com\/wp-content\/uploads\/2026\/01\/452004717_1040944174702970_8932037511805513407_n-96x96.jpg\",\"contentUrl\":\"https:\/\/permbledhja.com\/wp-content\/uploads\/2026\/01\/452004717_1040944174702970_8932037511805513407_n-96x96.jpg\",\"caption\":\"P\u00ebrmbledhja\"},\"sameAs\":[\"https:\/\/www.facebook.com\/kafexhiu.muharrem\/\",\"https:\/\/www.instagram.com\/muharrem_kafexhiu\/\"],\"url\":\"https:\/\/permbledhja.com\/sq\/author\/admin\/\"}]}<\/script>\n<!-- \/ Yoast SEO plugin. -->","yoast_head_json":{"title":"Kurti merr rrug\u00eb p\u00ebr n\u00eb Mbret\u00ebrin\u00eb e Bashkuar, kjo \u00ebsht\u00eb arsyeja","robots":{"index":"index","follow":"follow","max-snippet":"max-snippet:-1","max-image-preview":"max-image-preview:large","max-video-preview":"max-video-preview:-1"},"canonical":"https:\/\/permbledhja.com\/sq\/kurti-merr-rruge-per-ne-mbreterine-e-bashkuar-kjo-eshte-arsyeja\/","og_locale":"sq_AL","og_type":"article","og_title":"Kurti merr rrug\u00eb p\u00ebr n\u00eb Mbret\u00ebrin\u00eb e Bashkuar, kjo \u00ebsht\u00eb arsyeja","og_description":"Kryeministri i Kosov\u00ebs, Albin Kurti ka udh\u00ebtuar p\u00ebr n\u00eb Mbret\u00ebrin\u00eb e Bashkuar ku do t\u00eb marr\u00eb pjes\u00eb n\u00eb Konferenc\u00ebn Vjetore t\u00eb Partis\u00eb Laburiste, e cila mbahet n\u00eb Liverpool. N\u00eb njoftimin e Zyr\u00ebs s\u00eb Kryeministrit thuhet se p\u00ebrgjat\u00eb punimeve t\u00eb k\u00ebsaj konference, krahas fjalimeve, ai do zhvilloj\u00eb takime me p\u00ebrfaq\u00ebsues t\u00eb lart\u00eb t\u00eb k\u00ebsaj partie si [&hellip;]","og_url":"https:\/\/permbledhja.com\/sq\/kurti-merr-rruge-per-ne-mbreterine-e-bashkuar-kjo-eshte-arsyeja\/","og_site_name":"Ve\u00e7 artikuj p\u00ebrmbledh\u00ebs","article_publisher":"https:\/\/www.facebook.com\/press07\/","article_author":"https:\/\/www.facebook.com\/kafexhiu.muharrem\/","article_published_time":"2023-10-08T18:47:30+00:00","og_image":[{"width":600,"height":360,"url":"https:\/\/permbledhja.com\/wp-content\/uploads\/2023\/10\/AlbinKurti-1-600x360-1.jpg","type":"image\/jpeg"}],"author":"P\u00ebrmbledhja","twitter_card":"summary_large_image","twitter_misc":{"Written by":"P\u00ebrmbledhja","Est. reading time":"1 minut\u00eb"},"schema":{"@context":"https:\/\/schema.org","@graph":[{"@type":"Article","@id":"https:\/\/permbledhja.com\/sq\/kurti-merr-rruge-per-ne-mbreterine-e-bashkuar-kjo-eshte-arsyeja\/#article","isPartOf":{"@id":"https:\/\/permbledhja.com\/sq\/kurti-merr-rruge-per-ne-mbreterine-e-bashkuar-kjo-eshte-arsyeja\/"},"author":{"name":"P\u00ebrmbledhja","@id":"https:\/\/permbledhja.com\/#\/schema\/person\/0d064377258d3221e50693947b9eb4fe"},"headline":"Kurti merr rrug\u00eb p\u00ebr n\u00eb Mbret\u00ebrin\u00eb e Bashkuar, kjo \u00ebsht\u00eb arsyeja","datePublished":"2023-10-08T18:47:30+00:00","dateModified":"2023-10-08T18:47:30+00:00","mainEntityOfPage":{"@id":"https:\/\/permbledhja.com\/sq\/kurti-merr-rruge-per-ne-mbreterine-e-bashkuar-kjo-eshte-arsyeja\/"},"wordCount":180,"publisher":{"@id":"https:\/\/permbledhja.com\/#organization"},"keywords":["Mbret\u00ebri e Bashkuar"],"articleSection":["Komb\u00ebtare","Lajme"],"inLanguage":"sq"},{"@type":"WebPage","@id":"https:\/\/permbledhja.com\/sq\/kurti-merr-rruge-per-ne-mbreterine-e-bashkuar-kjo-eshte-arsyeja\/","url":"https:\/\/permbledhja.com\/sq\/kurti-merr-rruge-per-ne-mbreterine-e-bashkuar-kjo-eshte-arsyeja\/","name":"Kurti merr rrug\u00eb p\u00ebr n\u00eb Mbret\u00ebrin\u00eb e Bashkuar, kjo \u00ebsht\u00eb arsyeja","isPartOf":{"@id":"https:\/\/permbledhja.com\/#website"},"datePublished":"2023-10-08T18:47:30+00:00","dateModified":"2023-10-08T18:47:30+00:00","breadcrumb":{"@id":"https:\/\/permbledhja.com\/sq\/kurti-merr-rruge-per-ne-mbreterine-e-bashkuar-kjo-eshte-arsyeja\/#breadcrumb"},"inLanguage":"sq","potentialAction":[{"@type":"ReadAction","target":["https:\/\/permbledhja.com\/sq\/kurti-merr-rruge-per-ne-mbreterine-e-bashkuar-kjo-eshte-arsyeja\/"]}]},{"@type":"BreadcrumbList","@id":"https:\/\/permbledhja.com\/sq\/kurti-merr-rruge-per-ne-mbreterine-e-bashkuar-kjo-eshte-arsyeja\/#breadcrumb","itemListElement":[{"@type":"ListItem","position":1,"name":"Ballina","item":"https:\/\/permbledhja.com\/sq\/"},{"@type":"ListItem","position":2,"name":"Kurti merr rrug\u00eb p\u00ebr n\u00eb Mbret\u00ebrin\u00eb e Bashkuar, kjo \u00ebsht\u00eb arsyeja"}]},{"@type":"WebSite","@id":"https:\/\/permbledhja.com\/#website","url":"https:\/\/permbledhja.com\/","name":"Ve\u00e7 artikuj p\u00ebrmbledh\u00ebs","description":"","publisher":{"@id":"https:\/\/permbledhja.com\/#organization"},"potentialAction":[{"@type":"SearchAction","target":{"@type":"EntryPoint","urlTemplate":"https:\/\/permbledhja.com\/?s={search_term_string}"},"query-input":"required name=search_term_string"}],"inLanguage":"sq"},{"@type":"Organization","@id":"https:\/\/permbledhja.com\/#organization","name":"MK Media & Pr","url":"https:\/\/permbledhja.com\/","logo":{"@type":"ImageObject","inLanguage":"sq","@id":"https:\/\/permbledhja.com\/#\/schema\/logo\/image\/","url":"https:\/\/permbledhja.com\/wp-content\/uploads\/2021\/12\/07-Press-Logo.jpg","contentUrl":"https:\/\/permbledhja.com\/wp-content\/uploads\/2021\/12\/07-Press-Logo.jpg","width":512,"height":512,"caption":"MK Media & Pr"},"image":{"@id":"https:\/\/permbledhja.com\/#\/schema\/logo\/image\/"},"sameAs":["https:\/\/www.facebook.com\/press07\/"]},{"@type":"Person","@id":"https:\/\/permbledhja.com\/#\/schema\/person\/0d064377258d3221e50693947b9eb4fe","name":"P\u00ebrmbledhja","image":{"@type":"ImageObject","inLanguage":"sq","@id":"https:\/\/permbledhja.com\/#\/schema\/person\/image\/","url":"https:\/\/permbledhja.com\/wp-content\/uploads\/2026\/01\/452004717_1040944174702970_8932037511805513407_n-96x96.jpg","contentUrl":"https:\/\/permbledhja.com\/wp-content\/uploads\/2026\/01\/452004717_1040944174702970_8932037511805513407_n-96x96.jpg","caption":"P\u00ebrmbledhja"},"sameAs":["https:\/\/www.facebook.com\/kafexhiu.muharrem\/","https:\/\/www.instagram.com\/muharrem_kafexhiu\/"],"url":"https:\/\/permbledhja.com\/sq\/author\/admin\/"}]}},"_links":{"self":[{"href":"https:\/\/permbledhja.com\/sq\/wp-json\/wp\/v2\/posts\/30371"}],"collection":[{"href":"https:\/\/permbledhja.com\/sq\/wp-json\/wp\/v2\/posts"}],"about":[{"href":"https:\/\/permbledhja.com\/sq\/wp-json\/wp\/v2\/types\/post"}],"author":[{"embeddable":true,"href":"https:\/\/permbledhja.com\/sq\/wp-json\/wp\/v2\/users\/1"}],"replies":[{"embeddable":true,"href":"https:\/\/permbledhja.com\/sq\/wp-json\/wp\/v2\/comments?post=30371"}],"version-history":[{"count":1,"href":"https:\/\/permbledhja.com\/sq\/wp-json\/wp\/v2\/posts\/30371\/revisions"}],"predecessor-version":[{"id":30373,"href":"https:\/\/permbledhja.com\/sq\/wp-json\/wp\/v2\/posts\/30371\/revisions\/30373"}],"wp:featuredmedia":[{"embeddable":true,"href":"https:\/\/permbledhja.com\/sq\/wp-json\/wp\/v2\/media\/30372"}],"wp:attachment":[{"href":"https:\/\/permbledhja.com\/sq\/wp-json\/wp\/v2\/media?parent=30371"}],"wp:term":[{"taxonomy":"category","embeddable":true,"href":"https:\/\/permbledhja.com\/sq\/wp-json\/wp\/v2\/categories?post=30371"},{"taxonomy":"post_tag","embeddable":true,"href":"https:\/\/permbledhja.com\/sq\/wp-json\/wp\/v2\/tags?post=30371"}],"curies":[{"name":"wp","href":"https:\/\/api.w.org\/{rel}","templated":true}]}}