{"id":30365,"date":"2023-10-08T17:44:57","date_gmt":"2023-10-08T17:44:57","guid":{"rendered":"https:\/\/permbledhja.com\/?p=30365"},"modified":"2023-10-08T17:44:57","modified_gmt":"2023-10-08T17:44:57","slug":"flet-babai-i-25-vjecares-qe-u-rrembye-nga-terroristet","status":"publish","type":"post","link":"https:\/\/permbledhja.com\/sq\/flet-babai-i-25-vjecares-qe-u-rrembye-nga-terroristet\/","title":{"rendered":"Flet babai i 25-vje\u00e7ares q\u00eb u rr\u00ebmbye nga terrorist\u00ebt"},"content":{"rendered":"<h3 class=\"p1\"><span class=\"s1\">Babai i Noa Argamanit, 25-vje\u00e7ares q\u00eb u rr\u00ebmbye dit\u00ebn e djeshme nga terrorist\u00ebt e Hamasit, ka shprehur hidh\u00ebrimin e tij n\u00eb nj\u00eb intervist\u00eb p\u00ebr mediat vendase.<\/span><\/h3>\n<p class=\"p1\"><span class=\"s1\">Me lot n\u00eb sy, ai faj\u00ebson veten q\u00eb nuk arriti dot ta shp\u00ebtonte t\u00eb bij\u00ebn.<\/span><\/p>\n<p class=\"p1\"><span class=\"s1\"><em>\u201cE pash\u00eb teksa rr\u00ebmbehej me dhun\u00eb n\u00eb nj\u00eb moto\u00e7iklet\u00eb. Ishte ajo, isha i sigurt. Ishte aq e frik\u00ebsuar. E kam mbrojtur gjithmon\u00eb dhe p\u00ebr momentin nuk mundem. Un\u00eb lutem q\u00eb t\u00eb kthehen t\u00eb gjith\u00eb\u201d<\/em>, shprehet ai.<\/span><\/p>\n<div id=\"porta-1816269031\" class=\"porta-after-content\"><\/div>\n","protected":false},"excerpt":{"rendered":"<p>Babai i Noa Argamanit, 25-vje\u00e7ares q\u00eb u rr\u00ebmbye dit\u00ebn e djeshme nga terrorist\u00ebt e Hamasit, ka shprehur hidh\u00ebrimin e tij n\u00eb nj\u00eb intervist\u00eb p\u00ebr mediat vendase. Me lot n\u00eb sy, ai faj\u00ebson veten q\u00eb nuk arriti dot ta shp\u00ebtonte t\u00eb bij\u00ebn. \u201cE pash\u00eb teksa rr\u00ebmbehej me dhun\u00eb n\u00eb nj\u00eb moto\u00e7iklet\u00eb. Ishte ajo, isha i sigurt. [&hellip;]<\/p>\n","protected":false},"author":1,"featured_media":30366,"comment_status":"closed","ping_status":"closed","sticky":false,"template":"","format":"standard","meta":{"_monsterinsights_skip_tracking":false,"_monsterinsights_sitenote_active":false,"_monsterinsights_sitenote_note":"","_monsterinsights_sitenote_category":0,"_uf_show_specific_survey":0,"_uf_disable_surveys":false,"footnotes":""},"categories":[23,15],"tags":[2488],"yoast_head":"<!-- This site is optimized with the Yoast SEO plugin v21.5 - https:\/\/yoast.com\/wordpress\/plugins\/seo\/ -->\n<title>Flet babai i 25-vje\u00e7ares q\u00eb u rr\u00ebmbye nga terrorist\u00ebt<\/title>\n<meta name=\"robots\" content=\"index, follow, max-snippet:-1, max-image-preview:large, max-video-preview:-1\" \/>\n<link rel=\"canonical\" href=\"https:\/\/permbledhja.com\/sq\/flet-babai-i-25-vjecares-qe-u-rrembye-nga-terroristet\/\" \/>\n<meta property=\"og:locale\" content=\"sq_AL\" \/>\n<meta property=\"og:type\" content=\"article\" \/>\n<meta property=\"og:title\" content=\"Flet babai i 25-vje\u00e7ares q\u00eb u rr\u00ebmbye nga terrorist\u00ebt\" \/>\n<meta property=\"og:description\" content=\"Babai i Noa Argamanit, 25-vje\u00e7ares q\u00eb u rr\u00ebmbye dit\u00ebn e djeshme nga terrorist\u00ebt e Hamasit, ka shprehur hidh\u00ebrimin e tij n\u00eb nj\u00eb intervist\u00eb p\u00ebr mediat vendase. Me lot n\u00eb sy, ai faj\u00ebson veten q\u00eb nuk arriti dot ta shp\u00ebtonte t\u00eb bij\u00ebn. \u201cE pash\u00eb teksa rr\u00ebmbehej me dhun\u00eb n\u00eb nj\u00eb moto\u00e7iklet\u00eb. Ishte ajo, isha i sigurt. [&hellip;]\" \/>\n<meta property=\"og:url\" content=\"https:\/\/permbledhja.com\/sq\/flet-babai-i-25-vjecares-qe-u-rrembye-nga-terroristet\/\" \/>\n<meta property=\"og:site_name\" content=\"Ve\u00e7 artikuj p\u00ebrmbledh\u00ebs\" \/>\n<meta property=\"article:publisher\" content=\"https:\/\/www.facebook.com\/press07\/\" \/>\n<meta property=\"article:author\" content=\"https:\/\/www.facebook.com\/kafexhiu.muharrem\/\" \/>\n<meta property=\"article:published_time\" content=\"2023-10-08T17:44:57+00:00\" \/>\n<meta property=\"og:image\" content=\"https:\/\/permbledhja.com\/wp-content\/uploads\/2023\/10\/A00A5580-88D3-4EEA-8286-C9B486F1F777.png\" \/>\n\t<meta property=\"og:image:width\" content=\"595\" \/>\n\t<meta property=\"og:image:height\" content=\"338\" \/>\n\t<meta property=\"og:image:type\" content=\"image\/png\" \/>\n<meta name=\"author\" content=\"P\u00ebrmbledhja\" \/>\n<meta name=\"twitter:card\" content=\"summary_large_image\" \/>\n<meta name=\"twitter:label1\" content=\"Written by\" \/>\n\t<meta name=\"twitter:data1\" content=\"P\u00ebrmbledhja\" \/>\n<script type=\"application\/ld+json\" class=\"yoast-schema-graph\">{\"@context\":\"https:\/\/schema.org\",\"@graph\":[{\"@type\":\"Article\",\"@id\":\"https:\/\/permbledhja.com\/flet-babai-i-25-vjecares-qe-u-rrembye-nga-terroristet\/#article\",\"isPartOf\":{\"@id\":\"https:\/\/permbledhja.com\/flet-babai-i-25-vjecares-qe-u-rrembye-nga-terroristet\/\"},\"author\":{\"name\":\"P\u00ebrmbledhja\",\"@id\":\"https:\/\/permbledhja.com\/#\/schema\/person\/0d064377258d3221e50693947b9eb4fe\"},\"headline\":\"Flet babai i 25-vje\u00e7ares q\u00eb u rr\u00ebmbye nga terrorist\u00ebt\",\"datePublished\":\"2023-10-08T17:44:57+00:00\",\"dateModified\":\"2023-10-08T17:44:57+00:00\",\"mainEntityOfPage\":{\"@id\":\"https:\/\/permbledhja.com\/flet-babai-i-25-vjecares-qe-u-rrembye-nga-terroristet\/\"},\"wordCount\":102,\"publisher\":{\"@id\":\"https:\/\/permbledhja.com\/#organization\"},\"keywords\":[\"Terrorist\u00ebt\"],\"articleSection\":[\"Komb\u00ebtare\",\"Lajme\"],\"inLanguage\":\"sq\"},{\"@type\":\"WebPage\",\"@id\":\"https:\/\/permbledhja.com\/flet-babai-i-25-vjecares-qe-u-rrembye-nga-terroristet\/\",\"url\":\"https:\/\/permbledhja.com\/flet-babai-i-25-vjecares-qe-u-rrembye-nga-terroristet\/\",\"name\":\"Flet babai i 25-vje\u00e7ares q\u00eb u rr\u00ebmbye nga terrorist\u00ebt\",\"isPartOf\":{\"@id\":\"https:\/\/permbledhja.com\/#website\"},\"datePublished\":\"2023-10-08T17:44:57+00:00\",\"dateModified\":\"2023-10-08T17:44:57+00:00\",\"breadcrumb\":{\"@id\":\"https:\/\/permbledhja.com\/flet-babai-i-25-vjecares-qe-u-rrembye-nga-terroristet\/#breadcrumb\"},\"inLanguage\":\"sq\",\"potentialAction\":[{\"@type\":\"ReadAction\",\"target\":[\"https:\/\/permbledhja.com\/flet-babai-i-25-vjecares-qe-u-rrembye-nga-terroristet\/\"]}]},{\"@type\":\"BreadcrumbList\",\"@id\":\"https:\/\/permbledhja.com\/flet-babai-i-25-vjecares-qe-u-rrembye-nga-terroristet\/#breadcrumb\",\"itemListElement\":[{\"@type\":\"ListItem\",\"position\":1,\"name\":\"Ballina\",\"item\":\"https:\/\/permbledhja.com\/sq\/\"},{\"@type\":\"ListItem\",\"position\":2,\"name\":\"Flet babai i 25-vje\u00e7ares q\u00eb u rr\u00ebmbye nga terrorist\u00ebt\"}]},{\"@type\":\"WebSite\",\"@id\":\"https:\/\/permbledhja.com\/#website\",\"url\":\"https:\/\/permbledhja.com\/\",\"name\":\"Ve\u00e7 artikuj p\u00ebrmbledh\u00ebs\",\"description\":\"\",\"publisher\":{\"@id\":\"https:\/\/permbledhja.com\/#organization\"},\"potentialAction\":[{\"@type\":\"SearchAction\",\"target\":{\"@type\":\"EntryPoint\",\"urlTemplate\":\"https:\/\/permbledhja.com\/?s={search_term_string}\"},\"query-input\":\"required name=search_term_string\"}],\"inLanguage\":\"sq\"},{\"@type\":\"Organization\",\"@id\":\"https:\/\/permbledhja.com\/#organization\",\"name\":\"MK Media & Pr\",\"url\":\"https:\/\/permbledhja.com\/\",\"logo\":{\"@type\":\"ImageObject\",\"inLanguage\":\"sq\",\"@id\":\"https:\/\/permbledhja.com\/#\/schema\/logo\/image\/\",\"url\":\"https:\/\/permbledhja.com\/wp-content\/uploads\/2021\/12\/07-Press-Logo.jpg\",\"contentUrl\":\"https:\/\/permbledhja.com\/wp-content\/uploads\/2021\/12\/07-Press-Logo.jpg\",\"width\":512,\"height\":512,\"caption\":\"MK Media & Pr\"},\"image\":{\"@id\":\"https:\/\/permbledhja.com\/#\/schema\/logo\/image\/\"},\"sameAs\":[\"https:\/\/www.facebook.com\/press07\/\"]},{\"@type\":\"Person\",\"@id\":\"https:\/\/permbledhja.com\/#\/schema\/person\/0d064377258d3221e50693947b9eb4fe\",\"name\":\"P\u00ebrmbledhja\",\"image\":{\"@type\":\"ImageObject\",\"inLanguage\":\"sq\",\"@id\":\"https:\/\/permbledhja.com\/#\/schema\/person\/image\/\",\"url\":\"https:\/\/permbledhja.com\/wp-content\/uploads\/2026\/01\/452004717_1040944174702970_8932037511805513407_n-96x96.jpg\",\"contentUrl\":\"https:\/\/permbledhja.com\/wp-content\/uploads\/2026\/01\/452004717_1040944174702970_8932037511805513407_n-96x96.jpg\",\"caption\":\"P\u00ebrmbledhja\"},\"sameAs\":[\"https:\/\/www.facebook.com\/kafexhiu.muharrem\/\",\"https:\/\/www.instagram.com\/muharrem_kafexhiu\/\"],\"url\":\"https:\/\/permbledhja.com\/sq\/author\/admin\/\"}]}<\/script>\n<!-- \/ Yoast SEO plugin. -->","yoast_head_json":{"title":"Flet babai i 25-vje\u00e7ares q\u00eb u rr\u00ebmbye nga terrorist\u00ebt","robots":{"index":"index","follow":"follow","max-snippet":"max-snippet:-1","max-image-preview":"max-image-preview:large","max-video-preview":"max-video-preview:-1"},"canonical":"https:\/\/permbledhja.com\/sq\/flet-babai-i-25-vjecares-qe-u-rrembye-nga-terroristet\/","og_locale":"sq_AL","og_type":"article","og_title":"Flet babai i 25-vje\u00e7ares q\u00eb u rr\u00ebmbye nga terrorist\u00ebt","og_description":"Babai i Noa Argamanit, 25-vje\u00e7ares q\u00eb u rr\u00ebmbye dit\u00ebn e djeshme nga terrorist\u00ebt e Hamasit, ka shprehur hidh\u00ebrimin e tij n\u00eb nj\u00eb intervist\u00eb p\u00ebr mediat vendase. Me lot n\u00eb sy, ai faj\u00ebson veten q\u00eb nuk arriti dot ta shp\u00ebtonte t\u00eb bij\u00ebn. \u201cE pash\u00eb teksa rr\u00ebmbehej me dhun\u00eb n\u00eb nj\u00eb moto\u00e7iklet\u00eb. Ishte ajo, isha i sigurt. [&hellip;]","og_url":"https:\/\/permbledhja.com\/sq\/flet-babai-i-25-vjecares-qe-u-rrembye-nga-terroristet\/","og_site_name":"Ve\u00e7 artikuj p\u00ebrmbledh\u00ebs","article_publisher":"https:\/\/www.facebook.com\/press07\/","article_author":"https:\/\/www.facebook.com\/kafexhiu.muharrem\/","article_published_time":"2023-10-08T17:44:57+00:00","og_image":[{"width":595,"height":338,"url":"https:\/\/permbledhja.com\/wp-content\/uploads\/2023\/10\/A00A5580-88D3-4EEA-8286-C9B486F1F777.png","type":"image\/png"}],"author":"P\u00ebrmbledhja","twitter_card":"summary_large_image","twitter_misc":{"Written by":"P\u00ebrmbledhja"},"schema":{"@context":"https:\/\/schema.org","@graph":[{"@type":"Article","@id":"https:\/\/permbledhja.com\/flet-babai-i-25-vjecares-qe-u-rrembye-nga-terroristet\/#article","isPartOf":{"@id":"https:\/\/permbledhja.com\/flet-babai-i-25-vjecares-qe-u-rrembye-nga-terroristet\/"},"author":{"name":"P\u00ebrmbledhja","@id":"https:\/\/permbledhja.com\/#\/schema\/person\/0d064377258d3221e50693947b9eb4fe"},"headline":"Flet babai i 25-vje\u00e7ares q\u00eb u rr\u00ebmbye nga terrorist\u00ebt","datePublished":"2023-10-08T17:44:57+00:00","dateModified":"2023-10-08T17:44:57+00:00","mainEntityOfPage":{"@id":"https:\/\/permbledhja.com\/flet-babai-i-25-vjecares-qe-u-rrembye-nga-terroristet\/"},"wordCount":102,"publisher":{"@id":"https:\/\/permbledhja.com\/#organization"},"keywords":["Terrorist\u00ebt"],"articleSection":["Komb\u00ebtare","Lajme"],"inLanguage":"sq"},{"@type":"WebPage","@id":"https:\/\/permbledhja.com\/flet-babai-i-25-vjecares-qe-u-rrembye-nga-terroristet\/","url":"https:\/\/permbledhja.com\/flet-babai-i-25-vjecares-qe-u-rrembye-nga-terroristet\/","name":"Flet babai i 25-vje\u00e7ares q\u00eb u rr\u00ebmbye nga terrorist\u00ebt","isPartOf":{"@id":"https:\/\/permbledhja.com\/#website"},"datePublished":"2023-10-08T17:44:57+00:00","dateModified":"2023-10-08T17:44:57+00:00","breadcrumb":{"@id":"https:\/\/permbledhja.com\/flet-babai-i-25-vjecares-qe-u-rrembye-nga-terroristet\/#breadcrumb"},"inLanguage":"sq","potentialAction":[{"@type":"ReadAction","target":["https:\/\/permbledhja.com\/flet-babai-i-25-vjecares-qe-u-rrembye-nga-terroristet\/"]}]},{"@type":"BreadcrumbList","@id":"https:\/\/permbledhja.com\/flet-babai-i-25-vjecares-qe-u-rrembye-nga-terroristet\/#breadcrumb","itemListElement":[{"@type":"ListItem","position":1,"name":"Ballina","item":"https:\/\/permbledhja.com\/sq\/"},{"@type":"ListItem","position":2,"name":"Flet babai i 25-vje\u00e7ares q\u00eb u rr\u00ebmbye nga terrorist\u00ebt"}]},{"@type":"WebSite","@id":"https:\/\/permbledhja.com\/#website","url":"https:\/\/permbledhja.com\/","name":"Ve\u00e7 artikuj p\u00ebrmbledh\u00ebs","description":"","publisher":{"@id":"https:\/\/permbledhja.com\/#organization"},"potentialAction":[{"@type":"SearchAction","target":{"@type":"EntryPoint","urlTemplate":"https:\/\/permbledhja.com\/?s={search_term_string}"},"query-input":"required name=search_term_string"}],"inLanguage":"sq"},{"@type":"Organization","@id":"https:\/\/permbledhja.com\/#organization","name":"MK Media & Pr","url":"https:\/\/permbledhja.com\/","logo":{"@type":"ImageObject","inLanguage":"sq","@id":"https:\/\/permbledhja.com\/#\/schema\/logo\/image\/","url":"https:\/\/permbledhja.com\/wp-content\/uploads\/2021\/12\/07-Press-Logo.jpg","contentUrl":"https:\/\/permbledhja.com\/wp-content\/uploads\/2021\/12\/07-Press-Logo.jpg","width":512,"height":512,"caption":"MK Media & Pr"},"image":{"@id":"https:\/\/permbledhja.com\/#\/schema\/logo\/image\/"},"sameAs":["https:\/\/www.facebook.com\/press07\/"]},{"@type":"Person","@id":"https:\/\/permbledhja.com\/#\/schema\/person\/0d064377258d3221e50693947b9eb4fe","name":"P\u00ebrmbledhja","image":{"@type":"ImageObject","inLanguage":"sq","@id":"https:\/\/permbledhja.com\/#\/schema\/person\/image\/","url":"https:\/\/permbledhja.com\/wp-content\/uploads\/2026\/01\/452004717_1040944174702970_8932037511805513407_n-96x96.jpg","contentUrl":"https:\/\/permbledhja.com\/wp-content\/uploads\/2026\/01\/452004717_1040944174702970_8932037511805513407_n-96x96.jpg","caption":"P\u00ebrmbledhja"},"sameAs":["https:\/\/www.facebook.com\/kafexhiu.muharrem\/","https:\/\/www.instagram.com\/muharrem_kafexhiu\/"],"url":"https:\/\/permbledhja.com\/sq\/author\/admin\/"}]}},"_links":{"self":[{"href":"https:\/\/permbledhja.com\/sq\/wp-json\/wp\/v2\/posts\/30365"}],"collection":[{"href":"https:\/\/permbledhja.com\/sq\/wp-json\/wp\/v2\/posts"}],"about":[{"href":"https:\/\/permbledhja.com\/sq\/wp-json\/wp\/v2\/types\/post"}],"author":[{"embeddable":true,"href":"https:\/\/permbledhja.com\/sq\/wp-json\/wp\/v2\/users\/1"}],"replies":[{"embeddable":true,"href":"https:\/\/permbledhja.com\/sq\/wp-json\/wp\/v2\/comments?post=30365"}],"version-history":[{"count":1,"href":"https:\/\/permbledhja.com\/sq\/wp-json\/wp\/v2\/posts\/30365\/revisions"}],"predecessor-version":[{"id":30367,"href":"https:\/\/permbledhja.com\/sq\/wp-json\/wp\/v2\/posts\/30365\/revisions\/30367"}],"wp:featuredmedia":[{"embeddable":true,"href":"https:\/\/permbledhja.com\/sq\/wp-json\/wp\/v2\/media\/30366"}],"wp:attachment":[{"href":"https:\/\/permbledhja.com\/sq\/wp-json\/wp\/v2\/media?parent=30365"}],"wp:term":[{"taxonomy":"category","embeddable":true,"href":"https:\/\/permbledhja.com\/sq\/wp-json\/wp\/v2\/categories?post=30365"},{"taxonomy":"post_tag","embeddable":true,"href":"https:\/\/permbledhja.com\/sq\/wp-json\/wp\/v2\/tags?post=30365"}],"curies":[{"name":"wp","href":"https:\/\/api.w.org\/{rel}","templated":true}]}}