{"id":30295,"date":"2023-10-08T10:55:09","date_gmt":"2023-10-08T10:55:09","guid":{"rendered":"https:\/\/permbledhja.com\/?p=30295"},"modified":"2023-10-08T10:55:09","modified_gmt":"2023-10-08T10:55:09","slug":"3-hektare-patate-ia-demtoi-shiu-ministria-e-bujqesise-ende-nuk-ja-ka-kompensuar-demet-bujkut-nga-mitrovica","status":"publish","type":"post","link":"https:\/\/permbledhja.com\/sq\/3-hektare-patate-ia-demtoi-shiu-ministria-e-bujqesise-ende-nuk-ja-ka-kompensuar-demet-bujkut-nga-mitrovica\/","title":{"rendered":"3 hektar\u00eb patate ia d\u00ebmtoi shiu: Ministria e Bujq\u00ebsis\u00eb ende nuk ja ka kompensuar d\u00ebmet bujkut nga Mitrovica"},"content":{"rendered":"<h3>Shiu i vazhduesh\u00ebm i pranver\u00ebs s\u00eb k\u00ebtij viti ka shkaktuar d\u00ebme n\u00eb disa kultura bujq\u00ebsore e n\u00eb ve\u00e7anti te kultura e patates. N\u00eb mesin e bujqve q\u00eb kan\u00eb p\u00ebsuar \u00ebsht\u00eb edhe Osman Ibrahimi nga fshati K\u00e7iq i Mitrovic\u00ebs, i cili tregoi se e gjith\u00eb sip\u00ebrfaqja e t\u00eb mbjellave \u00ebsht\u00eb d\u00ebmtuar.<\/h3>\n<p>Fermeri Ibrahimi tha p\u00ebr KosovaPress, se kultivoi mbi 3 hektar\u00eb por reshjet e fundit t\u00eb k\u00ebtij viti i kan\u00eb d\u00ebmtuar gati t\u00eb gjith\u00ebn. Sipas tij, edhe gjat\u00eb kultivimit ka pasur shum\u00eb v\u00ebshtir\u00ebsi.<\/p>\n<p>Ibrahimi thekson se ka shpenzuar shum\u00eb p\u00ebr t\u00eb pasur patate por p\u00ebr k\u00ebt\u00eb vit, sipas tij, nuk do t\u00eb mund t\u00eb p\u00ebrfitoj\u00eb gati asnj\u00eb kilogram\u00eb. Nd\u00ebkroh\u00eb, edhe pse thot\u00eb se ka paraqitur k\u00ebrkes\u00eb p\u00ebr ndihm\u00eb n\u00eb Ministria e Bujq\u00ebsis\u00eb, ende nuk ka marr\u00eb ndonj\u00eb p\u00ebrgjigje.<\/p>\n<p>\u201c Nga koha mbrapa ka pasur d\u00ebmtime por jo sikur k\u00ebt\u00eb vit, ket\u00eb vit kjo sip\u00ebrfaqe diku 3 hektar\u00eb e 35 ari, jan\u00eb t\u00eb d\u00ebmtuara komplet, \u00ebsht\u00eb d\u00ebmtuar aq shum\u00eb, fotografit\u00eb i kam kur kam aplikuar p\u00ebr d\u00ebmet q\u00eb me jan\u00eb shkaktuar, n\u00eb nivel t\u00eb komun\u00ebs. Traktorin tim q\u00eb e kam t\u00eb vog\u00ebl nuk kam guxuar t\u00eb hyj\u00eb prej ujit, jam detyruar t\u00eb paguaj nj\u00eb traktor tjet\u00ebr. M\u00eb besoni, nj\u00eb met\u00ebr ka thelluar fund e kok\u00eb. Gjat\u00ebsit\u00eb e arave jan\u00eb 200 metra edhe aq shum\u00eb \u00ebsht\u00eb d\u00ebmtuar, asnj\u00eb kilogram nuk mund t\u00eb marrim nga kjo. K\u00ebt\u00eb mund t\u00eb pasqyroni para kamer\u00ebs vet tash do t\u00eb filloj\u00eb t\u00eb nxjerr\u00eb, kaq shum\u00eb e ka d\u00ebmtuar k\u00ebt\u00eb pjes\u00eb, jo gjithkund, ama k\u00ebt\u00eb komplet. Mund t\u00eb them q\u00eb viteve tjera, var\u00ebsisht prej pun\u00ebs q\u00eb e kemi b\u00ebr\u00eb, edhe k\u00ebt\u00eb vit gjith\u00eb at\u00eb q\u00eb k\u00ebrkohet nivelin m\u00eb t\u00eb mir\u00eb ia kemi b\u00ebr\u00eb, far\u00ebn e re nga Luksemburgu e kemi sjellur, m\u00eb duket 65 cent e kam marr\u00eb. 1000 kilogram hektar\u00eb mjaftojn\u00eb, ujin e kemi pasur me shpres\u00eb q\u00eb do t\u00eb b\u00ebjm\u00eb di\u00e7ka\u2026 Ministria e Bujq\u00ebsis\u00eb t\u2019i marr\u00eb parasysh k\u00ebrkesat, aplikimet q\u00eb kemi b\u00ebr\u00eb edhe t\u00eb mos besojn\u00eb fare n\u00eb dramatizon, le t\u00eb vin\u00eb n\u00eb vend t\u00eb ngjarjes le t\u00eb shohin. T\u00eb them t\u00eb drejt\u00ebn kredi t\u00eb gjith\u00eb i kan\u00eb marr\u00eb, nuk kan\u00eb mund\u00ebsi me i mbjell patatet. Llogarite sa kan\u00eb hy do t\u00eb thot\u00eb n\u00ebse dikush i ka pasur 10 hektar\u00eb, 30 mij\u00eb euro \u00ebsht\u00eb dashur t\u2019i jap, tani tjerat \u00e7ka t\u00eb dal\u00eb, fillimisht kisha me th\u00ebn\u00eb edhe mund\u00ebsit\u00eb buxhetore t\u00eb kufizuara s\u00eb paku ato q\u00eb kan\u00eb investuar ato t\u00eb ken\u00eb mund\u00ebsi t\u00eb fitohen k\u00ebt\u00eb vit\u201d, tha Ibrahimi.<\/p>\n<p>Ibrahimi theksoi se uji i tep\u00ebrt n\u00eb tokat e mbjella me patate i ka shkat\u00ebrruar dhe sipas llogaritjeve t\u00eb \u00e7mimit t\u00eb patates, rreth 40 mij\u00eb euro ka p\u00ebsuar humbje p\u00ebr k\u00ebt\u00eb vit.<\/p>\n<div>\n<p>\u201cN\u00eb analizat e viteve t\u00eb tjera e di q\u00eb n\u00eb konotacion thell\u00ebsia e arave \u00ebsht\u00eb 200 metra me q\u00ebllim me dit\u00eb se sa i qet\u00eb tre hektar\u00eb, un\u00eb e kam b\u00ebr\u00eb nj\u00eb matje, nj\u00eb rend i qet 500 kilogram\u00eb, tani m\u00eb po shihet asnj\u00eb nuk e ka, e ka shkat\u00ebrruar uji, se patatja \u00ebsht\u00eb e ndjeshme, mund t\u00eb them minimumi, nuk dua t\u00eb tejkaloj m\u00eb shum\u00eb. Tek ne minimumi 30 ton patate 3 hektar\u00eb e 35 ari, e kam llogaritur nga 100 ton kush ka d\u00ebshir\u00eb me llogarit\u00eb humbjen ton\u00eb, le t\u00eb llogarit\u00eb n\u00eb treg sa shkon 100 ton x 40 cent b\u00ebjn\u00eb 40 mij\u00eb euro, p\u00ebr shembull n\u00ebse 50 cent, 50 mij\u00eb euro sa t\u00eb shkon n\u00eb treg aq humbje kemi. Do t\u00eb thot\u00eb k\u00ebtu \u00ebsht\u00eb nj\u00eb matje e thjesht\u201d,\u00a0shtoi Ibrahimi.<\/p>\n<\/div>\n<div class=\"code-block code-block-10\"><\/div>\n","protected":false},"excerpt":{"rendered":"<p>Shiu i vazhduesh\u00ebm i pranver\u00ebs s\u00eb k\u00ebtij viti ka shkaktuar d\u00ebme n\u00eb disa kultura bujq\u00ebsore e n\u00eb ve\u00e7anti te kultura e patates. N\u00eb mesin e bujqve q\u00eb kan\u00eb p\u00ebsuar \u00ebsht\u00eb edhe Osman Ibrahimi nga fshati K\u00e7iq i Mitrovic\u00ebs, i cili tregoi se e gjith\u00eb sip\u00ebrfaqja e t\u00eb mbjellave \u00ebsht\u00eb d\u00ebmtuar. Fermeri Ibrahimi tha p\u00ebr KosovaPress, [&hellip;]<\/p>\n","protected":false},"author":2,"featured_media":30296,"comment_status":"closed","ping_status":"closed","sticky":false,"template":"","format":"standard","meta":{"_monsterinsights_skip_tracking":false,"_monsterinsights_sitenote_active":false,"_monsterinsights_sitenote_note":"","_monsterinsights_sitenote_category":0,"_uf_show_specific_survey":0,"_uf_disable_surveys":false,"footnotes":""},"categories":[23,15],"tags":[],"yoast_head":"<!-- This site is optimized with the Yoast SEO plugin v21.5 - https:\/\/yoast.com\/wordpress\/plugins\/seo\/ -->\n<title>3 hektar\u00eb patate ia d\u00ebmtoi shiu: Ministria e Bujq\u00ebsis\u00eb ende nuk ja ka kompensuar d\u00ebmet bujkut nga Mitrovica<\/title>\n<meta name=\"robots\" content=\"index, follow, max-snippet:-1, max-image-preview:large, max-video-preview:-1\" \/>\n<link rel=\"canonical\" href=\"https:\/\/permbledhja.com\/sq\/3-hektare-patate-ia-demtoi-shiu-ministria-e-bujqesise-ende-nuk-ja-ka-kompensuar-demet-bujkut-nga-mitrovica\/\" \/>\n<meta property=\"og:locale\" content=\"sq_AL\" \/>\n<meta property=\"og:type\" content=\"article\" \/>\n<meta property=\"og:title\" content=\"3 hektar\u00eb patate ia d\u00ebmtoi shiu: Ministria e Bujq\u00ebsis\u00eb ende nuk ja ka kompensuar d\u00ebmet bujkut nga Mitrovica\" \/>\n<meta property=\"og:description\" content=\"Shiu i vazhduesh\u00ebm i pranver\u00ebs s\u00eb k\u00ebtij viti ka shkaktuar d\u00ebme n\u00eb disa kultura bujq\u00ebsore e n\u00eb ve\u00e7anti te kultura e patates. N\u00eb mesin e bujqve q\u00eb kan\u00eb p\u00ebsuar \u00ebsht\u00eb edhe Osman Ibrahimi nga fshati K\u00e7iq i Mitrovic\u00ebs, i cili tregoi se e gjith\u00eb sip\u00ebrfaqja e t\u00eb mbjellave \u00ebsht\u00eb d\u00ebmtuar. Fermeri Ibrahimi tha p\u00ebr KosovaPress, [&hellip;]\" \/>\n<meta property=\"og:url\" content=\"https:\/\/permbledhja.com\/sq\/3-hektare-patate-ia-demtoi-shiu-ministria-e-bujqesise-ende-nuk-ja-ka-kompensuar-demet-bujkut-nga-mitrovica\/\" \/>\n<meta property=\"og:site_name\" content=\"Ve\u00e7 artikuj p\u00ebrmbledh\u00ebs\" \/>\n<meta property=\"article:publisher\" content=\"https:\/\/www.facebook.com\/press07\/\" \/>\n<meta property=\"article:published_time\" content=\"2023-10-08T10:55:09+00:00\" \/>\n<meta property=\"og:image\" content=\"https:\/\/permbledhja.com\/wp-content\/uploads\/2023\/10\/f.png\" \/>\n\t<meta property=\"og:image:width\" content=\"1420\" \/>\n\t<meta property=\"og:image:height\" content=\"669\" \/>\n\t<meta property=\"og:image:type\" content=\"image\/png\" \/>\n<meta name=\"author\" content=\"M M\" \/>\n<meta name=\"twitter:card\" content=\"summary_large_image\" \/>\n<meta name=\"twitter:label1\" content=\"Written by\" \/>\n\t<meta name=\"twitter:data1\" content=\"M M\" \/>\n\t<meta name=\"twitter:label2\" content=\"Est. reading time\" \/>\n\t<meta name=\"twitter:data2\" content=\"3 minuta\" \/>\n<script type=\"application\/ld+json\" class=\"yoast-schema-graph\">{\"@context\":\"https:\/\/schema.org\",\"@graph\":[{\"@type\":\"Article\",\"@id\":\"https:\/\/permbledhja.com\/3-hektare-patate-ia-demtoi-shiu-ministria-e-bujqesise-ende-nuk-ja-ka-kompensuar-demet-bujkut-nga-mitrovica\/#article\",\"isPartOf\":{\"@id\":\"https:\/\/permbledhja.com\/3-hektare-patate-ia-demtoi-shiu-ministria-e-bujqesise-ende-nuk-ja-ka-kompensuar-demet-bujkut-nga-mitrovica\/\"},\"author\":{\"name\":\"M M\",\"@id\":\"https:\/\/permbledhja.com\/#\/schema\/person\/d23f13f59b5722643933d6780783acf3\"},\"headline\":\"3 hektar\u00eb patate ia d\u00ebmtoi shiu: Ministria e Bujq\u00ebsis\u00eb ende nuk ja ka kompensuar d\u00ebmet bujkut nga Mitrovica\",\"datePublished\":\"2023-10-08T10:55:09+00:00\",\"dateModified\":\"2023-10-08T10:55:09+00:00\",\"mainEntityOfPage\":{\"@id\":\"https:\/\/permbledhja.com\/3-hektare-patate-ia-demtoi-shiu-ministria-e-bujqesise-ende-nuk-ja-ka-kompensuar-demet-bujkut-nga-mitrovica\/\"},\"wordCount\":643,\"publisher\":{\"@id\":\"https:\/\/permbledhja.com\/#organization\"},\"articleSection\":[\"Komb\u00ebtare\",\"Lajme\"],\"inLanguage\":\"sq\"},{\"@type\":\"WebPage\",\"@id\":\"https:\/\/permbledhja.com\/3-hektare-patate-ia-demtoi-shiu-ministria-e-bujqesise-ende-nuk-ja-ka-kompensuar-demet-bujkut-nga-mitrovica\/\",\"url\":\"https:\/\/permbledhja.com\/3-hektare-patate-ia-demtoi-shiu-ministria-e-bujqesise-ende-nuk-ja-ka-kompensuar-demet-bujkut-nga-mitrovica\/\",\"name\":\"3 hektar\u00eb patate ia d\u00ebmtoi shiu: Ministria e Bujq\u00ebsis\u00eb ende nuk ja ka kompensuar d\u00ebmet bujkut nga Mitrovica\",\"isPartOf\":{\"@id\":\"https:\/\/permbledhja.com\/#website\"},\"datePublished\":\"2023-10-08T10:55:09+00:00\",\"dateModified\":\"2023-10-08T10:55:09+00:00\",\"breadcrumb\":{\"@id\":\"https:\/\/permbledhja.com\/3-hektare-patate-ia-demtoi-shiu-ministria-e-bujqesise-ende-nuk-ja-ka-kompensuar-demet-bujkut-nga-mitrovica\/#breadcrumb\"},\"inLanguage\":\"sq\",\"potentialAction\":[{\"@type\":\"ReadAction\",\"target\":[\"https:\/\/permbledhja.com\/3-hektare-patate-ia-demtoi-shiu-ministria-e-bujqesise-ende-nuk-ja-ka-kompensuar-demet-bujkut-nga-mitrovica\/\"]}]},{\"@type\":\"BreadcrumbList\",\"@id\":\"https:\/\/permbledhja.com\/3-hektare-patate-ia-demtoi-shiu-ministria-e-bujqesise-ende-nuk-ja-ka-kompensuar-demet-bujkut-nga-mitrovica\/#breadcrumb\",\"itemListElement\":[{\"@type\":\"ListItem\",\"position\":1,\"name\":\"Ballina\",\"item\":\"https:\/\/permbledhja.com\/sq\/\"},{\"@type\":\"ListItem\",\"position\":2,\"name\":\"3 hektar\u00eb patate ia d\u00ebmtoi shiu: Ministria e Bujq\u00ebsis\u00eb ende nuk ja ka kompensuar d\u00ebmet bujkut nga Mitrovica\"}]},{\"@type\":\"WebSite\",\"@id\":\"https:\/\/permbledhja.com\/#website\",\"url\":\"https:\/\/permbledhja.com\/\",\"name\":\"Ve\u00e7 artikuj p\u00ebrmbledh\u00ebs\",\"description\":\"\",\"publisher\":{\"@id\":\"https:\/\/permbledhja.com\/#organization\"},\"potentialAction\":[{\"@type\":\"SearchAction\",\"target\":{\"@type\":\"EntryPoint\",\"urlTemplate\":\"https:\/\/permbledhja.com\/?s={search_term_string}\"},\"query-input\":\"required name=search_term_string\"}],\"inLanguage\":\"sq\"},{\"@type\":\"Organization\",\"@id\":\"https:\/\/permbledhja.com\/#organization\",\"name\":\"MK Media & Pr\",\"url\":\"https:\/\/permbledhja.com\/\",\"logo\":{\"@type\":\"ImageObject\",\"inLanguage\":\"sq\",\"@id\":\"https:\/\/permbledhja.com\/#\/schema\/logo\/image\/\",\"url\":\"https:\/\/permbledhja.com\/wp-content\/uploads\/2021\/12\/07-Press-Logo.jpg\",\"contentUrl\":\"https:\/\/permbledhja.com\/wp-content\/uploads\/2021\/12\/07-Press-Logo.jpg\",\"width\":512,\"height\":512,\"caption\":\"MK Media & Pr\"},\"image\":{\"@id\":\"https:\/\/permbledhja.com\/#\/schema\/logo\/image\/\"},\"sameAs\":[\"https:\/\/www.facebook.com\/press07\/\"]},{\"@type\":\"Person\",\"@id\":\"https:\/\/permbledhja.com\/#\/schema\/person\/d23f13f59b5722643933d6780783acf3\",\"name\":\"M M\",\"image\":{\"@type\":\"ImageObject\",\"inLanguage\":\"sq\",\"@id\":\"https:\/\/permbledhja.com\/#\/schema\/person\/image\/\",\"url\":\"https:\/\/secure.gravatar.com\/avatar\/e2835a76ca7c31a2416b2d51c4ec9a8f?s=96&d=mm&r=g\",\"contentUrl\":\"https:\/\/secure.gravatar.com\/avatar\/e2835a76ca7c31a2416b2d51c4ec9a8f?s=96&d=mm&r=g\",\"caption\":\"M M\"},\"sameAs\":[\"http:\/\/MM\"],\"url\":\"https:\/\/permbledhja.com\/sq\/author\/muhamet\/\"}]}<\/script>\n<!-- \/ Yoast SEO plugin. -->","yoast_head_json":{"title":"3 hektar\u00eb patate ia d\u00ebmtoi shiu: Ministria e Bujq\u00ebsis\u00eb ende nuk ja ka kompensuar d\u00ebmet bujkut nga Mitrovica","robots":{"index":"index","follow":"follow","max-snippet":"max-snippet:-1","max-image-preview":"max-image-preview:large","max-video-preview":"max-video-preview:-1"},"canonical":"https:\/\/permbledhja.com\/sq\/3-hektare-patate-ia-demtoi-shiu-ministria-e-bujqesise-ende-nuk-ja-ka-kompensuar-demet-bujkut-nga-mitrovica\/","og_locale":"sq_AL","og_type":"article","og_title":"3 hektar\u00eb patate ia d\u00ebmtoi shiu: Ministria e Bujq\u00ebsis\u00eb ende nuk ja ka kompensuar d\u00ebmet bujkut nga Mitrovica","og_description":"Shiu i vazhduesh\u00ebm i pranver\u00ebs s\u00eb k\u00ebtij viti ka shkaktuar d\u00ebme n\u00eb disa kultura bujq\u00ebsore e n\u00eb ve\u00e7anti te kultura e patates. N\u00eb mesin e bujqve q\u00eb kan\u00eb p\u00ebsuar \u00ebsht\u00eb edhe Osman Ibrahimi nga fshati K\u00e7iq i Mitrovic\u00ebs, i cili tregoi se e gjith\u00eb sip\u00ebrfaqja e t\u00eb mbjellave \u00ebsht\u00eb d\u00ebmtuar. Fermeri Ibrahimi tha p\u00ebr KosovaPress, [&hellip;]","og_url":"https:\/\/permbledhja.com\/sq\/3-hektare-patate-ia-demtoi-shiu-ministria-e-bujqesise-ende-nuk-ja-ka-kompensuar-demet-bujkut-nga-mitrovica\/","og_site_name":"Ve\u00e7 artikuj p\u00ebrmbledh\u00ebs","article_publisher":"https:\/\/www.facebook.com\/press07\/","article_published_time":"2023-10-08T10:55:09+00:00","og_image":[{"width":1420,"height":669,"url":"https:\/\/permbledhja.com\/wp-content\/uploads\/2023\/10\/f.png","type":"image\/png"}],"author":"M M","twitter_card":"summary_large_image","twitter_misc":{"Written by":"M M","Est. reading time":"3 minuta"},"schema":{"@context":"https:\/\/schema.org","@graph":[{"@type":"Article","@id":"https:\/\/permbledhja.com\/3-hektare-patate-ia-demtoi-shiu-ministria-e-bujqesise-ende-nuk-ja-ka-kompensuar-demet-bujkut-nga-mitrovica\/#article","isPartOf":{"@id":"https:\/\/permbledhja.com\/3-hektare-patate-ia-demtoi-shiu-ministria-e-bujqesise-ende-nuk-ja-ka-kompensuar-demet-bujkut-nga-mitrovica\/"},"author":{"name":"M M","@id":"https:\/\/permbledhja.com\/#\/schema\/person\/d23f13f59b5722643933d6780783acf3"},"headline":"3 hektar\u00eb patate ia d\u00ebmtoi shiu: Ministria e Bujq\u00ebsis\u00eb ende nuk ja ka kompensuar d\u00ebmet bujkut nga Mitrovica","datePublished":"2023-10-08T10:55:09+00:00","dateModified":"2023-10-08T10:55:09+00:00","mainEntityOfPage":{"@id":"https:\/\/permbledhja.com\/3-hektare-patate-ia-demtoi-shiu-ministria-e-bujqesise-ende-nuk-ja-ka-kompensuar-demet-bujkut-nga-mitrovica\/"},"wordCount":643,"publisher":{"@id":"https:\/\/permbledhja.com\/#organization"},"articleSection":["Komb\u00ebtare","Lajme"],"inLanguage":"sq"},{"@type":"WebPage","@id":"https:\/\/permbledhja.com\/3-hektare-patate-ia-demtoi-shiu-ministria-e-bujqesise-ende-nuk-ja-ka-kompensuar-demet-bujkut-nga-mitrovica\/","url":"https:\/\/permbledhja.com\/3-hektare-patate-ia-demtoi-shiu-ministria-e-bujqesise-ende-nuk-ja-ka-kompensuar-demet-bujkut-nga-mitrovica\/","name":"3 hektar\u00eb patate ia d\u00ebmtoi shiu: Ministria e Bujq\u00ebsis\u00eb ende nuk ja ka kompensuar d\u00ebmet bujkut nga Mitrovica","isPartOf":{"@id":"https:\/\/permbledhja.com\/#website"},"datePublished":"2023-10-08T10:55:09+00:00","dateModified":"2023-10-08T10:55:09+00:00","breadcrumb":{"@id":"https:\/\/permbledhja.com\/3-hektare-patate-ia-demtoi-shiu-ministria-e-bujqesise-ende-nuk-ja-ka-kompensuar-demet-bujkut-nga-mitrovica\/#breadcrumb"},"inLanguage":"sq","potentialAction":[{"@type":"ReadAction","target":["https:\/\/permbledhja.com\/3-hektare-patate-ia-demtoi-shiu-ministria-e-bujqesise-ende-nuk-ja-ka-kompensuar-demet-bujkut-nga-mitrovica\/"]}]},{"@type":"BreadcrumbList","@id":"https:\/\/permbledhja.com\/3-hektare-patate-ia-demtoi-shiu-ministria-e-bujqesise-ende-nuk-ja-ka-kompensuar-demet-bujkut-nga-mitrovica\/#breadcrumb","itemListElement":[{"@type":"ListItem","position":1,"name":"Ballina","item":"https:\/\/permbledhja.com\/sq\/"},{"@type":"ListItem","position":2,"name":"3 hektar\u00eb patate ia d\u00ebmtoi shiu: Ministria e Bujq\u00ebsis\u00eb ende nuk ja ka kompensuar d\u00ebmet bujkut nga Mitrovica"}]},{"@type":"WebSite","@id":"https:\/\/permbledhja.com\/#website","url":"https:\/\/permbledhja.com\/","name":"Ve\u00e7 artikuj p\u00ebrmbledh\u00ebs","description":"","publisher":{"@id":"https:\/\/permbledhja.com\/#organization"},"potentialAction":[{"@type":"SearchAction","target":{"@type":"EntryPoint","urlTemplate":"https:\/\/permbledhja.com\/?s={search_term_string}"},"query-input":"required name=search_term_string"}],"inLanguage":"sq"},{"@type":"Organization","@id":"https:\/\/permbledhja.com\/#organization","name":"MK Media & Pr","url":"https:\/\/permbledhja.com\/","logo":{"@type":"ImageObject","inLanguage":"sq","@id":"https:\/\/permbledhja.com\/#\/schema\/logo\/image\/","url":"https:\/\/permbledhja.com\/wp-content\/uploads\/2021\/12\/07-Press-Logo.jpg","contentUrl":"https:\/\/permbledhja.com\/wp-content\/uploads\/2021\/12\/07-Press-Logo.jpg","width":512,"height":512,"caption":"MK Media & Pr"},"image":{"@id":"https:\/\/permbledhja.com\/#\/schema\/logo\/image\/"},"sameAs":["https:\/\/www.facebook.com\/press07\/"]},{"@type":"Person","@id":"https:\/\/permbledhja.com\/#\/schema\/person\/d23f13f59b5722643933d6780783acf3","name":"M M","image":{"@type":"ImageObject","inLanguage":"sq","@id":"https:\/\/permbledhja.com\/#\/schema\/person\/image\/","url":"https:\/\/secure.gravatar.com\/avatar\/e2835a76ca7c31a2416b2d51c4ec9a8f?s=96&d=mm&r=g","contentUrl":"https:\/\/secure.gravatar.com\/avatar\/e2835a76ca7c31a2416b2d51c4ec9a8f?s=96&d=mm&r=g","caption":"M M"},"sameAs":["http:\/\/MM"],"url":"https:\/\/permbledhja.com\/sq\/author\/muhamet\/"}]}},"_links":{"self":[{"href":"https:\/\/permbledhja.com\/sq\/wp-json\/wp\/v2\/posts\/30295"}],"collection":[{"href":"https:\/\/permbledhja.com\/sq\/wp-json\/wp\/v2\/posts"}],"about":[{"href":"https:\/\/permbledhja.com\/sq\/wp-json\/wp\/v2\/types\/post"}],"author":[{"embeddable":true,"href":"https:\/\/permbledhja.com\/sq\/wp-json\/wp\/v2\/users\/2"}],"replies":[{"embeddable":true,"href":"https:\/\/permbledhja.com\/sq\/wp-json\/wp\/v2\/comments?post=30295"}],"version-history":[{"count":1,"href":"https:\/\/permbledhja.com\/sq\/wp-json\/wp\/v2\/posts\/30295\/revisions"}],"predecessor-version":[{"id":30297,"href":"https:\/\/permbledhja.com\/sq\/wp-json\/wp\/v2\/posts\/30295\/revisions\/30297"}],"wp:featuredmedia":[{"embeddable":true,"href":"https:\/\/permbledhja.com\/sq\/wp-json\/wp\/v2\/media\/30296"}],"wp:attachment":[{"href":"https:\/\/permbledhja.com\/sq\/wp-json\/wp\/v2\/media?parent=30295"}],"wp:term":[{"taxonomy":"category","embeddable":true,"href":"https:\/\/permbledhja.com\/sq\/wp-json\/wp\/v2\/categories?post=30295"},{"taxonomy":"post_tag","embeddable":true,"href":"https:\/\/permbledhja.com\/sq\/wp-json\/wp\/v2\/tags?post=30295"}],"curies":[{"name":"wp","href":"https:\/\/api.w.org\/{rel}","templated":true}]}}