{"id":30258,"date":"2023-10-08T08:13:37","date_gmt":"2023-10-08T08:13:37","guid":{"rendered":"https:\/\/permbledhja.com\/?p=30258"},"modified":"2023-10-08T08:13:37","modified_gmt":"2023-10-08T08:13:37","slug":"tensionet-ne-veri-rendojne-ekonomine-e-vendit","status":"publish","type":"post","link":"https:\/\/permbledhja.com\/sq\/tensionet-ne-veri-rendojne-ekonomine-e-vendit\/","title":{"rendered":"Tensionet n\u00eb veri r\u00ebndojn\u00eb ekonomin\u00eb e vendit"},"content":{"rendered":"<h3>Tensionet n\u00eb veri t\u00eb vendit p\u00ebrve\u00e7 d\u00ebmeve politike, po shkaktojn\u00eb d\u00ebme edhe n\u00eb aspektin ekonomik. Subjektet p\u00ebrfaq\u00ebsuese t\u00eb bizneseve dhe njoh\u00ebs t\u00eb fush\u00ebs s\u00eb ekonomis\u00eb v\u00ebn\u00eb n\u00eb pah rreziqet q\u00eb prodhon n\u00eb sektorin e ekonomis\u00eb situata e krijuar n\u00eb veri t\u00eb vendit.<\/h3>\n<p>Tensionet e fundit n\u00eb veri po ndikojn\u00eb drejtp\u00ebrdrejt edhe n\u00eb ekonomin. Trazirat e vazhdueshme n\u00eb k\u00ebt\u00eb pjes\u00eb t\u00eb vendit, sipas njoh\u00ebsve t\u00eb ekonomis\u00eb, po shkaktojn\u00eb frik\u00eb tek investitor\u00ebt potencial.<\/p>\n<p>Po ashtu pengesa jan\u00eb paraqitur edhe n\u00eb eksportonin e prodhimeve vendore. Kryetari i shoqat\u00ebs s\u00eb eksportuesve, Nexhat Hasani, tha se trendi i r\u00ebnies s\u00eb eksportit \u00ebsht\u00eb milion\u00ebsh.<\/p>\n<p>\u201cFaktori politik \u00ebsht\u00eb drejt\u00eb p\u00ebr drejt i lidhur me at\u00eb ekonomik pa stabilitet ekonomik nuk ka ekonomi t\u00eb sh\u00ebndosh\u00eb, krizat n\u00eb veri i terhjekin investitor\u00ebt nga Kosova po edhe nga Ballkani sepse \u00ebsht\u00eb tregu jo i q\u00ebndruesh\u00ebm jo i suksesh\u00ebm\u2026 n\u00eb muajin e kalum eksporti ka qen\u00eb 65 milion\u00eb euro tash do t\u00eb jet\u00eb diku 45 milion\u00eb si do q\u00eb t\u00eb jet\u00eb kjo \u00ebsht\u00eb nj\u00eb s\u00ebmundje p\u00ebr ekonomin\u00eb ton\u00eb\u2026 p\u00ebr q\u00eb ka biznese q\u00eb jan\u00eb largu nga Kosova p\u00ebr shkak t\u00eb situat\u00ebs \u00ebsht\u00eb e pa kontestueshme do t\u00eb thot\u00eb njer\u00ebzit ikin aty ku nuk ka siguri fizike nuk ka investim\u2026\u201d, tha Hasani p\u00ebr RTV21.<\/p>\n<p>Kryetari i aleanc\u00ebs s\u00eb bizneseve Agim Shahini, thot\u00eb se pas sulmi terrorist n\u00eb veri, po v\u00ebrehet nj\u00eb ngadal\u00ebsim i ekonomis\u00eb.<\/p>\n<p>\u201cNdikon negativisht p\u00ebr shkak se n\u00eb nj\u00eb vend ku zihen aq shum\u00eb arsenal ushtarak, i nj\u00eb paraushtrie, i nj\u00eb parapolicie, i nj\u00eb grupi politik q\u00eb pretendon ta marr nj\u00eb territor t\u00eb huaj kjo do t\u00eb thot\u00eb frik\u00ebsim i investitor\u00ebve dhe gjat\u00eb k\u00ebtyre dit\u00ebve Kosova ka p\u00ebsau nj\u00eb ngadal\u00ebsim t\u00eb ekonomin\u00eb ngadal\u00ebsim t\u00eb pagesave t\u00eb ratave t\u00eb bizneseve etj\u2026 rreth 20 milion\u00eb euro ka qen\u00eb qarkullimi m\u00eb pak n\u00eb konsum total dhe kjo ngadal\u00ebson rritjen e zhvillimit ekonomik..\u201d, tha ai p\u00ebr RTV21.<\/p>\n<p>Edhe njoh\u00ebsi i ekonomis\u00eb, Medain Hashani, thot\u00eb se trazirat shkaktojn\u00eb pasiguri n\u00eb fush\u00ebn e t\u00eb b\u00ebrit biznes.<\/p>\n<p>\u201cTrazirat n\u00eb Kosov\u00eb ndikojn\u00eb n\u00eb ekonomi gjithsesi p\u00ebr arsye se krijojn\u00eb nj\u00eb lloj pasigurie p\u00ebr t\u00eb gjitha bizneset e Kosvo\u00ebs por edhe p\u00ebr bizneset q\u00eb eksportojn\u00eb n\u00eb Kosov\u00eb sepse \u00e7do trazir\u00eb politike ndikon edhe n\u00eb zhvillim ekonomik t\u00eb nj\u00eb vendi prandaj shumica e bizneseve t\u00eb Kosov\u00ebs q\u00eb kan\u00eb pas\u00eb p\u00ebrfaq\u00ebsi n\u00eb BE kan\u00eb fillu me u pa si rrisk p\u00ebr t\u00eb ardhm\u00ebn\u201d, tha Hashani.<\/p>\n<p>Por t\u00ebr\u00eb k\u00ebt\u00eb situat\u00eb, kryetari i Dhom\u00ebs s\u00eb afarizmit n\u00eb Kosov\u00eb, Skender Krasniqi, e sheh nga nj\u00eb k\u00ebndv\u00ebshtrim tjet\u00ebr. Sipas tij, reagimi profesional i institucioneve t\u00eb siguris\u00eb, ofron nj\u00eb garanci edhe p\u00ebr zhvillimin e bizneseve.<\/p>\n<p>Krahas tensioneve t\u00eb fundit, gjendjen n\u00eb sektorin ekonomik\u00eb e kan\u00eb r\u00ebnduar edhe masat nd\u00ebshkuese t\u00eb BE-s\u00eb ndaj Kosov\u00ebs, t\u00eb cilat ende vazhdojn\u00eb t\u00eb jen\u00eb fuqi.<\/p>\n","protected":false},"excerpt":{"rendered":"<p>Tensionet n\u00eb veri t\u00eb vendit p\u00ebrve\u00e7 d\u00ebmeve politike, po shkaktojn\u00eb d\u00ebme edhe n\u00eb aspektin ekonomik. Subjektet p\u00ebrfaq\u00ebsuese t\u00eb bizneseve dhe njoh\u00ebs t\u00eb fush\u00ebs s\u00eb ekonomis\u00eb v\u00ebn\u00eb n\u00eb pah rreziqet q\u00eb prodhon n\u00eb sektorin e ekonomis\u00eb situata e krijuar n\u00eb veri t\u00eb vendit. Tensionet e fundit n\u00eb veri po ndikojn\u00eb drejtp\u00ebrdrejt edhe n\u00eb ekonomin. Trazirat e [&hellip;]<\/p>\n","protected":false},"author":2,"featured_media":30259,"comment_status":"closed","ping_status":"closed","sticky":false,"template":"","format":"standard","meta":{"_monsterinsights_skip_tracking":false,"_monsterinsights_sitenote_active":false,"_monsterinsights_sitenote_note":"","_monsterinsights_sitenote_category":0,"_uf_show_specific_survey":0,"_uf_disable_surveys":false,"footnotes":""},"categories":[23,15],"tags":[],"yoast_head":"<!-- This site is optimized with the Yoast SEO plugin v21.5 - https:\/\/yoast.com\/wordpress\/plugins\/seo\/ -->\n<title>Tensionet n\u00eb veri r\u00ebndojn\u00eb ekonomin\u00eb e vendit<\/title>\n<meta name=\"robots\" content=\"index, follow, max-snippet:-1, max-image-preview:large, max-video-preview:-1\" \/>\n<link rel=\"canonical\" href=\"https:\/\/permbledhja.com\/sq\/tensionet-ne-veri-rendojne-ekonomine-e-vendit\/\" \/>\n<meta property=\"og:locale\" content=\"sq_AL\" \/>\n<meta property=\"og:type\" content=\"article\" \/>\n<meta property=\"og:title\" content=\"Tensionet n\u00eb veri r\u00ebndojn\u00eb ekonomin\u00eb e vendit\" \/>\n<meta property=\"og:description\" content=\"Tensionet n\u00eb veri t\u00eb vendit p\u00ebrve\u00e7 d\u00ebmeve politike, po shkaktojn\u00eb d\u00ebme edhe n\u00eb aspektin ekonomik. Subjektet p\u00ebrfaq\u00ebsuese t\u00eb bizneseve dhe njoh\u00ebs t\u00eb fush\u00ebs s\u00eb ekonomis\u00eb v\u00ebn\u00eb n\u00eb pah rreziqet q\u00eb prodhon n\u00eb sektorin e ekonomis\u00eb situata e krijuar n\u00eb veri t\u00eb vendit. Tensionet e fundit n\u00eb veri po ndikojn\u00eb drejtp\u00ebrdrejt edhe n\u00eb ekonomin. Trazirat e [&hellip;]\" \/>\n<meta property=\"og:url\" content=\"https:\/\/permbledhja.com\/sq\/tensionet-ne-veri-rendojne-ekonomine-e-vendit\/\" \/>\n<meta property=\"og:site_name\" content=\"Ve\u00e7 artikuj p\u00ebrmbledh\u00ebs\" \/>\n<meta property=\"article:publisher\" content=\"https:\/\/www.facebook.com\/press07\/\" \/>\n<meta property=\"article:published_time\" content=\"2023-10-08T08:13:37+00:00\" \/>\n<meta property=\"og:image\" content=\"https:\/\/permbledhja.com\/wp-content\/uploads\/2023\/10\/59eba44982554588a7d6711be045064e.webp\" \/>\n\t<meta property=\"og:image:width\" content=\"640\" \/>\n\t<meta property=\"og:image:height\" content=\"426\" \/>\n\t<meta property=\"og:image:type\" content=\"image\/webp\" \/>\n<meta name=\"author\" content=\"M M\" \/>\n<meta name=\"twitter:card\" content=\"summary_large_image\" \/>\n<meta name=\"twitter:label1\" content=\"Written by\" \/>\n\t<meta name=\"twitter:data1\" content=\"M M\" \/>\n\t<meta name=\"twitter:label2\" content=\"Est. reading time\" \/>\n\t<meta name=\"twitter:data2\" content=\"3 minuta\" \/>\n<script type=\"application\/ld+json\" class=\"yoast-schema-graph\">{\"@context\":\"https:\/\/schema.org\",\"@graph\":[{\"@type\":\"Article\",\"@id\":\"https:\/\/permbledhja.com\/sq\/tensionet-ne-veri-rendojne-ekonomine-e-vendit\/#article\",\"isPartOf\":{\"@id\":\"https:\/\/permbledhja.com\/sq\/tensionet-ne-veri-rendojne-ekonomine-e-vendit\/\"},\"author\":{\"name\":\"M M\",\"@id\":\"https:\/\/permbledhja.com\/#\/schema\/person\/d23f13f59b5722643933d6780783acf3\"},\"headline\":\"Tensionet n\u00eb veri r\u00ebndojn\u00eb ekonomin\u00eb e vendit\",\"datePublished\":\"2023-10-08T08:13:37+00:00\",\"dateModified\":\"2023-10-08T08:13:37+00:00\",\"mainEntityOfPage\":{\"@id\":\"https:\/\/permbledhja.com\/sq\/tensionet-ne-veri-rendojne-ekonomine-e-vendit\/\"},\"wordCount\":512,\"publisher\":{\"@id\":\"https:\/\/permbledhja.com\/#organization\"},\"articleSection\":[\"Komb\u00ebtare\",\"Lajme\"],\"inLanguage\":\"sq\"},{\"@type\":\"WebPage\",\"@id\":\"https:\/\/permbledhja.com\/sq\/tensionet-ne-veri-rendojne-ekonomine-e-vendit\/\",\"url\":\"https:\/\/permbledhja.com\/sq\/tensionet-ne-veri-rendojne-ekonomine-e-vendit\/\",\"name\":\"Tensionet n\u00eb veri r\u00ebndojn\u00eb ekonomin\u00eb e vendit\",\"isPartOf\":{\"@id\":\"https:\/\/permbledhja.com\/#website\"},\"datePublished\":\"2023-10-08T08:13:37+00:00\",\"dateModified\":\"2023-10-08T08:13:37+00:00\",\"breadcrumb\":{\"@id\":\"https:\/\/permbledhja.com\/sq\/tensionet-ne-veri-rendojne-ekonomine-e-vendit\/#breadcrumb\"},\"inLanguage\":\"sq\",\"potentialAction\":[{\"@type\":\"ReadAction\",\"target\":[\"https:\/\/permbledhja.com\/sq\/tensionet-ne-veri-rendojne-ekonomine-e-vendit\/\"]}]},{\"@type\":\"BreadcrumbList\",\"@id\":\"https:\/\/permbledhja.com\/sq\/tensionet-ne-veri-rendojne-ekonomine-e-vendit\/#breadcrumb\",\"itemListElement\":[{\"@type\":\"ListItem\",\"position\":1,\"name\":\"Ballina\",\"item\":\"https:\/\/permbledhja.com\/sq\/\"},{\"@type\":\"ListItem\",\"position\":2,\"name\":\"Tensionet n\u00eb veri r\u00ebndojn\u00eb ekonomin\u00eb e vendit\"}]},{\"@type\":\"WebSite\",\"@id\":\"https:\/\/permbledhja.com\/#website\",\"url\":\"https:\/\/permbledhja.com\/\",\"name\":\"Ve\u00e7 artikuj p\u00ebrmbledh\u00ebs\",\"description\":\"\",\"publisher\":{\"@id\":\"https:\/\/permbledhja.com\/#organization\"},\"potentialAction\":[{\"@type\":\"SearchAction\",\"target\":{\"@type\":\"EntryPoint\",\"urlTemplate\":\"https:\/\/permbledhja.com\/?s={search_term_string}\"},\"query-input\":\"required name=search_term_string\"}],\"inLanguage\":\"sq\"},{\"@type\":\"Organization\",\"@id\":\"https:\/\/permbledhja.com\/#organization\",\"name\":\"MK Media & Pr\",\"url\":\"https:\/\/permbledhja.com\/\",\"logo\":{\"@type\":\"ImageObject\",\"inLanguage\":\"sq\",\"@id\":\"https:\/\/permbledhja.com\/#\/schema\/logo\/image\/\",\"url\":\"https:\/\/permbledhja.com\/wp-content\/uploads\/2021\/12\/07-Press-Logo.jpg\",\"contentUrl\":\"https:\/\/permbledhja.com\/wp-content\/uploads\/2021\/12\/07-Press-Logo.jpg\",\"width\":512,\"height\":512,\"caption\":\"MK Media & Pr\"},\"image\":{\"@id\":\"https:\/\/permbledhja.com\/#\/schema\/logo\/image\/\"},\"sameAs\":[\"https:\/\/www.facebook.com\/press07\/\"]},{\"@type\":\"Person\",\"@id\":\"https:\/\/permbledhja.com\/#\/schema\/person\/d23f13f59b5722643933d6780783acf3\",\"name\":\"M M\",\"image\":{\"@type\":\"ImageObject\",\"inLanguage\":\"sq\",\"@id\":\"https:\/\/permbledhja.com\/#\/schema\/person\/image\/\",\"url\":\"https:\/\/secure.gravatar.com\/avatar\/e2835a76ca7c31a2416b2d51c4ec9a8f?s=96&d=mm&r=g\",\"contentUrl\":\"https:\/\/secure.gravatar.com\/avatar\/e2835a76ca7c31a2416b2d51c4ec9a8f?s=96&d=mm&r=g\",\"caption\":\"M M\"},\"sameAs\":[\"http:\/\/MM\"],\"url\":\"https:\/\/permbledhja.com\/sq\/author\/muhamet\/\"}]}<\/script>\n<!-- \/ Yoast SEO plugin. -->","yoast_head_json":{"title":"Tensionet n\u00eb veri r\u00ebndojn\u00eb ekonomin\u00eb e vendit","robots":{"index":"index","follow":"follow","max-snippet":"max-snippet:-1","max-image-preview":"max-image-preview:large","max-video-preview":"max-video-preview:-1"},"canonical":"https:\/\/permbledhja.com\/sq\/tensionet-ne-veri-rendojne-ekonomine-e-vendit\/","og_locale":"sq_AL","og_type":"article","og_title":"Tensionet n\u00eb veri r\u00ebndojn\u00eb ekonomin\u00eb e vendit","og_description":"Tensionet n\u00eb veri t\u00eb vendit p\u00ebrve\u00e7 d\u00ebmeve politike, po shkaktojn\u00eb d\u00ebme edhe n\u00eb aspektin ekonomik. Subjektet p\u00ebrfaq\u00ebsuese t\u00eb bizneseve dhe njoh\u00ebs t\u00eb fush\u00ebs s\u00eb ekonomis\u00eb v\u00ebn\u00eb n\u00eb pah rreziqet q\u00eb prodhon n\u00eb sektorin e ekonomis\u00eb situata e krijuar n\u00eb veri t\u00eb vendit. Tensionet e fundit n\u00eb veri po ndikojn\u00eb drejtp\u00ebrdrejt edhe n\u00eb ekonomin. Trazirat e [&hellip;]","og_url":"https:\/\/permbledhja.com\/sq\/tensionet-ne-veri-rendojne-ekonomine-e-vendit\/","og_site_name":"Ve\u00e7 artikuj p\u00ebrmbledh\u00ebs","article_publisher":"https:\/\/www.facebook.com\/press07\/","article_published_time":"2023-10-08T08:13:37+00:00","og_image":[{"width":640,"height":426,"url":"https:\/\/permbledhja.com\/wp-content\/uploads\/2023\/10\/59eba44982554588a7d6711be045064e.webp","type":"image\/webp"}],"author":"M M","twitter_card":"summary_large_image","twitter_misc":{"Written by":"M M","Est. reading time":"3 minuta"},"schema":{"@context":"https:\/\/schema.org","@graph":[{"@type":"Article","@id":"https:\/\/permbledhja.com\/sq\/tensionet-ne-veri-rendojne-ekonomine-e-vendit\/#article","isPartOf":{"@id":"https:\/\/permbledhja.com\/sq\/tensionet-ne-veri-rendojne-ekonomine-e-vendit\/"},"author":{"name":"M M","@id":"https:\/\/permbledhja.com\/#\/schema\/person\/d23f13f59b5722643933d6780783acf3"},"headline":"Tensionet n\u00eb veri r\u00ebndojn\u00eb ekonomin\u00eb e vendit","datePublished":"2023-10-08T08:13:37+00:00","dateModified":"2023-10-08T08:13:37+00:00","mainEntityOfPage":{"@id":"https:\/\/permbledhja.com\/sq\/tensionet-ne-veri-rendojne-ekonomine-e-vendit\/"},"wordCount":512,"publisher":{"@id":"https:\/\/permbledhja.com\/#organization"},"articleSection":["Komb\u00ebtare","Lajme"],"inLanguage":"sq"},{"@type":"WebPage","@id":"https:\/\/permbledhja.com\/sq\/tensionet-ne-veri-rendojne-ekonomine-e-vendit\/","url":"https:\/\/permbledhja.com\/sq\/tensionet-ne-veri-rendojne-ekonomine-e-vendit\/","name":"Tensionet n\u00eb veri r\u00ebndojn\u00eb ekonomin\u00eb e vendit","isPartOf":{"@id":"https:\/\/permbledhja.com\/#website"},"datePublished":"2023-10-08T08:13:37+00:00","dateModified":"2023-10-08T08:13:37+00:00","breadcrumb":{"@id":"https:\/\/permbledhja.com\/sq\/tensionet-ne-veri-rendojne-ekonomine-e-vendit\/#breadcrumb"},"inLanguage":"sq","potentialAction":[{"@type":"ReadAction","target":["https:\/\/permbledhja.com\/sq\/tensionet-ne-veri-rendojne-ekonomine-e-vendit\/"]}]},{"@type":"BreadcrumbList","@id":"https:\/\/permbledhja.com\/sq\/tensionet-ne-veri-rendojne-ekonomine-e-vendit\/#breadcrumb","itemListElement":[{"@type":"ListItem","position":1,"name":"Ballina","item":"https:\/\/permbledhja.com\/sq\/"},{"@type":"ListItem","position":2,"name":"Tensionet n\u00eb veri r\u00ebndojn\u00eb ekonomin\u00eb e vendit"}]},{"@type":"WebSite","@id":"https:\/\/permbledhja.com\/#website","url":"https:\/\/permbledhja.com\/","name":"Ve\u00e7 artikuj p\u00ebrmbledh\u00ebs","description":"","publisher":{"@id":"https:\/\/permbledhja.com\/#organization"},"potentialAction":[{"@type":"SearchAction","target":{"@type":"EntryPoint","urlTemplate":"https:\/\/permbledhja.com\/?s={search_term_string}"},"query-input":"required name=search_term_string"}],"inLanguage":"sq"},{"@type":"Organization","@id":"https:\/\/permbledhja.com\/#organization","name":"MK Media & Pr","url":"https:\/\/permbledhja.com\/","logo":{"@type":"ImageObject","inLanguage":"sq","@id":"https:\/\/permbledhja.com\/#\/schema\/logo\/image\/","url":"https:\/\/permbledhja.com\/wp-content\/uploads\/2021\/12\/07-Press-Logo.jpg","contentUrl":"https:\/\/permbledhja.com\/wp-content\/uploads\/2021\/12\/07-Press-Logo.jpg","width":512,"height":512,"caption":"MK Media & Pr"},"image":{"@id":"https:\/\/permbledhja.com\/#\/schema\/logo\/image\/"},"sameAs":["https:\/\/www.facebook.com\/press07\/"]},{"@type":"Person","@id":"https:\/\/permbledhja.com\/#\/schema\/person\/d23f13f59b5722643933d6780783acf3","name":"M M","image":{"@type":"ImageObject","inLanguage":"sq","@id":"https:\/\/permbledhja.com\/#\/schema\/person\/image\/","url":"https:\/\/secure.gravatar.com\/avatar\/e2835a76ca7c31a2416b2d51c4ec9a8f?s=96&d=mm&r=g","contentUrl":"https:\/\/secure.gravatar.com\/avatar\/e2835a76ca7c31a2416b2d51c4ec9a8f?s=96&d=mm&r=g","caption":"M M"},"sameAs":["http:\/\/MM"],"url":"https:\/\/permbledhja.com\/sq\/author\/muhamet\/"}]}},"_links":{"self":[{"href":"https:\/\/permbledhja.com\/sq\/wp-json\/wp\/v2\/posts\/30258"}],"collection":[{"href":"https:\/\/permbledhja.com\/sq\/wp-json\/wp\/v2\/posts"}],"about":[{"href":"https:\/\/permbledhja.com\/sq\/wp-json\/wp\/v2\/types\/post"}],"author":[{"embeddable":true,"href":"https:\/\/permbledhja.com\/sq\/wp-json\/wp\/v2\/users\/2"}],"replies":[{"embeddable":true,"href":"https:\/\/permbledhja.com\/sq\/wp-json\/wp\/v2\/comments?post=30258"}],"version-history":[{"count":1,"href":"https:\/\/permbledhja.com\/sq\/wp-json\/wp\/v2\/posts\/30258\/revisions"}],"predecessor-version":[{"id":30260,"href":"https:\/\/permbledhja.com\/sq\/wp-json\/wp\/v2\/posts\/30258\/revisions\/30260"}],"wp:featuredmedia":[{"embeddable":true,"href":"https:\/\/permbledhja.com\/sq\/wp-json\/wp\/v2\/media\/30259"}],"wp:attachment":[{"href":"https:\/\/permbledhja.com\/sq\/wp-json\/wp\/v2\/media?parent=30258"}],"wp:term":[{"taxonomy":"category","embeddable":true,"href":"https:\/\/permbledhja.com\/sq\/wp-json\/wp\/v2\/categories?post=30258"},{"taxonomy":"post_tag","embeddable":true,"href":"https:\/\/permbledhja.com\/sq\/wp-json\/wp\/v2\/tags?post=30258"}],"curies":[{"name":"wp","href":"https:\/\/api.w.org\/{rel}","templated":true}]}}