{"id":30255,"date":"2023-10-08T07:57:37","date_gmt":"2023-10-08T07:57:37","guid":{"rendered":"https:\/\/permbledhja.com\/?p=30255"},"modified":"2023-10-08T09:46:22","modified_gmt":"2023-10-08T09:46:22","slug":"ky-eshte-burri-qe-vdiq-ne-qkuk-disa-dite-pasi-u-aksidentua-ne-gjakove","status":"publish","type":"post","link":"https:\/\/permbledhja.com\/sq\/ky-eshte-burri-qe-vdiq-ne-qkuk-disa-dite-pasi-u-aksidentua-ne-gjakove\/","title":{"rendered":"Ky \u00ebsht\u00eb burri q\u00eb vdiq n\u00eb QKUK disa dit\u00eb pasi u aksidentua n\u00eb Gjakov\u00eb"},"content":{"rendered":"<h3>Pas disa dit\u00ebsh trajtim n\u00eb Qendr\u00ebn Klinike Universitare t\u00eb Kosov\u00ebs, n\u00eb or\u00ebt e para t\u00eb dit\u00ebs s\u00eb sotme ka humbur jet\u00ebn personi q\u00eb u aksidentua n\u00eb rrug\u00ebn \u2018Tirana\u2019 n\u00eb Gjakov\u00eb.<\/h3>\n<p>Viktima nuk arriti t\u2019iu b\u00ebj\u00eb ball\u00eb plag\u00ebve dhe fatkeq\u00ebsisht humbi jet\u00ebn.<\/p>\n<p>Burimet brenda Emergjenc\u00ebs kan\u00eb b\u00ebr\u00eb me dije se b\u00ebhet fjal\u00eb p\u00ebr\u00a0<strong><em>Fejz Thaqin, rreth 65 vje\u00e7ar,<\/em><\/strong>\u00a0i cili po trajtohej n\u00eb QKUK nga 5 tetori.<\/p>\n<p>Si\u00e7 m\u00ebson Sinjali, i nj\u00ebjti ishte vetkasidentuar mbr\u00ebmjen e s\u00eb enjtes n\u00eb Gjakov\u00eb dhe m\u00eb pas ishte d\u00ebrguar me urgjenc\u00eb n\u00eb spital.<\/p>\n<p>Lajmin p\u00ebr vdekjen e tij e ka konfirmuar edhe Policia Rajonale n\u00eb Gjakov\u00eb, me \u00e7\u2019rast \u00ebsht\u00eb b\u00ebr\u00eb e ditur se trupi i pajet\u00eb i \u00ebsht\u00eb liruar familjes Thaqi.<\/p>\n<p><em>\u201cRr. Tirana , Gjakov\u00eb\/05.10.2023-23:05. \u00cbsht\u00eb raportuar se si pasoj e aksident trafiku q\u00eb kishte ndodhur me dat\u00ebn e lart\u00ebcekur, i cili ishte duke u trajtuar n\u00eb QKUK sot me 08.10.2023 kishte nd\u00ebrruar jet\u00eb. Me vendim t\u00eb prokurorit, trupi i pajet\u00eb i \u00ebsht\u00eb liruar familjar\u00ebve p\u00ebr ceremoni mortore.\u201d<\/em><\/p>\n","protected":false},"excerpt":{"rendered":"<p>Pas disa dit\u00ebsh trajtim n\u00eb Qendr\u00ebn Klinike Universitare t\u00eb Kosov\u00ebs, n\u00eb or\u00ebt e para t\u00eb dit\u00ebs s\u00eb sotme ka humbur jet\u00ebn personi q\u00eb u aksidentua n\u00eb rrug\u00ebn \u2018Tirana\u2019 n\u00eb Gjakov\u00eb. Viktima nuk arriti t\u2019iu b\u00ebj\u00eb ball\u00eb plag\u00ebve dhe fatkeq\u00ebsisht humbi jet\u00ebn. Burimet brenda Emergjenc\u00ebs kan\u00eb b\u00ebr\u00eb me dije se b\u00ebhet fjal\u00eb p\u00ebr\u00a0Fejz Thaqin, rreth 65 [&hellip;]<\/p>\n","protected":false},"author":2,"featured_media":30256,"comment_status":"closed","ping_status":"closed","sticky":false,"template":"","format":"standard","meta":{"_monsterinsights_skip_tracking":false,"_monsterinsights_sitenote_active":false,"_monsterinsights_sitenote_note":"","_monsterinsights_sitenote_category":0,"_uf_show_specific_survey":0,"_uf_disable_surveys":false,"footnotes":""},"categories":[16,23,15],"tags":[52],"yoast_head":"<!-- This site is optimized with the Yoast SEO plugin v21.5 - https:\/\/yoast.com\/wordpress\/plugins\/seo\/ -->\n<title>Ky \u00ebsht\u00eb burri q\u00eb vdiq n\u00eb QKUK disa dit\u00eb pasi u aksidentua n\u00eb Gjakov\u00eb<\/title>\n<meta name=\"robots\" content=\"index, follow, max-snippet:-1, max-image-preview:large, max-video-preview:-1\" \/>\n<link rel=\"canonical\" href=\"https:\/\/permbledhja.com\/sq\/ky-eshte-burri-qe-vdiq-ne-qkuk-disa-dite-pasi-u-aksidentua-ne-gjakove\/\" \/>\n<meta property=\"og:locale\" content=\"sq_AL\" \/>\n<meta property=\"og:type\" content=\"article\" \/>\n<meta property=\"og:title\" content=\"Ky \u00ebsht\u00eb burri q\u00eb vdiq n\u00eb QKUK disa dit\u00eb pasi u aksidentua n\u00eb Gjakov\u00eb\" \/>\n<meta property=\"og:description\" content=\"Pas disa dit\u00ebsh trajtim n\u00eb Qendr\u00ebn Klinike Universitare t\u00eb Kosov\u00ebs, n\u00eb or\u00ebt e para t\u00eb dit\u00ebs s\u00eb sotme ka humbur jet\u00ebn personi q\u00eb u aksidentua n\u00eb rrug\u00ebn \u2018Tirana\u2019 n\u00eb Gjakov\u00eb. Viktima nuk arriti t\u2019iu b\u00ebj\u00eb ball\u00eb plag\u00ebve dhe fatkeq\u00ebsisht humbi jet\u00ebn. Burimet brenda Emergjenc\u00ebs kan\u00eb b\u00ebr\u00eb me dije se b\u00ebhet fjal\u00eb p\u00ebr\u00a0Fejz Thaqin, rreth 65 [&hellip;]\" \/>\n<meta property=\"og:url\" content=\"https:\/\/permbledhja.com\/sq\/ky-eshte-burri-qe-vdiq-ne-qkuk-disa-dite-pasi-u-aksidentua-ne-gjakove\/\" \/>\n<meta property=\"og:site_name\" content=\"Ve\u00e7 artikuj p\u00ebrmbledh\u00ebs\" \/>\n<meta property=\"article:publisher\" content=\"https:\/\/www.facebook.com\/press07\/\" \/>\n<meta property=\"article:published_time\" content=\"2023-10-08T07:57:37+00:00\" \/>\n<meta property=\"article:modified_time\" content=\"2023-10-08T09:46:22+00:00\" \/>\n<meta property=\"og:image\" content=\"https:\/\/permbledhja.com\/wp-content\/uploads\/2023\/10\/QKUK-1.jpg\" \/>\n\t<meta property=\"og:image:width\" content=\"850\" \/>\n\t<meta property=\"og:image:height\" content=\"638\" \/>\n\t<meta property=\"og:image:type\" content=\"image\/jpeg\" \/>\n<meta name=\"author\" content=\"M M\" \/>\n<meta name=\"twitter:card\" content=\"summary_large_image\" \/>\n<meta name=\"twitter:label1\" content=\"Written by\" \/>\n\t<meta name=\"twitter:data1\" content=\"M M\" \/>\n\t<meta name=\"twitter:label2\" content=\"Est. reading time\" \/>\n\t<meta name=\"twitter:data2\" content=\"1 minut\u00eb\" \/>\n<script type=\"application\/ld+json\" class=\"yoast-schema-graph\">{\"@context\":\"https:\/\/schema.org\",\"@graph\":[{\"@type\":\"Article\",\"@id\":\"https:\/\/permbledhja.com\/sq\/ky-eshte-burri-qe-vdiq-ne-qkuk-disa-dite-pasi-u-aksidentua-ne-gjakove\/#article\",\"isPartOf\":{\"@id\":\"https:\/\/permbledhja.com\/sq\/ky-eshte-burri-qe-vdiq-ne-qkuk-disa-dite-pasi-u-aksidentua-ne-gjakove\/\"},\"author\":{\"name\":\"M M\",\"@id\":\"https:\/\/permbledhja.com\/#\/schema\/person\/d23f13f59b5722643933d6780783acf3\"},\"headline\":\"Ky \u00ebsht\u00eb burri q\u00eb vdiq n\u00eb QKUK disa dit\u00eb pasi u aksidentua n\u00eb Gjakov\u00eb\",\"datePublished\":\"2023-10-08T07:57:37+00:00\",\"dateModified\":\"2023-10-08T09:46:22+00:00\",\"mainEntityOfPage\":{\"@id\":\"https:\/\/permbledhja.com\/sq\/ky-eshte-burri-qe-vdiq-ne-qkuk-disa-dite-pasi-u-aksidentua-ne-gjakove\/\"},\"wordCount\":202,\"publisher\":{\"@id\":\"https:\/\/permbledhja.com\/#organization\"},\"keywords\":[\"Gjakov\u00eb\"],\"articleSection\":[\"Gjakov\u00eb\",\"Komb\u00ebtare\",\"Lajme\"],\"inLanguage\":\"sq\"},{\"@type\":\"WebPage\",\"@id\":\"https:\/\/permbledhja.com\/sq\/ky-eshte-burri-qe-vdiq-ne-qkuk-disa-dite-pasi-u-aksidentua-ne-gjakove\/\",\"url\":\"https:\/\/permbledhja.com\/sq\/ky-eshte-burri-qe-vdiq-ne-qkuk-disa-dite-pasi-u-aksidentua-ne-gjakove\/\",\"name\":\"Ky \u00ebsht\u00eb burri q\u00eb vdiq n\u00eb QKUK disa dit\u00eb pasi u aksidentua n\u00eb Gjakov\u00eb\",\"isPartOf\":{\"@id\":\"https:\/\/permbledhja.com\/#website\"},\"datePublished\":\"2023-10-08T07:57:37+00:00\",\"dateModified\":\"2023-10-08T09:46:22+00:00\",\"breadcrumb\":{\"@id\":\"https:\/\/permbledhja.com\/sq\/ky-eshte-burri-qe-vdiq-ne-qkuk-disa-dite-pasi-u-aksidentua-ne-gjakove\/#breadcrumb\"},\"inLanguage\":\"sq\",\"potentialAction\":[{\"@type\":\"ReadAction\",\"target\":[\"https:\/\/permbledhja.com\/sq\/ky-eshte-burri-qe-vdiq-ne-qkuk-disa-dite-pasi-u-aksidentua-ne-gjakove\/\"]}]},{\"@type\":\"BreadcrumbList\",\"@id\":\"https:\/\/permbledhja.com\/sq\/ky-eshte-burri-qe-vdiq-ne-qkuk-disa-dite-pasi-u-aksidentua-ne-gjakove\/#breadcrumb\",\"itemListElement\":[{\"@type\":\"ListItem\",\"position\":1,\"name\":\"Ballina\",\"item\":\"https:\/\/permbledhja.com\/sq\/\"},{\"@type\":\"ListItem\",\"position\":2,\"name\":\"Ky \u00ebsht\u00eb burri q\u00eb vdiq n\u00eb QKUK disa dit\u00eb pasi u aksidentua n\u00eb Gjakov\u00eb\"}]},{\"@type\":\"WebSite\",\"@id\":\"https:\/\/permbledhja.com\/#website\",\"url\":\"https:\/\/permbledhja.com\/\",\"name\":\"Ve\u00e7 artikuj p\u00ebrmbledh\u00ebs\",\"description\":\"\",\"publisher\":{\"@id\":\"https:\/\/permbledhja.com\/#organization\"},\"potentialAction\":[{\"@type\":\"SearchAction\",\"target\":{\"@type\":\"EntryPoint\",\"urlTemplate\":\"https:\/\/permbledhja.com\/?s={search_term_string}\"},\"query-input\":\"required name=search_term_string\"}],\"inLanguage\":\"sq\"},{\"@type\":\"Organization\",\"@id\":\"https:\/\/permbledhja.com\/#organization\",\"name\":\"MK Media & Pr\",\"url\":\"https:\/\/permbledhja.com\/\",\"logo\":{\"@type\":\"ImageObject\",\"inLanguage\":\"sq\",\"@id\":\"https:\/\/permbledhja.com\/#\/schema\/logo\/image\/\",\"url\":\"https:\/\/permbledhja.com\/wp-content\/uploads\/2021\/12\/07-Press-Logo.jpg\",\"contentUrl\":\"https:\/\/permbledhja.com\/wp-content\/uploads\/2021\/12\/07-Press-Logo.jpg\",\"width\":512,\"height\":512,\"caption\":\"MK Media & Pr\"},\"image\":{\"@id\":\"https:\/\/permbledhja.com\/#\/schema\/logo\/image\/\"},\"sameAs\":[\"https:\/\/www.facebook.com\/press07\/\"]},{\"@type\":\"Person\",\"@id\":\"https:\/\/permbledhja.com\/#\/schema\/person\/d23f13f59b5722643933d6780783acf3\",\"name\":\"M M\",\"image\":{\"@type\":\"ImageObject\",\"inLanguage\":\"sq\",\"@id\":\"https:\/\/permbledhja.com\/#\/schema\/person\/image\/\",\"url\":\"https:\/\/secure.gravatar.com\/avatar\/e2835a76ca7c31a2416b2d51c4ec9a8f?s=96&d=mm&r=g\",\"contentUrl\":\"https:\/\/secure.gravatar.com\/avatar\/e2835a76ca7c31a2416b2d51c4ec9a8f?s=96&d=mm&r=g\",\"caption\":\"M M\"},\"sameAs\":[\"http:\/\/MM\"],\"url\":\"https:\/\/permbledhja.com\/sq\/author\/muhamet\/\"}]}<\/script>\n<!-- \/ Yoast SEO plugin. -->","yoast_head_json":{"title":"Ky \u00ebsht\u00eb burri q\u00eb vdiq n\u00eb QKUK disa dit\u00eb pasi u aksidentua n\u00eb Gjakov\u00eb","robots":{"index":"index","follow":"follow","max-snippet":"max-snippet:-1","max-image-preview":"max-image-preview:large","max-video-preview":"max-video-preview:-1"},"canonical":"https:\/\/permbledhja.com\/sq\/ky-eshte-burri-qe-vdiq-ne-qkuk-disa-dite-pasi-u-aksidentua-ne-gjakove\/","og_locale":"sq_AL","og_type":"article","og_title":"Ky \u00ebsht\u00eb burri q\u00eb vdiq n\u00eb QKUK disa dit\u00eb pasi u aksidentua n\u00eb Gjakov\u00eb","og_description":"Pas disa dit\u00ebsh trajtim n\u00eb Qendr\u00ebn Klinike Universitare t\u00eb Kosov\u00ebs, n\u00eb or\u00ebt e para t\u00eb dit\u00ebs s\u00eb sotme ka humbur jet\u00ebn personi q\u00eb u aksidentua n\u00eb rrug\u00ebn \u2018Tirana\u2019 n\u00eb Gjakov\u00eb. Viktima nuk arriti t\u2019iu b\u00ebj\u00eb ball\u00eb plag\u00ebve dhe fatkeq\u00ebsisht humbi jet\u00ebn. Burimet brenda Emergjenc\u00ebs kan\u00eb b\u00ebr\u00eb me dije se b\u00ebhet fjal\u00eb p\u00ebr\u00a0Fejz Thaqin, rreth 65 [&hellip;]","og_url":"https:\/\/permbledhja.com\/sq\/ky-eshte-burri-qe-vdiq-ne-qkuk-disa-dite-pasi-u-aksidentua-ne-gjakove\/","og_site_name":"Ve\u00e7 artikuj p\u00ebrmbledh\u00ebs","article_publisher":"https:\/\/www.facebook.com\/press07\/","article_published_time":"2023-10-08T07:57:37+00:00","article_modified_time":"2023-10-08T09:46:22+00:00","og_image":[{"width":850,"height":638,"url":"https:\/\/permbledhja.com\/wp-content\/uploads\/2023\/10\/QKUK-1.jpg","type":"image\/jpeg"}],"author":"M M","twitter_card":"summary_large_image","twitter_misc":{"Written by":"M M","Est. reading time":"1 minut\u00eb"},"schema":{"@context":"https:\/\/schema.org","@graph":[{"@type":"Article","@id":"https:\/\/permbledhja.com\/sq\/ky-eshte-burri-qe-vdiq-ne-qkuk-disa-dite-pasi-u-aksidentua-ne-gjakove\/#article","isPartOf":{"@id":"https:\/\/permbledhja.com\/sq\/ky-eshte-burri-qe-vdiq-ne-qkuk-disa-dite-pasi-u-aksidentua-ne-gjakove\/"},"author":{"name":"M M","@id":"https:\/\/permbledhja.com\/#\/schema\/person\/d23f13f59b5722643933d6780783acf3"},"headline":"Ky \u00ebsht\u00eb burri q\u00eb vdiq n\u00eb QKUK disa dit\u00eb pasi u aksidentua n\u00eb Gjakov\u00eb","datePublished":"2023-10-08T07:57:37+00:00","dateModified":"2023-10-08T09:46:22+00:00","mainEntityOfPage":{"@id":"https:\/\/permbledhja.com\/sq\/ky-eshte-burri-qe-vdiq-ne-qkuk-disa-dite-pasi-u-aksidentua-ne-gjakove\/"},"wordCount":202,"publisher":{"@id":"https:\/\/permbledhja.com\/#organization"},"keywords":["Gjakov\u00eb"],"articleSection":["Gjakov\u00eb","Komb\u00ebtare","Lajme"],"inLanguage":"sq"},{"@type":"WebPage","@id":"https:\/\/permbledhja.com\/sq\/ky-eshte-burri-qe-vdiq-ne-qkuk-disa-dite-pasi-u-aksidentua-ne-gjakove\/","url":"https:\/\/permbledhja.com\/sq\/ky-eshte-burri-qe-vdiq-ne-qkuk-disa-dite-pasi-u-aksidentua-ne-gjakove\/","name":"Ky \u00ebsht\u00eb burri q\u00eb vdiq n\u00eb QKUK disa dit\u00eb pasi u aksidentua n\u00eb Gjakov\u00eb","isPartOf":{"@id":"https:\/\/permbledhja.com\/#website"},"datePublished":"2023-10-08T07:57:37+00:00","dateModified":"2023-10-08T09:46:22+00:00","breadcrumb":{"@id":"https:\/\/permbledhja.com\/sq\/ky-eshte-burri-qe-vdiq-ne-qkuk-disa-dite-pasi-u-aksidentua-ne-gjakove\/#breadcrumb"},"inLanguage":"sq","potentialAction":[{"@type":"ReadAction","target":["https:\/\/permbledhja.com\/sq\/ky-eshte-burri-qe-vdiq-ne-qkuk-disa-dite-pasi-u-aksidentua-ne-gjakove\/"]}]},{"@type":"BreadcrumbList","@id":"https:\/\/permbledhja.com\/sq\/ky-eshte-burri-qe-vdiq-ne-qkuk-disa-dite-pasi-u-aksidentua-ne-gjakove\/#breadcrumb","itemListElement":[{"@type":"ListItem","position":1,"name":"Ballina","item":"https:\/\/permbledhja.com\/sq\/"},{"@type":"ListItem","position":2,"name":"Ky \u00ebsht\u00eb burri q\u00eb vdiq n\u00eb QKUK disa dit\u00eb pasi u aksidentua n\u00eb Gjakov\u00eb"}]},{"@type":"WebSite","@id":"https:\/\/permbledhja.com\/#website","url":"https:\/\/permbledhja.com\/","name":"Ve\u00e7 artikuj p\u00ebrmbledh\u00ebs","description":"","publisher":{"@id":"https:\/\/permbledhja.com\/#organization"},"potentialAction":[{"@type":"SearchAction","target":{"@type":"EntryPoint","urlTemplate":"https:\/\/permbledhja.com\/?s={search_term_string}"},"query-input":"required name=search_term_string"}],"inLanguage":"sq"},{"@type":"Organization","@id":"https:\/\/permbledhja.com\/#organization","name":"MK Media & Pr","url":"https:\/\/permbledhja.com\/","logo":{"@type":"ImageObject","inLanguage":"sq","@id":"https:\/\/permbledhja.com\/#\/schema\/logo\/image\/","url":"https:\/\/permbledhja.com\/wp-content\/uploads\/2021\/12\/07-Press-Logo.jpg","contentUrl":"https:\/\/permbledhja.com\/wp-content\/uploads\/2021\/12\/07-Press-Logo.jpg","width":512,"height":512,"caption":"MK Media & Pr"},"image":{"@id":"https:\/\/permbledhja.com\/#\/schema\/logo\/image\/"},"sameAs":["https:\/\/www.facebook.com\/press07\/"]},{"@type":"Person","@id":"https:\/\/permbledhja.com\/#\/schema\/person\/d23f13f59b5722643933d6780783acf3","name":"M M","image":{"@type":"ImageObject","inLanguage":"sq","@id":"https:\/\/permbledhja.com\/#\/schema\/person\/image\/","url":"https:\/\/secure.gravatar.com\/avatar\/e2835a76ca7c31a2416b2d51c4ec9a8f?s=96&d=mm&r=g","contentUrl":"https:\/\/secure.gravatar.com\/avatar\/e2835a76ca7c31a2416b2d51c4ec9a8f?s=96&d=mm&r=g","caption":"M M"},"sameAs":["http:\/\/MM"],"url":"https:\/\/permbledhja.com\/sq\/author\/muhamet\/"}]}},"_links":{"self":[{"href":"https:\/\/permbledhja.com\/sq\/wp-json\/wp\/v2\/posts\/30255"}],"collection":[{"href":"https:\/\/permbledhja.com\/sq\/wp-json\/wp\/v2\/posts"}],"about":[{"href":"https:\/\/permbledhja.com\/sq\/wp-json\/wp\/v2\/types\/post"}],"author":[{"embeddable":true,"href":"https:\/\/permbledhja.com\/sq\/wp-json\/wp\/v2\/users\/2"}],"replies":[{"embeddable":true,"href":"https:\/\/permbledhja.com\/sq\/wp-json\/wp\/v2\/comments?post=30255"}],"version-history":[{"count":1,"href":"https:\/\/permbledhja.com\/sq\/wp-json\/wp\/v2\/posts\/30255\/revisions"}],"predecessor-version":[{"id":30257,"href":"https:\/\/permbledhja.com\/sq\/wp-json\/wp\/v2\/posts\/30255\/revisions\/30257"}],"wp:featuredmedia":[{"embeddable":true,"href":"https:\/\/permbledhja.com\/sq\/wp-json\/wp\/v2\/media\/30256"}],"wp:attachment":[{"href":"https:\/\/permbledhja.com\/sq\/wp-json\/wp\/v2\/media?parent=30255"}],"wp:term":[{"taxonomy":"category","embeddable":true,"href":"https:\/\/permbledhja.com\/sq\/wp-json\/wp\/v2\/categories?post=30255"},{"taxonomy":"post_tag","embeddable":true,"href":"https:\/\/permbledhja.com\/sq\/wp-json\/wp\/v2\/tags?post=30255"}],"curies":[{"name":"wp","href":"https:\/\/api.w.org\/{rel}","templated":true}]}}