{"id":30247,"date":"2023-10-08T07:20:20","date_gmt":"2023-10-08T07:20:20","guid":{"rendered":"https:\/\/permbledhja.com\/?p=30247"},"modified":"2023-10-08T07:20:20","modified_gmt":"2023-10-08T07:20:20","slug":"limaj-kosova-ka-hyre-ne-faze-te-rende-zevendesimi-i-policise-me-kfor-in-i-papranueshem","status":"publish","type":"post","link":"https:\/\/permbledhja.com\/sq\/limaj-kosova-ka-hyre-ne-faze-te-rende-zevendesimi-i-policise-me-kfor-in-i-papranueshem\/","title":{"rendered":"Limaj: Kosova ka hyr\u00eb n\u00eb faz\u00eb t\u00eb r\u00ebnd\u00eb, z\u00ebvend\u00ebsimi i Policis\u00eb me KFOR-in i papranuesh\u00ebm"},"content":{"rendered":"<h3>Kryetari i Nisma Socialdemokrate, Fatmir Limaj, ka th\u00ebn\u00eb se pas sulmit t\u00eb 24 shtatorit n\u00eb Banjsk\u00eb t\u00eb Zve\u00e7anit, Kosova ka hyr\u00eb n\u00eb nj\u00eb faz\u00eb t\u00eb r\u00ebnd\u00eb, teksa e sheh edhe si test i shp\u00ebrfaqjes s\u00eb k\u00ebtij sulmi tek bashk\u00ebsia nd\u00ebrkomb\u00ebtare, raporton Ekonomia Online.<\/h3>\n<p>Limaj ka shprehur shqet\u00ebsimin se si do t\u2019ia arrij\u00eb Kosova ta paraqes\u00eb k\u00ebt\u00eb sulm n\u00eb rrafshin diplomatik dhe vendosm\u00ebrin\u00eb e Kosov\u00ebs p\u00ebr t\u00eb shkuar drejt\u00eb paqes.<\/p>\n<p>Nd\u00ebrsa z\u00ebvend\u00ebsimin e Policis\u00eb s\u00eb Kosov\u00ebs me KFOR-in, Limaj e quan t\u00eb papranueshme.<\/p>\n<p>N\u00eb nj\u00eb intervist\u00eb p\u00ebr Ekonomia Online, Limaj ka k\u00ebrkuar nga Qeveria q\u00eb ta bind\u00eb faktorin nd\u00ebrkomb\u00ebtar\u00eb p\u00ebr stabilitet dhe p\u00ebr p\u00ebrmbyllje t\u00eb problemeve me Serbin\u00eb.<\/p>\n<p>\u201cJam i shqet\u00ebsuar nga ajo dit\u00eb dhe nga ajo q\u00eb mundet me ardh edhe n\u00eb planin politik. \u00cbsht\u00eb nj\u00eb faz\u00eb e r\u00ebnd\u00eb p\u00ebr Kosov\u00ebn, nuk \u00ebsht\u00eb e leht\u00eb. I frik\u00ebsuar se sa kan\u00eb me mundur ta paraqesin rastin si duhet, se si do t\u00eb sillen n\u00eb tavolin\u00ebn e bisedimeve dhe si kan\u00eb me arrit me bind faktorin nd\u00ebrkomb\u00ebtar p\u00ebr at\u00eb \u00e7far\u00eb \u00ebsht\u00eb Serbia dhe \u00e7ka po d\u00ebshiron me b\u00eb\u201d.<\/p>\n<p>\u201cSa ka me e bind faktorin nd\u00ebrkomb\u00ebtar vendosm\u00ebrin\u00eb e Kosov\u00ebs p\u00ebr t\u00eb shkuar drejt\u00eb paqes. D\u00ebshir\u00ebn ton\u00eb p\u00ebr stabilitet dhe p\u00ebr p\u00ebrmbyllje t\u00eb problemeve me Serbin\u00eb. T\u00eb gjitha k\u00ebto me b\u00ebjn\u00eb t\u00eb shqet\u00ebsuar p\u00ebr ato q\u00eb vijn\u00eb edhe ta shohim rrug\u00ebs por nga ajo q\u00eb po shoh, zhvillimet q\u00eb jam duke i par\u00eb nga eksperienca ime politike, nuk \u00ebsht\u00eb e leht\u00eb kjo faz\u00eb q\u00eb ne jemi futur. Jan\u00eb komplikuar gj\u00ebrat shum\u00eb\u201d.<\/p>\n<p>Duke folur p\u00ebr sulmin n\u00eb veri, Limaj ka deklaruar se politika kosovare \u00ebsht\u00eb n\u00eb testin e fundit p\u00ebr t\u00eb treguar shkatht\u00ebsi e seriozitet me angazhimet e veta. Nd\u00ebrsa, ka k\u00ebrkuar m\u00eb shum\u00eb kujdes nga arroganca e t\u2019i ik\u00eb entuziazmit.<\/p>\n<p>\u201cP\u00ebr t\u00eb ardhmen edhe p\u00ebr t\u00eb ardhmen e asaj pjese t\u00eb territorit dhe m\u00ebnyr\u00ebs se si do t\u00eb p\u00ebrmbyllet. Kjo tashm\u00eb ka kaluar n\u00eb nj\u00eb faz\u00eb tjet\u00ebr. Besoj se t\u00eb diel\u00ebn status-quoja \u00ebsht\u00eb mbyllur e \u00ebsht\u00eb hapur nj\u00eb faz\u00eb e re e agresionit, prandaj edhe Kosova duhet t\u2019i ndryshoj\u00eb politikat e saj. Duhet t\u00eb ket\u00eb nj\u00eb qasje krejt ndryshe n\u00eb raport me at\u00eb pjes\u00eb, Serbin\u00eb por edhe me faktorin nd\u00ebrkomb\u00ebtar. Kosova m\u00eb shum\u00eb se kurr\u00eb duhet t\u00eb tregoj\u00eb pjekuri, maturi. Politika kosovare \u00ebsht\u00eb n\u00eb testin e fundit p\u00ebr t\u00eb treguar shkatht\u00ebsi, seriozitet me angazhimet e veta. Qeveria duhet t\u00eb ket\u00eb kujdes nga arroganca, duhet t\u00eb ik\u00eb nga entuziazmi q\u00eb mund ta mbyt\u00eb at\u00eb por t\u00eb punoj\u00eb fort\u00eb e ta nd\u00ebrtoj\u00eb nj\u00eb pozicion t\u00eb favorsh\u00ebm p\u00ebr Kosov\u00ebn n\u00eb tavolin\u00ebn e bisedimeve, e k\u00ebt\u00eb rast ia ka dh\u00ebn\u00eb Policia e Kosov\u00ebs\u201d, u shpreh Limaj.<\/p>\n<p>Pas trazirave n\u00eb veri, KFOR-i ka shtuar numrin e pjes\u00ebtar\u00ebve n\u00eb Bransjk\u00eb t\u00eb Zve\u00e7anit. Por rolin e tyre, kreu i Nisma-s k\u00ebrkon q\u00eb mos t\u00eb ndryshohet. Fatmir Limaj thot\u00eb se \u00ebsht\u00eb humbje p\u00ebr Kosov\u00ebn z\u00ebvend\u00ebsimi i KFOR-it me Policin\u00eb.<\/p>\n<p>\u201cK\u00ebto jan\u00eb sinjale p\u00ebr mua shqet\u00ebsuese. S\u00eb pari, shtimi i numrit t\u00eb forcave t\u00eb KFOR-it \u00ebsht\u00eb i mir\u00ebseardhur deri aty ku ata nuk e ndryshojn\u00eb rolin e vet q\u00eb e kan\u00eb. Policia e Kosov\u00ebs n\u00eb aksion ka treguar q\u00eb jo vet\u00ebm q\u00eb ka aft\u00ebsi por ka profesionaliz\u00ebm mbi t\u00eb gjitha p\u00ebr t\u00eb kryer detyrat e veta q\u00eb dalin nga Kushtetuta dhe ligjet. Kosova nuk ka nevoj\u00eb p\u00ebr nj\u00eb forc\u00eb t\u00eb KFOR-it q\u00eb luan rolin e policis\u00eb sepse Kosova e ka policin\u00eb e vet dhe KFOR-i n\u00eb asnj\u00eb rrethan\u00eb nuk duhet ta merr rolin e policis\u00eb\u201d, u shpreh Limaj. \/EO\/<\/p>\n","protected":false},"excerpt":{"rendered":"<p>Kryetari i Nisma Socialdemokrate, Fatmir Limaj, ka th\u00ebn\u00eb se pas sulmit t\u00eb 24 shtatorit n\u00eb Banjsk\u00eb t\u00eb Zve\u00e7anit, Kosova ka hyr\u00eb n\u00eb nj\u00eb faz\u00eb t\u00eb r\u00ebnd\u00eb, teksa e sheh edhe si test i shp\u00ebrfaqjes s\u00eb k\u00ebtij sulmi tek bashk\u00ebsia nd\u00ebrkomb\u00ebtare, raporton Ekonomia Online. Limaj ka shprehur shqet\u00ebsimin se si do t\u2019ia arrij\u00eb Kosova ta paraqes\u00eb [&hellip;]<\/p>\n","protected":false},"author":2,"featured_media":30248,"comment_status":"closed","ping_status":"closed","sticky":false,"template":"","format":"standard","meta":{"_monsterinsights_skip_tracking":false,"_monsterinsights_sitenote_active":false,"_monsterinsights_sitenote_note":"","_monsterinsights_sitenote_category":0,"_uf_show_specific_survey":0,"_uf_disable_surveys":false,"footnotes":""},"categories":[23,15],"tags":[1635],"yoast_head":"<!-- This site is optimized with the Yoast SEO plugin v21.5 - https:\/\/yoast.com\/wordpress\/plugins\/seo\/ -->\n<title>Limaj: Kosova ka hyr\u00eb n\u00eb faz\u00eb t\u00eb r\u00ebnd\u00eb, z\u00ebvend\u00ebsimi i Policis\u00eb me KFOR-in i papranuesh\u00ebm<\/title>\n<meta name=\"robots\" content=\"index, follow, max-snippet:-1, max-image-preview:large, max-video-preview:-1\" \/>\n<link rel=\"canonical\" href=\"https:\/\/permbledhja.com\/sq\/limaj-kosova-ka-hyre-ne-faze-te-rende-zevendesimi-i-policise-me-kfor-in-i-papranueshem\/\" \/>\n<meta property=\"og:locale\" content=\"sq_AL\" \/>\n<meta property=\"og:type\" content=\"article\" \/>\n<meta property=\"og:title\" content=\"Limaj: Kosova ka hyr\u00eb n\u00eb faz\u00eb t\u00eb r\u00ebnd\u00eb, z\u00ebvend\u00ebsimi i Policis\u00eb me KFOR-in i papranuesh\u00ebm\" \/>\n<meta property=\"og:description\" content=\"Kryetari i Nisma Socialdemokrate, Fatmir Limaj, ka th\u00ebn\u00eb se pas sulmit t\u00eb 24 shtatorit n\u00eb Banjsk\u00eb t\u00eb Zve\u00e7anit, Kosova ka hyr\u00eb n\u00eb nj\u00eb faz\u00eb t\u00eb r\u00ebnd\u00eb, teksa e sheh edhe si test i shp\u00ebrfaqjes s\u00eb k\u00ebtij sulmi tek bashk\u00ebsia nd\u00ebrkomb\u00ebtare, raporton Ekonomia Online. Limaj ka shprehur shqet\u00ebsimin se si do t\u2019ia arrij\u00eb Kosova ta paraqes\u00eb [&hellip;]\" \/>\n<meta property=\"og:url\" content=\"https:\/\/permbledhja.com\/sq\/limaj-kosova-ka-hyre-ne-faze-te-rende-zevendesimi-i-policise-me-kfor-in-i-papranueshem\/\" \/>\n<meta property=\"og:site_name\" content=\"Ve\u00e7 artikuj p\u00ebrmbledh\u00ebs\" \/>\n<meta property=\"article:publisher\" content=\"https:\/\/www.facebook.com\/press07\/\" \/>\n<meta property=\"article:published_time\" content=\"2023-10-08T07:20:20+00:00\" \/>\n<meta property=\"og:image\" content=\"https:\/\/permbledhja.com\/wp-content\/uploads\/2023\/10\/Fatmir-Limaj-639x350-1-1.png\" \/>\n\t<meta property=\"og:image:width\" content=\"639\" \/>\n\t<meta property=\"og:image:height\" content=\"350\" \/>\n\t<meta property=\"og:image:type\" content=\"image\/png\" \/>\n<meta name=\"author\" content=\"M M\" \/>\n<meta name=\"twitter:card\" content=\"summary_large_image\" \/>\n<meta name=\"twitter:label1\" content=\"Written by\" \/>\n\t<meta name=\"twitter:data1\" content=\"M M\" \/>\n\t<meta name=\"twitter:label2\" content=\"Est. reading time\" \/>\n\t<meta name=\"twitter:data2\" content=\"4 minuta\" \/>\n<script type=\"application\/ld+json\" class=\"yoast-schema-graph\">{\"@context\":\"https:\/\/schema.org\",\"@graph\":[{\"@type\":\"Article\",\"@id\":\"https:\/\/permbledhja.com\/limaj-kosova-ka-hyre-ne-faze-te-rende-zevendesimi-i-policise-me-kfor-in-i-papranueshem\/#article\",\"isPartOf\":{\"@id\":\"https:\/\/permbledhja.com\/limaj-kosova-ka-hyre-ne-faze-te-rende-zevendesimi-i-policise-me-kfor-in-i-papranueshem\/\"},\"author\":{\"name\":\"M M\",\"@id\":\"https:\/\/permbledhja.com\/#\/schema\/person\/d23f13f59b5722643933d6780783acf3\"},\"headline\":\"Limaj: Kosova ka hyr\u00eb n\u00eb faz\u00eb t\u00eb r\u00ebnd\u00eb, z\u00ebvend\u00ebsimi i Policis\u00eb me KFOR-in i papranuesh\u00ebm\",\"datePublished\":\"2023-10-08T07:20:20+00:00\",\"dateModified\":\"2023-10-08T07:20:20+00:00\",\"mainEntityOfPage\":{\"@id\":\"https:\/\/permbledhja.com\/limaj-kosova-ka-hyre-ne-faze-te-rende-zevendesimi-i-policise-me-kfor-in-i-papranueshem\/\"},\"wordCount\":679,\"publisher\":{\"@id\":\"https:\/\/permbledhja.com\/#organization\"},\"keywords\":[\"Fatmir Limaj\"],\"articleSection\":[\"Komb\u00ebtare\",\"Lajme\"],\"inLanguage\":\"sq\"},{\"@type\":\"WebPage\",\"@id\":\"https:\/\/permbledhja.com\/limaj-kosova-ka-hyre-ne-faze-te-rende-zevendesimi-i-policise-me-kfor-in-i-papranueshem\/\",\"url\":\"https:\/\/permbledhja.com\/limaj-kosova-ka-hyre-ne-faze-te-rende-zevendesimi-i-policise-me-kfor-in-i-papranueshem\/\",\"name\":\"Limaj: Kosova ka hyr\u00eb n\u00eb faz\u00eb t\u00eb r\u00ebnd\u00eb, z\u00ebvend\u00ebsimi i Policis\u00eb me KFOR-in i papranuesh\u00ebm\",\"isPartOf\":{\"@id\":\"https:\/\/permbledhja.com\/#website\"},\"datePublished\":\"2023-10-08T07:20:20+00:00\",\"dateModified\":\"2023-10-08T07:20:20+00:00\",\"breadcrumb\":{\"@id\":\"https:\/\/permbledhja.com\/limaj-kosova-ka-hyre-ne-faze-te-rende-zevendesimi-i-policise-me-kfor-in-i-papranueshem\/#breadcrumb\"},\"inLanguage\":\"sq\",\"potentialAction\":[{\"@type\":\"ReadAction\",\"target\":[\"https:\/\/permbledhja.com\/limaj-kosova-ka-hyre-ne-faze-te-rende-zevendesimi-i-policise-me-kfor-in-i-papranueshem\/\"]}]},{\"@type\":\"BreadcrumbList\",\"@id\":\"https:\/\/permbledhja.com\/limaj-kosova-ka-hyre-ne-faze-te-rende-zevendesimi-i-policise-me-kfor-in-i-papranueshem\/#breadcrumb\",\"itemListElement\":[{\"@type\":\"ListItem\",\"position\":1,\"name\":\"Ballina\",\"item\":\"https:\/\/permbledhja.com\/sq\/\"},{\"@type\":\"ListItem\",\"position\":2,\"name\":\"Limaj: Kosova ka hyr\u00eb n\u00eb faz\u00eb t\u00eb r\u00ebnd\u00eb, z\u00ebvend\u00ebsimi i Policis\u00eb me KFOR-in i papranuesh\u00ebm\"}]},{\"@type\":\"WebSite\",\"@id\":\"https:\/\/permbledhja.com\/#website\",\"url\":\"https:\/\/permbledhja.com\/\",\"name\":\"Ve\u00e7 artikuj p\u00ebrmbledh\u00ebs\",\"description\":\"\",\"publisher\":{\"@id\":\"https:\/\/permbledhja.com\/#organization\"},\"potentialAction\":[{\"@type\":\"SearchAction\",\"target\":{\"@type\":\"EntryPoint\",\"urlTemplate\":\"https:\/\/permbledhja.com\/?s={search_term_string}\"},\"query-input\":\"required name=search_term_string\"}],\"inLanguage\":\"sq\"},{\"@type\":\"Organization\",\"@id\":\"https:\/\/permbledhja.com\/#organization\",\"name\":\"MK Media & Pr\",\"url\":\"https:\/\/permbledhja.com\/\",\"logo\":{\"@type\":\"ImageObject\",\"inLanguage\":\"sq\",\"@id\":\"https:\/\/permbledhja.com\/#\/schema\/logo\/image\/\",\"url\":\"https:\/\/permbledhja.com\/wp-content\/uploads\/2021\/12\/07-Press-Logo.jpg\",\"contentUrl\":\"https:\/\/permbledhja.com\/wp-content\/uploads\/2021\/12\/07-Press-Logo.jpg\",\"width\":512,\"height\":512,\"caption\":\"MK Media & Pr\"},\"image\":{\"@id\":\"https:\/\/permbledhja.com\/#\/schema\/logo\/image\/\"},\"sameAs\":[\"https:\/\/www.facebook.com\/press07\/\"]},{\"@type\":\"Person\",\"@id\":\"https:\/\/permbledhja.com\/#\/schema\/person\/d23f13f59b5722643933d6780783acf3\",\"name\":\"M M\",\"image\":{\"@type\":\"ImageObject\",\"inLanguage\":\"sq\",\"@id\":\"https:\/\/permbledhja.com\/#\/schema\/person\/image\/\",\"url\":\"https:\/\/secure.gravatar.com\/avatar\/e2835a76ca7c31a2416b2d51c4ec9a8f?s=96&d=mm&r=g\",\"contentUrl\":\"https:\/\/secure.gravatar.com\/avatar\/e2835a76ca7c31a2416b2d51c4ec9a8f?s=96&d=mm&r=g\",\"caption\":\"M M\"},\"sameAs\":[\"http:\/\/MM\"],\"url\":\"https:\/\/permbledhja.com\/sq\/author\/muhamet\/\"}]}<\/script>\n<!-- \/ Yoast SEO plugin. -->","yoast_head_json":{"title":"Limaj: Kosova ka hyr\u00eb n\u00eb faz\u00eb t\u00eb r\u00ebnd\u00eb, z\u00ebvend\u00ebsimi i Policis\u00eb me KFOR-in i papranuesh\u00ebm","robots":{"index":"index","follow":"follow","max-snippet":"max-snippet:-1","max-image-preview":"max-image-preview:large","max-video-preview":"max-video-preview:-1"},"canonical":"https:\/\/permbledhja.com\/sq\/limaj-kosova-ka-hyre-ne-faze-te-rende-zevendesimi-i-policise-me-kfor-in-i-papranueshem\/","og_locale":"sq_AL","og_type":"article","og_title":"Limaj: Kosova ka hyr\u00eb n\u00eb faz\u00eb t\u00eb r\u00ebnd\u00eb, z\u00ebvend\u00ebsimi i Policis\u00eb me KFOR-in i papranuesh\u00ebm","og_description":"Kryetari i Nisma Socialdemokrate, Fatmir Limaj, ka th\u00ebn\u00eb se pas sulmit t\u00eb 24 shtatorit n\u00eb Banjsk\u00eb t\u00eb Zve\u00e7anit, Kosova ka hyr\u00eb n\u00eb nj\u00eb faz\u00eb t\u00eb r\u00ebnd\u00eb, teksa e sheh edhe si test i shp\u00ebrfaqjes s\u00eb k\u00ebtij sulmi tek bashk\u00ebsia nd\u00ebrkomb\u00ebtare, raporton Ekonomia Online. Limaj ka shprehur shqet\u00ebsimin se si do t\u2019ia arrij\u00eb Kosova ta paraqes\u00eb [&hellip;]","og_url":"https:\/\/permbledhja.com\/sq\/limaj-kosova-ka-hyre-ne-faze-te-rende-zevendesimi-i-policise-me-kfor-in-i-papranueshem\/","og_site_name":"Ve\u00e7 artikuj p\u00ebrmbledh\u00ebs","article_publisher":"https:\/\/www.facebook.com\/press07\/","article_published_time":"2023-10-08T07:20:20+00:00","og_image":[{"width":639,"height":350,"url":"https:\/\/permbledhja.com\/wp-content\/uploads\/2023\/10\/Fatmir-Limaj-639x350-1-1.png","type":"image\/png"}],"author":"M M","twitter_card":"summary_large_image","twitter_misc":{"Written by":"M M","Est. reading time":"4 minuta"},"schema":{"@context":"https:\/\/schema.org","@graph":[{"@type":"Article","@id":"https:\/\/permbledhja.com\/limaj-kosova-ka-hyre-ne-faze-te-rende-zevendesimi-i-policise-me-kfor-in-i-papranueshem\/#article","isPartOf":{"@id":"https:\/\/permbledhja.com\/limaj-kosova-ka-hyre-ne-faze-te-rende-zevendesimi-i-policise-me-kfor-in-i-papranueshem\/"},"author":{"name":"M M","@id":"https:\/\/permbledhja.com\/#\/schema\/person\/d23f13f59b5722643933d6780783acf3"},"headline":"Limaj: Kosova ka hyr\u00eb n\u00eb faz\u00eb t\u00eb r\u00ebnd\u00eb, z\u00ebvend\u00ebsimi i Policis\u00eb me KFOR-in i papranuesh\u00ebm","datePublished":"2023-10-08T07:20:20+00:00","dateModified":"2023-10-08T07:20:20+00:00","mainEntityOfPage":{"@id":"https:\/\/permbledhja.com\/limaj-kosova-ka-hyre-ne-faze-te-rende-zevendesimi-i-policise-me-kfor-in-i-papranueshem\/"},"wordCount":679,"publisher":{"@id":"https:\/\/permbledhja.com\/#organization"},"keywords":["Fatmir Limaj"],"articleSection":["Komb\u00ebtare","Lajme"],"inLanguage":"sq"},{"@type":"WebPage","@id":"https:\/\/permbledhja.com\/limaj-kosova-ka-hyre-ne-faze-te-rende-zevendesimi-i-policise-me-kfor-in-i-papranueshem\/","url":"https:\/\/permbledhja.com\/limaj-kosova-ka-hyre-ne-faze-te-rende-zevendesimi-i-policise-me-kfor-in-i-papranueshem\/","name":"Limaj: Kosova ka hyr\u00eb n\u00eb faz\u00eb t\u00eb r\u00ebnd\u00eb, z\u00ebvend\u00ebsimi i Policis\u00eb me KFOR-in i papranuesh\u00ebm","isPartOf":{"@id":"https:\/\/permbledhja.com\/#website"},"datePublished":"2023-10-08T07:20:20+00:00","dateModified":"2023-10-08T07:20:20+00:00","breadcrumb":{"@id":"https:\/\/permbledhja.com\/limaj-kosova-ka-hyre-ne-faze-te-rende-zevendesimi-i-policise-me-kfor-in-i-papranueshem\/#breadcrumb"},"inLanguage":"sq","potentialAction":[{"@type":"ReadAction","target":["https:\/\/permbledhja.com\/limaj-kosova-ka-hyre-ne-faze-te-rende-zevendesimi-i-policise-me-kfor-in-i-papranueshem\/"]}]},{"@type":"BreadcrumbList","@id":"https:\/\/permbledhja.com\/limaj-kosova-ka-hyre-ne-faze-te-rende-zevendesimi-i-policise-me-kfor-in-i-papranueshem\/#breadcrumb","itemListElement":[{"@type":"ListItem","position":1,"name":"Ballina","item":"https:\/\/permbledhja.com\/sq\/"},{"@type":"ListItem","position":2,"name":"Limaj: Kosova ka hyr\u00eb n\u00eb faz\u00eb t\u00eb r\u00ebnd\u00eb, z\u00ebvend\u00ebsimi i Policis\u00eb me KFOR-in i papranuesh\u00ebm"}]},{"@type":"WebSite","@id":"https:\/\/permbledhja.com\/#website","url":"https:\/\/permbledhja.com\/","name":"Ve\u00e7 artikuj p\u00ebrmbledh\u00ebs","description":"","publisher":{"@id":"https:\/\/permbledhja.com\/#organization"},"potentialAction":[{"@type":"SearchAction","target":{"@type":"EntryPoint","urlTemplate":"https:\/\/permbledhja.com\/?s={search_term_string}"},"query-input":"required name=search_term_string"}],"inLanguage":"sq"},{"@type":"Organization","@id":"https:\/\/permbledhja.com\/#organization","name":"MK Media & Pr","url":"https:\/\/permbledhja.com\/","logo":{"@type":"ImageObject","inLanguage":"sq","@id":"https:\/\/permbledhja.com\/#\/schema\/logo\/image\/","url":"https:\/\/permbledhja.com\/wp-content\/uploads\/2021\/12\/07-Press-Logo.jpg","contentUrl":"https:\/\/permbledhja.com\/wp-content\/uploads\/2021\/12\/07-Press-Logo.jpg","width":512,"height":512,"caption":"MK Media & Pr"},"image":{"@id":"https:\/\/permbledhja.com\/#\/schema\/logo\/image\/"},"sameAs":["https:\/\/www.facebook.com\/press07\/"]},{"@type":"Person","@id":"https:\/\/permbledhja.com\/#\/schema\/person\/d23f13f59b5722643933d6780783acf3","name":"M M","image":{"@type":"ImageObject","inLanguage":"sq","@id":"https:\/\/permbledhja.com\/#\/schema\/person\/image\/","url":"https:\/\/secure.gravatar.com\/avatar\/e2835a76ca7c31a2416b2d51c4ec9a8f?s=96&d=mm&r=g","contentUrl":"https:\/\/secure.gravatar.com\/avatar\/e2835a76ca7c31a2416b2d51c4ec9a8f?s=96&d=mm&r=g","caption":"M M"},"sameAs":["http:\/\/MM"],"url":"https:\/\/permbledhja.com\/sq\/author\/muhamet\/"}]}},"_links":{"self":[{"href":"https:\/\/permbledhja.com\/sq\/wp-json\/wp\/v2\/posts\/30247"}],"collection":[{"href":"https:\/\/permbledhja.com\/sq\/wp-json\/wp\/v2\/posts"}],"about":[{"href":"https:\/\/permbledhja.com\/sq\/wp-json\/wp\/v2\/types\/post"}],"author":[{"embeddable":true,"href":"https:\/\/permbledhja.com\/sq\/wp-json\/wp\/v2\/users\/2"}],"replies":[{"embeddable":true,"href":"https:\/\/permbledhja.com\/sq\/wp-json\/wp\/v2\/comments?post=30247"}],"version-history":[{"count":1,"href":"https:\/\/permbledhja.com\/sq\/wp-json\/wp\/v2\/posts\/30247\/revisions"}],"predecessor-version":[{"id":30249,"href":"https:\/\/permbledhja.com\/sq\/wp-json\/wp\/v2\/posts\/30247\/revisions\/30249"}],"wp:featuredmedia":[{"embeddable":true,"href":"https:\/\/permbledhja.com\/sq\/wp-json\/wp\/v2\/media\/30248"}],"wp:attachment":[{"href":"https:\/\/permbledhja.com\/sq\/wp-json\/wp\/v2\/media?parent=30247"}],"wp:term":[{"taxonomy":"category","embeddable":true,"href":"https:\/\/permbledhja.com\/sq\/wp-json\/wp\/v2\/categories?post=30247"},{"taxonomy":"post_tag","embeddable":true,"href":"https:\/\/permbledhja.com\/sq\/wp-json\/wp\/v2\/tags?post=30247"}],"curies":[{"name":"wp","href":"https:\/\/api.w.org\/{rel}","templated":true}]}}