{"id":30238,"date":"2023-10-08T06:32:44","date_gmt":"2023-10-08T06:32:44","guid":{"rendered":"https:\/\/permbledhja.com\/?p=30238"},"modified":"2023-10-08T06:32:44","modified_gmt":"2023-10-08T06:32:44","slug":"molliqaj-ripercaktimi-i-kufijve-zgjidhja-e-vetme-e-konfliktit-kosove-serbi-dialogu-ska-kuptim","status":"publish","type":"post","link":"https:\/\/permbledhja.com\/sq\/molliqaj-ripercaktimi-i-kufijve-zgjidhja-e-vetme-e-konfliktit-kosove-serbi-dialogu-ska-kuptim\/","title":{"rendered":"Molliqaj: Rip\u00ebrcaktimi i kufijve zgjidhja e vetme e konfliktit Kosov\u00eb-Serbi, dialogu s\u2019ka kuptim"},"content":{"rendered":"<h3>Kryetari i Partis\u00eb Socialdemokrate, Dardani Molliqaj, n\u00eb nj\u00eb intervist\u00eb p\u00ebr Ekonomia Online, zgjidhja e vetme e konfliktit Kosov\u00eb-Serbi \u00ebsht\u00eb rip\u00ebrcaktimi i kufijve, n\u00eb m\u00ebnyr\u00eb q\u00eb t\u00eb vazhdohet p\u00ebrpara n\u00eb t\u00eb gjitha proceset integruese.<\/h3>\n<p>Sipas tij, sulmi terrorist n\u00eb veriu ka ardhur pas marr\u00ebveshjes s\u00eb fundit, n\u00eb t\u00eb cil\u00ebn sipas tij, n\u00eb qend\u00ebr \u00ebsht\u00eb formimi i Asociacionit. Ndon\u00ebse pohon se kjo marr\u00ebveshje nuk i integron serb\u00ebt e veriut t\u00eb Kosov\u00ebs dhe nuk i normalizon marr\u00ebdh\u00ebniet me Serbin\u00eb.<\/p>\n<p>Molliqaj ka th\u00ebn\u00eb se sulmi n\u00eb Banjsk\u00eb ka qen\u00eb politik dhe se grupi terrorist \u00ebsht\u00eb udh\u00ebhequr nga Serbia.<\/p>\n<p>\u201cBeso q\u00eb \u00ebsht\u00eb krejt e qart\u00eb se sulmi \u00ebsht\u00eb politik, vjen nga grupet t\u00eb cilat i kontrollon drejtp\u00ebrdrejt Serbia. \u00cbsht\u00eb sulm q\u00eb edhe \u00ebsht\u00eb pritur, \u00ebsht\u00eb folur, \u00ebsht\u00eb diskutuar, un\u00eb besoj q\u00eb m\u00eb shum\u00eb se sa t\u00eb merremi tash me hetime ose jo hetim \u00ebsht\u00eb t\u00eb kthemi t\u00eb \u00e7\u00ebshtja q\u00eb \u00ebsht\u00eb p\u00ebrmbajtjesore. Q\u00ebndrimi i Partis\u00eb Socialdemokrate ka qen\u00eb i till\u00eb, marr\u00ebveshja e Brukselit ku n\u00eb qend\u00ebr \u00ebsht\u00eb Asociacioni nuk i integron Serbet e veriut t\u00eb Kosov\u00ebs dhe nuk i normalizon marr\u00ebdh\u00ebniet me Serbin\u00eb, p\u00ebrkundrazi i rrit gjasat p\u00ebr konflikt. Nj\u00eb gj\u00eb e till\u00eb po ndodh pas asaj marr\u00ebveshje kemi konflikti m\u00eb t\u00eb madh q\u00eb kemi pasur ndonj\u00ebher\u00eb, qoft\u00eb me serb\u00ebt lokal, qoft\u00eb me Serbin\u00eb q\u00eb nga shpallja e pavar\u00ebsis\u00eb. Prandaj besoj q\u00eb n\u00eb vend se t\u00eb merremi diskutime t\u00eb tilla do t\u00eb duhej t\u00eb kishte reflektim nga shteti i Kosov\u00eb, p\u00ebrkat\u00ebsisht, Qeveria, presidentja dhe Kuvendi. Q\u00eb t\u00eb hapet mund\u00ebsia p\u00ebr nj\u00eb zgjidhje t\u00eb p\u00ebrhershme e q\u00eb p\u00ebr ne \u00ebsht\u00eb e qart\u00eb ajo e cila \u00ebsht\u00eb, rip\u00ebrcaktimi i kufijve. Kjo agoni e negociatave t\u00eb pa fund, e marr\u00ebveshjeve t\u00eb pa fundme, q\u00eb qojn\u00eb n\u00eb konflikte t\u00eb p\u00ebrs\u00ebritura \u00ebsht\u00eb e gabuar edhe nuk duhet q\u00eb t\u00eb vazhdoj tutje\u201d, tha ai.<\/p>\n<p>Molliqaj ka th\u00ebn\u00eb se Qeveria e Kosov\u00ebs nuk d\u00ebshiron paqen, por \u00ebsht\u00eb e dh\u00ebn\u00eb pas konfliktit, e q\u00eb sipas tij, \u00ebsht\u00eb duke ndjekur rrug\u00ebn e shteti serb.<\/p>\n<p>Ai ka th\u00ebn\u00eb se negociata e pa fund po e d\u00ebrgojn\u00eb vendin n\u00eb konflikte t\u00eb p\u00ebrs\u00ebritura, duke shtuar se kjo \u00ebsht\u00eb e gabuar edhe nuk duhet q\u00eb t\u00eb vazhdoj\u00eb tutje, raporton EO.<\/p>\n<p>\u201cUn\u00eb besoj q\u00eb problemi n\u00eb veri \u00ebsht\u00eb problem politik, para Rajdo\u00e7iqit ka qen\u00eb Veselinovi\u00e7. Nuk \u00ebsht\u00eb problemi i veriut problem i krimit, krimi \u00ebsht\u00eb aty p\u00ebr shkak se \u00ebsht\u00eb problemi politik\u00eb. N\u00eb veriun e Kosov\u00ebs jetojn\u00eb qytetar\u00eb q\u00eb nuk duan t\u00eb jetojn\u00eb n\u00eb Kosov\u00eb, sa m\u00eb shpejt q\u00eb e kuptojm\u00eb k\u00ebt\u00eb \u00e7\u00ebshtje aq m\u00eb shpejt mund t\u00eb gjejm\u00eb zgjidhje. Sa m\u00eb shum\u00eb q\u00eb kuptohet q\u00eb veriu na qenka problem i krimit dhe ne duhet t\u00eb shtojm\u00eb forc\u00eb atje aq m\u00eb shum\u00eb konflikte, aq m\u00eb shum\u00eb d\u00ebme. Asociacioni a u pranuar n\u00eb marr\u00ebveshjen e Brukselit dhe ja ku jemi, tani a kemi sanksione p\u00ebr shkak t\u00eb zgjedhjeve t\u00eb pa nevojshme q\u00eb jan\u00eb mbajte n\u00eb veri, p\u00ebr shkak t\u00eb d\u00ebrgimit t\u00eb kryetar\u00ebve dhunsh\u00ebm n\u00ebp\u00ebr institucione i kemi sanksionet nga BE-ja. A erdh\u00ebm n\u00eb konflikti i sponzorizuar i drejtuar nga Serbia drejt\u00eb Kosov\u00ebs. Prandaj mua me duket se me vazhduar me fol nj\u00ebjt\u00eb sikur se nuk ka ndodh as gj\u00eb \u00ebsht\u00eb investim\u00a0 p\u00ebr konfliktin e ardhsh\u00ebm. Kush do Asociacion do edhe konflikt, kush do refuzim t\u00eb Asociacionit pa alternativ do prap\u00eb konflikt un\u00eb besoj q\u00eb neve na duhet paqe dhe na duhet zgjidhje politike\u201d.<\/p>\n<p>\u201cNuk po duket q\u00eb jan\u00eb gjasat e m\u00ebdha por nuk jan\u00eb zero. P\u00ebrderisa nuk jan\u00eb zero gjith\u00eb ata q\u00eb duan paqen, gjith\u00eb ata q\u00eb duan zhvillimin e mir\u00ebqenien e njer\u00ebzve t\u00eb punojn\u00eb p\u00ebr paqe. Mua m\u00eb duket q\u00eb qeveria e Kosov\u00ebs nuk e do me \u00e7do kusht paqen, m\u00eb shum\u00eb e do konfliktin m\u00eb shum\u00eb e do luft\u00ebn se sa paqen. Mos t\u00eb flasim p\u00ebr Serbin\u00eb q\u00eb dihet, Serbia historikisht ka qen\u00eb shkaktare, prodhuese e luft\u00ebrave nd\u00ebr dekada n\u00eb Ballkan dhe jo vet\u00ebm. Duket q\u00eb i\u2019u ka bashkuar atij mentaliteti edhe qeveria aktuale e Kosov\u00ebs. Besoj q\u00eb duhet me u fokusuar m\u00eb shum\u00eb n\u00eb zgjidhje t\u00eb cilat duket q\u00eb m\u00eb t\u00eb mundshme jan\u00eb tani me qen\u00eb t\u00eb mira p\u00ebr Kosov\u00ebn se sa n\u00eb zhvillimet nd\u00ebrkomb\u00ebtare q\u00eb pritet n\u00eb t\u00eb ardhmen\u201d. \/EO\/<\/p>\n","protected":false},"excerpt":{"rendered":"<p>Kryetari i Partis\u00eb Socialdemokrate, Dardani Molliqaj, n\u00eb nj\u00eb intervist\u00eb p\u00ebr Ekonomia Online, zgjidhja e vetme e konfliktit Kosov\u00eb-Serbi \u00ebsht\u00eb rip\u00ebrcaktimi i kufijve, n\u00eb m\u00ebnyr\u00eb q\u00eb t\u00eb vazhdohet p\u00ebrpara n\u00eb t\u00eb gjitha proceset integruese. Sipas tij, sulmi terrorist n\u00eb veriu ka ardhur pas marr\u00ebveshjes s\u00eb fundit, n\u00eb t\u00eb cil\u00ebn sipas tij, n\u00eb qend\u00ebr \u00ebsht\u00eb formimi i [&hellip;]<\/p>\n","protected":false},"author":2,"featured_media":30239,"comment_status":"closed","ping_status":"closed","sticky":false,"template":"","format":"standard","meta":{"_monsterinsights_skip_tracking":false,"_monsterinsights_sitenote_active":false,"_monsterinsights_sitenote_note":"","_monsterinsights_sitenote_category":0,"_uf_show_specific_survey":0,"_uf_disable_surveys":false,"footnotes":""},"categories":[23,15],"tags":[1907],"yoast_head":"<!-- This site is optimized with the Yoast SEO plugin v21.5 - https:\/\/yoast.com\/wordpress\/plugins\/seo\/ -->\n<title>Molliqaj: Rip\u00ebrcaktimi i kufijve zgjidhja e vetme e konfliktit Kosov\u00eb-Serbi, dialogu s\u2019ka kuptim<\/title>\n<meta name=\"robots\" content=\"index, follow, max-snippet:-1, max-image-preview:large, max-video-preview:-1\" \/>\n<link rel=\"canonical\" href=\"https:\/\/permbledhja.com\/sq\/molliqaj-ripercaktimi-i-kufijve-zgjidhja-e-vetme-e-konfliktit-kosove-serbi-dialogu-ska-kuptim\/\" \/>\n<meta property=\"og:locale\" content=\"sq_AL\" \/>\n<meta property=\"og:type\" content=\"article\" \/>\n<meta property=\"og:title\" content=\"Molliqaj: Rip\u00ebrcaktimi i kufijve zgjidhja e vetme e konfliktit Kosov\u00eb-Serbi, dialogu s\u2019ka kuptim\" \/>\n<meta property=\"og:description\" content=\"Kryetari i Partis\u00eb Socialdemokrate, Dardani Molliqaj, n\u00eb nj\u00eb intervist\u00eb p\u00ebr Ekonomia Online, zgjidhja e vetme e konfliktit Kosov\u00eb-Serbi \u00ebsht\u00eb rip\u00ebrcaktimi i kufijve, n\u00eb m\u00ebnyr\u00eb q\u00eb t\u00eb vazhdohet p\u00ebrpara n\u00eb t\u00eb gjitha proceset integruese. Sipas tij, sulmi terrorist n\u00eb veriu ka ardhur pas marr\u00ebveshjes s\u00eb fundit, n\u00eb t\u00eb cil\u00ebn sipas tij, n\u00eb qend\u00ebr \u00ebsht\u00eb formimi i [&hellip;]\" \/>\n<meta property=\"og:url\" content=\"https:\/\/permbledhja.com\/sq\/molliqaj-ripercaktimi-i-kufijve-zgjidhja-e-vetme-e-konfliktit-kosove-serbi-dialogu-ska-kuptim\/\" \/>\n<meta property=\"og:site_name\" content=\"Ve\u00e7 artikuj p\u00ebrmbledh\u00ebs\" \/>\n<meta property=\"article:publisher\" content=\"https:\/\/www.facebook.com\/press07\/\" \/>\n<meta property=\"article:published_time\" content=\"2023-10-08T06:32:44+00:00\" \/>\n<meta property=\"og:image\" content=\"https:\/\/permbledhja.com\/wp-content\/uploads\/2023\/10\/Dardan-Molliqaj.jpg\" \/>\n\t<meta property=\"og:image:width\" content=\"2048\" \/>\n\t<meta property=\"og:image:height\" content=\"1536\" \/>\n\t<meta property=\"og:image:type\" content=\"image\/jpeg\" \/>\n<meta name=\"author\" content=\"M M\" \/>\n<meta name=\"twitter:card\" content=\"summary_large_image\" \/>\n<meta name=\"twitter:label1\" content=\"Written by\" \/>\n\t<meta name=\"twitter:data1\" content=\"M M\" \/>\n\t<meta name=\"twitter:label2\" content=\"Est. reading time\" \/>\n\t<meta name=\"twitter:data2\" content=\"4 minuta\" \/>\n<script type=\"application\/ld+json\" class=\"yoast-schema-graph\">{\"@context\":\"https:\/\/schema.org\",\"@graph\":[{\"@type\":\"Article\",\"@id\":\"https:\/\/permbledhja.com\/sq\/molliqaj-ripercaktimi-i-kufijve-zgjidhja-e-vetme-e-konfliktit-kosove-serbi-dialogu-ska-kuptim\/#article\",\"isPartOf\":{\"@id\":\"https:\/\/permbledhja.com\/sq\/molliqaj-ripercaktimi-i-kufijve-zgjidhja-e-vetme-e-konfliktit-kosove-serbi-dialogu-ska-kuptim\/\"},\"author\":{\"name\":\"M M\",\"@id\":\"https:\/\/permbledhja.com\/#\/schema\/person\/d23f13f59b5722643933d6780783acf3\"},\"headline\":\"Molliqaj: Rip\u00ebrcaktimi i kufijve zgjidhja e vetme e konfliktit Kosov\u00eb-Serbi, dialogu s\u2019ka kuptim\",\"datePublished\":\"2023-10-08T06:32:44+00:00\",\"dateModified\":\"2023-10-08T06:32:44+00:00\",\"mainEntityOfPage\":{\"@id\":\"https:\/\/permbledhja.com\/sq\/molliqaj-ripercaktimi-i-kufijve-zgjidhja-e-vetme-e-konfliktit-kosove-serbi-dialogu-ska-kuptim\/\"},\"wordCount\":773,\"publisher\":{\"@id\":\"https:\/\/permbledhja.com\/#organization\"},\"keywords\":[\"Dardan Molliqaj\"],\"articleSection\":[\"Komb\u00ebtare\",\"Lajme\"],\"inLanguage\":\"sq\"},{\"@type\":\"WebPage\",\"@id\":\"https:\/\/permbledhja.com\/sq\/molliqaj-ripercaktimi-i-kufijve-zgjidhja-e-vetme-e-konfliktit-kosove-serbi-dialogu-ska-kuptim\/\",\"url\":\"https:\/\/permbledhja.com\/sq\/molliqaj-ripercaktimi-i-kufijve-zgjidhja-e-vetme-e-konfliktit-kosove-serbi-dialogu-ska-kuptim\/\",\"name\":\"Molliqaj: Rip\u00ebrcaktimi i kufijve zgjidhja e vetme e konfliktit Kosov\u00eb-Serbi, dialogu s\u2019ka kuptim\",\"isPartOf\":{\"@id\":\"https:\/\/permbledhja.com\/#website\"},\"datePublished\":\"2023-10-08T06:32:44+00:00\",\"dateModified\":\"2023-10-08T06:32:44+00:00\",\"breadcrumb\":{\"@id\":\"https:\/\/permbledhja.com\/sq\/molliqaj-ripercaktimi-i-kufijve-zgjidhja-e-vetme-e-konfliktit-kosove-serbi-dialogu-ska-kuptim\/#breadcrumb\"},\"inLanguage\":\"sq\",\"potentialAction\":[{\"@type\":\"ReadAction\",\"target\":[\"https:\/\/permbledhja.com\/sq\/molliqaj-ripercaktimi-i-kufijve-zgjidhja-e-vetme-e-konfliktit-kosove-serbi-dialogu-ska-kuptim\/\"]}]},{\"@type\":\"BreadcrumbList\",\"@id\":\"https:\/\/permbledhja.com\/sq\/molliqaj-ripercaktimi-i-kufijve-zgjidhja-e-vetme-e-konfliktit-kosove-serbi-dialogu-ska-kuptim\/#breadcrumb\",\"itemListElement\":[{\"@type\":\"ListItem\",\"position\":1,\"name\":\"Ballina\",\"item\":\"https:\/\/permbledhja.com\/sq\/\"},{\"@type\":\"ListItem\",\"position\":2,\"name\":\"Molliqaj: Rip\u00ebrcaktimi i kufijve zgjidhja e vetme e konfliktit Kosov\u00eb-Serbi, dialogu s\u2019ka kuptim\"}]},{\"@type\":\"WebSite\",\"@id\":\"https:\/\/permbledhja.com\/#website\",\"url\":\"https:\/\/permbledhja.com\/\",\"name\":\"Ve\u00e7 artikuj p\u00ebrmbledh\u00ebs\",\"description\":\"\",\"publisher\":{\"@id\":\"https:\/\/permbledhja.com\/#organization\"},\"potentialAction\":[{\"@type\":\"SearchAction\",\"target\":{\"@type\":\"EntryPoint\",\"urlTemplate\":\"https:\/\/permbledhja.com\/?s={search_term_string}\"},\"query-input\":\"required name=search_term_string\"}],\"inLanguage\":\"sq\"},{\"@type\":\"Organization\",\"@id\":\"https:\/\/permbledhja.com\/#organization\",\"name\":\"MK Media & Pr\",\"url\":\"https:\/\/permbledhja.com\/\",\"logo\":{\"@type\":\"ImageObject\",\"inLanguage\":\"sq\",\"@id\":\"https:\/\/permbledhja.com\/#\/schema\/logo\/image\/\",\"url\":\"https:\/\/permbledhja.com\/wp-content\/uploads\/2021\/12\/07-Press-Logo.jpg\",\"contentUrl\":\"https:\/\/permbledhja.com\/wp-content\/uploads\/2021\/12\/07-Press-Logo.jpg\",\"width\":512,\"height\":512,\"caption\":\"MK Media & Pr\"},\"image\":{\"@id\":\"https:\/\/permbledhja.com\/#\/schema\/logo\/image\/\"},\"sameAs\":[\"https:\/\/www.facebook.com\/press07\/\"]},{\"@type\":\"Person\",\"@id\":\"https:\/\/permbledhja.com\/#\/schema\/person\/d23f13f59b5722643933d6780783acf3\",\"name\":\"M M\",\"image\":{\"@type\":\"ImageObject\",\"inLanguage\":\"sq\",\"@id\":\"https:\/\/permbledhja.com\/#\/schema\/person\/image\/\",\"url\":\"https:\/\/secure.gravatar.com\/avatar\/e2835a76ca7c31a2416b2d51c4ec9a8f?s=96&d=mm&r=g\",\"contentUrl\":\"https:\/\/secure.gravatar.com\/avatar\/e2835a76ca7c31a2416b2d51c4ec9a8f?s=96&d=mm&r=g\",\"caption\":\"M M\"},\"sameAs\":[\"http:\/\/MM\"],\"url\":\"https:\/\/permbledhja.com\/sq\/author\/muhamet\/\"}]}<\/script>\n<!-- \/ Yoast SEO plugin. -->","yoast_head_json":{"title":"Molliqaj: Rip\u00ebrcaktimi i kufijve zgjidhja e vetme e konfliktit Kosov\u00eb-Serbi, dialogu s\u2019ka kuptim","robots":{"index":"index","follow":"follow","max-snippet":"max-snippet:-1","max-image-preview":"max-image-preview:large","max-video-preview":"max-video-preview:-1"},"canonical":"https:\/\/permbledhja.com\/sq\/molliqaj-ripercaktimi-i-kufijve-zgjidhja-e-vetme-e-konfliktit-kosove-serbi-dialogu-ska-kuptim\/","og_locale":"sq_AL","og_type":"article","og_title":"Molliqaj: Rip\u00ebrcaktimi i kufijve zgjidhja e vetme e konfliktit Kosov\u00eb-Serbi, dialogu s\u2019ka kuptim","og_description":"Kryetari i Partis\u00eb Socialdemokrate, Dardani Molliqaj, n\u00eb nj\u00eb intervist\u00eb p\u00ebr Ekonomia Online, zgjidhja e vetme e konfliktit Kosov\u00eb-Serbi \u00ebsht\u00eb rip\u00ebrcaktimi i kufijve, n\u00eb m\u00ebnyr\u00eb q\u00eb t\u00eb vazhdohet p\u00ebrpara n\u00eb t\u00eb gjitha proceset integruese. Sipas tij, sulmi terrorist n\u00eb veriu ka ardhur pas marr\u00ebveshjes s\u00eb fundit, n\u00eb t\u00eb cil\u00ebn sipas tij, n\u00eb qend\u00ebr \u00ebsht\u00eb formimi i [&hellip;]","og_url":"https:\/\/permbledhja.com\/sq\/molliqaj-ripercaktimi-i-kufijve-zgjidhja-e-vetme-e-konfliktit-kosove-serbi-dialogu-ska-kuptim\/","og_site_name":"Ve\u00e7 artikuj p\u00ebrmbledh\u00ebs","article_publisher":"https:\/\/www.facebook.com\/press07\/","article_published_time":"2023-10-08T06:32:44+00:00","og_image":[{"width":2048,"height":1536,"url":"https:\/\/permbledhja.com\/wp-content\/uploads\/2023\/10\/Dardan-Molliqaj.jpg","type":"image\/jpeg"}],"author":"M M","twitter_card":"summary_large_image","twitter_misc":{"Written by":"M M","Est. reading time":"4 minuta"},"schema":{"@context":"https:\/\/schema.org","@graph":[{"@type":"Article","@id":"https:\/\/permbledhja.com\/sq\/molliqaj-ripercaktimi-i-kufijve-zgjidhja-e-vetme-e-konfliktit-kosove-serbi-dialogu-ska-kuptim\/#article","isPartOf":{"@id":"https:\/\/permbledhja.com\/sq\/molliqaj-ripercaktimi-i-kufijve-zgjidhja-e-vetme-e-konfliktit-kosove-serbi-dialogu-ska-kuptim\/"},"author":{"name":"M M","@id":"https:\/\/permbledhja.com\/#\/schema\/person\/d23f13f59b5722643933d6780783acf3"},"headline":"Molliqaj: Rip\u00ebrcaktimi i kufijve zgjidhja e vetme e konfliktit Kosov\u00eb-Serbi, dialogu s\u2019ka kuptim","datePublished":"2023-10-08T06:32:44+00:00","dateModified":"2023-10-08T06:32:44+00:00","mainEntityOfPage":{"@id":"https:\/\/permbledhja.com\/sq\/molliqaj-ripercaktimi-i-kufijve-zgjidhja-e-vetme-e-konfliktit-kosove-serbi-dialogu-ska-kuptim\/"},"wordCount":773,"publisher":{"@id":"https:\/\/permbledhja.com\/#organization"},"keywords":["Dardan Molliqaj"],"articleSection":["Komb\u00ebtare","Lajme"],"inLanguage":"sq"},{"@type":"WebPage","@id":"https:\/\/permbledhja.com\/sq\/molliqaj-ripercaktimi-i-kufijve-zgjidhja-e-vetme-e-konfliktit-kosove-serbi-dialogu-ska-kuptim\/","url":"https:\/\/permbledhja.com\/sq\/molliqaj-ripercaktimi-i-kufijve-zgjidhja-e-vetme-e-konfliktit-kosove-serbi-dialogu-ska-kuptim\/","name":"Molliqaj: Rip\u00ebrcaktimi i kufijve zgjidhja e vetme e konfliktit Kosov\u00eb-Serbi, dialogu s\u2019ka kuptim","isPartOf":{"@id":"https:\/\/permbledhja.com\/#website"},"datePublished":"2023-10-08T06:32:44+00:00","dateModified":"2023-10-08T06:32:44+00:00","breadcrumb":{"@id":"https:\/\/permbledhja.com\/sq\/molliqaj-ripercaktimi-i-kufijve-zgjidhja-e-vetme-e-konfliktit-kosove-serbi-dialogu-ska-kuptim\/#breadcrumb"},"inLanguage":"sq","potentialAction":[{"@type":"ReadAction","target":["https:\/\/permbledhja.com\/sq\/molliqaj-ripercaktimi-i-kufijve-zgjidhja-e-vetme-e-konfliktit-kosove-serbi-dialogu-ska-kuptim\/"]}]},{"@type":"BreadcrumbList","@id":"https:\/\/permbledhja.com\/sq\/molliqaj-ripercaktimi-i-kufijve-zgjidhja-e-vetme-e-konfliktit-kosove-serbi-dialogu-ska-kuptim\/#breadcrumb","itemListElement":[{"@type":"ListItem","position":1,"name":"Ballina","item":"https:\/\/permbledhja.com\/sq\/"},{"@type":"ListItem","position":2,"name":"Molliqaj: Rip\u00ebrcaktimi i kufijve zgjidhja e vetme e konfliktit Kosov\u00eb-Serbi, dialogu s\u2019ka kuptim"}]},{"@type":"WebSite","@id":"https:\/\/permbledhja.com\/#website","url":"https:\/\/permbledhja.com\/","name":"Ve\u00e7 artikuj p\u00ebrmbledh\u00ebs","description":"","publisher":{"@id":"https:\/\/permbledhja.com\/#organization"},"potentialAction":[{"@type":"SearchAction","target":{"@type":"EntryPoint","urlTemplate":"https:\/\/permbledhja.com\/?s={search_term_string}"},"query-input":"required name=search_term_string"}],"inLanguage":"sq"},{"@type":"Organization","@id":"https:\/\/permbledhja.com\/#organization","name":"MK Media & Pr","url":"https:\/\/permbledhja.com\/","logo":{"@type":"ImageObject","inLanguage":"sq","@id":"https:\/\/permbledhja.com\/#\/schema\/logo\/image\/","url":"https:\/\/permbledhja.com\/wp-content\/uploads\/2021\/12\/07-Press-Logo.jpg","contentUrl":"https:\/\/permbledhja.com\/wp-content\/uploads\/2021\/12\/07-Press-Logo.jpg","width":512,"height":512,"caption":"MK Media & Pr"},"image":{"@id":"https:\/\/permbledhja.com\/#\/schema\/logo\/image\/"},"sameAs":["https:\/\/www.facebook.com\/press07\/"]},{"@type":"Person","@id":"https:\/\/permbledhja.com\/#\/schema\/person\/d23f13f59b5722643933d6780783acf3","name":"M M","image":{"@type":"ImageObject","inLanguage":"sq","@id":"https:\/\/permbledhja.com\/#\/schema\/person\/image\/","url":"https:\/\/secure.gravatar.com\/avatar\/e2835a76ca7c31a2416b2d51c4ec9a8f?s=96&d=mm&r=g","contentUrl":"https:\/\/secure.gravatar.com\/avatar\/e2835a76ca7c31a2416b2d51c4ec9a8f?s=96&d=mm&r=g","caption":"M M"},"sameAs":["http:\/\/MM"],"url":"https:\/\/permbledhja.com\/sq\/author\/muhamet\/"}]}},"_links":{"self":[{"href":"https:\/\/permbledhja.com\/sq\/wp-json\/wp\/v2\/posts\/30238"}],"collection":[{"href":"https:\/\/permbledhja.com\/sq\/wp-json\/wp\/v2\/posts"}],"about":[{"href":"https:\/\/permbledhja.com\/sq\/wp-json\/wp\/v2\/types\/post"}],"author":[{"embeddable":true,"href":"https:\/\/permbledhja.com\/sq\/wp-json\/wp\/v2\/users\/2"}],"replies":[{"embeddable":true,"href":"https:\/\/permbledhja.com\/sq\/wp-json\/wp\/v2\/comments?post=30238"}],"version-history":[{"count":1,"href":"https:\/\/permbledhja.com\/sq\/wp-json\/wp\/v2\/posts\/30238\/revisions"}],"predecessor-version":[{"id":30240,"href":"https:\/\/permbledhja.com\/sq\/wp-json\/wp\/v2\/posts\/30238\/revisions\/30240"}],"wp:featuredmedia":[{"embeddable":true,"href":"https:\/\/permbledhja.com\/sq\/wp-json\/wp\/v2\/media\/30239"}],"wp:attachment":[{"href":"https:\/\/permbledhja.com\/sq\/wp-json\/wp\/v2\/media?parent=30238"}],"wp:term":[{"taxonomy":"category","embeddable":true,"href":"https:\/\/permbledhja.com\/sq\/wp-json\/wp\/v2\/categories?post=30238"},{"taxonomy":"post_tag","embeddable":true,"href":"https:\/\/permbledhja.com\/sq\/wp-json\/wp\/v2\/tags?post=30238"}],"curies":[{"name":"wp","href":"https:\/\/api.w.org\/{rel}","templated":true}]}}