{"id":30196,"date":"2023-10-07T17:31:40","date_gmt":"2023-10-07T17:31:40","guid":{"rendered":"https:\/\/permbledhja.com\/?p=30196"},"modified":"2023-10-07T17:31:40","modified_gmt":"2023-10-07T17:31:40","slug":"guri-i-nenes-pashke-dhe-lokali-panda-behen-pjese-e-trashegimise-kulturore","status":"publish","type":"post","link":"https:\/\/permbledhja.com\/sq\/guri-i-nenes-pashke-dhe-lokali-panda-behen-pjese-e-trashegimise-kulturore\/","title":{"rendered":"\u200bGuri i N\u00ebn\u00ebs Pashke dhe lokali \u201cPanda\u201d b\u00ebhen pjes\u00eb e trash\u00ebgimis\u00eb kulturore"},"content":{"rendered":"<h3>Guri i N\u00ebn\u00ebs Pashke, Spitali ushtarak i Gradic\u00ebs, P\u00ebrmendorja e Minator\u00ebve, lokali \u201cPanda\u201d n\u00eb Pej\u00eb, Xhamia e Sfirc\u00ebs, Varri i Don Mikel Tarabulluzit, afreskat romake t\u00eb Dresnikut, pasurojn\u00eb list\u00ebn e trash\u00ebgimis\u00eb kulturore. K\u00ebshtu ka njoftuar kryeministri i vendit, Albin Kurti.<\/h3>\n<p>Ai ka th\u00ebn\u00eb se kujtimi p\u00ebr vet\u00ebflijimin e N\u00ebn\u00ebs Pashke dhe guri q\u00eb simbolizon aktin e saj do t\u00eb jen\u00eb n\u00eb p\u00ebrkujdesje shtet\u00ebrore.<\/p>\n<p><em>\u201cP\u00ebrfshirja n\u00eb list\u00ebn e trash\u00ebgimis\u00eb kulturore, n\u00eb kategorin\u00eb \u2018shpirt\u00ebrore\u2019 ishte hap i domosdosh\u00ebm drejt zgjidhjes p\u00ebrfundimtare p\u00ebr Gurin p\u00ebrkujtimor t\u00eb N\u00ebn\u00ebs Pashke. M\u00eb t\u00eb mirin rr\u00ebfim p\u00ebr Pashke Krasniqi Markaj deri sot e ka b\u00ebr\u00eb shkrimtari yn\u00eb Ag Apolloni n\u00eb dokuromanin e tij \u2018Nj\u00eb fije shprese, nj\u00eb fije shkrep\u00ebse\u2019<\/em>, ka th\u00ebn\u00eb Kurti.<\/p>\n<p>Kurti ka th\u00ebn\u00eb se list\u00ebs s\u00eb trash\u00ebgimis\u00eb kulturore n\u00eb mbrojtje t\u00eb p\u00ebrkohshme i shtohen edhe 23 asete t\u00eb reja.<\/p>\n<p><em>\u201cM\u00eb 14 dhjetor 1998 n\u00eb lokalin &#8220;Panda&#8221; n\u00eb Pej\u00eb, sh\u00ebrbimet serbe ekzekutuan gjasht\u00eb t\u00eb rinj serb\u00eb p\u00ebr t\u00eb akuzuar rrejsh\u00ebm U\u00c7K-n\u00eb si fajtore, n\u00eb p\u00ebrpjekjen e regjimit t\u00eb Millosheviqit p\u00ebr t\u00eb justifikuar gjenocidin q\u00eb po ngjante n\u00eb Kosov\u00eb. P\u00ebrve\u00e7 si kujtes\u00eb historike, mbrojtja me ligj t\u00eb shtetit e k\u00ebtij lokali vjen edhe si alarm dhe thirrje p\u00ebr vigjilenc\u00eb karshi mend\u00ebsis\u00eb s\u00eb pandryshuar politike t\u00eb Serbis\u00eb n\u00eb raport me shqiptar\u00ebt dhe Kosov\u00ebn\u201d,<\/em> ka shkruar Kurti.<\/p>\n","protected":false},"excerpt":{"rendered":"<p>Guri i N\u00ebn\u00ebs Pashke, Spitali ushtarak i Gradic\u00ebs, P\u00ebrmendorja e Minator\u00ebve, lokali \u201cPanda\u201d n\u00eb Pej\u00eb, Xhamia e Sfirc\u00ebs, Varri i Don Mikel Tarabulluzit, afreskat romake t\u00eb Dresnikut, pasurojn\u00eb list\u00ebn e trash\u00ebgimis\u00eb kulturore. K\u00ebshtu ka njoftuar kryeministri i vendit, Albin Kurti. Ai ka th\u00ebn\u00eb se kujtimi p\u00ebr vet\u00ebflijimin e N\u00ebn\u00ebs Pashke dhe guri q\u00eb simbolizon aktin [&hellip;]<\/p>\n","protected":false},"author":1,"featured_media":30197,"comment_status":"closed","ping_status":"closed","sticky":false,"template":"","format":"standard","meta":{"_monsterinsights_skip_tracking":false,"_monsterinsights_sitenote_active":false,"_monsterinsights_sitenote_note":"","_monsterinsights_sitenote_category":0,"_uf_show_specific_survey":0,"_uf_disable_surveys":false,"footnotes":""},"categories":[23,15],"tags":[86],"yoast_head":"<!-- This site is optimized with the Yoast SEO plugin v21.5 - https:\/\/yoast.com\/wordpress\/plugins\/seo\/ -->\n<title>\u200bGuri i N\u00ebn\u00ebs Pashke dhe lokali \u201cPanda\u201d b\u00ebhen pjes\u00eb e trash\u00ebgimis\u00eb kulturore<\/title>\n<meta name=\"robots\" content=\"index, follow, max-snippet:-1, max-image-preview:large, max-video-preview:-1\" \/>\n<link rel=\"canonical\" href=\"https:\/\/permbledhja.com\/sq\/guri-i-nenes-pashke-dhe-lokali-panda-behen-pjese-e-trashegimise-kulturore\/\" \/>\n<meta property=\"og:locale\" content=\"sq_AL\" \/>\n<meta property=\"og:type\" content=\"article\" \/>\n<meta property=\"og:title\" content=\"\u200bGuri i N\u00ebn\u00ebs Pashke dhe lokali \u201cPanda\u201d b\u00ebhen pjes\u00eb e trash\u00ebgimis\u00eb kulturore\" \/>\n<meta property=\"og:description\" content=\"Guri i N\u00ebn\u00ebs Pashke, Spitali ushtarak i Gradic\u00ebs, P\u00ebrmendorja e Minator\u00ebve, lokali \u201cPanda\u201d n\u00eb Pej\u00eb, Xhamia e Sfirc\u00ebs, Varri i Don Mikel Tarabulluzit, afreskat romake t\u00eb Dresnikut, pasurojn\u00eb list\u00ebn e trash\u00ebgimis\u00eb kulturore. K\u00ebshtu ka njoftuar kryeministri i vendit, Albin Kurti. Ai ka th\u00ebn\u00eb se kujtimi p\u00ebr vet\u00ebflijimin e N\u00ebn\u00ebs Pashke dhe guri q\u00eb simbolizon aktin [&hellip;]\" \/>\n<meta property=\"og:url\" content=\"https:\/\/permbledhja.com\/sq\/guri-i-nenes-pashke-dhe-lokali-panda-behen-pjese-e-trashegimise-kulturore\/\" \/>\n<meta property=\"og:site_name\" content=\"Ve\u00e7 artikuj p\u00ebrmbledh\u00ebs\" \/>\n<meta property=\"article:publisher\" content=\"https:\/\/www.facebook.com\/press07\/\" \/>\n<meta property=\"article:author\" content=\"https:\/\/www.facebook.com\/kafexhiu.muharrem\/\" \/>\n<meta property=\"article:published_time\" content=\"2023-10-07T17:31:40+00:00\" \/>\n<meta property=\"og:image\" content=\"https:\/\/permbledhja.com\/wp-content\/uploads\/2023\/10\/96121696699070.jpg\" \/>\n\t<meta property=\"og:image:width\" content=\"600\" \/>\n\t<meta property=\"og:image:height\" content=\"400\" \/>\n\t<meta property=\"og:image:type\" content=\"image\/jpeg\" \/>\n<meta name=\"author\" content=\"P\u00ebrmbledhja\" \/>\n<meta name=\"twitter:card\" content=\"summary_large_image\" \/>\n<meta name=\"twitter:label1\" content=\"Written by\" \/>\n\t<meta name=\"twitter:data1\" content=\"P\u00ebrmbledhja\" \/>\n\t<meta name=\"twitter:label2\" content=\"Est. reading time\" \/>\n\t<meta name=\"twitter:data2\" content=\"1 minut\u00eb\" \/>\n<script type=\"application\/ld+json\" class=\"yoast-schema-graph\">{\"@context\":\"https:\/\/schema.org\",\"@graph\":[{\"@type\":\"Article\",\"@id\":\"https:\/\/permbledhja.com\/guri-i-nenes-pashke-dhe-lokali-panda-behen-pjese-e-trashegimise-kulturore\/#article\",\"isPartOf\":{\"@id\":\"https:\/\/permbledhja.com\/guri-i-nenes-pashke-dhe-lokali-panda-behen-pjese-e-trashegimise-kulturore\/\"},\"author\":{\"name\":\"P\u00ebrmbledhja\",\"@id\":\"https:\/\/permbledhja.com\/#\/schema\/person\/0d064377258d3221e50693947b9eb4fe\"},\"headline\":\"\u200bGuri i N\u00ebn\u00ebs Pashke dhe lokali \u201cPanda\u201d b\u00ebhen pjes\u00eb e trash\u00ebgimis\u00eb kulturore\",\"datePublished\":\"2023-10-07T17:31:40+00:00\",\"dateModified\":\"2023-10-07T17:31:40+00:00\",\"mainEntityOfPage\":{\"@id\":\"https:\/\/permbledhja.com\/guri-i-nenes-pashke-dhe-lokali-panda-behen-pjese-e-trashegimise-kulturore\/\"},\"wordCount\":268,\"publisher\":{\"@id\":\"https:\/\/permbledhja.com\/#organization\"},\"keywords\":[\"Albin Kurti\"],\"articleSection\":[\"Komb\u00ebtare\",\"Lajme\"],\"inLanguage\":\"sq\"},{\"@type\":\"WebPage\",\"@id\":\"https:\/\/permbledhja.com\/guri-i-nenes-pashke-dhe-lokali-panda-behen-pjese-e-trashegimise-kulturore\/\",\"url\":\"https:\/\/permbledhja.com\/guri-i-nenes-pashke-dhe-lokali-panda-behen-pjese-e-trashegimise-kulturore\/\",\"name\":\"\u200bGuri i N\u00ebn\u00ebs Pashke dhe lokali \u201cPanda\u201d b\u00ebhen pjes\u00eb e trash\u00ebgimis\u00eb kulturore\",\"isPartOf\":{\"@id\":\"https:\/\/permbledhja.com\/#website\"},\"datePublished\":\"2023-10-07T17:31:40+00:00\",\"dateModified\":\"2023-10-07T17:31:40+00:00\",\"breadcrumb\":{\"@id\":\"https:\/\/permbledhja.com\/guri-i-nenes-pashke-dhe-lokali-panda-behen-pjese-e-trashegimise-kulturore\/#breadcrumb\"},\"inLanguage\":\"sq\",\"potentialAction\":[{\"@type\":\"ReadAction\",\"target\":[\"https:\/\/permbledhja.com\/guri-i-nenes-pashke-dhe-lokali-panda-behen-pjese-e-trashegimise-kulturore\/\"]}]},{\"@type\":\"BreadcrumbList\",\"@id\":\"https:\/\/permbledhja.com\/guri-i-nenes-pashke-dhe-lokali-panda-behen-pjese-e-trashegimise-kulturore\/#breadcrumb\",\"itemListElement\":[{\"@type\":\"ListItem\",\"position\":1,\"name\":\"Ballina\",\"item\":\"https:\/\/permbledhja.com\/sq\/\"},{\"@type\":\"ListItem\",\"position\":2,\"name\":\"\u200bGuri i N\u00ebn\u00ebs Pashke dhe lokali \u201cPanda\u201d b\u00ebhen pjes\u00eb e trash\u00ebgimis\u00eb kulturore\"}]},{\"@type\":\"WebSite\",\"@id\":\"https:\/\/permbledhja.com\/#website\",\"url\":\"https:\/\/permbledhja.com\/\",\"name\":\"Ve\u00e7 artikuj p\u00ebrmbledh\u00ebs\",\"description\":\"\",\"publisher\":{\"@id\":\"https:\/\/permbledhja.com\/#organization\"},\"potentialAction\":[{\"@type\":\"SearchAction\",\"target\":{\"@type\":\"EntryPoint\",\"urlTemplate\":\"https:\/\/permbledhja.com\/?s={search_term_string}\"},\"query-input\":\"required name=search_term_string\"}],\"inLanguage\":\"sq\"},{\"@type\":\"Organization\",\"@id\":\"https:\/\/permbledhja.com\/#organization\",\"name\":\"MK Media & Pr\",\"url\":\"https:\/\/permbledhja.com\/\",\"logo\":{\"@type\":\"ImageObject\",\"inLanguage\":\"sq\",\"@id\":\"https:\/\/permbledhja.com\/#\/schema\/logo\/image\/\",\"url\":\"https:\/\/permbledhja.com\/wp-content\/uploads\/2021\/12\/07-Press-Logo.jpg\",\"contentUrl\":\"https:\/\/permbledhja.com\/wp-content\/uploads\/2021\/12\/07-Press-Logo.jpg\",\"width\":512,\"height\":512,\"caption\":\"MK Media & Pr\"},\"image\":{\"@id\":\"https:\/\/permbledhja.com\/#\/schema\/logo\/image\/\"},\"sameAs\":[\"https:\/\/www.facebook.com\/press07\/\"]},{\"@type\":\"Person\",\"@id\":\"https:\/\/permbledhja.com\/#\/schema\/person\/0d064377258d3221e50693947b9eb4fe\",\"name\":\"P\u00ebrmbledhja\",\"image\":{\"@type\":\"ImageObject\",\"inLanguage\":\"sq\",\"@id\":\"https:\/\/permbledhja.com\/#\/schema\/person\/image\/\",\"url\":\"https:\/\/permbledhja.com\/wp-content\/uploads\/2026\/01\/452004717_1040944174702970_8932037511805513407_n-96x96.jpg\",\"contentUrl\":\"https:\/\/permbledhja.com\/wp-content\/uploads\/2026\/01\/452004717_1040944174702970_8932037511805513407_n-96x96.jpg\",\"caption\":\"P\u00ebrmbledhja\"},\"sameAs\":[\"https:\/\/www.facebook.com\/kafexhiu.muharrem\/\",\"https:\/\/www.instagram.com\/muharrem_kafexhiu\/\"],\"url\":\"https:\/\/permbledhja.com\/sq\/author\/admin\/\"}]}<\/script>\n<!-- \/ Yoast SEO plugin. -->","yoast_head_json":{"title":"\u200bGuri i N\u00ebn\u00ebs Pashke dhe lokali \u201cPanda\u201d b\u00ebhen pjes\u00eb e trash\u00ebgimis\u00eb kulturore","robots":{"index":"index","follow":"follow","max-snippet":"max-snippet:-1","max-image-preview":"max-image-preview:large","max-video-preview":"max-video-preview:-1"},"canonical":"https:\/\/permbledhja.com\/sq\/guri-i-nenes-pashke-dhe-lokali-panda-behen-pjese-e-trashegimise-kulturore\/","og_locale":"sq_AL","og_type":"article","og_title":"\u200bGuri i N\u00ebn\u00ebs Pashke dhe lokali \u201cPanda\u201d b\u00ebhen pjes\u00eb e trash\u00ebgimis\u00eb kulturore","og_description":"Guri i N\u00ebn\u00ebs Pashke, Spitali ushtarak i Gradic\u00ebs, P\u00ebrmendorja e Minator\u00ebve, lokali \u201cPanda\u201d n\u00eb Pej\u00eb, Xhamia e Sfirc\u00ebs, Varri i Don Mikel Tarabulluzit, afreskat romake t\u00eb Dresnikut, pasurojn\u00eb list\u00ebn e trash\u00ebgimis\u00eb kulturore. K\u00ebshtu ka njoftuar kryeministri i vendit, Albin Kurti. Ai ka th\u00ebn\u00eb se kujtimi p\u00ebr vet\u00ebflijimin e N\u00ebn\u00ebs Pashke dhe guri q\u00eb simbolizon aktin [&hellip;]","og_url":"https:\/\/permbledhja.com\/sq\/guri-i-nenes-pashke-dhe-lokali-panda-behen-pjese-e-trashegimise-kulturore\/","og_site_name":"Ve\u00e7 artikuj p\u00ebrmbledh\u00ebs","article_publisher":"https:\/\/www.facebook.com\/press07\/","article_author":"https:\/\/www.facebook.com\/kafexhiu.muharrem\/","article_published_time":"2023-10-07T17:31:40+00:00","og_image":[{"width":600,"height":400,"url":"https:\/\/permbledhja.com\/wp-content\/uploads\/2023\/10\/96121696699070.jpg","type":"image\/jpeg"}],"author":"P\u00ebrmbledhja","twitter_card":"summary_large_image","twitter_misc":{"Written by":"P\u00ebrmbledhja","Est. reading time":"1 minut\u00eb"},"schema":{"@context":"https:\/\/schema.org","@graph":[{"@type":"Article","@id":"https:\/\/permbledhja.com\/guri-i-nenes-pashke-dhe-lokali-panda-behen-pjese-e-trashegimise-kulturore\/#article","isPartOf":{"@id":"https:\/\/permbledhja.com\/guri-i-nenes-pashke-dhe-lokali-panda-behen-pjese-e-trashegimise-kulturore\/"},"author":{"name":"P\u00ebrmbledhja","@id":"https:\/\/permbledhja.com\/#\/schema\/person\/0d064377258d3221e50693947b9eb4fe"},"headline":"\u200bGuri i N\u00ebn\u00ebs Pashke dhe lokali \u201cPanda\u201d b\u00ebhen pjes\u00eb e trash\u00ebgimis\u00eb kulturore","datePublished":"2023-10-07T17:31:40+00:00","dateModified":"2023-10-07T17:31:40+00:00","mainEntityOfPage":{"@id":"https:\/\/permbledhja.com\/guri-i-nenes-pashke-dhe-lokali-panda-behen-pjese-e-trashegimise-kulturore\/"},"wordCount":268,"publisher":{"@id":"https:\/\/permbledhja.com\/#organization"},"keywords":["Albin Kurti"],"articleSection":["Komb\u00ebtare","Lajme"],"inLanguage":"sq"},{"@type":"WebPage","@id":"https:\/\/permbledhja.com\/guri-i-nenes-pashke-dhe-lokali-panda-behen-pjese-e-trashegimise-kulturore\/","url":"https:\/\/permbledhja.com\/guri-i-nenes-pashke-dhe-lokali-panda-behen-pjese-e-trashegimise-kulturore\/","name":"\u200bGuri i N\u00ebn\u00ebs Pashke dhe lokali \u201cPanda\u201d b\u00ebhen pjes\u00eb e trash\u00ebgimis\u00eb kulturore","isPartOf":{"@id":"https:\/\/permbledhja.com\/#website"},"datePublished":"2023-10-07T17:31:40+00:00","dateModified":"2023-10-07T17:31:40+00:00","breadcrumb":{"@id":"https:\/\/permbledhja.com\/guri-i-nenes-pashke-dhe-lokali-panda-behen-pjese-e-trashegimise-kulturore\/#breadcrumb"},"inLanguage":"sq","potentialAction":[{"@type":"ReadAction","target":["https:\/\/permbledhja.com\/guri-i-nenes-pashke-dhe-lokali-panda-behen-pjese-e-trashegimise-kulturore\/"]}]},{"@type":"BreadcrumbList","@id":"https:\/\/permbledhja.com\/guri-i-nenes-pashke-dhe-lokali-panda-behen-pjese-e-trashegimise-kulturore\/#breadcrumb","itemListElement":[{"@type":"ListItem","position":1,"name":"Ballina","item":"https:\/\/permbledhja.com\/sq\/"},{"@type":"ListItem","position":2,"name":"\u200bGuri i N\u00ebn\u00ebs Pashke dhe lokali \u201cPanda\u201d b\u00ebhen pjes\u00eb e trash\u00ebgimis\u00eb kulturore"}]},{"@type":"WebSite","@id":"https:\/\/permbledhja.com\/#website","url":"https:\/\/permbledhja.com\/","name":"Ve\u00e7 artikuj p\u00ebrmbledh\u00ebs","description":"","publisher":{"@id":"https:\/\/permbledhja.com\/#organization"},"potentialAction":[{"@type":"SearchAction","target":{"@type":"EntryPoint","urlTemplate":"https:\/\/permbledhja.com\/?s={search_term_string}"},"query-input":"required name=search_term_string"}],"inLanguage":"sq"},{"@type":"Organization","@id":"https:\/\/permbledhja.com\/#organization","name":"MK Media & Pr","url":"https:\/\/permbledhja.com\/","logo":{"@type":"ImageObject","inLanguage":"sq","@id":"https:\/\/permbledhja.com\/#\/schema\/logo\/image\/","url":"https:\/\/permbledhja.com\/wp-content\/uploads\/2021\/12\/07-Press-Logo.jpg","contentUrl":"https:\/\/permbledhja.com\/wp-content\/uploads\/2021\/12\/07-Press-Logo.jpg","width":512,"height":512,"caption":"MK Media & Pr"},"image":{"@id":"https:\/\/permbledhja.com\/#\/schema\/logo\/image\/"},"sameAs":["https:\/\/www.facebook.com\/press07\/"]},{"@type":"Person","@id":"https:\/\/permbledhja.com\/#\/schema\/person\/0d064377258d3221e50693947b9eb4fe","name":"P\u00ebrmbledhja","image":{"@type":"ImageObject","inLanguage":"sq","@id":"https:\/\/permbledhja.com\/#\/schema\/person\/image\/","url":"https:\/\/permbledhja.com\/wp-content\/uploads\/2026\/01\/452004717_1040944174702970_8932037511805513407_n-96x96.jpg","contentUrl":"https:\/\/permbledhja.com\/wp-content\/uploads\/2026\/01\/452004717_1040944174702970_8932037511805513407_n-96x96.jpg","caption":"P\u00ebrmbledhja"},"sameAs":["https:\/\/www.facebook.com\/kafexhiu.muharrem\/","https:\/\/www.instagram.com\/muharrem_kafexhiu\/"],"url":"https:\/\/permbledhja.com\/sq\/author\/admin\/"}]}},"_links":{"self":[{"href":"https:\/\/permbledhja.com\/sq\/wp-json\/wp\/v2\/posts\/30196"}],"collection":[{"href":"https:\/\/permbledhja.com\/sq\/wp-json\/wp\/v2\/posts"}],"about":[{"href":"https:\/\/permbledhja.com\/sq\/wp-json\/wp\/v2\/types\/post"}],"author":[{"embeddable":true,"href":"https:\/\/permbledhja.com\/sq\/wp-json\/wp\/v2\/users\/1"}],"replies":[{"embeddable":true,"href":"https:\/\/permbledhja.com\/sq\/wp-json\/wp\/v2\/comments?post=30196"}],"version-history":[{"count":1,"href":"https:\/\/permbledhja.com\/sq\/wp-json\/wp\/v2\/posts\/30196\/revisions"}],"predecessor-version":[{"id":30198,"href":"https:\/\/permbledhja.com\/sq\/wp-json\/wp\/v2\/posts\/30196\/revisions\/30198"}],"wp:featuredmedia":[{"embeddable":true,"href":"https:\/\/permbledhja.com\/sq\/wp-json\/wp\/v2\/media\/30197"}],"wp:attachment":[{"href":"https:\/\/permbledhja.com\/sq\/wp-json\/wp\/v2\/media?parent=30196"}],"wp:term":[{"taxonomy":"category","embeddable":true,"href":"https:\/\/permbledhja.com\/sq\/wp-json\/wp\/v2\/categories?post=30196"},{"taxonomy":"post_tag","embeddable":true,"href":"https:\/\/permbledhja.com\/sq\/wp-json\/wp\/v2\/tags?post=30196"}],"curies":[{"name":"wp","href":"https:\/\/api.w.org\/{rel}","templated":true}]}}