{"id":30039,"date":"2023-10-06T12:28:30","date_gmt":"2023-10-06T12:28:30","guid":{"rendered":"https:\/\/permbledhja.com\/?p=30039"},"modified":"2023-10-06T12:28:30","modified_gmt":"2023-10-06T12:28:30","slug":"ministrja-e-jashtme-e-gjermanise-baerbock-terroristet-e-armatosur-gjer-ne-dhembe-sulmuan-tinezisht-policine-e-kosoves","status":"publish","type":"post","link":"https:\/\/permbledhja.com\/sq\/ministrja-e-jashtme-e-gjermanise-baerbock-terroristet-e-armatosur-gjer-ne-dhembe-sulmuan-tinezisht-policine-e-kosoves\/","title":{"rendered":"Ministrja e Jashtme e Gjermanis\u00eb, Baerbock: Terrorist\u00ebt e armatosur gjer n\u00eb dh\u00ebmb\u00eb sulmuan tin\u00ebzisht policin\u00eb e Kosov\u00ebs"},"content":{"rendered":"<h2>Ministrja p\u00ebr Pun\u00ebt e Jashtme t\u00eb Republik\u00ebs Federale t\u00eb Gjermanis\u00eb, Annalena Baerbock, n\u00eb nj\u00eb konferenc\u00eb p\u00ebr mediat n\u00eb kuad\u00ebr t\u00eb Ministerialit t\u00eb Ministrave t\u00eb Jasht\u00ebm n\u00eb Tiran\u00eb, i ka b\u00ebr\u00eb thirrje Serbis\u00eb q\u00eb t\u00eb ndjek\u00eb proceset hetimore n\u00eb lidhje me sulmin e ndodhur n\u00eb Banjsk\u00eb.<\/h2>\n<p>Ministrja ka th\u00ebn\u00eb se kjo ka ndodhur si pasoj\u00eb e provokimeve t\u00eb pal\u00ebs s\u00eb serbe, teksa e ka quajtur sulmin terrorist t\u00eb nj\u00eb grupi t\u00eb armatosur deri n\u00eb dh\u00ebmb\u00eb kund\u00ebr policis\u00eb s\u00eb Kosov\u00ebs.<\/p>\n<p>Ministrja p\u00ebr Pun\u00ebt e Jashtme t\u00eb Republik\u00ebs Federale t\u00eb Gjermanis\u00eb, Annalena Baerbock:\u00a0<em>Q\u00eb tani mund t\u00eb premtoj se kjo \u00ebsht\u00eb vizita ime e par\u00eb n\u00eb Shqip\u00ebri, por me siguri nuk ka p\u00ebr t\u00eb qen\u00eb e fundit. K\u00ebnaq\u00ebsi e madhe p\u00ebr mua q\u00eb procesi i Berlinit, fillon n\u00eb rajon, atje ku \u00ebsht\u00eb n\u00eb sht\u00ebpin\u00eb e vet, k\u00ebtu n\u00eb Shqip\u00ebri n\u00eb zem\u00ebr t\u00eb Ballkanit Per\u00ebndimor.<\/em><\/p>\n<p><em>Nga Komisioni Evropian n\u00eb Kiev p\u00ebrjetuam se si njer\u00ebzit n\u00eb Ukrain\u00eb p\u00ebrgjigjen n\u00eb \u00e7do qeliz\u00eb t\u00eb tyre p\u00ebr Evrop\u00ebn, t\u00eb nj\u00ebjt\u00ebn entuziaz\u00ebm kam par\u00eb edhe n\u00eb Ballknin Per\u00ebnimdor, e ndajn\u00eb t\u00eb rinjt\u00eb\u00a0 e k\u00ebtij rajoni. P\u00ebr ata \u00ebsht\u00eb e qart\u00eb se e ardhmja e tyre \u00ebsht\u00eb n\u00eb Evrop\u00eb. N\u00ebse Evropa nuk vjen ata, do t\u00eb shkojn\u00eb ata n\u00eb Evrop\u00eb. T\u00eb gjith\u00eb duhet t\u00eb p\u00ebrshpejtojm\u00eb ritmin drejt BE. Vizita n\u00eb Kiev na ka b\u00ebr\u00eb t\u00eb qart\u00eb se lufta e Rusis\u00eb ndaj Ukrain\u00ebs e shnd\u00ebrron an\u00ebtar\u00ebsimin n\u00eb BE t\u00eb rajonit t\u00eb Ballkanit Per\u00ebndimor n\u00eb BE t\u00eb domosdoshme, \u00e7ka \u00ebsht\u00eb nj\u00eb nga instrumententat tona m\u00eb t\u00eb forta. Por, p\u00ebr t\u00eb b\u00ebr\u00eb p\u00ebrpara, do t\u00eb duhet t\u00eb shuhen vatrat e shumta t\u00eb konfliteve t\u00eb m\u00ebdha n\u00eb rajon.<\/em><\/p>\n<p><em>Provokimet e pal\u00ebs serbe p\u00ebrmes rritjes s\u00eb prezenc\u00ebs s\u00eb trupave n\u00eb kufirin me Kosov\u00ebn e kan\u00eb nxehur dhe m\u00eb tej situat\u00ebn q\u00eb ishte e tensionuar. Kjo ka ndodhur pas nj\u00eb sulmi tin\u00ebzar kund\u00ebr policis\u00eb kosovare nga nj\u00eb band\u00eb terroriste e armatosur deri n\u00eb dh\u00ebmb\u00eb. Presim prej qeveris\u00eb serbe q\u00eb t\u00eb mund t\u00eb \u00e7oj\u00eb p\u00ebrpara proceset hetimore t\u00eb ngjarjes dhe t\u00eb kontribuoj\u00eb n\u00eb sqarimin e rrethanave t\u00eb ngjarjes kund\u00ebr ushtar\u00ebve t\u00eb KFOR-it. Situata \u00ebsht\u00eb aq e tensionuar saq\u00eb NATO ka rritur pranin\u00eb e saj n\u00eb kufi. N\u00eb q\u00ebndrojm\u00eb vigjilent\u00eb, kontribuojm\u00eb dhe t\u00eb ardhmen e rajonit e kemi p\u00ebrzem\u00ebr. \u00c7el\u00ebsi i zgjidhjes s\u00eb konfliktit \u00ebsh\u00ebt n\u00eb Beograd dhe Prishtin\u00eb. Nuk ka asnj\u00eb alternativ\u00eb tjet\u00ebr perve\u00e7se q\u00eb Kosova dhe Serbia t\u00eb zbatojn\u00eb marr\u00ebveshjen e Oohrit. Presim kompromis, kurajo dhe pik\u00ebrisht mbi k\u00ebto baza \u00ebsht\u00eb ngritur BE.\/<strong>tvklan.al<\/strong><\/em><\/p>\n<div>\n<div id=\"KLAN\" data-google-query-id=\"CKGuzeSv4YEDFRgo4AodITIGcQ\"><\/div>\n<\/div>\n","protected":false},"excerpt":{"rendered":"<p>Ministrja p\u00ebr Pun\u00ebt e Jashtme t\u00eb Republik\u00ebs Federale t\u00eb Gjermanis\u00eb, Annalena Baerbock, n\u00eb nj\u00eb konferenc\u00eb p\u00ebr mediat n\u00eb kuad\u00ebr t\u00eb Ministerialit t\u00eb Ministrave t\u00eb Jasht\u00ebm n\u00eb Tiran\u00eb, i ka b\u00ebr\u00eb thirrje Serbis\u00eb q\u00eb t\u00eb ndjek\u00eb proceset hetimore n\u00eb lidhje me sulmin e ndodhur n\u00eb Banjsk\u00eb. Ministrja ka th\u00ebn\u00eb se kjo ka ndodhur si pasoj\u00eb e [&hellip;]<\/p>\n","protected":false},"author":1,"featured_media":30040,"comment_status":"closed","ping_status":"closed","sticky":false,"template":"","format":"standard","meta":{"_monsterinsights_skip_tracking":false,"_monsterinsights_sitenote_active":false,"_monsterinsights_sitenote_note":"","_monsterinsights_sitenote_category":0,"_uf_show_specific_survey":0,"_uf_disable_surveys":false,"footnotes":""},"categories":[23,15],"tags":[2466],"yoast_head":"<!-- This site is optimized with the Yoast SEO plugin v21.5 - https:\/\/yoast.com\/wordpress\/plugins\/seo\/ -->\n<title>Ministrja e Jashtme e Gjermanis\u00eb, Baerbock: Terrorist\u00ebt e armatosur gjer n\u00eb dh\u00ebmb\u00eb sulmuan tin\u00ebzisht policin\u00eb e Kosov\u00ebs<\/title>\n<meta name=\"robots\" content=\"index, follow, max-snippet:-1, max-image-preview:large, max-video-preview:-1\" \/>\n<link rel=\"canonical\" href=\"https:\/\/permbledhja.com\/sq\/ministrja-e-jashtme-e-gjermanise-baerbock-terroristet-e-armatosur-gjer-ne-dhembe-sulmuan-tinezisht-policine-e-kosoves\/\" \/>\n<meta property=\"og:locale\" content=\"sq_AL\" \/>\n<meta property=\"og:type\" content=\"article\" \/>\n<meta property=\"og:title\" content=\"Ministrja e Jashtme e Gjermanis\u00eb, Baerbock: Terrorist\u00ebt e armatosur gjer n\u00eb dh\u00ebmb\u00eb sulmuan tin\u00ebzisht policin\u00eb e Kosov\u00ebs\" \/>\n<meta property=\"og:description\" content=\"Ministrja p\u00ebr Pun\u00ebt e Jashtme t\u00eb Republik\u00ebs Federale t\u00eb Gjermanis\u00eb, Annalena Baerbock, n\u00eb nj\u00eb konferenc\u00eb p\u00ebr mediat n\u00eb kuad\u00ebr t\u00eb Ministerialit t\u00eb Ministrave t\u00eb Jasht\u00ebm n\u00eb Tiran\u00eb, i ka b\u00ebr\u00eb thirrje Serbis\u00eb q\u00eb t\u00eb ndjek\u00eb proceset hetimore n\u00eb lidhje me sulmin e ndodhur n\u00eb Banjsk\u00eb. Ministrja ka th\u00ebn\u00eb se kjo ka ndodhur si pasoj\u00eb e [&hellip;]\" \/>\n<meta property=\"og:url\" content=\"https:\/\/permbledhja.com\/sq\/ministrja-e-jashtme-e-gjermanise-baerbock-terroristet-e-armatosur-gjer-ne-dhembe-sulmuan-tinezisht-policine-e-kosoves\/\" \/>\n<meta property=\"og:site_name\" content=\"Ve\u00e7 artikuj p\u00ebrmbledh\u00ebs\" \/>\n<meta property=\"article:publisher\" content=\"https:\/\/www.facebook.com\/press07\/\" \/>\n<meta property=\"article:author\" content=\"https:\/\/www.facebook.com\/kafexhiu.muharrem\/\" \/>\n<meta property=\"article:published_time\" content=\"2023-10-06T12:28:30+00:00\" \/>\n<meta property=\"og:image\" content=\"https:\/\/permbledhja.com\/wp-content\/uploads\/2023\/10\/210426133027-02-annalena-baerbock-march-15-1.jpg\" \/>\n\t<meta property=\"og:image:width\" content=\"2500\" \/>\n\t<meta property=\"og:image:height\" content=\"1667\" \/>\n\t<meta property=\"og:image:type\" content=\"image\/jpeg\" \/>\n<meta name=\"author\" content=\"P\u00ebrmbledhja\" \/>\n<meta name=\"twitter:card\" content=\"summary_large_image\" \/>\n<meta name=\"twitter:label1\" content=\"Written by\" \/>\n\t<meta name=\"twitter:data1\" content=\"P\u00ebrmbledhja\" \/>\n\t<meta name=\"twitter:label2\" content=\"Est. reading time\" \/>\n\t<meta name=\"twitter:data2\" content=\"2 minuta\" \/>\n<script type=\"application\/ld+json\" class=\"yoast-schema-graph\">{\"@context\":\"https:\/\/schema.org\",\"@graph\":[{\"@type\":\"Article\",\"@id\":\"https:\/\/permbledhja.com\/sq\/ministrja-e-jashtme-e-gjermanise-baerbock-terroristet-e-armatosur-gjer-ne-dhembe-sulmuan-tinezisht-policine-e-kosoves\/#article\",\"isPartOf\":{\"@id\":\"https:\/\/permbledhja.com\/sq\/ministrja-e-jashtme-e-gjermanise-baerbock-terroristet-e-armatosur-gjer-ne-dhembe-sulmuan-tinezisht-policine-e-kosoves\/\"},\"author\":{\"name\":\"P\u00ebrmbledhja\",\"@id\":\"https:\/\/permbledhja.com\/#\/schema\/person\/0d064377258d3221e50693947b9eb4fe\"},\"headline\":\"Ministrja e Jashtme e Gjermanis\u00eb, Baerbock: Terrorist\u00ebt e armatosur gjer n\u00eb dh\u00ebmb\u00eb sulmuan tin\u00ebzisht policin\u00eb e Kosov\u00ebs\",\"datePublished\":\"2023-10-06T12:28:30+00:00\",\"dateModified\":\"2023-10-06T12:28:30+00:00\",\"mainEntityOfPage\":{\"@id\":\"https:\/\/permbledhja.com\/sq\/ministrja-e-jashtme-e-gjermanise-baerbock-terroristet-e-armatosur-gjer-ne-dhembe-sulmuan-tinezisht-policine-e-kosoves\/\"},\"wordCount\":489,\"publisher\":{\"@id\":\"https:\/\/permbledhja.com\/#organization\"},\"keywords\":[\"Annalena Baerbock\"],\"articleSection\":[\"Komb\u00ebtare\",\"Lajme\"],\"inLanguage\":\"sq\"},{\"@type\":\"WebPage\",\"@id\":\"https:\/\/permbledhja.com\/sq\/ministrja-e-jashtme-e-gjermanise-baerbock-terroristet-e-armatosur-gjer-ne-dhembe-sulmuan-tinezisht-policine-e-kosoves\/\",\"url\":\"https:\/\/permbledhja.com\/sq\/ministrja-e-jashtme-e-gjermanise-baerbock-terroristet-e-armatosur-gjer-ne-dhembe-sulmuan-tinezisht-policine-e-kosoves\/\",\"name\":\"Ministrja e Jashtme e Gjermanis\u00eb, Baerbock: Terrorist\u00ebt e armatosur gjer n\u00eb dh\u00ebmb\u00eb sulmuan tin\u00ebzisht policin\u00eb e Kosov\u00ebs\",\"isPartOf\":{\"@id\":\"https:\/\/permbledhja.com\/#website\"},\"datePublished\":\"2023-10-06T12:28:30+00:00\",\"dateModified\":\"2023-10-06T12:28:30+00:00\",\"breadcrumb\":{\"@id\":\"https:\/\/permbledhja.com\/sq\/ministrja-e-jashtme-e-gjermanise-baerbock-terroristet-e-armatosur-gjer-ne-dhembe-sulmuan-tinezisht-policine-e-kosoves\/#breadcrumb\"},\"inLanguage\":\"sq\",\"potentialAction\":[{\"@type\":\"ReadAction\",\"target\":[\"https:\/\/permbledhja.com\/sq\/ministrja-e-jashtme-e-gjermanise-baerbock-terroristet-e-armatosur-gjer-ne-dhembe-sulmuan-tinezisht-policine-e-kosoves\/\"]}]},{\"@type\":\"BreadcrumbList\",\"@id\":\"https:\/\/permbledhja.com\/sq\/ministrja-e-jashtme-e-gjermanise-baerbock-terroristet-e-armatosur-gjer-ne-dhembe-sulmuan-tinezisht-policine-e-kosoves\/#breadcrumb\",\"itemListElement\":[{\"@type\":\"ListItem\",\"position\":1,\"name\":\"Ballina\",\"item\":\"https:\/\/permbledhja.com\/sq\/\"},{\"@type\":\"ListItem\",\"position\":2,\"name\":\"Ministrja e Jashtme e Gjermanis\u00eb, Baerbock: Terrorist\u00ebt e armatosur gjer n\u00eb dh\u00ebmb\u00eb sulmuan tin\u00ebzisht policin\u00eb e Kosov\u00ebs\"}]},{\"@type\":\"WebSite\",\"@id\":\"https:\/\/permbledhja.com\/#website\",\"url\":\"https:\/\/permbledhja.com\/\",\"name\":\"Ve\u00e7 artikuj p\u00ebrmbledh\u00ebs\",\"description\":\"\",\"publisher\":{\"@id\":\"https:\/\/permbledhja.com\/#organization\"},\"potentialAction\":[{\"@type\":\"SearchAction\",\"target\":{\"@type\":\"EntryPoint\",\"urlTemplate\":\"https:\/\/permbledhja.com\/?s={search_term_string}\"},\"query-input\":\"required name=search_term_string\"}],\"inLanguage\":\"sq\"},{\"@type\":\"Organization\",\"@id\":\"https:\/\/permbledhja.com\/#organization\",\"name\":\"MK Media & Pr\",\"url\":\"https:\/\/permbledhja.com\/\",\"logo\":{\"@type\":\"ImageObject\",\"inLanguage\":\"sq\",\"@id\":\"https:\/\/permbledhja.com\/#\/schema\/logo\/image\/\",\"url\":\"https:\/\/permbledhja.com\/wp-content\/uploads\/2021\/12\/07-Press-Logo.jpg\",\"contentUrl\":\"https:\/\/permbledhja.com\/wp-content\/uploads\/2021\/12\/07-Press-Logo.jpg\",\"width\":512,\"height\":512,\"caption\":\"MK Media & Pr\"},\"image\":{\"@id\":\"https:\/\/permbledhja.com\/#\/schema\/logo\/image\/\"},\"sameAs\":[\"https:\/\/www.facebook.com\/press07\/\"]},{\"@type\":\"Person\",\"@id\":\"https:\/\/permbledhja.com\/#\/schema\/person\/0d064377258d3221e50693947b9eb4fe\",\"name\":\"P\u00ebrmbledhja\",\"image\":{\"@type\":\"ImageObject\",\"inLanguage\":\"sq\",\"@id\":\"https:\/\/permbledhja.com\/#\/schema\/person\/image\/\",\"url\":\"https:\/\/permbledhja.com\/wp-content\/uploads\/2026\/01\/452004717_1040944174702970_8932037511805513407_n-96x96.jpg\",\"contentUrl\":\"https:\/\/permbledhja.com\/wp-content\/uploads\/2026\/01\/452004717_1040944174702970_8932037511805513407_n-96x96.jpg\",\"caption\":\"P\u00ebrmbledhja\"},\"sameAs\":[\"https:\/\/www.facebook.com\/kafexhiu.muharrem\/\",\"https:\/\/www.instagram.com\/muharrem_kafexhiu\/\"],\"url\":\"https:\/\/permbledhja.com\/sq\/author\/admin\/\"}]}<\/script>\n<!-- \/ Yoast SEO plugin. -->","yoast_head_json":{"title":"Ministrja e Jashtme e Gjermanis\u00eb, Baerbock: Terrorist\u00ebt e armatosur gjer n\u00eb dh\u00ebmb\u00eb sulmuan tin\u00ebzisht policin\u00eb e Kosov\u00ebs","robots":{"index":"index","follow":"follow","max-snippet":"max-snippet:-1","max-image-preview":"max-image-preview:large","max-video-preview":"max-video-preview:-1"},"canonical":"https:\/\/permbledhja.com\/sq\/ministrja-e-jashtme-e-gjermanise-baerbock-terroristet-e-armatosur-gjer-ne-dhembe-sulmuan-tinezisht-policine-e-kosoves\/","og_locale":"sq_AL","og_type":"article","og_title":"Ministrja e Jashtme e Gjermanis\u00eb, Baerbock: Terrorist\u00ebt e armatosur gjer n\u00eb dh\u00ebmb\u00eb sulmuan tin\u00ebzisht policin\u00eb e Kosov\u00ebs","og_description":"Ministrja p\u00ebr Pun\u00ebt e Jashtme t\u00eb Republik\u00ebs Federale t\u00eb Gjermanis\u00eb, Annalena Baerbock, n\u00eb nj\u00eb konferenc\u00eb p\u00ebr mediat n\u00eb kuad\u00ebr t\u00eb Ministerialit t\u00eb Ministrave t\u00eb Jasht\u00ebm n\u00eb Tiran\u00eb, i ka b\u00ebr\u00eb thirrje Serbis\u00eb q\u00eb t\u00eb ndjek\u00eb proceset hetimore n\u00eb lidhje me sulmin e ndodhur n\u00eb Banjsk\u00eb. Ministrja ka th\u00ebn\u00eb se kjo ka ndodhur si pasoj\u00eb e [&hellip;]","og_url":"https:\/\/permbledhja.com\/sq\/ministrja-e-jashtme-e-gjermanise-baerbock-terroristet-e-armatosur-gjer-ne-dhembe-sulmuan-tinezisht-policine-e-kosoves\/","og_site_name":"Ve\u00e7 artikuj p\u00ebrmbledh\u00ebs","article_publisher":"https:\/\/www.facebook.com\/press07\/","article_author":"https:\/\/www.facebook.com\/kafexhiu.muharrem\/","article_published_time":"2023-10-06T12:28:30+00:00","og_image":[{"width":2500,"height":1667,"url":"https:\/\/permbledhja.com\/wp-content\/uploads\/2023\/10\/210426133027-02-annalena-baerbock-march-15-1.jpg","type":"image\/jpeg"}],"author":"P\u00ebrmbledhja","twitter_card":"summary_large_image","twitter_misc":{"Written by":"P\u00ebrmbledhja","Est. reading time":"2 minuta"},"schema":{"@context":"https:\/\/schema.org","@graph":[{"@type":"Article","@id":"https:\/\/permbledhja.com\/sq\/ministrja-e-jashtme-e-gjermanise-baerbock-terroristet-e-armatosur-gjer-ne-dhembe-sulmuan-tinezisht-policine-e-kosoves\/#article","isPartOf":{"@id":"https:\/\/permbledhja.com\/sq\/ministrja-e-jashtme-e-gjermanise-baerbock-terroristet-e-armatosur-gjer-ne-dhembe-sulmuan-tinezisht-policine-e-kosoves\/"},"author":{"name":"P\u00ebrmbledhja","@id":"https:\/\/permbledhja.com\/#\/schema\/person\/0d064377258d3221e50693947b9eb4fe"},"headline":"Ministrja e Jashtme e Gjermanis\u00eb, Baerbock: Terrorist\u00ebt e armatosur gjer n\u00eb dh\u00ebmb\u00eb sulmuan tin\u00ebzisht policin\u00eb e Kosov\u00ebs","datePublished":"2023-10-06T12:28:30+00:00","dateModified":"2023-10-06T12:28:30+00:00","mainEntityOfPage":{"@id":"https:\/\/permbledhja.com\/sq\/ministrja-e-jashtme-e-gjermanise-baerbock-terroristet-e-armatosur-gjer-ne-dhembe-sulmuan-tinezisht-policine-e-kosoves\/"},"wordCount":489,"publisher":{"@id":"https:\/\/permbledhja.com\/#organization"},"keywords":["Annalena Baerbock"],"articleSection":["Komb\u00ebtare","Lajme"],"inLanguage":"sq"},{"@type":"WebPage","@id":"https:\/\/permbledhja.com\/sq\/ministrja-e-jashtme-e-gjermanise-baerbock-terroristet-e-armatosur-gjer-ne-dhembe-sulmuan-tinezisht-policine-e-kosoves\/","url":"https:\/\/permbledhja.com\/sq\/ministrja-e-jashtme-e-gjermanise-baerbock-terroristet-e-armatosur-gjer-ne-dhembe-sulmuan-tinezisht-policine-e-kosoves\/","name":"Ministrja e Jashtme e Gjermanis\u00eb, Baerbock: Terrorist\u00ebt e armatosur gjer n\u00eb dh\u00ebmb\u00eb sulmuan tin\u00ebzisht policin\u00eb e Kosov\u00ebs","isPartOf":{"@id":"https:\/\/permbledhja.com\/#website"},"datePublished":"2023-10-06T12:28:30+00:00","dateModified":"2023-10-06T12:28:30+00:00","breadcrumb":{"@id":"https:\/\/permbledhja.com\/sq\/ministrja-e-jashtme-e-gjermanise-baerbock-terroristet-e-armatosur-gjer-ne-dhembe-sulmuan-tinezisht-policine-e-kosoves\/#breadcrumb"},"inLanguage":"sq","potentialAction":[{"@type":"ReadAction","target":["https:\/\/permbledhja.com\/sq\/ministrja-e-jashtme-e-gjermanise-baerbock-terroristet-e-armatosur-gjer-ne-dhembe-sulmuan-tinezisht-policine-e-kosoves\/"]}]},{"@type":"BreadcrumbList","@id":"https:\/\/permbledhja.com\/sq\/ministrja-e-jashtme-e-gjermanise-baerbock-terroristet-e-armatosur-gjer-ne-dhembe-sulmuan-tinezisht-policine-e-kosoves\/#breadcrumb","itemListElement":[{"@type":"ListItem","position":1,"name":"Ballina","item":"https:\/\/permbledhja.com\/sq\/"},{"@type":"ListItem","position":2,"name":"Ministrja e Jashtme e Gjermanis\u00eb, Baerbock: Terrorist\u00ebt e armatosur gjer n\u00eb dh\u00ebmb\u00eb sulmuan tin\u00ebzisht policin\u00eb e Kosov\u00ebs"}]},{"@type":"WebSite","@id":"https:\/\/permbledhja.com\/#website","url":"https:\/\/permbledhja.com\/","name":"Ve\u00e7 artikuj p\u00ebrmbledh\u00ebs","description":"","publisher":{"@id":"https:\/\/permbledhja.com\/#organization"},"potentialAction":[{"@type":"SearchAction","target":{"@type":"EntryPoint","urlTemplate":"https:\/\/permbledhja.com\/?s={search_term_string}"},"query-input":"required name=search_term_string"}],"inLanguage":"sq"},{"@type":"Organization","@id":"https:\/\/permbledhja.com\/#organization","name":"MK Media & Pr","url":"https:\/\/permbledhja.com\/","logo":{"@type":"ImageObject","inLanguage":"sq","@id":"https:\/\/permbledhja.com\/#\/schema\/logo\/image\/","url":"https:\/\/permbledhja.com\/wp-content\/uploads\/2021\/12\/07-Press-Logo.jpg","contentUrl":"https:\/\/permbledhja.com\/wp-content\/uploads\/2021\/12\/07-Press-Logo.jpg","width":512,"height":512,"caption":"MK Media & Pr"},"image":{"@id":"https:\/\/permbledhja.com\/#\/schema\/logo\/image\/"},"sameAs":["https:\/\/www.facebook.com\/press07\/"]},{"@type":"Person","@id":"https:\/\/permbledhja.com\/#\/schema\/person\/0d064377258d3221e50693947b9eb4fe","name":"P\u00ebrmbledhja","image":{"@type":"ImageObject","inLanguage":"sq","@id":"https:\/\/permbledhja.com\/#\/schema\/person\/image\/","url":"https:\/\/permbledhja.com\/wp-content\/uploads\/2026\/01\/452004717_1040944174702970_8932037511805513407_n-96x96.jpg","contentUrl":"https:\/\/permbledhja.com\/wp-content\/uploads\/2026\/01\/452004717_1040944174702970_8932037511805513407_n-96x96.jpg","caption":"P\u00ebrmbledhja"},"sameAs":["https:\/\/www.facebook.com\/kafexhiu.muharrem\/","https:\/\/www.instagram.com\/muharrem_kafexhiu\/"],"url":"https:\/\/permbledhja.com\/sq\/author\/admin\/"}]}},"_links":{"self":[{"href":"https:\/\/permbledhja.com\/sq\/wp-json\/wp\/v2\/posts\/30039"}],"collection":[{"href":"https:\/\/permbledhja.com\/sq\/wp-json\/wp\/v2\/posts"}],"about":[{"href":"https:\/\/permbledhja.com\/sq\/wp-json\/wp\/v2\/types\/post"}],"author":[{"embeddable":true,"href":"https:\/\/permbledhja.com\/sq\/wp-json\/wp\/v2\/users\/1"}],"replies":[{"embeddable":true,"href":"https:\/\/permbledhja.com\/sq\/wp-json\/wp\/v2\/comments?post=30039"}],"version-history":[{"count":1,"href":"https:\/\/permbledhja.com\/sq\/wp-json\/wp\/v2\/posts\/30039\/revisions"}],"predecessor-version":[{"id":30041,"href":"https:\/\/permbledhja.com\/sq\/wp-json\/wp\/v2\/posts\/30039\/revisions\/30041"}],"wp:featuredmedia":[{"embeddable":true,"href":"https:\/\/permbledhja.com\/sq\/wp-json\/wp\/v2\/media\/30040"}],"wp:attachment":[{"href":"https:\/\/permbledhja.com\/sq\/wp-json\/wp\/v2\/media?parent=30039"}],"wp:term":[{"taxonomy":"category","embeddable":true,"href":"https:\/\/permbledhja.com\/sq\/wp-json\/wp\/v2\/categories?post=30039"},{"taxonomy":"post_tag","embeddable":true,"href":"https:\/\/permbledhja.com\/sq\/wp-json\/wp\/v2\/tags?post=30039"}],"curies":[{"name":"wp","href":"https:\/\/api.w.org\/{rel}","templated":true}]}}