{"id":30036,"date":"2023-10-06T11:51:51","date_gmt":"2023-10-06T11:51:51","guid":{"rendered":"https:\/\/permbledhja.com\/?p=30036"},"modified":"2023-10-06T11:51:51","modified_gmt":"2023-10-06T11:51:51","slug":"kearns-kritikon-uefa-n-qe-stha-asnje-fjale-per-shfaqjen-e-turpshme-ne-beograd","status":"publish","type":"post","link":"https:\/\/permbledhja.com\/sq\/kearns-kritikon-uefa-n-qe-stha-asnje-fjale-per-shfaqjen-e-turpshme-ne-beograd\/","title":{"rendered":"Kearns kritikon UEFA-n q\u00eb s\u2019tha asnj\u00eb fjal\u00eb \u201cp\u00ebr shfaqjen e turpshme n\u00eb Beograd\u201d"},"content":{"rendered":"<h3>Kryetarja e Komitetit p\u00ebr Pun\u00eb t\u00eb Jashtme n\u00eb Parlamentin e Britanis\u00eb, Alicia Kearns, ka reaguar p\u00ebr pankartat e shfaqura nga grupi i tifoz\u00ebve t\u00eb Crvena Zvezdas, Delije, gjat\u00eb ndeshjen s\u00eb Lig\u00ebs s\u00eb Kampion\u00ebve kund\u00ebr Young Boysit.<\/h3>\n<div class=\"g g-4\">\n<div class=\"g-single a-14\">\n<p>Ata ngrit\u00ebn pankartat me emrat e Igor Milenkoviq e Bojan Mijailoviq, dy prej tre sulmuesve t\u00eb armatosur q\u00eb u vran\u00eb n\u00eb sulmin e drejtuar nga Milan Radoi\u00e7iq n\u00eb Banjsk\u00eb t\u00eb Kosov\u00ebs.<\/p>\n<p>P\u00ebrve\u00e7 atyre, vendos\u00ebn nj\u00eb foto t\u00eb madhe t\u00eb Stefan Nedeljkoviqit, po ashtu i vrar\u00eb.<\/p>\n<p>Kearns ka kritikuar UEFA-n se nuk ka th\u00ebn\u00eb asnj\u00eb fjal\u00eb \u201cp\u00ebr k\u00ebt\u00eb shfaqje t\u00eb turpshme n\u00eb Beograd\u201d.<\/p>\n<p><em>\u201cSigurisht t\u00eb gjitha ndeshjet e mbetura si vendas n\u00eb faz\u00ebn grupore duhet t\u00eb luhen me dyer t\u00eb mbyllura\u201d<\/em>, ka shkruar ajo.<\/p>\n<\/div>\n<\/div>\n","protected":false},"excerpt":{"rendered":"<p>Kryetarja e Komitetit p\u00ebr Pun\u00eb t\u00eb Jashtme n\u00eb Parlamentin e Britanis\u00eb, Alicia Kearns, ka reaguar p\u00ebr pankartat e shfaqura nga grupi i tifoz\u00ebve t\u00eb Crvena Zvezdas, Delije, gjat\u00eb ndeshjen s\u00eb Lig\u00ebs s\u00eb Kampion\u00ebve kund\u00ebr Young Boysit. Ata ngrit\u00ebn pankartat me emrat e Igor Milenkoviq e Bojan Mijailoviq, dy prej tre sulmuesve t\u00eb armatosur q\u00eb u [&hellip;]<\/p>\n","protected":false},"author":1,"featured_media":30037,"comment_status":"closed","ping_status":"closed","sticky":false,"template":"","format":"standard","meta":{"_monsterinsights_skip_tracking":false,"_monsterinsights_sitenote_active":false,"_monsterinsights_sitenote_note":"","_monsterinsights_sitenote_category":0,"_uf_show_specific_survey":0,"_uf_disable_surveys":false,"footnotes":""},"categories":[23,15],"tags":[],"yoast_head":"<!-- This site is optimized with the Yoast SEO plugin v21.5 - https:\/\/yoast.com\/wordpress\/plugins\/seo\/ -->\n<title>Kearns kritikon UEFA-n q\u00eb s\u2019tha asnj\u00eb fjal\u00eb \u201cp\u00ebr shfaqjen e turpshme n\u00eb Beograd\u201d<\/title>\n<meta name=\"robots\" content=\"index, follow, max-snippet:-1, max-image-preview:large, max-video-preview:-1\" \/>\n<link rel=\"canonical\" href=\"https:\/\/permbledhja.com\/sq\/kearns-kritikon-uefa-n-qe-stha-asnje-fjale-per-shfaqjen-e-turpshme-ne-beograd\/\" \/>\n<meta property=\"og:locale\" content=\"sq_AL\" \/>\n<meta property=\"og:type\" content=\"article\" \/>\n<meta property=\"og:title\" content=\"Kearns kritikon UEFA-n q\u00eb s\u2019tha asnj\u00eb fjal\u00eb \u201cp\u00ebr shfaqjen e turpshme n\u00eb Beograd\u201d\" \/>\n<meta property=\"og:description\" content=\"Kryetarja e Komitetit p\u00ebr Pun\u00eb t\u00eb Jashtme n\u00eb Parlamentin e Britanis\u00eb, Alicia Kearns, ka reaguar p\u00ebr pankartat e shfaqura nga grupi i tifoz\u00ebve t\u00eb Crvena Zvezdas, Delije, gjat\u00eb ndeshjen s\u00eb Lig\u00ebs s\u00eb Kampion\u00ebve kund\u00ebr Young Boysit. Ata ngrit\u00ebn pankartat me emrat e Igor Milenkoviq e Bojan Mijailoviq, dy prej tre sulmuesve t\u00eb armatosur q\u00eb u [&hellip;]\" \/>\n<meta property=\"og:url\" content=\"https:\/\/permbledhja.com\/sq\/kearns-kritikon-uefa-n-qe-stha-asnje-fjale-per-shfaqjen-e-turpshme-ne-beograd\/\" \/>\n<meta property=\"og:site_name\" content=\"Ve\u00e7 artikuj p\u00ebrmbledh\u00ebs\" \/>\n<meta property=\"article:publisher\" content=\"https:\/\/www.facebook.com\/press07\/\" \/>\n<meta property=\"article:author\" content=\"https:\/\/www.facebook.com\/kafexhiu.muharrem\/\" \/>\n<meta property=\"article:published_time\" content=\"2023-10-06T11:51:51+00:00\" \/>\n<meta property=\"og:image\" content=\"https:\/\/permbledhja.com\/wp-content\/uploads\/2023\/10\/alicia-keanrs-png1695714154.webp\" \/>\n\t<meta property=\"og:image:width\" content=\"750\" \/>\n\t<meta property=\"og:image:height\" content=\"422\" \/>\n\t<meta property=\"og:image:type\" content=\"image\/webp\" \/>\n<meta name=\"author\" content=\"P\u00ebrmbledhja\" \/>\n<meta name=\"twitter:card\" content=\"summary_large_image\" \/>\n<meta name=\"twitter:label1\" content=\"Written by\" \/>\n\t<meta name=\"twitter:data1\" content=\"P\u00ebrmbledhja\" \/>\n\t<meta name=\"twitter:label2\" content=\"Est. reading time\" \/>\n\t<meta name=\"twitter:data2\" content=\"1 minut\u00eb\" \/>\n<script type=\"application\/ld+json\" class=\"yoast-schema-graph\">{\"@context\":\"https:\/\/schema.org\",\"@graph\":[{\"@type\":\"Article\",\"@id\":\"https:\/\/permbledhja.com\/kearns-kritikon-uefa-n-qe-stha-asnje-fjale-per-shfaqjen-e-turpshme-ne-beograd\/#article\",\"isPartOf\":{\"@id\":\"https:\/\/permbledhja.com\/kearns-kritikon-uefa-n-qe-stha-asnje-fjale-per-shfaqjen-e-turpshme-ne-beograd\/\"},\"author\":{\"name\":\"P\u00ebrmbledhja\",\"@id\":\"https:\/\/permbledhja.com\/#\/schema\/person\/0d064377258d3221e50693947b9eb4fe\"},\"headline\":\"Kearns kritikon UEFA-n q\u00eb s\u2019tha asnj\u00eb fjal\u00eb \u201cp\u00ebr shfaqjen e turpshme n\u00eb Beograd\u201d\",\"datePublished\":\"2023-10-06T11:51:51+00:00\",\"dateModified\":\"2023-10-06T11:51:51+00:00\",\"mainEntityOfPage\":{\"@id\":\"https:\/\/permbledhja.com\/kearns-kritikon-uefa-n-qe-stha-asnje-fjale-per-shfaqjen-e-turpshme-ne-beograd\/\"},\"wordCount\":149,\"publisher\":{\"@id\":\"https:\/\/permbledhja.com\/#organization\"},\"articleSection\":[\"Komb\u00ebtare\",\"Lajme\"],\"inLanguage\":\"sq\"},{\"@type\":\"WebPage\",\"@id\":\"https:\/\/permbledhja.com\/kearns-kritikon-uefa-n-qe-stha-asnje-fjale-per-shfaqjen-e-turpshme-ne-beograd\/\",\"url\":\"https:\/\/permbledhja.com\/kearns-kritikon-uefa-n-qe-stha-asnje-fjale-per-shfaqjen-e-turpshme-ne-beograd\/\",\"name\":\"Kearns kritikon UEFA-n q\u00eb s\u2019tha asnj\u00eb fjal\u00eb \u201cp\u00ebr shfaqjen e turpshme n\u00eb Beograd\u201d\",\"isPartOf\":{\"@id\":\"https:\/\/permbledhja.com\/#website\"},\"datePublished\":\"2023-10-06T11:51:51+00:00\",\"dateModified\":\"2023-10-06T11:51:51+00:00\",\"breadcrumb\":{\"@id\":\"https:\/\/permbledhja.com\/kearns-kritikon-uefa-n-qe-stha-asnje-fjale-per-shfaqjen-e-turpshme-ne-beograd\/#breadcrumb\"},\"inLanguage\":\"sq\",\"potentialAction\":[{\"@type\":\"ReadAction\",\"target\":[\"https:\/\/permbledhja.com\/kearns-kritikon-uefa-n-qe-stha-asnje-fjale-per-shfaqjen-e-turpshme-ne-beograd\/\"]}]},{\"@type\":\"BreadcrumbList\",\"@id\":\"https:\/\/permbledhja.com\/kearns-kritikon-uefa-n-qe-stha-asnje-fjale-per-shfaqjen-e-turpshme-ne-beograd\/#breadcrumb\",\"itemListElement\":[{\"@type\":\"ListItem\",\"position\":1,\"name\":\"Ballina\",\"item\":\"https:\/\/permbledhja.com\/sq\/\"},{\"@type\":\"ListItem\",\"position\":2,\"name\":\"Kearns kritikon UEFA-n q\u00eb s\u2019tha asnj\u00eb fjal\u00eb \u201cp\u00ebr shfaqjen e turpshme n\u00eb Beograd\u201d\"}]},{\"@type\":\"WebSite\",\"@id\":\"https:\/\/permbledhja.com\/#website\",\"url\":\"https:\/\/permbledhja.com\/\",\"name\":\"Ve\u00e7 artikuj p\u00ebrmbledh\u00ebs\",\"description\":\"\",\"publisher\":{\"@id\":\"https:\/\/permbledhja.com\/#organization\"},\"potentialAction\":[{\"@type\":\"SearchAction\",\"target\":{\"@type\":\"EntryPoint\",\"urlTemplate\":\"https:\/\/permbledhja.com\/?s={search_term_string}\"},\"query-input\":\"required name=search_term_string\"}],\"inLanguage\":\"sq\"},{\"@type\":\"Organization\",\"@id\":\"https:\/\/permbledhja.com\/#organization\",\"name\":\"MK Media & Pr\",\"url\":\"https:\/\/permbledhja.com\/\",\"logo\":{\"@type\":\"ImageObject\",\"inLanguage\":\"sq\",\"@id\":\"https:\/\/permbledhja.com\/#\/schema\/logo\/image\/\",\"url\":\"https:\/\/permbledhja.com\/wp-content\/uploads\/2021\/12\/07-Press-Logo.jpg\",\"contentUrl\":\"https:\/\/permbledhja.com\/wp-content\/uploads\/2021\/12\/07-Press-Logo.jpg\",\"width\":512,\"height\":512,\"caption\":\"MK Media & Pr\"},\"image\":{\"@id\":\"https:\/\/permbledhja.com\/#\/schema\/logo\/image\/\"},\"sameAs\":[\"https:\/\/www.facebook.com\/press07\/\"]},{\"@type\":\"Person\",\"@id\":\"https:\/\/permbledhja.com\/#\/schema\/person\/0d064377258d3221e50693947b9eb4fe\",\"name\":\"P\u00ebrmbledhja\",\"image\":{\"@type\":\"ImageObject\",\"inLanguage\":\"sq\",\"@id\":\"https:\/\/permbledhja.com\/#\/schema\/person\/image\/\",\"url\":\"https:\/\/permbledhja.com\/wp-content\/uploads\/2026\/01\/452004717_1040944174702970_8932037511805513407_n-96x96.jpg\",\"contentUrl\":\"https:\/\/permbledhja.com\/wp-content\/uploads\/2026\/01\/452004717_1040944174702970_8932037511805513407_n-96x96.jpg\",\"caption\":\"P\u00ebrmbledhja\"},\"sameAs\":[\"https:\/\/www.facebook.com\/kafexhiu.muharrem\/\",\"https:\/\/www.instagram.com\/muharrem_kafexhiu\/\"],\"url\":\"https:\/\/permbledhja.com\/sq\/author\/admin\/\"}]}<\/script>\n<!-- \/ Yoast SEO plugin. -->","yoast_head_json":{"title":"Kearns kritikon UEFA-n q\u00eb s\u2019tha asnj\u00eb fjal\u00eb \u201cp\u00ebr shfaqjen e turpshme n\u00eb Beograd\u201d","robots":{"index":"index","follow":"follow","max-snippet":"max-snippet:-1","max-image-preview":"max-image-preview:large","max-video-preview":"max-video-preview:-1"},"canonical":"https:\/\/permbledhja.com\/sq\/kearns-kritikon-uefa-n-qe-stha-asnje-fjale-per-shfaqjen-e-turpshme-ne-beograd\/","og_locale":"sq_AL","og_type":"article","og_title":"Kearns kritikon UEFA-n q\u00eb s\u2019tha asnj\u00eb fjal\u00eb \u201cp\u00ebr shfaqjen e turpshme n\u00eb Beograd\u201d","og_description":"Kryetarja e Komitetit p\u00ebr Pun\u00eb t\u00eb Jashtme n\u00eb Parlamentin e Britanis\u00eb, Alicia Kearns, ka reaguar p\u00ebr pankartat e shfaqura nga grupi i tifoz\u00ebve t\u00eb Crvena Zvezdas, Delije, gjat\u00eb ndeshjen s\u00eb Lig\u00ebs s\u00eb Kampion\u00ebve kund\u00ebr Young Boysit. Ata ngrit\u00ebn pankartat me emrat e Igor Milenkoviq e Bojan Mijailoviq, dy prej tre sulmuesve t\u00eb armatosur q\u00eb u [&hellip;]","og_url":"https:\/\/permbledhja.com\/sq\/kearns-kritikon-uefa-n-qe-stha-asnje-fjale-per-shfaqjen-e-turpshme-ne-beograd\/","og_site_name":"Ve\u00e7 artikuj p\u00ebrmbledh\u00ebs","article_publisher":"https:\/\/www.facebook.com\/press07\/","article_author":"https:\/\/www.facebook.com\/kafexhiu.muharrem\/","article_published_time":"2023-10-06T11:51:51+00:00","og_image":[{"width":750,"height":422,"url":"https:\/\/permbledhja.com\/wp-content\/uploads\/2023\/10\/alicia-keanrs-png1695714154.webp","type":"image\/webp"}],"author":"P\u00ebrmbledhja","twitter_card":"summary_large_image","twitter_misc":{"Written by":"P\u00ebrmbledhja","Est. reading time":"1 minut\u00eb"},"schema":{"@context":"https:\/\/schema.org","@graph":[{"@type":"Article","@id":"https:\/\/permbledhja.com\/kearns-kritikon-uefa-n-qe-stha-asnje-fjale-per-shfaqjen-e-turpshme-ne-beograd\/#article","isPartOf":{"@id":"https:\/\/permbledhja.com\/kearns-kritikon-uefa-n-qe-stha-asnje-fjale-per-shfaqjen-e-turpshme-ne-beograd\/"},"author":{"name":"P\u00ebrmbledhja","@id":"https:\/\/permbledhja.com\/#\/schema\/person\/0d064377258d3221e50693947b9eb4fe"},"headline":"Kearns kritikon UEFA-n q\u00eb s\u2019tha asnj\u00eb fjal\u00eb \u201cp\u00ebr shfaqjen e turpshme n\u00eb Beograd\u201d","datePublished":"2023-10-06T11:51:51+00:00","dateModified":"2023-10-06T11:51:51+00:00","mainEntityOfPage":{"@id":"https:\/\/permbledhja.com\/kearns-kritikon-uefa-n-qe-stha-asnje-fjale-per-shfaqjen-e-turpshme-ne-beograd\/"},"wordCount":149,"publisher":{"@id":"https:\/\/permbledhja.com\/#organization"},"articleSection":["Komb\u00ebtare","Lajme"],"inLanguage":"sq"},{"@type":"WebPage","@id":"https:\/\/permbledhja.com\/kearns-kritikon-uefa-n-qe-stha-asnje-fjale-per-shfaqjen-e-turpshme-ne-beograd\/","url":"https:\/\/permbledhja.com\/kearns-kritikon-uefa-n-qe-stha-asnje-fjale-per-shfaqjen-e-turpshme-ne-beograd\/","name":"Kearns kritikon UEFA-n q\u00eb s\u2019tha asnj\u00eb fjal\u00eb \u201cp\u00ebr shfaqjen e turpshme n\u00eb Beograd\u201d","isPartOf":{"@id":"https:\/\/permbledhja.com\/#website"},"datePublished":"2023-10-06T11:51:51+00:00","dateModified":"2023-10-06T11:51:51+00:00","breadcrumb":{"@id":"https:\/\/permbledhja.com\/kearns-kritikon-uefa-n-qe-stha-asnje-fjale-per-shfaqjen-e-turpshme-ne-beograd\/#breadcrumb"},"inLanguage":"sq","potentialAction":[{"@type":"ReadAction","target":["https:\/\/permbledhja.com\/kearns-kritikon-uefa-n-qe-stha-asnje-fjale-per-shfaqjen-e-turpshme-ne-beograd\/"]}]},{"@type":"BreadcrumbList","@id":"https:\/\/permbledhja.com\/kearns-kritikon-uefa-n-qe-stha-asnje-fjale-per-shfaqjen-e-turpshme-ne-beograd\/#breadcrumb","itemListElement":[{"@type":"ListItem","position":1,"name":"Ballina","item":"https:\/\/permbledhja.com\/sq\/"},{"@type":"ListItem","position":2,"name":"Kearns kritikon UEFA-n q\u00eb s\u2019tha asnj\u00eb fjal\u00eb \u201cp\u00ebr shfaqjen e turpshme n\u00eb Beograd\u201d"}]},{"@type":"WebSite","@id":"https:\/\/permbledhja.com\/#website","url":"https:\/\/permbledhja.com\/","name":"Ve\u00e7 artikuj p\u00ebrmbledh\u00ebs","description":"","publisher":{"@id":"https:\/\/permbledhja.com\/#organization"},"potentialAction":[{"@type":"SearchAction","target":{"@type":"EntryPoint","urlTemplate":"https:\/\/permbledhja.com\/?s={search_term_string}"},"query-input":"required name=search_term_string"}],"inLanguage":"sq"},{"@type":"Organization","@id":"https:\/\/permbledhja.com\/#organization","name":"MK Media & Pr","url":"https:\/\/permbledhja.com\/","logo":{"@type":"ImageObject","inLanguage":"sq","@id":"https:\/\/permbledhja.com\/#\/schema\/logo\/image\/","url":"https:\/\/permbledhja.com\/wp-content\/uploads\/2021\/12\/07-Press-Logo.jpg","contentUrl":"https:\/\/permbledhja.com\/wp-content\/uploads\/2021\/12\/07-Press-Logo.jpg","width":512,"height":512,"caption":"MK Media & Pr"},"image":{"@id":"https:\/\/permbledhja.com\/#\/schema\/logo\/image\/"},"sameAs":["https:\/\/www.facebook.com\/press07\/"]},{"@type":"Person","@id":"https:\/\/permbledhja.com\/#\/schema\/person\/0d064377258d3221e50693947b9eb4fe","name":"P\u00ebrmbledhja","image":{"@type":"ImageObject","inLanguage":"sq","@id":"https:\/\/permbledhja.com\/#\/schema\/person\/image\/","url":"https:\/\/permbledhja.com\/wp-content\/uploads\/2026\/01\/452004717_1040944174702970_8932037511805513407_n-96x96.jpg","contentUrl":"https:\/\/permbledhja.com\/wp-content\/uploads\/2026\/01\/452004717_1040944174702970_8932037511805513407_n-96x96.jpg","caption":"P\u00ebrmbledhja"},"sameAs":["https:\/\/www.facebook.com\/kafexhiu.muharrem\/","https:\/\/www.instagram.com\/muharrem_kafexhiu\/"],"url":"https:\/\/permbledhja.com\/sq\/author\/admin\/"}]}},"_links":{"self":[{"href":"https:\/\/permbledhja.com\/sq\/wp-json\/wp\/v2\/posts\/30036"}],"collection":[{"href":"https:\/\/permbledhja.com\/sq\/wp-json\/wp\/v2\/posts"}],"about":[{"href":"https:\/\/permbledhja.com\/sq\/wp-json\/wp\/v2\/types\/post"}],"author":[{"embeddable":true,"href":"https:\/\/permbledhja.com\/sq\/wp-json\/wp\/v2\/users\/1"}],"replies":[{"embeddable":true,"href":"https:\/\/permbledhja.com\/sq\/wp-json\/wp\/v2\/comments?post=30036"}],"version-history":[{"count":1,"href":"https:\/\/permbledhja.com\/sq\/wp-json\/wp\/v2\/posts\/30036\/revisions"}],"predecessor-version":[{"id":30038,"href":"https:\/\/permbledhja.com\/sq\/wp-json\/wp\/v2\/posts\/30036\/revisions\/30038"}],"wp:featuredmedia":[{"embeddable":true,"href":"https:\/\/permbledhja.com\/sq\/wp-json\/wp\/v2\/media\/30037"}],"wp:attachment":[{"href":"https:\/\/permbledhja.com\/sq\/wp-json\/wp\/v2\/media?parent=30036"}],"wp:term":[{"taxonomy":"category","embeddable":true,"href":"https:\/\/permbledhja.com\/sq\/wp-json\/wp\/v2\/categories?post=30036"},{"taxonomy":"post_tag","embeddable":true,"href":"https:\/\/permbledhja.com\/sq\/wp-json\/wp\/v2\/tags?post=30036"}],"curies":[{"name":"wp","href":"https:\/\/api.w.org\/{rel}","templated":true}]}}