{"id":30033,"date":"2023-10-06T11:32:22","date_gmt":"2023-10-06T11:32:22","guid":{"rendered":"https:\/\/permbledhja.com\/?p=30033"},"modified":"2023-10-06T11:32:22","modified_gmt":"2023-10-06T11:32:22","slug":"ka-nje-ekip-te-koordinuar-mire-petritsch-komenton-mundesine-e-largimit-te-lajcakut","status":"publish","type":"post","link":"https:\/\/permbledhja.com\/sq\/ka-nje-ekip-te-koordinuar-mire-petritsch-komenton-mundesine-e-largimit-te-lajcakut\/","title":{"rendered":"\u201cKa nj\u00eb ekip t\u00eb koordinuar mir\u00eb\u201d: Petritsch komenton mund\u00ebsin\u00eb e largimit t\u00eb Laj\u00e7akut"},"content":{"rendered":"<h3>Wolfgang Petritsch, diplomat i pensionuar q\u00eb dikur ishte i d\u00ebrguar i BE-s\u00eb p\u00ebr Kosov\u00ebn, ka komentuar rreth mund\u00ebsis\u00eb s\u00eb largimit t\u00eb Miroslav Laj\u00e7akut, i d\u00ebrguar i posa\u00e7\u00ebm i BE-s\u00eb p\u00ebr dialogun mes Kosov\u00ebs dhe Serbis\u00eb, nga funksioni q\u00eb e ka sot.<\/h3>\n<p>Sipas Petritschit,\u00a0<a href=\"https:\/\/www.kosovo-online.com\/vesti\/politika\/petric-o-mogucem-odlasku-lajcaka-svaka-brza-promena-problem-ali-nasla-bi-se\">i cili foli p\u00ebr medien serbe t\u00eb Kosov\u00ebs \u201cKosova Online\u201d<\/a>, \u00e7do ndryshim i shpejt\u00eb \u00ebsht\u00eb nj\u00eb problem, nd\u00ebrsa shtoi se Laj\u00e7aku ka nj\u00eb ekip t\u00eb mir\u00ebkoordinuar.<\/p>\n<p><i>\u201c\u00c7do ndryshim i shpejt\u00eb \u00ebsht\u00eb nj\u00eb problem. Laj\u00e7aku ka nj\u00eb ekip t\u00eb mir\u00ebkoordinuar. Besoj se n\u00eb afat t\u00eb shkurt\u00ebr mund t\u00eb gjendet nj\u00eb z\u00ebvend\u00ebsim q\u00eb t\u00eb pakt\u00ebn t\u00eb ruaj\u00eb minimumin p\u00ebr ruajtjen e dialogut. Nuk e di se \u00e7far\u00eb do t\u00eb ndodh\u00eb me Laj\u00e7akun, n\u00ebse ai do t\u00eb kthehet n\u00eb Sllovaki ose do t\u00eb q\u00ebndroj\u00eb n\u00eb pozicionin e tij n\u00eb BE, por pavar\u00ebsisht k\u00ebsaj, BE duhet t\u00eb siguroj\u00eb q\u00eb dialogu, n\u00ebse t\u00eb dyja pal\u00ebt d\u00ebshirojn\u00eb, mund t\u00eb vazhdoj\u00eb.\u201d<\/i>\u00a0\u2013 deklaroi Petrich.<\/p>\n<p><i>\u201cN\u00eb dhjetor u shpall\u00ebn zgjedhjet n\u00eb Serbi, pasuan zgjedhjet n\u00eb Kosov\u00eb, n\u00eb SHBA dhe n\u00eb Parlamentin Europian. Pas k\u00ebsaj do t\u00eb vijoj\u00eb formimi i Komisionit t\u00eb ri Europian, si dhe z\u00ebvend\u00ebsimi i kreut t\u00eb diplomacis\u00eb europiane dhe personit q\u00eb do t\u00eb udh\u00ebheq\u00eb dialogun.\u201d<\/i>\u00a0\u2013 shtoi ai.<\/p>\n","protected":false},"excerpt":{"rendered":"<p>Wolfgang Petritsch, diplomat i pensionuar q\u00eb dikur ishte i d\u00ebrguar i BE-s\u00eb p\u00ebr Kosov\u00ebn, ka komentuar rreth mund\u00ebsis\u00eb s\u00eb largimit t\u00eb Miroslav Laj\u00e7akut, i d\u00ebrguar i posa\u00e7\u00ebm i BE-s\u00eb p\u00ebr dialogun mes Kosov\u00ebs dhe Serbis\u00eb, nga funksioni q\u00eb e ka sot. Sipas Petritschit,\u00a0i cili foli p\u00ebr medien serbe t\u00eb Kosov\u00ebs \u201cKosova Online\u201d, \u00e7do ndryshim i [&hellip;]<\/p>\n","protected":false},"author":1,"featured_media":30034,"comment_status":"closed","ping_status":"closed","sticky":false,"template":"","format":"standard","meta":{"_monsterinsights_skip_tracking":false,"_monsterinsights_sitenote_active":false,"_monsterinsights_sitenote_note":"","_monsterinsights_sitenote_category":0,"_uf_show_specific_survey":0,"_uf_disable_surveys":false,"footnotes":""},"categories":[23,15],"tags":[835],"yoast_head":"<!-- This site is optimized with the Yoast SEO plugin v21.5 - https:\/\/yoast.com\/wordpress\/plugins\/seo\/ -->\n<title>\u201cKa nj\u00eb ekip t\u00eb koordinuar mir\u00eb\u201d: Petritsch komenton mund\u00ebsin\u00eb e largimit t\u00eb Laj\u00e7akut<\/title>\n<meta name=\"robots\" content=\"index, follow, max-snippet:-1, max-image-preview:large, max-video-preview:-1\" \/>\n<link rel=\"canonical\" href=\"https:\/\/permbledhja.com\/sq\/ka-nje-ekip-te-koordinuar-mire-petritsch-komenton-mundesine-e-largimit-te-lajcakut\/\" \/>\n<meta property=\"og:locale\" content=\"sq_AL\" \/>\n<meta property=\"og:type\" content=\"article\" \/>\n<meta property=\"og:title\" content=\"\u201cKa nj\u00eb ekip t\u00eb koordinuar mir\u00eb\u201d: Petritsch komenton mund\u00ebsin\u00eb e largimit t\u00eb Laj\u00e7akut\" \/>\n<meta property=\"og:description\" content=\"Wolfgang Petritsch, diplomat i pensionuar q\u00eb dikur ishte i d\u00ebrguar i BE-s\u00eb p\u00ebr Kosov\u00ebn, ka komentuar rreth mund\u00ebsis\u00eb s\u00eb largimit t\u00eb Miroslav Laj\u00e7akut, i d\u00ebrguar i posa\u00e7\u00ebm i BE-s\u00eb p\u00ebr dialogun mes Kosov\u00ebs dhe Serbis\u00eb, nga funksioni q\u00eb e ka sot. Sipas Petritschit,\u00a0i cili foli p\u00ebr medien serbe t\u00eb Kosov\u00ebs \u201cKosova Online\u201d, \u00e7do ndryshim i [&hellip;]\" \/>\n<meta property=\"og:url\" content=\"https:\/\/permbledhja.com\/sq\/ka-nje-ekip-te-koordinuar-mire-petritsch-komenton-mundesine-e-largimit-te-lajcakut\/\" \/>\n<meta property=\"og:site_name\" content=\"Ve\u00e7 artikuj p\u00ebrmbledh\u00ebs\" \/>\n<meta property=\"article:publisher\" content=\"https:\/\/www.facebook.com\/press07\/\" \/>\n<meta property=\"article:author\" content=\"https:\/\/www.facebook.com\/kafexhiu.muharrem\/\" \/>\n<meta property=\"article:published_time\" content=\"2023-10-06T11:32:22+00:00\" \/>\n<meta property=\"og:image\" content=\"https:\/\/permbledhja.com\/wp-content\/uploads\/2023\/10\/1.jpg\" \/>\n\t<meta property=\"og:image:width\" content=\"591\" \/>\n\t<meta property=\"og:image:height\" content=\"344\" \/>\n\t<meta property=\"og:image:type\" content=\"image\/jpeg\" \/>\n<meta name=\"author\" content=\"P\u00ebrmbledhja\" \/>\n<meta name=\"twitter:card\" content=\"summary_large_image\" \/>\n<meta name=\"twitter:label1\" content=\"Written by\" \/>\n\t<meta name=\"twitter:data1\" content=\"P\u00ebrmbledhja\" \/>\n\t<meta name=\"twitter:label2\" content=\"Est. reading time\" \/>\n\t<meta name=\"twitter:data2\" content=\"1 minut\u00eb\" \/>\n<script type=\"application\/ld+json\" class=\"yoast-schema-graph\">{\"@context\":\"https:\/\/schema.org\",\"@graph\":[{\"@type\":\"Article\",\"@id\":\"https:\/\/permbledhja.com\/ka-nje-ekip-te-koordinuar-mire-petritsch-komenton-mundesine-e-largimit-te-lajcakut\/#article\",\"isPartOf\":{\"@id\":\"https:\/\/permbledhja.com\/ka-nje-ekip-te-koordinuar-mire-petritsch-komenton-mundesine-e-largimit-te-lajcakut\/\"},\"author\":{\"name\":\"P\u00ebrmbledhja\",\"@id\":\"https:\/\/permbledhja.com\/#\/schema\/person\/0d064377258d3221e50693947b9eb4fe\"},\"headline\":\"\u201cKa nj\u00eb ekip t\u00eb koordinuar mir\u00eb\u201d: Petritsch komenton mund\u00ebsin\u00eb e largimit t\u00eb Laj\u00e7akut\",\"datePublished\":\"2023-10-06T11:32:22+00:00\",\"dateModified\":\"2023-10-06T11:32:22+00:00\",\"mainEntityOfPage\":{\"@id\":\"https:\/\/permbledhja.com\/ka-nje-ekip-te-koordinuar-mire-petritsch-komenton-mundesine-e-largimit-te-lajcakut\/\"},\"wordCount\":243,\"publisher\":{\"@id\":\"https:\/\/permbledhja.com\/#organization\"},\"keywords\":[\"Laj\u00e7ak\"],\"articleSection\":[\"Komb\u00ebtare\",\"Lajme\"],\"inLanguage\":\"sq\"},{\"@type\":\"WebPage\",\"@id\":\"https:\/\/permbledhja.com\/ka-nje-ekip-te-koordinuar-mire-petritsch-komenton-mundesine-e-largimit-te-lajcakut\/\",\"url\":\"https:\/\/permbledhja.com\/ka-nje-ekip-te-koordinuar-mire-petritsch-komenton-mundesine-e-largimit-te-lajcakut\/\",\"name\":\"\u201cKa nj\u00eb ekip t\u00eb koordinuar mir\u00eb\u201d: Petritsch komenton mund\u00ebsin\u00eb e largimit t\u00eb Laj\u00e7akut\",\"isPartOf\":{\"@id\":\"https:\/\/permbledhja.com\/#website\"},\"datePublished\":\"2023-10-06T11:32:22+00:00\",\"dateModified\":\"2023-10-06T11:32:22+00:00\",\"breadcrumb\":{\"@id\":\"https:\/\/permbledhja.com\/ka-nje-ekip-te-koordinuar-mire-petritsch-komenton-mundesine-e-largimit-te-lajcakut\/#breadcrumb\"},\"inLanguage\":\"sq\",\"potentialAction\":[{\"@type\":\"ReadAction\",\"target\":[\"https:\/\/permbledhja.com\/ka-nje-ekip-te-koordinuar-mire-petritsch-komenton-mundesine-e-largimit-te-lajcakut\/\"]}]},{\"@type\":\"BreadcrumbList\",\"@id\":\"https:\/\/permbledhja.com\/ka-nje-ekip-te-koordinuar-mire-petritsch-komenton-mundesine-e-largimit-te-lajcakut\/#breadcrumb\",\"itemListElement\":[{\"@type\":\"ListItem\",\"position\":1,\"name\":\"Ballina\",\"item\":\"https:\/\/permbledhja.com\/sq\/\"},{\"@type\":\"ListItem\",\"position\":2,\"name\":\"\u201cKa nj\u00eb ekip t\u00eb koordinuar mir\u00eb\u201d: Petritsch komenton mund\u00ebsin\u00eb e largimit t\u00eb Laj\u00e7akut\"}]},{\"@type\":\"WebSite\",\"@id\":\"https:\/\/permbledhja.com\/#website\",\"url\":\"https:\/\/permbledhja.com\/\",\"name\":\"Ve\u00e7 artikuj p\u00ebrmbledh\u00ebs\",\"description\":\"\",\"publisher\":{\"@id\":\"https:\/\/permbledhja.com\/#organization\"},\"potentialAction\":[{\"@type\":\"SearchAction\",\"target\":{\"@type\":\"EntryPoint\",\"urlTemplate\":\"https:\/\/permbledhja.com\/?s={search_term_string}\"},\"query-input\":\"required name=search_term_string\"}],\"inLanguage\":\"sq\"},{\"@type\":\"Organization\",\"@id\":\"https:\/\/permbledhja.com\/#organization\",\"name\":\"MK Media & Pr\",\"url\":\"https:\/\/permbledhja.com\/\",\"logo\":{\"@type\":\"ImageObject\",\"inLanguage\":\"sq\",\"@id\":\"https:\/\/permbledhja.com\/#\/schema\/logo\/image\/\",\"url\":\"https:\/\/permbledhja.com\/wp-content\/uploads\/2021\/12\/07-Press-Logo.jpg\",\"contentUrl\":\"https:\/\/permbledhja.com\/wp-content\/uploads\/2021\/12\/07-Press-Logo.jpg\",\"width\":512,\"height\":512,\"caption\":\"MK Media & Pr\"},\"image\":{\"@id\":\"https:\/\/permbledhja.com\/#\/schema\/logo\/image\/\"},\"sameAs\":[\"https:\/\/www.facebook.com\/press07\/\"]},{\"@type\":\"Person\",\"@id\":\"https:\/\/permbledhja.com\/#\/schema\/person\/0d064377258d3221e50693947b9eb4fe\",\"name\":\"P\u00ebrmbledhja\",\"image\":{\"@type\":\"ImageObject\",\"inLanguage\":\"sq\",\"@id\":\"https:\/\/permbledhja.com\/#\/schema\/person\/image\/\",\"url\":\"https:\/\/permbledhja.com\/wp-content\/uploads\/2026\/01\/452004717_1040944174702970_8932037511805513407_n-96x96.jpg\",\"contentUrl\":\"https:\/\/permbledhja.com\/wp-content\/uploads\/2026\/01\/452004717_1040944174702970_8932037511805513407_n-96x96.jpg\",\"caption\":\"P\u00ebrmbledhja\"},\"sameAs\":[\"https:\/\/www.facebook.com\/kafexhiu.muharrem\/\",\"https:\/\/www.instagram.com\/muharrem_kafexhiu\/\"],\"url\":\"https:\/\/permbledhja.com\/sq\/author\/admin\/\"}]}<\/script>\n<!-- \/ Yoast SEO plugin. -->","yoast_head_json":{"title":"\u201cKa nj\u00eb ekip t\u00eb koordinuar mir\u00eb\u201d: Petritsch komenton mund\u00ebsin\u00eb e largimit t\u00eb Laj\u00e7akut","robots":{"index":"index","follow":"follow","max-snippet":"max-snippet:-1","max-image-preview":"max-image-preview:large","max-video-preview":"max-video-preview:-1"},"canonical":"https:\/\/permbledhja.com\/sq\/ka-nje-ekip-te-koordinuar-mire-petritsch-komenton-mundesine-e-largimit-te-lajcakut\/","og_locale":"sq_AL","og_type":"article","og_title":"\u201cKa nj\u00eb ekip t\u00eb koordinuar mir\u00eb\u201d: Petritsch komenton mund\u00ebsin\u00eb e largimit t\u00eb Laj\u00e7akut","og_description":"Wolfgang Petritsch, diplomat i pensionuar q\u00eb dikur ishte i d\u00ebrguar i BE-s\u00eb p\u00ebr Kosov\u00ebn, ka komentuar rreth mund\u00ebsis\u00eb s\u00eb largimit t\u00eb Miroslav Laj\u00e7akut, i d\u00ebrguar i posa\u00e7\u00ebm i BE-s\u00eb p\u00ebr dialogun mes Kosov\u00ebs dhe Serbis\u00eb, nga funksioni q\u00eb e ka sot. Sipas Petritschit,\u00a0i cili foli p\u00ebr medien serbe t\u00eb Kosov\u00ebs \u201cKosova Online\u201d, \u00e7do ndryshim i [&hellip;]","og_url":"https:\/\/permbledhja.com\/sq\/ka-nje-ekip-te-koordinuar-mire-petritsch-komenton-mundesine-e-largimit-te-lajcakut\/","og_site_name":"Ve\u00e7 artikuj p\u00ebrmbledh\u00ebs","article_publisher":"https:\/\/www.facebook.com\/press07\/","article_author":"https:\/\/www.facebook.com\/kafexhiu.muharrem\/","article_published_time":"2023-10-06T11:32:22+00:00","og_image":[{"width":591,"height":344,"url":"https:\/\/permbledhja.com\/wp-content\/uploads\/2023\/10\/1.jpg","type":"image\/jpeg"}],"author":"P\u00ebrmbledhja","twitter_card":"summary_large_image","twitter_misc":{"Written by":"P\u00ebrmbledhja","Est. reading time":"1 minut\u00eb"},"schema":{"@context":"https:\/\/schema.org","@graph":[{"@type":"Article","@id":"https:\/\/permbledhja.com\/ka-nje-ekip-te-koordinuar-mire-petritsch-komenton-mundesine-e-largimit-te-lajcakut\/#article","isPartOf":{"@id":"https:\/\/permbledhja.com\/ka-nje-ekip-te-koordinuar-mire-petritsch-komenton-mundesine-e-largimit-te-lajcakut\/"},"author":{"name":"P\u00ebrmbledhja","@id":"https:\/\/permbledhja.com\/#\/schema\/person\/0d064377258d3221e50693947b9eb4fe"},"headline":"\u201cKa nj\u00eb ekip t\u00eb koordinuar mir\u00eb\u201d: Petritsch komenton mund\u00ebsin\u00eb e largimit t\u00eb Laj\u00e7akut","datePublished":"2023-10-06T11:32:22+00:00","dateModified":"2023-10-06T11:32:22+00:00","mainEntityOfPage":{"@id":"https:\/\/permbledhja.com\/ka-nje-ekip-te-koordinuar-mire-petritsch-komenton-mundesine-e-largimit-te-lajcakut\/"},"wordCount":243,"publisher":{"@id":"https:\/\/permbledhja.com\/#organization"},"keywords":["Laj\u00e7ak"],"articleSection":["Komb\u00ebtare","Lajme"],"inLanguage":"sq"},{"@type":"WebPage","@id":"https:\/\/permbledhja.com\/ka-nje-ekip-te-koordinuar-mire-petritsch-komenton-mundesine-e-largimit-te-lajcakut\/","url":"https:\/\/permbledhja.com\/ka-nje-ekip-te-koordinuar-mire-petritsch-komenton-mundesine-e-largimit-te-lajcakut\/","name":"\u201cKa nj\u00eb ekip t\u00eb koordinuar mir\u00eb\u201d: Petritsch komenton mund\u00ebsin\u00eb e largimit t\u00eb Laj\u00e7akut","isPartOf":{"@id":"https:\/\/permbledhja.com\/#website"},"datePublished":"2023-10-06T11:32:22+00:00","dateModified":"2023-10-06T11:32:22+00:00","breadcrumb":{"@id":"https:\/\/permbledhja.com\/ka-nje-ekip-te-koordinuar-mire-petritsch-komenton-mundesine-e-largimit-te-lajcakut\/#breadcrumb"},"inLanguage":"sq","potentialAction":[{"@type":"ReadAction","target":["https:\/\/permbledhja.com\/ka-nje-ekip-te-koordinuar-mire-petritsch-komenton-mundesine-e-largimit-te-lajcakut\/"]}]},{"@type":"BreadcrumbList","@id":"https:\/\/permbledhja.com\/ka-nje-ekip-te-koordinuar-mire-petritsch-komenton-mundesine-e-largimit-te-lajcakut\/#breadcrumb","itemListElement":[{"@type":"ListItem","position":1,"name":"Ballina","item":"https:\/\/permbledhja.com\/sq\/"},{"@type":"ListItem","position":2,"name":"\u201cKa nj\u00eb ekip t\u00eb koordinuar mir\u00eb\u201d: Petritsch komenton mund\u00ebsin\u00eb e largimit t\u00eb Laj\u00e7akut"}]},{"@type":"WebSite","@id":"https:\/\/permbledhja.com\/#website","url":"https:\/\/permbledhja.com\/","name":"Ve\u00e7 artikuj p\u00ebrmbledh\u00ebs","description":"","publisher":{"@id":"https:\/\/permbledhja.com\/#organization"},"potentialAction":[{"@type":"SearchAction","target":{"@type":"EntryPoint","urlTemplate":"https:\/\/permbledhja.com\/?s={search_term_string}"},"query-input":"required name=search_term_string"}],"inLanguage":"sq"},{"@type":"Organization","@id":"https:\/\/permbledhja.com\/#organization","name":"MK Media & Pr","url":"https:\/\/permbledhja.com\/","logo":{"@type":"ImageObject","inLanguage":"sq","@id":"https:\/\/permbledhja.com\/#\/schema\/logo\/image\/","url":"https:\/\/permbledhja.com\/wp-content\/uploads\/2021\/12\/07-Press-Logo.jpg","contentUrl":"https:\/\/permbledhja.com\/wp-content\/uploads\/2021\/12\/07-Press-Logo.jpg","width":512,"height":512,"caption":"MK Media & Pr"},"image":{"@id":"https:\/\/permbledhja.com\/#\/schema\/logo\/image\/"},"sameAs":["https:\/\/www.facebook.com\/press07\/"]},{"@type":"Person","@id":"https:\/\/permbledhja.com\/#\/schema\/person\/0d064377258d3221e50693947b9eb4fe","name":"P\u00ebrmbledhja","image":{"@type":"ImageObject","inLanguage":"sq","@id":"https:\/\/permbledhja.com\/#\/schema\/person\/image\/","url":"https:\/\/permbledhja.com\/wp-content\/uploads\/2026\/01\/452004717_1040944174702970_8932037511805513407_n-96x96.jpg","contentUrl":"https:\/\/permbledhja.com\/wp-content\/uploads\/2026\/01\/452004717_1040944174702970_8932037511805513407_n-96x96.jpg","caption":"P\u00ebrmbledhja"},"sameAs":["https:\/\/www.facebook.com\/kafexhiu.muharrem\/","https:\/\/www.instagram.com\/muharrem_kafexhiu\/"],"url":"https:\/\/permbledhja.com\/sq\/author\/admin\/"}]}},"_links":{"self":[{"href":"https:\/\/permbledhja.com\/sq\/wp-json\/wp\/v2\/posts\/30033"}],"collection":[{"href":"https:\/\/permbledhja.com\/sq\/wp-json\/wp\/v2\/posts"}],"about":[{"href":"https:\/\/permbledhja.com\/sq\/wp-json\/wp\/v2\/types\/post"}],"author":[{"embeddable":true,"href":"https:\/\/permbledhja.com\/sq\/wp-json\/wp\/v2\/users\/1"}],"replies":[{"embeddable":true,"href":"https:\/\/permbledhja.com\/sq\/wp-json\/wp\/v2\/comments?post=30033"}],"version-history":[{"count":1,"href":"https:\/\/permbledhja.com\/sq\/wp-json\/wp\/v2\/posts\/30033\/revisions"}],"predecessor-version":[{"id":30035,"href":"https:\/\/permbledhja.com\/sq\/wp-json\/wp\/v2\/posts\/30033\/revisions\/30035"}],"wp:featuredmedia":[{"embeddable":true,"href":"https:\/\/permbledhja.com\/sq\/wp-json\/wp\/v2\/media\/30034"}],"wp:attachment":[{"href":"https:\/\/permbledhja.com\/sq\/wp-json\/wp\/v2\/media?parent=30033"}],"wp:term":[{"taxonomy":"category","embeddable":true,"href":"https:\/\/permbledhja.com\/sq\/wp-json\/wp\/v2\/categories?post=30033"},{"taxonomy":"post_tag","embeddable":true,"href":"https:\/\/permbledhja.com\/sq\/wp-json\/wp\/v2\/tags?post=30033"}],"curies":[{"name":"wp","href":"https:\/\/api.w.org\/{rel}","templated":true}]}}