{"id":30031,"date":"2023-10-06T10:36:49","date_gmt":"2023-10-06T10:36:49","guid":{"rendered":"https:\/\/permbledhja.com\/?p=30031"},"modified":"2023-10-06T10:36:49","modified_gmt":"2023-10-06T10:36:49","slug":"spiegel-gjermania-do-te-dergoje-ushtare-shtese-ne-kosove","status":"publish","type":"post","link":"https:\/\/permbledhja.com\/sq\/spiegel-gjermania-do-te-dergoje-ushtare-shtese-ne-kosove\/","title":{"rendered":"\u201cSpiegel\u201d: Gjermania do t\u00eb d\u00ebrgoj\u00eb ushtar\u00eb shtes\u00eb n\u00eb Kosov\u00eb"},"content":{"rendered":"<h3>Ndon\u00ebse Gjermania dit\u00eb m\u00eb par\u00eb tha se nuk do t\u00eb d\u00ebrgoj\u00eb ushtar\u00eb shtes\u00eb n\u00eb KFOR, kjo megjithat\u00eb duket se nuk q\u00ebndron.<\/h3>\n<p>Sipas nj\u00eb raportimi t\u00eb gazet\u00ebs gjermane \u201cSpiegel\u201d, Bundeswehri pritet t\u00eb rrit\u00eb numrin e trupave n\u00eb Kosov\u00eb n\u00eb kuad\u00ebr t\u00eb KFOR-it.<\/p>\n<p>\u201cEkziston k\u00ebrc\u00ebnimi p\u00ebr eskalim t\u00eb konfliktit mes Serbis\u00eb dhe Kosov\u00ebs. Sipas informacioneve t\u00eb SPIEGEL, qeveria gjermane tani d\u00ebshiron t\u00eb d\u00ebrgoj\u00eb nj\u00eb kompani shtes\u00eb t\u00eb Bundeswehr-it \u2013 por jo deri vitin e ardhsh\u00ebm\u201d, ka shkruar e p\u00ebrjavshmja e famshme gjermane.<\/p>\n<p>T\u00eb mart\u00ebn u raportua se Gjermania nuk do ta rris\u00eb kontingjentin e Bundeswehr-it n\u00eb Kosov\u00eb, pavar\u00ebsisht situat\u00ebs s\u00eb tensionuar n\u00eb vend.<\/p>\n<p>Kjo u b\u00eb e ditur nga z\u00ebdh\u00ebn\u00ebsi i ministris\u00eb gjermane t\u00eb Mbrojtjes, Michael Stempfle, i cili p\u00ebrs\u00ebriti se aktualisht nuk ka plane p\u00ebr t\u00eb rritur numrin e ushtar\u00ebve gjerman\u00eb n\u00eb KFOR.<\/p>\n<p>Vendimi, sipas tij, \u00ebsht\u00eb marr\u00eb n\u00eb konsultim me shtetet partnere.<\/p>\n<p>Vendet e tjera t\u00eb NATO-s, nga ana tjet\u00ebr, duan t\u00eb forcojn\u00eb trupat e tyre. Gazeta gjermane \u201cZeit\u201d shkruan se Britania ka premtuar t\u00eb d\u00ebrgoj\u00eb 600 ushtar\u00eb t\u00eb tjer\u00eb, nd\u00ebrsa edhe Rumania d\u00ebshiron t\u00eb d\u00ebrgoj\u00eb rreth nj\u00ebqind ushtar\u00eb shtes\u00eb.<\/p>\n<p>Edhe ShBA-ja ka th\u00ebn\u00eb se nuk do t\u00eb shtoj\u00eb numrin e paqeruajt\u00ebsve n\u00eb KFOR.<\/p>\n<p>Rreth 4,500 ushtar\u00eb t\u00eb forc\u00ebs paqeruajt\u00ebse t\u00eb KFOR-it jan\u00eb aktualisht t\u00eb stacionuar n\u00eb Kosov\u00eb, 71 prej t\u00eb cil\u00ebve jan\u00eb an\u00ebtar\u00eb t\u00eb Bundeswehr-it. Sipas mandatit, do t\u00eb mund t\u00eb d\u00ebrgoheshin deri n\u00eb 400 ushtar\u00eb gjerman\u00eb n\u00eb vendin ballkanik.<\/p>\n","protected":false},"excerpt":{"rendered":"<p>Ndon\u00ebse Gjermania dit\u00eb m\u00eb par\u00eb tha se nuk do t\u00eb d\u00ebrgoj\u00eb ushtar\u00eb shtes\u00eb n\u00eb KFOR, kjo megjithat\u00eb duket se nuk q\u00ebndron. Sipas nj\u00eb raportimi t\u00eb gazet\u00ebs gjermane \u201cSpiegel\u201d, Bundeswehri pritet t\u00eb rrit\u00eb numrin e trupave n\u00eb Kosov\u00eb n\u00eb kuad\u00ebr t\u00eb KFOR-it. \u201cEkziston k\u00ebrc\u00ebnimi p\u00ebr eskalim t\u00eb konfliktit mes Serbis\u00eb dhe Kosov\u00ebs. Sipas informacioneve t\u00eb SPIEGEL, [&hellip;]<\/p>\n","protected":false},"author":1,"featured_media":16403,"comment_status":"closed","ping_status":"closed","sticky":false,"template":"","format":"standard","meta":{"_monsterinsights_skip_tracking":false,"_monsterinsights_sitenote_active":false,"_monsterinsights_sitenote_note":"","_monsterinsights_sitenote_category":0,"_uf_show_specific_survey":0,"_uf_disable_surveys":false,"footnotes":""},"categories":[23,15],"tags":[2465],"yoast_head":"<!-- This site is optimized with the Yoast SEO plugin v21.5 - https:\/\/yoast.com\/wordpress\/plugins\/seo\/ -->\n<title>\u201cSpiegel\u201d: Gjermania do t\u00eb d\u00ebrgoj\u00eb ushtar\u00eb shtes\u00eb n\u00eb Kosov\u00eb<\/title>\n<meta name=\"robots\" content=\"index, follow, max-snippet:-1, max-image-preview:large, max-video-preview:-1\" \/>\n<link rel=\"canonical\" href=\"https:\/\/permbledhja.com\/sq\/spiegel-gjermania-do-te-dergoje-ushtare-shtese-ne-kosove\/\" \/>\n<meta property=\"og:locale\" content=\"sq_AL\" \/>\n<meta property=\"og:type\" content=\"article\" \/>\n<meta property=\"og:title\" content=\"\u201cSpiegel\u201d: Gjermania do t\u00eb d\u00ebrgoj\u00eb ushtar\u00eb shtes\u00eb n\u00eb Kosov\u00eb\" \/>\n<meta property=\"og:description\" content=\"Ndon\u00ebse Gjermania dit\u00eb m\u00eb par\u00eb tha se nuk do t\u00eb d\u00ebrgoj\u00eb ushtar\u00eb shtes\u00eb n\u00eb KFOR, kjo megjithat\u00eb duket se nuk q\u00ebndron. Sipas nj\u00eb raportimi t\u00eb gazet\u00ebs gjermane \u201cSpiegel\u201d, Bundeswehri pritet t\u00eb rrit\u00eb numrin e trupave n\u00eb Kosov\u00eb n\u00eb kuad\u00ebr t\u00eb KFOR-it. \u201cEkziston k\u00ebrc\u00ebnimi p\u00ebr eskalim t\u00eb konfliktit mes Serbis\u00eb dhe Kosov\u00ebs. Sipas informacioneve t\u00eb SPIEGEL, [&hellip;]\" \/>\n<meta property=\"og:url\" content=\"https:\/\/permbledhja.com\/sq\/spiegel-gjermania-do-te-dergoje-ushtare-shtese-ne-kosove\/\" \/>\n<meta property=\"og:site_name\" content=\"Ve\u00e7 artikuj p\u00ebrmbledh\u00ebs\" \/>\n<meta property=\"article:publisher\" content=\"https:\/\/www.facebook.com\/press07\/\" \/>\n<meta property=\"article:author\" content=\"https:\/\/www.facebook.com\/kafexhiu.muharrem\/\" \/>\n<meta property=\"article:published_time\" content=\"2023-10-06T10:36:49+00:00\" \/>\n<meta property=\"og:image\" content=\"https:\/\/permbledhja.com\/wp-content\/uploads\/2023\/06\/odlazak_kfor_12072012_v-1.jpg\" \/>\n\t<meta property=\"og:image:width\" content=\"1200\" \/>\n\t<meta property=\"og:image:height\" content=\"798\" \/>\n\t<meta property=\"og:image:type\" content=\"image\/jpeg\" \/>\n<meta name=\"author\" content=\"P\u00ebrmbledhja\" \/>\n<meta name=\"twitter:card\" content=\"summary_large_image\" \/>\n<meta name=\"twitter:label1\" content=\"Written by\" \/>\n\t<meta name=\"twitter:data1\" content=\"P\u00ebrmbledhja\" \/>\n\t<meta name=\"twitter:label2\" content=\"Est. reading time\" \/>\n\t<meta name=\"twitter:data2\" content=\"1 minut\u00eb\" \/>\n<script type=\"application\/ld+json\" class=\"yoast-schema-graph\">{\"@context\":\"https:\/\/schema.org\",\"@graph\":[{\"@type\":\"Article\",\"@id\":\"https:\/\/permbledhja.com\/spiegel-gjermania-do-te-dergoje-ushtare-shtese-ne-kosove\/#article\",\"isPartOf\":{\"@id\":\"https:\/\/permbledhja.com\/spiegel-gjermania-do-te-dergoje-ushtare-shtese-ne-kosove\/\"},\"author\":{\"name\":\"P\u00ebrmbledhja\",\"@id\":\"https:\/\/permbledhja.com\/#\/schema\/person\/0d064377258d3221e50693947b9eb4fe\"},\"headline\":\"\u201cSpiegel\u201d: Gjermania do t\u00eb d\u00ebrgoj\u00eb ushtar\u00eb shtes\u00eb n\u00eb Kosov\u00eb\",\"datePublished\":\"2023-10-06T10:36:49+00:00\",\"dateModified\":\"2023-10-06T10:36:49+00:00\",\"mainEntityOfPage\":{\"@id\":\"https:\/\/permbledhja.com\/spiegel-gjermania-do-te-dergoje-ushtare-shtese-ne-kosove\/\"},\"wordCount\":272,\"publisher\":{\"@id\":\"https:\/\/permbledhja.com\/#organization\"},\"keywords\":[\"Der Spiegel\"],\"articleSection\":[\"Komb\u00ebtare\",\"Lajme\"],\"inLanguage\":\"sq\"},{\"@type\":\"WebPage\",\"@id\":\"https:\/\/permbledhja.com\/spiegel-gjermania-do-te-dergoje-ushtare-shtese-ne-kosove\/\",\"url\":\"https:\/\/permbledhja.com\/spiegel-gjermania-do-te-dergoje-ushtare-shtese-ne-kosove\/\",\"name\":\"\u201cSpiegel\u201d: Gjermania do t\u00eb d\u00ebrgoj\u00eb ushtar\u00eb shtes\u00eb n\u00eb Kosov\u00eb\",\"isPartOf\":{\"@id\":\"https:\/\/permbledhja.com\/#website\"},\"datePublished\":\"2023-10-06T10:36:49+00:00\",\"dateModified\":\"2023-10-06T10:36:49+00:00\",\"breadcrumb\":{\"@id\":\"https:\/\/permbledhja.com\/spiegel-gjermania-do-te-dergoje-ushtare-shtese-ne-kosove\/#breadcrumb\"},\"inLanguage\":\"sq\",\"potentialAction\":[{\"@type\":\"ReadAction\",\"target\":[\"https:\/\/permbledhja.com\/spiegel-gjermania-do-te-dergoje-ushtare-shtese-ne-kosove\/\"]}]},{\"@type\":\"BreadcrumbList\",\"@id\":\"https:\/\/permbledhja.com\/spiegel-gjermania-do-te-dergoje-ushtare-shtese-ne-kosove\/#breadcrumb\",\"itemListElement\":[{\"@type\":\"ListItem\",\"position\":1,\"name\":\"Ballina\",\"item\":\"https:\/\/permbledhja.com\/sq\/\"},{\"@type\":\"ListItem\",\"position\":2,\"name\":\"\u201cSpiegel\u201d: Gjermania do t\u00eb d\u00ebrgoj\u00eb ushtar\u00eb shtes\u00eb n\u00eb Kosov\u00eb\"}]},{\"@type\":\"WebSite\",\"@id\":\"https:\/\/permbledhja.com\/#website\",\"url\":\"https:\/\/permbledhja.com\/\",\"name\":\"Ve\u00e7 artikuj p\u00ebrmbledh\u00ebs\",\"description\":\"\",\"publisher\":{\"@id\":\"https:\/\/permbledhja.com\/#organization\"},\"potentialAction\":[{\"@type\":\"SearchAction\",\"target\":{\"@type\":\"EntryPoint\",\"urlTemplate\":\"https:\/\/permbledhja.com\/?s={search_term_string}\"},\"query-input\":\"required name=search_term_string\"}],\"inLanguage\":\"sq\"},{\"@type\":\"Organization\",\"@id\":\"https:\/\/permbledhja.com\/#organization\",\"name\":\"MK Media & Pr\",\"url\":\"https:\/\/permbledhja.com\/\",\"logo\":{\"@type\":\"ImageObject\",\"inLanguage\":\"sq\",\"@id\":\"https:\/\/permbledhja.com\/#\/schema\/logo\/image\/\",\"url\":\"https:\/\/permbledhja.com\/wp-content\/uploads\/2021\/12\/07-Press-Logo.jpg\",\"contentUrl\":\"https:\/\/permbledhja.com\/wp-content\/uploads\/2021\/12\/07-Press-Logo.jpg\",\"width\":512,\"height\":512,\"caption\":\"MK Media & Pr\"},\"image\":{\"@id\":\"https:\/\/permbledhja.com\/#\/schema\/logo\/image\/\"},\"sameAs\":[\"https:\/\/www.facebook.com\/press07\/\"]},{\"@type\":\"Person\",\"@id\":\"https:\/\/permbledhja.com\/#\/schema\/person\/0d064377258d3221e50693947b9eb4fe\",\"name\":\"P\u00ebrmbledhja\",\"image\":{\"@type\":\"ImageObject\",\"inLanguage\":\"sq\",\"@id\":\"https:\/\/permbledhja.com\/#\/schema\/person\/image\/\",\"url\":\"https:\/\/permbledhja.com\/wp-content\/uploads\/2026\/01\/452004717_1040944174702970_8932037511805513407_n-96x96.jpg\",\"contentUrl\":\"https:\/\/permbledhja.com\/wp-content\/uploads\/2026\/01\/452004717_1040944174702970_8932037511805513407_n-96x96.jpg\",\"caption\":\"P\u00ebrmbledhja\"},\"sameAs\":[\"https:\/\/www.facebook.com\/kafexhiu.muharrem\/\",\"https:\/\/www.instagram.com\/muharrem_kafexhiu\/\"],\"url\":\"https:\/\/permbledhja.com\/sq\/author\/admin\/\"}]}<\/script>\n<!-- \/ Yoast SEO plugin. -->","yoast_head_json":{"title":"\u201cSpiegel\u201d: Gjermania do t\u00eb d\u00ebrgoj\u00eb ushtar\u00eb shtes\u00eb n\u00eb Kosov\u00eb","robots":{"index":"index","follow":"follow","max-snippet":"max-snippet:-1","max-image-preview":"max-image-preview:large","max-video-preview":"max-video-preview:-1"},"canonical":"https:\/\/permbledhja.com\/sq\/spiegel-gjermania-do-te-dergoje-ushtare-shtese-ne-kosove\/","og_locale":"sq_AL","og_type":"article","og_title":"\u201cSpiegel\u201d: Gjermania do t\u00eb d\u00ebrgoj\u00eb ushtar\u00eb shtes\u00eb n\u00eb Kosov\u00eb","og_description":"Ndon\u00ebse Gjermania dit\u00eb m\u00eb par\u00eb tha se nuk do t\u00eb d\u00ebrgoj\u00eb ushtar\u00eb shtes\u00eb n\u00eb KFOR, kjo megjithat\u00eb duket se nuk q\u00ebndron. Sipas nj\u00eb raportimi t\u00eb gazet\u00ebs gjermane \u201cSpiegel\u201d, Bundeswehri pritet t\u00eb rrit\u00eb numrin e trupave n\u00eb Kosov\u00eb n\u00eb kuad\u00ebr t\u00eb KFOR-it. \u201cEkziston k\u00ebrc\u00ebnimi p\u00ebr eskalim t\u00eb konfliktit mes Serbis\u00eb dhe Kosov\u00ebs. Sipas informacioneve t\u00eb SPIEGEL, [&hellip;]","og_url":"https:\/\/permbledhja.com\/sq\/spiegel-gjermania-do-te-dergoje-ushtare-shtese-ne-kosove\/","og_site_name":"Ve\u00e7 artikuj p\u00ebrmbledh\u00ebs","article_publisher":"https:\/\/www.facebook.com\/press07\/","article_author":"https:\/\/www.facebook.com\/kafexhiu.muharrem\/","article_published_time":"2023-10-06T10:36:49+00:00","og_image":[{"width":1200,"height":798,"url":"https:\/\/permbledhja.com\/wp-content\/uploads\/2023\/06\/odlazak_kfor_12072012_v-1.jpg","type":"image\/jpeg"}],"author":"P\u00ebrmbledhja","twitter_card":"summary_large_image","twitter_misc":{"Written by":"P\u00ebrmbledhja","Est. reading time":"1 minut\u00eb"},"schema":{"@context":"https:\/\/schema.org","@graph":[{"@type":"Article","@id":"https:\/\/permbledhja.com\/spiegel-gjermania-do-te-dergoje-ushtare-shtese-ne-kosove\/#article","isPartOf":{"@id":"https:\/\/permbledhja.com\/spiegel-gjermania-do-te-dergoje-ushtare-shtese-ne-kosove\/"},"author":{"name":"P\u00ebrmbledhja","@id":"https:\/\/permbledhja.com\/#\/schema\/person\/0d064377258d3221e50693947b9eb4fe"},"headline":"\u201cSpiegel\u201d: Gjermania do t\u00eb d\u00ebrgoj\u00eb ushtar\u00eb shtes\u00eb n\u00eb Kosov\u00eb","datePublished":"2023-10-06T10:36:49+00:00","dateModified":"2023-10-06T10:36:49+00:00","mainEntityOfPage":{"@id":"https:\/\/permbledhja.com\/spiegel-gjermania-do-te-dergoje-ushtare-shtese-ne-kosove\/"},"wordCount":272,"publisher":{"@id":"https:\/\/permbledhja.com\/#organization"},"keywords":["Der Spiegel"],"articleSection":["Komb\u00ebtare","Lajme"],"inLanguage":"sq"},{"@type":"WebPage","@id":"https:\/\/permbledhja.com\/spiegel-gjermania-do-te-dergoje-ushtare-shtese-ne-kosove\/","url":"https:\/\/permbledhja.com\/spiegel-gjermania-do-te-dergoje-ushtare-shtese-ne-kosove\/","name":"\u201cSpiegel\u201d: Gjermania do t\u00eb d\u00ebrgoj\u00eb ushtar\u00eb shtes\u00eb n\u00eb Kosov\u00eb","isPartOf":{"@id":"https:\/\/permbledhja.com\/#website"},"datePublished":"2023-10-06T10:36:49+00:00","dateModified":"2023-10-06T10:36:49+00:00","breadcrumb":{"@id":"https:\/\/permbledhja.com\/spiegel-gjermania-do-te-dergoje-ushtare-shtese-ne-kosove\/#breadcrumb"},"inLanguage":"sq","potentialAction":[{"@type":"ReadAction","target":["https:\/\/permbledhja.com\/spiegel-gjermania-do-te-dergoje-ushtare-shtese-ne-kosove\/"]}]},{"@type":"BreadcrumbList","@id":"https:\/\/permbledhja.com\/spiegel-gjermania-do-te-dergoje-ushtare-shtese-ne-kosove\/#breadcrumb","itemListElement":[{"@type":"ListItem","position":1,"name":"Ballina","item":"https:\/\/permbledhja.com\/sq\/"},{"@type":"ListItem","position":2,"name":"\u201cSpiegel\u201d: Gjermania do t\u00eb d\u00ebrgoj\u00eb ushtar\u00eb shtes\u00eb n\u00eb Kosov\u00eb"}]},{"@type":"WebSite","@id":"https:\/\/permbledhja.com\/#website","url":"https:\/\/permbledhja.com\/","name":"Ve\u00e7 artikuj p\u00ebrmbledh\u00ebs","description":"","publisher":{"@id":"https:\/\/permbledhja.com\/#organization"},"potentialAction":[{"@type":"SearchAction","target":{"@type":"EntryPoint","urlTemplate":"https:\/\/permbledhja.com\/?s={search_term_string}"},"query-input":"required name=search_term_string"}],"inLanguage":"sq"},{"@type":"Organization","@id":"https:\/\/permbledhja.com\/#organization","name":"MK Media & Pr","url":"https:\/\/permbledhja.com\/","logo":{"@type":"ImageObject","inLanguage":"sq","@id":"https:\/\/permbledhja.com\/#\/schema\/logo\/image\/","url":"https:\/\/permbledhja.com\/wp-content\/uploads\/2021\/12\/07-Press-Logo.jpg","contentUrl":"https:\/\/permbledhja.com\/wp-content\/uploads\/2021\/12\/07-Press-Logo.jpg","width":512,"height":512,"caption":"MK Media & Pr"},"image":{"@id":"https:\/\/permbledhja.com\/#\/schema\/logo\/image\/"},"sameAs":["https:\/\/www.facebook.com\/press07\/"]},{"@type":"Person","@id":"https:\/\/permbledhja.com\/#\/schema\/person\/0d064377258d3221e50693947b9eb4fe","name":"P\u00ebrmbledhja","image":{"@type":"ImageObject","inLanguage":"sq","@id":"https:\/\/permbledhja.com\/#\/schema\/person\/image\/","url":"https:\/\/permbledhja.com\/wp-content\/uploads\/2026\/01\/452004717_1040944174702970_8932037511805513407_n-96x96.jpg","contentUrl":"https:\/\/permbledhja.com\/wp-content\/uploads\/2026\/01\/452004717_1040944174702970_8932037511805513407_n-96x96.jpg","caption":"P\u00ebrmbledhja"},"sameAs":["https:\/\/www.facebook.com\/kafexhiu.muharrem\/","https:\/\/www.instagram.com\/muharrem_kafexhiu\/"],"url":"https:\/\/permbledhja.com\/sq\/author\/admin\/"}]}},"_links":{"self":[{"href":"https:\/\/permbledhja.com\/sq\/wp-json\/wp\/v2\/posts\/30031"}],"collection":[{"href":"https:\/\/permbledhja.com\/sq\/wp-json\/wp\/v2\/posts"}],"about":[{"href":"https:\/\/permbledhja.com\/sq\/wp-json\/wp\/v2\/types\/post"}],"author":[{"embeddable":true,"href":"https:\/\/permbledhja.com\/sq\/wp-json\/wp\/v2\/users\/1"}],"replies":[{"embeddable":true,"href":"https:\/\/permbledhja.com\/sq\/wp-json\/wp\/v2\/comments?post=30031"}],"version-history":[{"count":1,"href":"https:\/\/permbledhja.com\/sq\/wp-json\/wp\/v2\/posts\/30031\/revisions"}],"predecessor-version":[{"id":30032,"href":"https:\/\/permbledhja.com\/sq\/wp-json\/wp\/v2\/posts\/30031\/revisions\/30032"}],"wp:featuredmedia":[{"embeddable":true,"href":"https:\/\/permbledhja.com\/sq\/wp-json\/wp\/v2\/media\/16403"}],"wp:attachment":[{"href":"https:\/\/permbledhja.com\/sq\/wp-json\/wp\/v2\/media?parent=30031"}],"wp:term":[{"taxonomy":"category","embeddable":true,"href":"https:\/\/permbledhja.com\/sq\/wp-json\/wp\/v2\/categories?post=30031"},{"taxonomy":"post_tag","embeddable":true,"href":"https:\/\/permbledhja.com\/sq\/wp-json\/wp\/v2\/tags?post=30031"}],"curies":[{"name":"wp","href":"https:\/\/api.w.org\/{rel}","templated":true}]}}