{"id":30029,"date":"2023-10-06T10:34:01","date_gmt":"2023-10-06T10:34:01","guid":{"rendered":"https:\/\/permbledhja.com\/?p=30029"},"modified":"2023-10-06T10:34:01","modified_gmt":"2023-10-06T10:34:01","slug":"komandanti-i-kfor-it-paralajmeron-shtimin-e-numrit-te-ushtareve-te-nato-s-ne-kosove","status":"publish","type":"post","link":"https:\/\/permbledhja.com\/sq\/komandanti-i-kfor-it-paralajmeron-shtimin-e-numrit-te-ushtareve-te-nato-s-ne-kosove\/","title":{"rendered":"Komandanti i KFOR-it paralajm\u00ebron shtimin e numrit t\u00eb ushtar\u00ebve t\u00eb NATO-s n\u00eb Kosov\u00eb"},"content":{"rendered":"<h3>Komandanti i misionit t\u00eb NATO-s n\u00eb Kosov\u00eb, KFOR, Angelo Michele Ristuccia, ka th\u00ebn\u00eb t\u00eb premten se s\u00eb shpejti n\u00eb Kosov\u00eb do t\u00eb arrijn\u00eb trupa shtes\u00eb nga Rumania, p\u00ebrve\u00e7 p\u00ebrforcimeve t\u00eb fundit t\u00eb Britanis\u00eb s\u00eb Madhe.<\/h3>\n<p>Ai ka paralajm\u00ebruar p\u00ebrforcime edhe nga \u201cvendet tjera aleate\u201d.<\/p>\n<p>N\u00eb nj\u00eb konferenc\u00eb lamtumir\u00ebse p\u00ebr mediat n\u00eb Prishtin\u00eb, \u2013 teksa e kryen mandatin e tij \u2013 Ristuccia ka th\u00ebn\u00eb se rritja e numrit t\u00eb trupave n\u00eb Kosov\u00eb \u00ebsht\u00eb e domosdoshme, n\u00eb m\u00ebnyr\u00eb q\u00eb KFOR-i t\u00eb mund ta p\u00ebrmbush\u00eb mandatin q\u00eb ka.<\/p>\n<p>Ristuccia i ka p\u00ebrmendur incidentet e muajve t\u00eb fundit, kryesisht n\u00eb veri t\u00eb Kosov\u00ebs, dhe ka vler\u00ebsuar se t\u00eb gjitha tregojn\u00eb q\u00eb situata mbetet e paq\u00ebndrueshme dhe mund t\u00eb tensionohet shpejt.<\/p>\n<p>Ai e ka p\u00ebrmendur q\u00eb vet\u00ebm nj\u00eb zgjidhje politike do t\u00eb mund t\u00eb garantoj\u00eb paqe t\u00eb q\u00ebndrueshme n\u00eb rajonin e Ballkanit, dhe e ka p\u00ebrs\u00ebritur mb\u00ebshtetjen e KFOR-it p\u00ebr dialogun mes Kosov\u00ebs dhe Serbis\u00eb me q\u00ebllim t\u00eb normalizimit t\u00eb marr\u00ebdh\u00ebnieve.<\/p>\n<p>Situata \u00ebsht\u00eb p\u00ebrshkall\u00ebzuar pas sulmeve ndaj Policis\u00eb s\u00eb Kosov\u00ebs n\u00eb Banjsk\u00eb t\u00eb Zve\u00e7anit m\u00eb 24 shtator.<\/p>\n<p>Si pasoj\u00eb e sulmeve \u00ebsht\u00eb vrar\u00eb rreshteri policor Afrim Bunjaku.<\/p>\n<p>N\u00eb shk\u00ebmbim e sip\u00ebr t\u00eb zjarrit jan\u00eb vrar\u00eb edhe tre sulmues serb\u00eb.<\/p>\n<p>Kosova e ka faj\u00ebsuar Serbin\u00eb p\u00ebr sulmin, mir\u00ebpo kjo e fundit e ka hedhur posht\u00eb k\u00ebt\u00eb pretendim.<\/p>\n<p>Komandanti n\u00eb shkuarje i KFOR-it ka th\u00ebn\u00eb se situata tani n\u00eb Kosov\u00eb \u00ebsht\u00eb m\u00eb e qet\u00eb sesa dit\u00ebve t\u00eb fundit, mir\u00ebpo \u201cn\u00ebse pal\u00ebt nuk ulen p\u00ebr ta negociuar nj\u00eb zgjidhje politike, kjo situat\u00eb do t\u00eb jet\u00eb m\u00eb e cenueshme dhe m\u00eb e paq\u00ebndrueshme sesa ajo paraprake\u201d.<\/p>\n<p>\u201cDy pal\u00ebt duhet t\u00eb ulen n\u00eb tavolin\u00eb negociuese. Prandaj e mb\u00ebshtesim dialogun. Besojm\u00eb plot\u00ebsisht n\u00eb p\u00ebrpjekjet diplomatike p\u00ebr ta gjetur nj\u00eb zgjidhje p\u00ebr k\u00ebt\u00eb situat\u00eb\u201d.<\/p>\n","protected":false},"excerpt":{"rendered":"<p>Komandanti i misionit t\u00eb NATO-s n\u00eb Kosov\u00eb, KFOR, Angelo Michele Ristuccia, ka th\u00ebn\u00eb t\u00eb premten se s\u00eb shpejti n\u00eb Kosov\u00eb do t\u00eb arrijn\u00eb trupa shtes\u00eb nga Rumania, p\u00ebrve\u00e7 p\u00ebrforcimeve t\u00eb fundit t\u00eb Britanis\u00eb s\u00eb Madhe. Ai ka paralajm\u00ebruar p\u00ebrforcime edhe nga \u201cvendet tjera aleate\u201d. N\u00eb nj\u00eb konferenc\u00eb lamtumir\u00ebse p\u00ebr mediat n\u00eb Prishtin\u00eb, \u2013 teksa e [&hellip;]<\/p>\n","protected":false},"author":1,"featured_media":29705,"comment_status":"closed","ping_status":"closed","sticky":false,"template":"","format":"standard","meta":{"_monsterinsights_skip_tracking":false,"_monsterinsights_sitenote_active":false,"_monsterinsights_sitenote_note":"","_monsterinsights_sitenote_category":0,"_uf_show_specific_survey":0,"_uf_disable_surveys":false,"footnotes":""},"categories":[23,15],"tags":[517],"yoast_head":"<!-- This site is optimized with the Yoast SEO plugin v21.5 - https:\/\/yoast.com\/wordpress\/plugins\/seo\/ -->\n<title>Komandanti i KFOR-it paralajm\u00ebron shtimin e numrit t\u00eb ushtar\u00ebve t\u00eb NATO-s n\u00eb Kosov\u00eb<\/title>\n<meta name=\"robots\" content=\"index, follow, max-snippet:-1, max-image-preview:large, max-video-preview:-1\" \/>\n<link rel=\"canonical\" href=\"https:\/\/permbledhja.com\/sq\/komandanti-i-kfor-it-paralajmeron-shtimin-e-numrit-te-ushtareve-te-nato-s-ne-kosove\/\" \/>\n<meta property=\"og:locale\" content=\"sq_AL\" \/>\n<meta property=\"og:type\" content=\"article\" \/>\n<meta property=\"og:title\" content=\"Komandanti i KFOR-it paralajm\u00ebron shtimin e numrit t\u00eb ushtar\u00ebve t\u00eb NATO-s n\u00eb Kosov\u00eb\" \/>\n<meta property=\"og:description\" content=\"Komandanti i misionit t\u00eb NATO-s n\u00eb Kosov\u00eb, KFOR, Angelo Michele Ristuccia, ka th\u00ebn\u00eb t\u00eb premten se s\u00eb shpejti n\u00eb Kosov\u00eb do t\u00eb arrijn\u00eb trupa shtes\u00eb nga Rumania, p\u00ebrve\u00e7 p\u00ebrforcimeve t\u00eb fundit t\u00eb Britanis\u00eb s\u00eb Madhe. Ai ka paralajm\u00ebruar p\u00ebrforcime edhe nga \u201cvendet tjera aleate\u201d. N\u00eb nj\u00eb konferenc\u00eb lamtumir\u00ebse p\u00ebr mediat n\u00eb Prishtin\u00eb, \u2013 teksa e [&hellip;]\" \/>\n<meta property=\"og:url\" content=\"https:\/\/permbledhja.com\/sq\/komandanti-i-kfor-it-paralajmeron-shtimin-e-numrit-te-ushtareve-te-nato-s-ne-kosove\/\" \/>\n<meta property=\"og:site_name\" content=\"Ve\u00e7 artikuj p\u00ebrmbledh\u00ebs\" \/>\n<meta property=\"article:publisher\" content=\"https:\/\/www.facebook.com\/press07\/\" \/>\n<meta property=\"article:author\" content=\"https:\/\/www.facebook.com\/kafexhiu.muharrem\/\" \/>\n<meta property=\"article:published_time\" content=\"2023-10-06T10:34:01+00:00\" \/>\n<meta property=\"og:image\" content=\"https:\/\/permbledhja.com\/wp-content\/uploads\/2023\/10\/KFOR.webp\" \/>\n\t<meta property=\"og:image:width\" content=\"653\" \/>\n\t<meta property=\"og:image:height\" content=\"435\" \/>\n\t<meta property=\"og:image:type\" content=\"image\/webp\" \/>\n<meta name=\"author\" content=\"P\u00ebrmbledhja\" \/>\n<meta name=\"twitter:card\" content=\"summary_large_image\" \/>\n<meta name=\"twitter:label1\" content=\"Written by\" \/>\n\t<meta name=\"twitter:data1\" content=\"P\u00ebrmbledhja\" \/>\n\t<meta name=\"twitter:label2\" content=\"Est. reading time\" \/>\n\t<meta name=\"twitter:data2\" content=\"2 minuta\" \/>\n<script type=\"application\/ld+json\" class=\"yoast-schema-graph\">{\"@context\":\"https:\/\/schema.org\",\"@graph\":[{\"@type\":\"Article\",\"@id\":\"https:\/\/permbledhja.com\/sq\/komandanti-i-kfor-it-paralajmeron-shtimin-e-numrit-te-ushtareve-te-nato-s-ne-kosove\/#article\",\"isPartOf\":{\"@id\":\"https:\/\/permbledhja.com\/sq\/komandanti-i-kfor-it-paralajmeron-shtimin-e-numrit-te-ushtareve-te-nato-s-ne-kosove\/\"},\"author\":{\"name\":\"P\u00ebrmbledhja\",\"@id\":\"https:\/\/permbledhja.com\/#\/schema\/person\/0d064377258d3221e50693947b9eb4fe\"},\"headline\":\"Komandanti i KFOR-it paralajm\u00ebron shtimin e numrit t\u00eb ushtar\u00ebve t\u00eb NATO-s n\u00eb Kosov\u00eb\",\"datePublished\":\"2023-10-06T10:34:01+00:00\",\"dateModified\":\"2023-10-06T10:34:01+00:00\",\"mainEntityOfPage\":{\"@id\":\"https:\/\/permbledhja.com\/sq\/komandanti-i-kfor-it-paralajmeron-shtimin-e-numrit-te-ushtareve-te-nato-s-ne-kosove\/\"},\"wordCount\":343,\"publisher\":{\"@id\":\"https:\/\/permbledhja.com\/#organization\"},\"keywords\":[\"KFOR\"],\"articleSection\":[\"Komb\u00ebtare\",\"Lajme\"],\"inLanguage\":\"sq\"},{\"@type\":\"WebPage\",\"@id\":\"https:\/\/permbledhja.com\/sq\/komandanti-i-kfor-it-paralajmeron-shtimin-e-numrit-te-ushtareve-te-nato-s-ne-kosove\/\",\"url\":\"https:\/\/permbledhja.com\/sq\/komandanti-i-kfor-it-paralajmeron-shtimin-e-numrit-te-ushtareve-te-nato-s-ne-kosove\/\",\"name\":\"Komandanti i KFOR-it paralajm\u00ebron shtimin e numrit t\u00eb ushtar\u00ebve t\u00eb NATO-s n\u00eb Kosov\u00eb\",\"isPartOf\":{\"@id\":\"https:\/\/permbledhja.com\/#website\"},\"datePublished\":\"2023-10-06T10:34:01+00:00\",\"dateModified\":\"2023-10-06T10:34:01+00:00\",\"breadcrumb\":{\"@id\":\"https:\/\/permbledhja.com\/sq\/komandanti-i-kfor-it-paralajmeron-shtimin-e-numrit-te-ushtareve-te-nato-s-ne-kosove\/#breadcrumb\"},\"inLanguage\":\"sq\",\"potentialAction\":[{\"@type\":\"ReadAction\",\"target\":[\"https:\/\/permbledhja.com\/sq\/komandanti-i-kfor-it-paralajmeron-shtimin-e-numrit-te-ushtareve-te-nato-s-ne-kosove\/\"]}]},{\"@type\":\"BreadcrumbList\",\"@id\":\"https:\/\/permbledhja.com\/sq\/komandanti-i-kfor-it-paralajmeron-shtimin-e-numrit-te-ushtareve-te-nato-s-ne-kosove\/#breadcrumb\",\"itemListElement\":[{\"@type\":\"ListItem\",\"position\":1,\"name\":\"Ballina\",\"item\":\"https:\/\/permbledhja.com\/sq\/\"},{\"@type\":\"ListItem\",\"position\":2,\"name\":\"Komandanti i KFOR-it paralajm\u00ebron shtimin e numrit t\u00eb ushtar\u00ebve t\u00eb NATO-s n\u00eb Kosov\u00eb\"}]},{\"@type\":\"WebSite\",\"@id\":\"https:\/\/permbledhja.com\/#website\",\"url\":\"https:\/\/permbledhja.com\/\",\"name\":\"Ve\u00e7 artikuj p\u00ebrmbledh\u00ebs\",\"description\":\"\",\"publisher\":{\"@id\":\"https:\/\/permbledhja.com\/#organization\"},\"potentialAction\":[{\"@type\":\"SearchAction\",\"target\":{\"@type\":\"EntryPoint\",\"urlTemplate\":\"https:\/\/permbledhja.com\/?s={search_term_string}\"},\"query-input\":\"required name=search_term_string\"}],\"inLanguage\":\"sq\"},{\"@type\":\"Organization\",\"@id\":\"https:\/\/permbledhja.com\/#organization\",\"name\":\"MK Media & Pr\",\"url\":\"https:\/\/permbledhja.com\/\",\"logo\":{\"@type\":\"ImageObject\",\"inLanguage\":\"sq\",\"@id\":\"https:\/\/permbledhja.com\/#\/schema\/logo\/image\/\",\"url\":\"https:\/\/permbledhja.com\/wp-content\/uploads\/2021\/12\/07-Press-Logo.jpg\",\"contentUrl\":\"https:\/\/permbledhja.com\/wp-content\/uploads\/2021\/12\/07-Press-Logo.jpg\",\"width\":512,\"height\":512,\"caption\":\"MK Media & Pr\"},\"image\":{\"@id\":\"https:\/\/permbledhja.com\/#\/schema\/logo\/image\/\"},\"sameAs\":[\"https:\/\/www.facebook.com\/press07\/\"]},{\"@type\":\"Person\",\"@id\":\"https:\/\/permbledhja.com\/#\/schema\/person\/0d064377258d3221e50693947b9eb4fe\",\"name\":\"P\u00ebrmbledhja\",\"image\":{\"@type\":\"ImageObject\",\"inLanguage\":\"sq\",\"@id\":\"https:\/\/permbledhja.com\/#\/schema\/person\/image\/\",\"url\":\"https:\/\/permbledhja.com\/wp-content\/uploads\/2026\/01\/452004717_1040944174702970_8932037511805513407_n-96x96.jpg\",\"contentUrl\":\"https:\/\/permbledhja.com\/wp-content\/uploads\/2026\/01\/452004717_1040944174702970_8932037511805513407_n-96x96.jpg\",\"caption\":\"P\u00ebrmbledhja\"},\"sameAs\":[\"https:\/\/www.facebook.com\/kafexhiu.muharrem\/\",\"https:\/\/www.instagram.com\/muharrem_kafexhiu\/\"],\"url\":\"https:\/\/permbledhja.com\/sq\/author\/admin\/\"}]}<\/script>\n<!-- \/ Yoast SEO plugin. -->","yoast_head_json":{"title":"Komandanti i KFOR-it paralajm\u00ebron shtimin e numrit t\u00eb ushtar\u00ebve t\u00eb NATO-s n\u00eb Kosov\u00eb","robots":{"index":"index","follow":"follow","max-snippet":"max-snippet:-1","max-image-preview":"max-image-preview:large","max-video-preview":"max-video-preview:-1"},"canonical":"https:\/\/permbledhja.com\/sq\/komandanti-i-kfor-it-paralajmeron-shtimin-e-numrit-te-ushtareve-te-nato-s-ne-kosove\/","og_locale":"sq_AL","og_type":"article","og_title":"Komandanti i KFOR-it paralajm\u00ebron shtimin e numrit t\u00eb ushtar\u00ebve t\u00eb NATO-s n\u00eb Kosov\u00eb","og_description":"Komandanti i misionit t\u00eb NATO-s n\u00eb Kosov\u00eb, KFOR, Angelo Michele Ristuccia, ka th\u00ebn\u00eb t\u00eb premten se s\u00eb shpejti n\u00eb Kosov\u00eb do t\u00eb arrijn\u00eb trupa shtes\u00eb nga Rumania, p\u00ebrve\u00e7 p\u00ebrforcimeve t\u00eb fundit t\u00eb Britanis\u00eb s\u00eb Madhe. Ai ka paralajm\u00ebruar p\u00ebrforcime edhe nga \u201cvendet tjera aleate\u201d. N\u00eb nj\u00eb konferenc\u00eb lamtumir\u00ebse p\u00ebr mediat n\u00eb Prishtin\u00eb, \u2013 teksa e [&hellip;]","og_url":"https:\/\/permbledhja.com\/sq\/komandanti-i-kfor-it-paralajmeron-shtimin-e-numrit-te-ushtareve-te-nato-s-ne-kosove\/","og_site_name":"Ve\u00e7 artikuj p\u00ebrmbledh\u00ebs","article_publisher":"https:\/\/www.facebook.com\/press07\/","article_author":"https:\/\/www.facebook.com\/kafexhiu.muharrem\/","article_published_time":"2023-10-06T10:34:01+00:00","og_image":[{"width":653,"height":435,"url":"https:\/\/permbledhja.com\/wp-content\/uploads\/2023\/10\/KFOR.webp","type":"image\/webp"}],"author":"P\u00ebrmbledhja","twitter_card":"summary_large_image","twitter_misc":{"Written by":"P\u00ebrmbledhja","Est. reading time":"2 minuta"},"schema":{"@context":"https:\/\/schema.org","@graph":[{"@type":"Article","@id":"https:\/\/permbledhja.com\/sq\/komandanti-i-kfor-it-paralajmeron-shtimin-e-numrit-te-ushtareve-te-nato-s-ne-kosove\/#article","isPartOf":{"@id":"https:\/\/permbledhja.com\/sq\/komandanti-i-kfor-it-paralajmeron-shtimin-e-numrit-te-ushtareve-te-nato-s-ne-kosove\/"},"author":{"name":"P\u00ebrmbledhja","@id":"https:\/\/permbledhja.com\/#\/schema\/person\/0d064377258d3221e50693947b9eb4fe"},"headline":"Komandanti i KFOR-it paralajm\u00ebron shtimin e numrit t\u00eb ushtar\u00ebve t\u00eb NATO-s n\u00eb Kosov\u00eb","datePublished":"2023-10-06T10:34:01+00:00","dateModified":"2023-10-06T10:34:01+00:00","mainEntityOfPage":{"@id":"https:\/\/permbledhja.com\/sq\/komandanti-i-kfor-it-paralajmeron-shtimin-e-numrit-te-ushtareve-te-nato-s-ne-kosove\/"},"wordCount":343,"publisher":{"@id":"https:\/\/permbledhja.com\/#organization"},"keywords":["KFOR"],"articleSection":["Komb\u00ebtare","Lajme"],"inLanguage":"sq"},{"@type":"WebPage","@id":"https:\/\/permbledhja.com\/sq\/komandanti-i-kfor-it-paralajmeron-shtimin-e-numrit-te-ushtareve-te-nato-s-ne-kosove\/","url":"https:\/\/permbledhja.com\/sq\/komandanti-i-kfor-it-paralajmeron-shtimin-e-numrit-te-ushtareve-te-nato-s-ne-kosove\/","name":"Komandanti i KFOR-it paralajm\u00ebron shtimin e numrit t\u00eb ushtar\u00ebve t\u00eb NATO-s n\u00eb Kosov\u00eb","isPartOf":{"@id":"https:\/\/permbledhja.com\/#website"},"datePublished":"2023-10-06T10:34:01+00:00","dateModified":"2023-10-06T10:34:01+00:00","breadcrumb":{"@id":"https:\/\/permbledhja.com\/sq\/komandanti-i-kfor-it-paralajmeron-shtimin-e-numrit-te-ushtareve-te-nato-s-ne-kosove\/#breadcrumb"},"inLanguage":"sq","potentialAction":[{"@type":"ReadAction","target":["https:\/\/permbledhja.com\/sq\/komandanti-i-kfor-it-paralajmeron-shtimin-e-numrit-te-ushtareve-te-nato-s-ne-kosove\/"]}]},{"@type":"BreadcrumbList","@id":"https:\/\/permbledhja.com\/sq\/komandanti-i-kfor-it-paralajmeron-shtimin-e-numrit-te-ushtareve-te-nato-s-ne-kosove\/#breadcrumb","itemListElement":[{"@type":"ListItem","position":1,"name":"Ballina","item":"https:\/\/permbledhja.com\/sq\/"},{"@type":"ListItem","position":2,"name":"Komandanti i KFOR-it paralajm\u00ebron shtimin e numrit t\u00eb ushtar\u00ebve t\u00eb NATO-s n\u00eb Kosov\u00eb"}]},{"@type":"WebSite","@id":"https:\/\/permbledhja.com\/#website","url":"https:\/\/permbledhja.com\/","name":"Ve\u00e7 artikuj p\u00ebrmbledh\u00ebs","description":"","publisher":{"@id":"https:\/\/permbledhja.com\/#organization"},"potentialAction":[{"@type":"SearchAction","target":{"@type":"EntryPoint","urlTemplate":"https:\/\/permbledhja.com\/?s={search_term_string}"},"query-input":"required name=search_term_string"}],"inLanguage":"sq"},{"@type":"Organization","@id":"https:\/\/permbledhja.com\/#organization","name":"MK Media & Pr","url":"https:\/\/permbledhja.com\/","logo":{"@type":"ImageObject","inLanguage":"sq","@id":"https:\/\/permbledhja.com\/#\/schema\/logo\/image\/","url":"https:\/\/permbledhja.com\/wp-content\/uploads\/2021\/12\/07-Press-Logo.jpg","contentUrl":"https:\/\/permbledhja.com\/wp-content\/uploads\/2021\/12\/07-Press-Logo.jpg","width":512,"height":512,"caption":"MK Media & Pr"},"image":{"@id":"https:\/\/permbledhja.com\/#\/schema\/logo\/image\/"},"sameAs":["https:\/\/www.facebook.com\/press07\/"]},{"@type":"Person","@id":"https:\/\/permbledhja.com\/#\/schema\/person\/0d064377258d3221e50693947b9eb4fe","name":"P\u00ebrmbledhja","image":{"@type":"ImageObject","inLanguage":"sq","@id":"https:\/\/permbledhja.com\/#\/schema\/person\/image\/","url":"https:\/\/permbledhja.com\/wp-content\/uploads\/2026\/01\/452004717_1040944174702970_8932037511805513407_n-96x96.jpg","contentUrl":"https:\/\/permbledhja.com\/wp-content\/uploads\/2026\/01\/452004717_1040944174702970_8932037511805513407_n-96x96.jpg","caption":"P\u00ebrmbledhja"},"sameAs":["https:\/\/www.facebook.com\/kafexhiu.muharrem\/","https:\/\/www.instagram.com\/muharrem_kafexhiu\/"],"url":"https:\/\/permbledhja.com\/sq\/author\/admin\/"}]}},"_links":{"self":[{"href":"https:\/\/permbledhja.com\/sq\/wp-json\/wp\/v2\/posts\/30029"}],"collection":[{"href":"https:\/\/permbledhja.com\/sq\/wp-json\/wp\/v2\/posts"}],"about":[{"href":"https:\/\/permbledhja.com\/sq\/wp-json\/wp\/v2\/types\/post"}],"author":[{"embeddable":true,"href":"https:\/\/permbledhja.com\/sq\/wp-json\/wp\/v2\/users\/1"}],"replies":[{"embeddable":true,"href":"https:\/\/permbledhja.com\/sq\/wp-json\/wp\/v2\/comments?post=30029"}],"version-history":[{"count":1,"href":"https:\/\/permbledhja.com\/sq\/wp-json\/wp\/v2\/posts\/30029\/revisions"}],"predecessor-version":[{"id":30030,"href":"https:\/\/permbledhja.com\/sq\/wp-json\/wp\/v2\/posts\/30029\/revisions\/30030"}],"wp:featuredmedia":[{"embeddable":true,"href":"https:\/\/permbledhja.com\/sq\/wp-json\/wp\/v2\/media\/29705"}],"wp:attachment":[{"href":"https:\/\/permbledhja.com\/sq\/wp-json\/wp\/v2\/media?parent=30029"}],"wp:term":[{"taxonomy":"category","embeddable":true,"href":"https:\/\/permbledhja.com\/sq\/wp-json\/wp\/v2\/categories?post=30029"},{"taxonomy":"post_tag","embeddable":true,"href":"https:\/\/permbledhja.com\/sq\/wp-json\/wp\/v2\/tags?post=30029"}],"curies":[{"name":"wp","href":"https:\/\/api.w.org\/{rel}","templated":true}]}}