{"id":30011,"date":"2023-10-06T08:00:11","date_gmt":"2023-10-06T08:00:11","guid":{"rendered":"https:\/\/permbledhja.com\/?p=30011"},"modified":"2023-10-06T08:00:11","modified_gmt":"2023-10-06T08:00:11","slug":"komandanti-i-kfor-it-ndaluam-eskalimin-ne-banjske-kosova-e-serbia-te-angazhohen-ne-dialog","status":"publish","type":"post","link":"https:\/\/permbledhja.com\/sq\/komandanti-i-kfor-it-ndaluam-eskalimin-ne-banjske-kosova-e-serbia-te-angazhohen-ne-dialog\/","title":{"rendered":"Komandanti i KFOR-it: Ndaluam eskalimin n\u00eb Banjsk\u00eb, Kosova e Serbia t\u00eb angazhohen n\u00eb dialog"},"content":{"rendered":"<p><b>Angelo Michele Ristuccia, komandat i KFOR-it, ka folur s\u00ebrish p\u00ebr sulmin e 24 shtatorit n\u00eb Banjsk\u00eb t\u00eb Zve\u00e7anit, ku ra n\u00eb krye t\u00eb detyr\u00ebs nj\u00eb polic kosovar dhe mbet\u00ebn t\u00eb vrar\u00eb tre terrorist\u00eb.<\/b> N\u00eb prononcimin e tij, Ristuccia ka theksuar se KFOR-i ka ndaluar q\u00eb ngjarjet n\u00eb veri t\u00eb eskalonin n\u00eb nj\u00eb situat\u00eb m\u00eb t\u00eb r\u00ebnd\u00eb.<\/p>\n<p>Tutje, ai ka treguar se ka pasur nj\u00eb komunikim t\u00eb ngjeshur me shum\u00eb pal\u00eb dit\u00ebn e sulmit terrorist n\u00eb Banjsk\u00eb.<\/p>\n<p><i>\u201cPas sulmit ndaj Policis\u00eb s\u00eb Kosov\u00ebs n\u00eb Banjsk\u00eb, Policia e Kosov\u00ebs ka nd\u00ebrhyr\u00eb si reaguese e par\u00eb, duke reaguar n\u00eb p\u00ebrputhje me p\u00ebrgjegj\u00ebsit\u00eb e veta ligjzbatuese. Prania e trupave t\u00eb KFOR-it n\u00eb at\u00eb zon\u00eb ndaloi q\u00eb ngjarjet t\u00eb eskalojn\u00eb n\u00eb nj\u00eb situat\u00eb m\u00eb t\u00eb r\u00ebnd\u00eb. Kam qen\u00eb n\u00eb kontakt t\u00eb rregullt me \u200b\u200bt\u00eb gjith\u00eb koleg\u00ebt e mi relevant, p\u00ebrfshir\u00eb EULEX-in, p\u00ebrfaq\u00ebsuesit e institucioneve t\u00eb Kosov\u00ebs dhe organizatave t\u00eb siguris\u00eb s\u00eb Kosov\u00ebs, si dhe me shefin e Shtabit t\u00eb P\u00ebrgjithsh\u00ebm t\u00eb Ushtris\u00eb Serbe.\u201d<\/i>\u2013 <a href=\"https:\/\/www.kosovo-online.com\/vesti\/intervjui\/ristuca-kfor-sprecio-da-u-banjskoj-situacija-eksalira-u-jos-ozbiljniju-6-10-2023?fbclid=IwAR2uW0LFw-71FXW1V2PwX_H4lan8i3UFK7FaRQF5NhP7ZAmDGGKaeW3T1IU\">deklaroi ai p\u00ebr Kosovo-Online.<\/a><\/p>\n<p>Tutje, ai ka rip\u00ebrs\u00ebritur k\u00ebrkes\u00ebn q\u00eb pal\u00ebt, pra Kosova e Serbia, t\u00eb angazhohen n\u00eb dialogun e leht\u00ebsuar nga BE-ja.<\/p>\n<p><i>\u201cKFOR-i mbetet plot\u00ebsisht i p\u00ebrkushtuar n\u00eb zbatimin e mandatit t\u00eb tij, n\u00eb m\u00ebnyr\u00eb t\u00eb paanshme, bazuar n\u00eb Rezolut\u00ebn 1244 t\u00eb K\u00ebshillit t\u00eb Sigurimit t\u00eb Kombeve t\u00eb Bashkuara t\u00eb vitit 1999, me q\u00ebllim q\u00eb t\u00eb ruaj\u00eb nj\u00eb mjedis t\u00eb sigurt dhe lirin\u00eb e l\u00ebvizjes p\u00ebr t\u00eb gjitha komunitetet n\u00eb Kosov\u00eb. KFOR nuk kryen aktivitete t\u00eb zbatimit t\u00eb ligjit, q\u00eb \u00ebsht\u00eb detyr\u00eb ekskluzive e Policis\u00eb s\u00eb Kosov\u00ebs, e cila vepron si reaguese e par\u00eb. K\u00ebto aktivitete monitorohen nga Misioni i Bashkimit Evropian p\u00ebr Sundimin e Ligjit (EULEX), si p\u00ebrgjegj\u00ebs i dyt\u00eb. KFOR \u00ebsht\u00eb reaguesi i tret\u00eb. N\u00eb drit\u00ebn e ngjarjeve t\u00eb fundit, KFOR ka shtuar pranin\u00eb dhe aktivitetet e tij n\u00eb veri t\u00eb Kosov\u00ebs. Ne vazhdojm\u00eb t\u2019i b\u00ebjm\u00eb thirrje Beogradit dhe Prishtin\u00ebs q\u00eb t\u00eb angazhohen n\u00eb dialogun e nd\u00ebrmjet\u00ebsuar nga BE-ja, si m\u00ebnyra e vetme p\u00ebr t\u00eb zgjidhur \u00e7\u00ebshtjet e hapura dhe p\u00ebr t\u00eb gjetur zgjidhje q\u00eb respektojn\u00eb t\u00eb drejtat e t\u00eb gjitha komuniteteve. Kjo \u00ebsht\u00eb thelb\u00ebsore p\u00ebr sigurin\u00eb afatgjat\u00eb n\u00eb Kosov\u00eb dhe stabilitetin n\u00eb rajon.\u201d<\/i> \u2013 shtoi Ristuccia.<\/p>\n<p>Ndryshe, p\u00ebr sulmin terrorist n\u00eb Banjsk\u00eb, mbr\u00ebm\u00eb s\u00ebrish ka folur Xhelal Sve\u00e7la, minist\u00ebr i Pun\u00ebve t\u00eb Brendshme i Kosov\u00ebs. N\u00eb nj\u00eb intervist\u00eb n\u00eb televizioni \u201cSyri\u201d t\u00eb Shqip\u00ebris\u00eb, ku ka treguar se at\u00eb dit\u00eb n\u00eb Kosov\u00eb ishin deri n\u00eb 90-t\u00eb terrorist\u00eb.<\/p>\n<p>Duke folur p\u00ebr synimet e grupit terrorist, Sve\u00e7la vler\u00ebsoi se q\u00ebllimi i grupit ishte hapja e nj\u00eb korridori n\u00eb dy komuna, at\u00eb t\u00eb Mitrovic\u00ebs s\u00eb Veriut dhe Zve\u00e7anit.<\/p>\n<p><i>\u201cAi jo vet\u00ebm se shp\u00ebrtoi dhjetra e dhjetra jet\u00eb t\u00eb koleg\u00ebve t\u00eb tij por shp\u00ebtoi Kosov\u00ebn nga nj\u00eb skenar shum\u00eb ogurzi. Ne kemi shum\u00eb informata q\u00eb zbardhin skenarin e Serbis\u00eb n\u00eb 24 shtator, kishte diku deri n\u00eb 90 terrorist t\u00eb cil\u00ebt u fut\u00ebn me armatime t\u00eb r\u00ebnda n\u00eb republik\u00ebn e Kosov\u00ebs dhe planifikuan t\u00eb realizojn\u00eb nj\u00eb korridor mes republik\u00ebs s\u00eb Serbis\u00eb dhe dy komunave, Mitrovic\u00ebs s\u00eb Veriut dhe Zve\u00e7anit.\u201d <\/i>\u2013 theksoi ai.<\/p>\n<p>Sve\u00e7la dha edhe nj\u00eb paralajm\u00ebrim, duke th\u00ebn\u00eb se skenare t\u00eb tilla nuk p\u00ebrjashtohen se mund t\u00eb ndodhin s\u00ebrish.<\/p>\n<p><b><i>\u201cKy skenar nuk p\u00ebrjashtohet se do t\u00eb p\u00ebrs\u00ebritet<\/i><\/b><i>. Fatmir\u00ebsisht ata u ndan\u00eb jasht\u00ebzakonisht keq pas reagimit jasht\u00ebzakonisht profesional t\u00eb policis\u00eb s\u00eb Kosov\u00ebs dhe kjo i jep shpres\u00ebn se ata jan\u00eb d\u00ebmtuar aq sa mos t\u00eb provojn\u00eb s\u00ebrish, por Serbis\u00eb, Aleksand\u00ebr Vu\u00e7i\u00e7 dhe qeveris\u00eb s\u00eb tij nuk i zihet bes\u00eb asesi.\u201d<\/i> \u2013 deklaroi tutje Sve\u00e7la.\/Nacionale<\/p>\n","protected":false},"excerpt":{"rendered":"<p>Angelo Michele Ristuccia, komandat i KFOR-it, ka folur s\u00ebrish p\u00ebr sulmin e 24 shtatorit n\u00eb Banjsk\u00eb t\u00eb Zve\u00e7anit, ku ra n\u00eb krye t\u00eb detyr\u00ebs nj\u00eb polic kosovar dhe mbet\u00ebn t\u00eb vrar\u00eb tre terrorist\u00eb. N\u00eb prononcimin e tij, Ristuccia ka theksuar se KFOR-i ka ndaluar q\u00eb ngjarjet n\u00eb veri t\u00eb eskalonin n\u00eb nj\u00eb situat\u00eb m\u00eb t\u00eb [&hellip;]<\/p>\n","protected":false},"author":1,"featured_media":23575,"comment_status":"closed","ping_status":"closed","sticky":false,"template":"","format":"standard","meta":{"_monsterinsights_skip_tracking":false,"_monsterinsights_sitenote_active":false,"_monsterinsights_sitenote_note":"","_monsterinsights_sitenote_category":0,"_uf_show_specific_survey":0,"_uf_disable_surveys":false,"footnotes":""},"categories":[23,15],"tags":[517],"yoast_head":"<!-- This site is optimized with the Yoast SEO plugin v21.5 - https:\/\/yoast.com\/wordpress\/plugins\/seo\/ -->\n<title>Komandanti i KFOR-it: Ndaluam eskalimin n\u00eb Banjsk\u00eb, Kosova e Serbia t\u00eb angazhohen n\u00eb dialog<\/title>\n<meta name=\"robots\" content=\"index, follow, max-snippet:-1, max-image-preview:large, max-video-preview:-1\" \/>\n<link rel=\"canonical\" href=\"https:\/\/permbledhja.com\/sq\/komandanti-i-kfor-it-ndaluam-eskalimin-ne-banjske-kosova-e-serbia-te-angazhohen-ne-dialog\/\" \/>\n<meta property=\"og:locale\" content=\"sq_AL\" \/>\n<meta property=\"og:type\" content=\"article\" \/>\n<meta property=\"og:title\" content=\"Komandanti i KFOR-it: Ndaluam eskalimin n\u00eb Banjsk\u00eb, Kosova e Serbia t\u00eb angazhohen n\u00eb dialog\" \/>\n<meta property=\"og:description\" content=\"Angelo Michele Ristuccia, komandat i KFOR-it, ka folur s\u00ebrish p\u00ebr sulmin e 24 shtatorit n\u00eb Banjsk\u00eb t\u00eb Zve\u00e7anit, ku ra n\u00eb krye t\u00eb detyr\u00ebs nj\u00eb polic kosovar dhe mbet\u00ebn t\u00eb vrar\u00eb tre terrorist\u00eb. N\u00eb prononcimin e tij, Ristuccia ka theksuar se KFOR-i ka ndaluar q\u00eb ngjarjet n\u00eb veri t\u00eb eskalonin n\u00eb nj\u00eb situat\u00eb m\u00eb t\u00eb [&hellip;]\" \/>\n<meta property=\"og:url\" content=\"https:\/\/permbledhja.com\/sq\/komandanti-i-kfor-it-ndaluam-eskalimin-ne-banjske-kosova-e-serbia-te-angazhohen-ne-dialog\/\" \/>\n<meta property=\"og:site_name\" content=\"Ve\u00e7 artikuj p\u00ebrmbledh\u00ebs\" \/>\n<meta property=\"article:publisher\" content=\"https:\/\/www.facebook.com\/press07\/\" \/>\n<meta property=\"article:author\" content=\"https:\/\/www.facebook.com\/kafexhiu.muharrem\/\" \/>\n<meta property=\"article:published_time\" content=\"2023-10-06T08:00:11+00:00\" \/>\n<meta property=\"og:image\" content=\"https:\/\/permbledhja.com\/wp-content\/uploads\/2023\/08\/kfori-amerikan.jpg\" \/>\n\t<meta property=\"og:image:width\" content=\"1728\" \/>\n\t<meta property=\"og:image:height\" content=\"840\" \/>\n\t<meta property=\"og:image:type\" content=\"image\/jpeg\" \/>\n<meta name=\"author\" content=\"P\u00ebrmbledhja\" \/>\n<meta name=\"twitter:card\" content=\"summary_large_image\" \/>\n<meta name=\"twitter:label1\" content=\"Written by\" \/>\n\t<meta name=\"twitter:data1\" content=\"P\u00ebrmbledhja\" \/>\n\t<meta name=\"twitter:label2\" content=\"Est. reading time\" \/>\n\t<meta name=\"twitter:data2\" content=\"3 minuta\" \/>\n<script type=\"application\/ld+json\" class=\"yoast-schema-graph\">{\"@context\":\"https:\/\/schema.org\",\"@graph\":[{\"@type\":\"Article\",\"@id\":\"https:\/\/permbledhja.com\/komandanti-i-kfor-it-ndaluam-eskalimin-ne-banjske-kosova-e-serbia-te-angazhohen-ne-dialog\/#article\",\"isPartOf\":{\"@id\":\"https:\/\/permbledhja.com\/komandanti-i-kfor-it-ndaluam-eskalimin-ne-banjske-kosova-e-serbia-te-angazhohen-ne-dialog\/\"},\"author\":{\"name\":\"P\u00ebrmbledhja\",\"@id\":\"https:\/\/permbledhja.com\/#\/schema\/person\/0d064377258d3221e50693947b9eb4fe\"},\"headline\":\"Komandanti i KFOR-it: Ndaluam eskalimin n\u00eb Banjsk\u00eb, Kosova e Serbia t\u00eb angazhohen n\u00eb dialog\",\"datePublished\":\"2023-10-06T08:00:11+00:00\",\"dateModified\":\"2023-10-06T08:00:11+00:00\",\"mainEntityOfPage\":{\"@id\":\"https:\/\/permbledhja.com\/komandanti-i-kfor-it-ndaluam-eskalimin-ne-banjske-kosova-e-serbia-te-angazhohen-ne-dialog\/\"},\"wordCount\":666,\"publisher\":{\"@id\":\"https:\/\/permbledhja.com\/#organization\"},\"keywords\":[\"KFOR\"],\"articleSection\":[\"Komb\u00ebtare\",\"Lajme\"],\"inLanguage\":\"sq\"},{\"@type\":\"WebPage\",\"@id\":\"https:\/\/permbledhja.com\/komandanti-i-kfor-it-ndaluam-eskalimin-ne-banjske-kosova-e-serbia-te-angazhohen-ne-dialog\/\",\"url\":\"https:\/\/permbledhja.com\/komandanti-i-kfor-it-ndaluam-eskalimin-ne-banjske-kosova-e-serbia-te-angazhohen-ne-dialog\/\",\"name\":\"Komandanti i KFOR-it: Ndaluam eskalimin n\u00eb Banjsk\u00eb, Kosova e Serbia t\u00eb angazhohen n\u00eb dialog\",\"isPartOf\":{\"@id\":\"https:\/\/permbledhja.com\/#website\"},\"datePublished\":\"2023-10-06T08:00:11+00:00\",\"dateModified\":\"2023-10-06T08:00:11+00:00\",\"breadcrumb\":{\"@id\":\"https:\/\/permbledhja.com\/komandanti-i-kfor-it-ndaluam-eskalimin-ne-banjske-kosova-e-serbia-te-angazhohen-ne-dialog\/#breadcrumb\"},\"inLanguage\":\"sq\",\"potentialAction\":[{\"@type\":\"ReadAction\",\"target\":[\"https:\/\/permbledhja.com\/komandanti-i-kfor-it-ndaluam-eskalimin-ne-banjske-kosova-e-serbia-te-angazhohen-ne-dialog\/\"]}]},{\"@type\":\"BreadcrumbList\",\"@id\":\"https:\/\/permbledhja.com\/komandanti-i-kfor-it-ndaluam-eskalimin-ne-banjske-kosova-e-serbia-te-angazhohen-ne-dialog\/#breadcrumb\",\"itemListElement\":[{\"@type\":\"ListItem\",\"position\":1,\"name\":\"Ballina\",\"item\":\"https:\/\/permbledhja.com\/sq\/\"},{\"@type\":\"ListItem\",\"position\":2,\"name\":\"Komandanti i KFOR-it: Ndaluam eskalimin n\u00eb Banjsk\u00eb, Kosova e Serbia t\u00eb angazhohen n\u00eb dialog\"}]},{\"@type\":\"WebSite\",\"@id\":\"https:\/\/permbledhja.com\/#website\",\"url\":\"https:\/\/permbledhja.com\/\",\"name\":\"Ve\u00e7 artikuj p\u00ebrmbledh\u00ebs\",\"description\":\"\",\"publisher\":{\"@id\":\"https:\/\/permbledhja.com\/#organization\"},\"potentialAction\":[{\"@type\":\"SearchAction\",\"target\":{\"@type\":\"EntryPoint\",\"urlTemplate\":\"https:\/\/permbledhja.com\/?s={search_term_string}\"},\"query-input\":\"required name=search_term_string\"}],\"inLanguage\":\"sq\"},{\"@type\":\"Organization\",\"@id\":\"https:\/\/permbledhja.com\/#organization\",\"name\":\"MK Media & Pr\",\"url\":\"https:\/\/permbledhja.com\/\",\"logo\":{\"@type\":\"ImageObject\",\"inLanguage\":\"sq\",\"@id\":\"https:\/\/permbledhja.com\/#\/schema\/logo\/image\/\",\"url\":\"https:\/\/permbledhja.com\/wp-content\/uploads\/2021\/12\/07-Press-Logo.jpg\",\"contentUrl\":\"https:\/\/permbledhja.com\/wp-content\/uploads\/2021\/12\/07-Press-Logo.jpg\",\"width\":512,\"height\":512,\"caption\":\"MK Media & Pr\"},\"image\":{\"@id\":\"https:\/\/permbledhja.com\/#\/schema\/logo\/image\/\"},\"sameAs\":[\"https:\/\/www.facebook.com\/press07\/\"]},{\"@type\":\"Person\",\"@id\":\"https:\/\/permbledhja.com\/#\/schema\/person\/0d064377258d3221e50693947b9eb4fe\",\"name\":\"P\u00ebrmbledhja\",\"image\":{\"@type\":\"ImageObject\",\"inLanguage\":\"sq\",\"@id\":\"https:\/\/permbledhja.com\/#\/schema\/person\/image\/\",\"url\":\"https:\/\/permbledhja.com\/wp-content\/uploads\/2026\/01\/452004717_1040944174702970_8932037511805513407_n-96x96.jpg\",\"contentUrl\":\"https:\/\/permbledhja.com\/wp-content\/uploads\/2026\/01\/452004717_1040944174702970_8932037511805513407_n-96x96.jpg\",\"caption\":\"P\u00ebrmbledhja\"},\"sameAs\":[\"https:\/\/www.facebook.com\/kafexhiu.muharrem\/\",\"https:\/\/www.instagram.com\/muharrem_kafexhiu\/\"],\"url\":\"https:\/\/permbledhja.com\/sq\/author\/admin\/\"}]}<\/script>\n<!-- \/ Yoast SEO plugin. -->","yoast_head_json":{"title":"Komandanti i KFOR-it: Ndaluam eskalimin n\u00eb Banjsk\u00eb, Kosova e Serbia t\u00eb angazhohen n\u00eb dialog","robots":{"index":"index","follow":"follow","max-snippet":"max-snippet:-1","max-image-preview":"max-image-preview:large","max-video-preview":"max-video-preview:-1"},"canonical":"https:\/\/permbledhja.com\/sq\/komandanti-i-kfor-it-ndaluam-eskalimin-ne-banjske-kosova-e-serbia-te-angazhohen-ne-dialog\/","og_locale":"sq_AL","og_type":"article","og_title":"Komandanti i KFOR-it: Ndaluam eskalimin n\u00eb Banjsk\u00eb, Kosova e Serbia t\u00eb angazhohen n\u00eb dialog","og_description":"Angelo Michele Ristuccia, komandat i KFOR-it, ka folur s\u00ebrish p\u00ebr sulmin e 24 shtatorit n\u00eb Banjsk\u00eb t\u00eb Zve\u00e7anit, ku ra n\u00eb krye t\u00eb detyr\u00ebs nj\u00eb polic kosovar dhe mbet\u00ebn t\u00eb vrar\u00eb tre terrorist\u00eb. N\u00eb prononcimin e tij, Ristuccia ka theksuar se KFOR-i ka ndaluar q\u00eb ngjarjet n\u00eb veri t\u00eb eskalonin n\u00eb nj\u00eb situat\u00eb m\u00eb t\u00eb [&hellip;]","og_url":"https:\/\/permbledhja.com\/sq\/komandanti-i-kfor-it-ndaluam-eskalimin-ne-banjske-kosova-e-serbia-te-angazhohen-ne-dialog\/","og_site_name":"Ve\u00e7 artikuj p\u00ebrmbledh\u00ebs","article_publisher":"https:\/\/www.facebook.com\/press07\/","article_author":"https:\/\/www.facebook.com\/kafexhiu.muharrem\/","article_published_time":"2023-10-06T08:00:11+00:00","og_image":[{"width":1728,"height":840,"url":"https:\/\/permbledhja.com\/wp-content\/uploads\/2023\/08\/kfori-amerikan.jpg","type":"image\/jpeg"}],"author":"P\u00ebrmbledhja","twitter_card":"summary_large_image","twitter_misc":{"Written by":"P\u00ebrmbledhja","Est. reading time":"3 minuta"},"schema":{"@context":"https:\/\/schema.org","@graph":[{"@type":"Article","@id":"https:\/\/permbledhja.com\/komandanti-i-kfor-it-ndaluam-eskalimin-ne-banjske-kosova-e-serbia-te-angazhohen-ne-dialog\/#article","isPartOf":{"@id":"https:\/\/permbledhja.com\/komandanti-i-kfor-it-ndaluam-eskalimin-ne-banjske-kosova-e-serbia-te-angazhohen-ne-dialog\/"},"author":{"name":"P\u00ebrmbledhja","@id":"https:\/\/permbledhja.com\/#\/schema\/person\/0d064377258d3221e50693947b9eb4fe"},"headline":"Komandanti i KFOR-it: Ndaluam eskalimin n\u00eb Banjsk\u00eb, Kosova e Serbia t\u00eb angazhohen n\u00eb dialog","datePublished":"2023-10-06T08:00:11+00:00","dateModified":"2023-10-06T08:00:11+00:00","mainEntityOfPage":{"@id":"https:\/\/permbledhja.com\/komandanti-i-kfor-it-ndaluam-eskalimin-ne-banjske-kosova-e-serbia-te-angazhohen-ne-dialog\/"},"wordCount":666,"publisher":{"@id":"https:\/\/permbledhja.com\/#organization"},"keywords":["KFOR"],"articleSection":["Komb\u00ebtare","Lajme"],"inLanguage":"sq"},{"@type":"WebPage","@id":"https:\/\/permbledhja.com\/komandanti-i-kfor-it-ndaluam-eskalimin-ne-banjske-kosova-e-serbia-te-angazhohen-ne-dialog\/","url":"https:\/\/permbledhja.com\/komandanti-i-kfor-it-ndaluam-eskalimin-ne-banjske-kosova-e-serbia-te-angazhohen-ne-dialog\/","name":"Komandanti i KFOR-it: Ndaluam eskalimin n\u00eb Banjsk\u00eb, Kosova e Serbia t\u00eb angazhohen n\u00eb dialog","isPartOf":{"@id":"https:\/\/permbledhja.com\/#website"},"datePublished":"2023-10-06T08:00:11+00:00","dateModified":"2023-10-06T08:00:11+00:00","breadcrumb":{"@id":"https:\/\/permbledhja.com\/komandanti-i-kfor-it-ndaluam-eskalimin-ne-banjske-kosova-e-serbia-te-angazhohen-ne-dialog\/#breadcrumb"},"inLanguage":"sq","potentialAction":[{"@type":"ReadAction","target":["https:\/\/permbledhja.com\/komandanti-i-kfor-it-ndaluam-eskalimin-ne-banjske-kosova-e-serbia-te-angazhohen-ne-dialog\/"]}]},{"@type":"BreadcrumbList","@id":"https:\/\/permbledhja.com\/komandanti-i-kfor-it-ndaluam-eskalimin-ne-banjske-kosova-e-serbia-te-angazhohen-ne-dialog\/#breadcrumb","itemListElement":[{"@type":"ListItem","position":1,"name":"Ballina","item":"https:\/\/permbledhja.com\/sq\/"},{"@type":"ListItem","position":2,"name":"Komandanti i KFOR-it: Ndaluam eskalimin n\u00eb Banjsk\u00eb, Kosova e Serbia t\u00eb angazhohen n\u00eb dialog"}]},{"@type":"WebSite","@id":"https:\/\/permbledhja.com\/#website","url":"https:\/\/permbledhja.com\/","name":"Ve\u00e7 artikuj p\u00ebrmbledh\u00ebs","description":"","publisher":{"@id":"https:\/\/permbledhja.com\/#organization"},"potentialAction":[{"@type":"SearchAction","target":{"@type":"EntryPoint","urlTemplate":"https:\/\/permbledhja.com\/?s={search_term_string}"},"query-input":"required name=search_term_string"}],"inLanguage":"sq"},{"@type":"Organization","@id":"https:\/\/permbledhja.com\/#organization","name":"MK Media & Pr","url":"https:\/\/permbledhja.com\/","logo":{"@type":"ImageObject","inLanguage":"sq","@id":"https:\/\/permbledhja.com\/#\/schema\/logo\/image\/","url":"https:\/\/permbledhja.com\/wp-content\/uploads\/2021\/12\/07-Press-Logo.jpg","contentUrl":"https:\/\/permbledhja.com\/wp-content\/uploads\/2021\/12\/07-Press-Logo.jpg","width":512,"height":512,"caption":"MK Media & Pr"},"image":{"@id":"https:\/\/permbledhja.com\/#\/schema\/logo\/image\/"},"sameAs":["https:\/\/www.facebook.com\/press07\/"]},{"@type":"Person","@id":"https:\/\/permbledhja.com\/#\/schema\/person\/0d064377258d3221e50693947b9eb4fe","name":"P\u00ebrmbledhja","image":{"@type":"ImageObject","inLanguage":"sq","@id":"https:\/\/permbledhja.com\/#\/schema\/person\/image\/","url":"https:\/\/permbledhja.com\/wp-content\/uploads\/2026\/01\/452004717_1040944174702970_8932037511805513407_n-96x96.jpg","contentUrl":"https:\/\/permbledhja.com\/wp-content\/uploads\/2026\/01\/452004717_1040944174702970_8932037511805513407_n-96x96.jpg","caption":"P\u00ebrmbledhja"},"sameAs":["https:\/\/www.facebook.com\/kafexhiu.muharrem\/","https:\/\/www.instagram.com\/muharrem_kafexhiu\/"],"url":"https:\/\/permbledhja.com\/sq\/author\/admin\/"}]}},"_links":{"self":[{"href":"https:\/\/permbledhja.com\/sq\/wp-json\/wp\/v2\/posts\/30011"}],"collection":[{"href":"https:\/\/permbledhja.com\/sq\/wp-json\/wp\/v2\/posts"}],"about":[{"href":"https:\/\/permbledhja.com\/sq\/wp-json\/wp\/v2\/types\/post"}],"author":[{"embeddable":true,"href":"https:\/\/permbledhja.com\/sq\/wp-json\/wp\/v2\/users\/1"}],"replies":[{"embeddable":true,"href":"https:\/\/permbledhja.com\/sq\/wp-json\/wp\/v2\/comments?post=30011"}],"version-history":[{"count":1,"href":"https:\/\/permbledhja.com\/sq\/wp-json\/wp\/v2\/posts\/30011\/revisions"}],"predecessor-version":[{"id":30012,"href":"https:\/\/permbledhja.com\/sq\/wp-json\/wp\/v2\/posts\/30011\/revisions\/30012"}],"wp:featuredmedia":[{"embeddable":true,"href":"https:\/\/permbledhja.com\/sq\/wp-json\/wp\/v2\/media\/23575"}],"wp:attachment":[{"href":"https:\/\/permbledhja.com\/sq\/wp-json\/wp\/v2\/media?parent=30011"}],"wp:term":[{"taxonomy":"category","embeddable":true,"href":"https:\/\/permbledhja.com\/sq\/wp-json\/wp\/v2\/categories?post=30011"},{"taxonomy":"post_tag","embeddable":true,"href":"https:\/\/permbledhja.com\/sq\/wp-json\/wp\/v2\/tags?post=30011"}],"curies":[{"name":"wp","href":"https:\/\/api.w.org\/{rel}","templated":true}]}}