{"id":30009,"date":"2023-10-06T06:22:25","date_gmt":"2023-10-06T06:22:25","guid":{"rendered":"https:\/\/permbledhja.com\/?p=30009"},"modified":"2023-10-06T12:29:22","modified_gmt":"2023-10-06T12:29:22","slug":"1sulmi-terrorist-ne-banjsk-mund-te-perseritet1","status":"publish","type":"post","link":"https:\/\/permbledhja.com\/sq\/1sulmi-terrorist-ne-banjsk-mund-te-perseritet1\/","title":{"rendered":"\u201cSulmi terrorist n\u00eb Banjsk\u00eb mund t\u00eb p\u00ebrs\u00ebritet\u201d"},"content":{"rendered":"<p><b>Xhelal Sve\u00e7la, minist\u00ebr i Pun\u00ebve t\u00eb Brendshme, ka vazhduar t\u00eb shpjegoj\u00eb sulmin terrorist t\u00eb ndodhur m\u00eb 24 shtator, ku n\u00eb detyr\u00eb ra nj\u00eb polic i Kosov\u00ebs dhe mbet\u00ebn t\u00eb vrar\u00eb tre terrorist. N\u00eb lidhje me k\u00ebt\u00eb tem\u00eb, ai s\u00eb fundmi ka dh\u00ebn\u00eb nj\u00eb intervist\u00eb n\u00eb televizioni \u201cSyri\u201d t\u00eb Shqip\u00ebris\u00eb, ku ka treguar se at\u00eb dit\u00eb n\u00eb Kosov\u00eb ishin deri n\u00eb 90-t\u00eb terrorist\u00eb. Madje, Sve\u00e7la ka deklaruar se t\u00eb till\u00eb skenar nuk p\u00ebrjashtohen se mund t\u00eb p\u00ebrs\u00ebriten. \u00c7far\u00eb tha ministri Sve\u00e7la?<\/b><\/p>\n<p>Duke folur p\u00ebr synimet e grupit terrorist, Sve\u00e7la vler\u00ebsoi se q\u00ebllimi i grupit ishte hapja e nj\u00eb korridori n\u00eb dy komuna, at\u00eb t\u00eb Mitrovic\u00ebs s\u00eb Veriut dhe Zve\u00e7anit.<\/p>\n<p><i>\u201cAi jo vet\u00ebm se shp\u00ebrtoi dhjetra e dhjetra jet\u00eb t\u00eb koleg\u00ebve t\u00eb tij por shp\u00ebtoi Kosov\u00ebn nga nj\u00eb skenar shum\u00eb ogurzi. Ne kemi shum\u00eb informata q\u00eb zbardhin skenarin e Serbis\u00eb n\u00eb 24 shtator, kishte diku deri n\u00eb 90 terrorist t\u00eb cil\u00ebt u fut\u00ebn me armatime t\u00eb r\u00ebnda n\u00eb republik\u00ebn e Kosov\u00ebs dhe planifikuan t\u00eb realizojn\u00eb nj\u00eb korridor mes republik\u00ebs s\u00eb Serbis\u00eb dhe dy komunave, Mitrovic\u00ebs s\u00eb Veriut dhe Zve\u00e7anit.\u201d <\/i>\u2013 theksoi ai.<\/p>\n<p>Tutje, Sve\u00e7la tregoi se grupi terrorist, t\u00eb cilin e udh\u00ebhiqte Milan Radoji\u00e7iq, q\u00eb dyshohet edhe p\u00ebr dy vepra t\u00eb tjera penale n\u00eb Kosov\u00eb, kishte edhe uniforma t\u00eb KFOR-it.<\/p>\n<p><i>\u201cP\u00ebr k\u00ebt\u00eb neve kemi d\u00ebshmi edhe t\u00eb flet\u00ebpranimeve, flet\u00ebdor\u00ebzimeve t\u00eb k\u00ebtyre arm\u00ebve dhe dukeq\u00ebn\u00ebse ky plan p\u00ebrfshinte edhe nj\u00eb element jasht\u00ebzakonisht t\u00eb rreziksh\u00ebm ai ishte se disa nga veturat, nga 30 q\u00eb u fut\u00ebn n\u00eb Kosov\u00eb kishin stikers me shenj\u00ebn e KFOR-it , kishin edhe uniforma t\u00eb KFOR-it italian dhe kishin diku rreth 24 arm\u00eb me silenciator q\u00eb do t\u00eb thot\u00eb se ata ishin t\u00eb gatsh\u00ebm t\u00eb maskoheshin si pjes\u00ebtar\u00eb t\u00eb KFOR-it dhe t\u00eb ekzekutonin pjes\u00ebtar\u00ebt e policis\u00eb, me \u00e7\u2019rast tensioniet do t\u00eb rriteshin n\u00eb nj\u00eb pik\u00eb ku realisht nuk do t\u00eb dij se kush n\u00eb k\u00eb po shtie.\u201d<\/i> \u2013 shtoi Sve\u00e7la.<\/p>\n<p>Ministri i Pun\u00ebve t\u00eb Brendshme e dha edhe nj\u00eb paralajm\u00ebrim, duke th\u00ebn\u00eb se skenare t\u00eb tilla nuk p\u00ebrjashtohen se mund t\u00eb ndodhin s\u00ebrish.<\/p>\n<p><b><i>\u201cKy skenar nuk p\u00ebrjashtohet se do t\u00eb p\u00ebrs\u00ebritet<\/i><\/b><i>. Fatmir\u00ebsisht ata u ndan\u00eb jasht\u00ebzakonisht keq pas reagimit jasht\u00ebzakonisht profesional t\u00eb policis\u00eb s\u00eb Kosov\u00ebs dhe kjo i jep shpres\u00ebn se ata jan\u00eb d\u00ebmtuar aq sa mos t\u00eb provojn\u00eb s\u00ebrish, por Serbis\u00eb, Aleksand\u00ebr Vu\u00e7i\u00e7 dhe qeveris\u00eb s\u00eb tij nuk i zihet bes\u00eb asesi.\u201d<\/i> \u2013 deklaroi tutje Sve\u00e7la.<\/p>\n<p>&nbsp;<\/p>\n","protected":false},"excerpt":{"rendered":"<p>Xhelal Sve\u00e7la, minist\u00ebr i Pun\u00ebve t\u00eb Brendshme, ka vazhduar t\u00eb shpjegoj\u00eb sulmin terrorist t\u00eb ndodhur m\u00eb 24 shtator, ku n\u00eb detyr\u00eb ra nj\u00eb polic i Kosov\u00ebs dhe mbet\u00ebn t\u00eb vrar\u00eb tre terrorist. N\u00eb lidhje me k\u00ebt\u00eb tem\u00eb, ai s\u00eb fundmi ka dh\u00ebn\u00eb nj\u00eb intervist\u00eb n\u00eb televizioni \u201cSyri\u201d t\u00eb Shqip\u00ebris\u00eb, ku ka treguar se at\u00eb dit\u00eb [&hellip;]<\/p>\n","protected":false},"author":1,"featured_media":29286,"comment_status":"closed","ping_status":"closed","sticky":false,"template":"","format":"standard","meta":{"_monsterinsights_skip_tracking":false,"_monsterinsights_sitenote_active":false,"_monsterinsights_sitenote_note":"","_monsterinsights_sitenote_category":0,"_uf_show_specific_survey":0,"_uf_disable_surveys":false,"footnotes":""},"categories":[1146],"tags":[2400],"yoast_head":"<!-- This site is optimized with the Yoast SEO plugin v21.5 - https:\/\/yoast.com\/wordpress\/plugins\/seo\/ -->\n<title>\u201cSulmi terrorist n\u00eb Banjsk\u00eb mund t\u00eb p\u00ebrs\u00ebritet\u201d<\/title>\n<meta name=\"robots\" content=\"index, follow, max-snippet:-1, max-image-preview:large, max-video-preview:-1\" \/>\n<link rel=\"canonical\" href=\"https:\/\/permbledhja.com\/sq\/1sulmi-terrorist-ne-banjsk-mund-te-perseritet1\/\" \/>\n<meta property=\"og:locale\" content=\"sq_AL\" \/>\n<meta property=\"og:type\" content=\"article\" \/>\n<meta property=\"og:title\" content=\"\u201cSulmi terrorist n\u00eb Banjsk\u00eb mund t\u00eb p\u00ebrs\u00ebritet\u201d\" \/>\n<meta property=\"og:description\" content=\"Xhelal Sve\u00e7la, minist\u00ebr i Pun\u00ebve t\u00eb Brendshme, ka vazhduar t\u00eb shpjegoj\u00eb sulmin terrorist t\u00eb ndodhur m\u00eb 24 shtator, ku n\u00eb detyr\u00eb ra nj\u00eb polic i Kosov\u00ebs dhe mbet\u00ebn t\u00eb vrar\u00eb tre terrorist. N\u00eb lidhje me k\u00ebt\u00eb tem\u00eb, ai s\u00eb fundmi ka dh\u00ebn\u00eb nj\u00eb intervist\u00eb n\u00eb televizioni \u201cSyri\u201d t\u00eb Shqip\u00ebris\u00eb, ku ka treguar se at\u00eb dit\u00eb [&hellip;]\" \/>\n<meta property=\"og:url\" content=\"https:\/\/permbledhja.com\/sq\/1sulmi-terrorist-ne-banjsk-mund-te-perseritet1\/\" \/>\n<meta property=\"og:site_name\" content=\"Ve\u00e7 artikuj p\u00ebrmbledh\u00ebs\" \/>\n<meta property=\"article:publisher\" content=\"https:\/\/www.facebook.com\/press07\/\" \/>\n<meta property=\"article:author\" content=\"https:\/\/www.facebook.com\/kafexhiu.muharrem\/\" \/>\n<meta property=\"article:published_time\" content=\"2023-10-06T06:22:25+00:00\" \/>\n<meta property=\"article:modified_time\" content=\"2023-10-06T12:29:22+00:00\" \/>\n<meta property=\"og:image\" content=\"https:\/\/permbledhja.com\/wp-content\/uploads\/2023\/10\/banjske-600x360-1.jpg\" \/>\n\t<meta property=\"og:image:width\" content=\"600\" \/>\n\t<meta property=\"og:image:height\" content=\"360\" \/>\n\t<meta property=\"og:image:type\" content=\"image\/jpeg\" \/>\n<meta name=\"author\" content=\"P\u00ebrmbledhja\" \/>\n<meta name=\"twitter:card\" content=\"summary_large_image\" \/>\n<meta name=\"twitter:label1\" content=\"Written by\" \/>\n\t<meta name=\"twitter:data1\" content=\"P\u00ebrmbledhja\" \/>\n\t<meta name=\"twitter:label2\" content=\"Est. reading time\" \/>\n\t<meta name=\"twitter:data2\" content=\"2 minuta\" \/>\n<script type=\"application\/ld+json\" class=\"yoast-schema-graph\">{\"@context\":\"https:\/\/schema.org\",\"@graph\":[{\"@type\":\"Article\",\"@id\":\"https:\/\/permbledhja.com\/sq\/1sulmi-terrorist-ne-banjsk-mund-te-perseritet1\/#article\",\"isPartOf\":{\"@id\":\"https:\/\/permbledhja.com\/sq\/1sulmi-terrorist-ne-banjsk-mund-te-perseritet1\/\"},\"author\":{\"name\":\"P\u00ebrmbledhja\",\"@id\":\"https:\/\/permbledhja.com\/#\/schema\/person\/0d064377258d3221e50693947b9eb4fe\"},\"headline\":\"\u201cSulmi terrorist n\u00eb Banjsk\u00eb mund t\u00eb p\u00ebrs\u00ebritet\u201d\",\"datePublished\":\"2023-10-06T06:22:25+00:00\",\"dateModified\":\"2023-10-06T12:29:22+00:00\",\"mainEntityOfPage\":{\"@id\":\"https:\/\/permbledhja.com\/sq\/1sulmi-terrorist-ne-banjsk-mund-te-perseritet1\/\"},\"wordCount\":462,\"publisher\":{\"@id\":\"https:\/\/permbledhja.com\/#organization\"},\"keywords\":[\"Banjsk\u00eb\"],\"articleSection\":[\"Kryesoret\"],\"inLanguage\":\"sq\"},{\"@type\":\"WebPage\",\"@id\":\"https:\/\/permbledhja.com\/sq\/1sulmi-terrorist-ne-banjsk-mund-te-perseritet1\/\",\"url\":\"https:\/\/permbledhja.com\/sq\/1sulmi-terrorist-ne-banjsk-mund-te-perseritet1\/\",\"name\":\"\u201cSulmi terrorist n\u00eb Banjsk\u00eb mund t\u00eb p\u00ebrs\u00ebritet\u201d\",\"isPartOf\":{\"@id\":\"https:\/\/permbledhja.com\/#website\"},\"datePublished\":\"2023-10-06T06:22:25+00:00\",\"dateModified\":\"2023-10-06T12:29:22+00:00\",\"breadcrumb\":{\"@id\":\"https:\/\/permbledhja.com\/sq\/1sulmi-terrorist-ne-banjsk-mund-te-perseritet1\/#breadcrumb\"},\"inLanguage\":\"sq\",\"potentialAction\":[{\"@type\":\"ReadAction\",\"target\":[\"https:\/\/permbledhja.com\/sq\/1sulmi-terrorist-ne-banjsk-mund-te-perseritet1\/\"]}]},{\"@type\":\"BreadcrumbList\",\"@id\":\"https:\/\/permbledhja.com\/sq\/1sulmi-terrorist-ne-banjsk-mund-te-perseritet1\/#breadcrumb\",\"itemListElement\":[{\"@type\":\"ListItem\",\"position\":1,\"name\":\"Ballina\",\"item\":\"https:\/\/permbledhja.com\/sq\/\"},{\"@type\":\"ListItem\",\"position\":2,\"name\":\"\u201cSulmi terrorist n\u00eb Banjsk\u00eb mund t\u00eb p\u00ebrs\u00ebritet\u201d\"}]},{\"@type\":\"WebSite\",\"@id\":\"https:\/\/permbledhja.com\/#website\",\"url\":\"https:\/\/permbledhja.com\/\",\"name\":\"Ve\u00e7 artikuj p\u00ebrmbledh\u00ebs\",\"description\":\"\",\"publisher\":{\"@id\":\"https:\/\/permbledhja.com\/#organization\"},\"potentialAction\":[{\"@type\":\"SearchAction\",\"target\":{\"@type\":\"EntryPoint\",\"urlTemplate\":\"https:\/\/permbledhja.com\/?s={search_term_string}\"},\"query-input\":\"required name=search_term_string\"}],\"inLanguage\":\"sq\"},{\"@type\":\"Organization\",\"@id\":\"https:\/\/permbledhja.com\/#organization\",\"name\":\"MK Media & Pr\",\"url\":\"https:\/\/permbledhja.com\/\",\"logo\":{\"@type\":\"ImageObject\",\"inLanguage\":\"sq\",\"@id\":\"https:\/\/permbledhja.com\/#\/schema\/logo\/image\/\",\"url\":\"https:\/\/permbledhja.com\/wp-content\/uploads\/2021\/12\/07-Press-Logo.jpg\",\"contentUrl\":\"https:\/\/permbledhja.com\/wp-content\/uploads\/2021\/12\/07-Press-Logo.jpg\",\"width\":512,\"height\":512,\"caption\":\"MK Media & Pr\"},\"image\":{\"@id\":\"https:\/\/permbledhja.com\/#\/schema\/logo\/image\/\"},\"sameAs\":[\"https:\/\/www.facebook.com\/press07\/\"]},{\"@type\":\"Person\",\"@id\":\"https:\/\/permbledhja.com\/#\/schema\/person\/0d064377258d3221e50693947b9eb4fe\",\"name\":\"P\u00ebrmbledhja\",\"image\":{\"@type\":\"ImageObject\",\"inLanguage\":\"sq\",\"@id\":\"https:\/\/permbledhja.com\/#\/schema\/person\/image\/\",\"url\":\"https:\/\/permbledhja.com\/wp-content\/uploads\/2026\/01\/452004717_1040944174702970_8932037511805513407_n-96x96.jpg\",\"contentUrl\":\"https:\/\/permbledhja.com\/wp-content\/uploads\/2026\/01\/452004717_1040944174702970_8932037511805513407_n-96x96.jpg\",\"caption\":\"P\u00ebrmbledhja\"},\"sameAs\":[\"https:\/\/www.facebook.com\/kafexhiu.muharrem\/\",\"https:\/\/www.instagram.com\/muharrem_kafexhiu\/\"],\"url\":\"https:\/\/permbledhja.com\/sq\/author\/admin\/\"}]}<\/script>\n<!-- \/ Yoast SEO plugin. -->","yoast_head_json":{"title":"\u201cSulmi terrorist n\u00eb Banjsk\u00eb mund t\u00eb p\u00ebrs\u00ebritet\u201d","robots":{"index":"index","follow":"follow","max-snippet":"max-snippet:-1","max-image-preview":"max-image-preview:large","max-video-preview":"max-video-preview:-1"},"canonical":"https:\/\/permbledhja.com\/sq\/1sulmi-terrorist-ne-banjsk-mund-te-perseritet1\/","og_locale":"sq_AL","og_type":"article","og_title":"\u201cSulmi terrorist n\u00eb Banjsk\u00eb mund t\u00eb p\u00ebrs\u00ebritet\u201d","og_description":"Xhelal Sve\u00e7la, minist\u00ebr i Pun\u00ebve t\u00eb Brendshme, ka vazhduar t\u00eb shpjegoj\u00eb sulmin terrorist t\u00eb ndodhur m\u00eb 24 shtator, ku n\u00eb detyr\u00eb ra nj\u00eb polic i Kosov\u00ebs dhe mbet\u00ebn t\u00eb vrar\u00eb tre terrorist. N\u00eb lidhje me k\u00ebt\u00eb tem\u00eb, ai s\u00eb fundmi ka dh\u00ebn\u00eb nj\u00eb intervist\u00eb n\u00eb televizioni \u201cSyri\u201d t\u00eb Shqip\u00ebris\u00eb, ku ka treguar se at\u00eb dit\u00eb [&hellip;]","og_url":"https:\/\/permbledhja.com\/sq\/1sulmi-terrorist-ne-banjsk-mund-te-perseritet1\/","og_site_name":"Ve\u00e7 artikuj p\u00ebrmbledh\u00ebs","article_publisher":"https:\/\/www.facebook.com\/press07\/","article_author":"https:\/\/www.facebook.com\/kafexhiu.muharrem\/","article_published_time":"2023-10-06T06:22:25+00:00","article_modified_time":"2023-10-06T12:29:22+00:00","og_image":[{"width":600,"height":360,"url":"https:\/\/permbledhja.com\/wp-content\/uploads\/2023\/10\/banjske-600x360-1.jpg","type":"image\/jpeg"}],"author":"P\u00ebrmbledhja","twitter_card":"summary_large_image","twitter_misc":{"Written by":"P\u00ebrmbledhja","Est. reading time":"2 minuta"},"schema":{"@context":"https:\/\/schema.org","@graph":[{"@type":"Article","@id":"https:\/\/permbledhja.com\/sq\/1sulmi-terrorist-ne-banjsk-mund-te-perseritet1\/#article","isPartOf":{"@id":"https:\/\/permbledhja.com\/sq\/1sulmi-terrorist-ne-banjsk-mund-te-perseritet1\/"},"author":{"name":"P\u00ebrmbledhja","@id":"https:\/\/permbledhja.com\/#\/schema\/person\/0d064377258d3221e50693947b9eb4fe"},"headline":"\u201cSulmi terrorist n\u00eb Banjsk\u00eb mund t\u00eb p\u00ebrs\u00ebritet\u201d","datePublished":"2023-10-06T06:22:25+00:00","dateModified":"2023-10-06T12:29:22+00:00","mainEntityOfPage":{"@id":"https:\/\/permbledhja.com\/sq\/1sulmi-terrorist-ne-banjsk-mund-te-perseritet1\/"},"wordCount":462,"publisher":{"@id":"https:\/\/permbledhja.com\/#organization"},"keywords":["Banjsk\u00eb"],"articleSection":["Kryesoret"],"inLanguage":"sq"},{"@type":"WebPage","@id":"https:\/\/permbledhja.com\/sq\/1sulmi-terrorist-ne-banjsk-mund-te-perseritet1\/","url":"https:\/\/permbledhja.com\/sq\/1sulmi-terrorist-ne-banjsk-mund-te-perseritet1\/","name":"\u201cSulmi terrorist n\u00eb Banjsk\u00eb mund t\u00eb p\u00ebrs\u00ebritet\u201d","isPartOf":{"@id":"https:\/\/permbledhja.com\/#website"},"datePublished":"2023-10-06T06:22:25+00:00","dateModified":"2023-10-06T12:29:22+00:00","breadcrumb":{"@id":"https:\/\/permbledhja.com\/sq\/1sulmi-terrorist-ne-banjsk-mund-te-perseritet1\/#breadcrumb"},"inLanguage":"sq","potentialAction":[{"@type":"ReadAction","target":["https:\/\/permbledhja.com\/sq\/1sulmi-terrorist-ne-banjsk-mund-te-perseritet1\/"]}]},{"@type":"BreadcrumbList","@id":"https:\/\/permbledhja.com\/sq\/1sulmi-terrorist-ne-banjsk-mund-te-perseritet1\/#breadcrumb","itemListElement":[{"@type":"ListItem","position":1,"name":"Ballina","item":"https:\/\/permbledhja.com\/sq\/"},{"@type":"ListItem","position":2,"name":"\u201cSulmi terrorist n\u00eb Banjsk\u00eb mund t\u00eb p\u00ebrs\u00ebritet\u201d"}]},{"@type":"WebSite","@id":"https:\/\/permbledhja.com\/#website","url":"https:\/\/permbledhja.com\/","name":"Ve\u00e7 artikuj p\u00ebrmbledh\u00ebs","description":"","publisher":{"@id":"https:\/\/permbledhja.com\/#organization"},"potentialAction":[{"@type":"SearchAction","target":{"@type":"EntryPoint","urlTemplate":"https:\/\/permbledhja.com\/?s={search_term_string}"},"query-input":"required name=search_term_string"}],"inLanguage":"sq"},{"@type":"Organization","@id":"https:\/\/permbledhja.com\/#organization","name":"MK Media & Pr","url":"https:\/\/permbledhja.com\/","logo":{"@type":"ImageObject","inLanguage":"sq","@id":"https:\/\/permbledhja.com\/#\/schema\/logo\/image\/","url":"https:\/\/permbledhja.com\/wp-content\/uploads\/2021\/12\/07-Press-Logo.jpg","contentUrl":"https:\/\/permbledhja.com\/wp-content\/uploads\/2021\/12\/07-Press-Logo.jpg","width":512,"height":512,"caption":"MK Media & Pr"},"image":{"@id":"https:\/\/permbledhja.com\/#\/schema\/logo\/image\/"},"sameAs":["https:\/\/www.facebook.com\/press07\/"]},{"@type":"Person","@id":"https:\/\/permbledhja.com\/#\/schema\/person\/0d064377258d3221e50693947b9eb4fe","name":"P\u00ebrmbledhja","image":{"@type":"ImageObject","inLanguage":"sq","@id":"https:\/\/permbledhja.com\/#\/schema\/person\/image\/","url":"https:\/\/permbledhja.com\/wp-content\/uploads\/2026\/01\/452004717_1040944174702970_8932037511805513407_n-96x96.jpg","contentUrl":"https:\/\/permbledhja.com\/wp-content\/uploads\/2026\/01\/452004717_1040944174702970_8932037511805513407_n-96x96.jpg","caption":"P\u00ebrmbledhja"},"sameAs":["https:\/\/www.facebook.com\/kafexhiu.muharrem\/","https:\/\/www.instagram.com\/muharrem_kafexhiu\/"],"url":"https:\/\/permbledhja.com\/sq\/author\/admin\/"}]}},"_links":{"self":[{"href":"https:\/\/permbledhja.com\/sq\/wp-json\/wp\/v2\/posts\/30009"}],"collection":[{"href":"https:\/\/permbledhja.com\/sq\/wp-json\/wp\/v2\/posts"}],"about":[{"href":"https:\/\/permbledhja.com\/sq\/wp-json\/wp\/v2\/types\/post"}],"author":[{"embeddable":true,"href":"https:\/\/permbledhja.com\/sq\/wp-json\/wp\/v2\/users\/1"}],"replies":[{"embeddable":true,"href":"https:\/\/permbledhja.com\/sq\/wp-json\/wp\/v2\/comments?post=30009"}],"version-history":[{"count":2,"href":"https:\/\/permbledhja.com\/sq\/wp-json\/wp\/v2\/posts\/30009\/revisions"}],"predecessor-version":[{"id":30013,"href":"https:\/\/permbledhja.com\/sq\/wp-json\/wp\/v2\/posts\/30009\/revisions\/30013"}],"wp:featuredmedia":[{"embeddable":true,"href":"https:\/\/permbledhja.com\/sq\/wp-json\/wp\/v2\/media\/29286"}],"wp:attachment":[{"href":"https:\/\/permbledhja.com\/sq\/wp-json\/wp\/v2\/media?parent=30009"}],"wp:term":[{"taxonomy":"category","embeddable":true,"href":"https:\/\/permbledhja.com\/sq\/wp-json\/wp\/v2\/categories?post=30009"},{"taxonomy":"post_tag","embeddable":true,"href":"https:\/\/permbledhja.com\/sq\/wp-json\/wp\/v2\/tags?post=30009"}],"curies":[{"name":"wp","href":"https:\/\/api.w.org\/{rel}","templated":true}]}}