{"id":29997,"date":"2023-10-05T21:23:16","date_gmt":"2023-10-05T21:23:16","guid":{"rendered":"https:\/\/permbledhja.com\/?p=29997"},"modified":"2023-10-05T21:23:16","modified_gmt":"2023-10-05T21:23:16","slug":"zoran-vulletiq-ekstradimi-i-radoiciqit-ne-kosove-ne-interes-te-se-vertetes","status":"publish","type":"post","link":"https:\/\/permbledhja.com\/sq\/zoran-vulletiq-ekstradimi-i-radoiciqit-ne-kosove-ne-interes-te-se-vertetes\/","title":{"rendered":"Zoran Vulletiq: Ekstradimi i Radoi\u00e7iqit n\u00eb Kosov\u00eb, n\u00eb interes t\u00eb s\u00eb v\u00ebrtet\u00ebs"},"content":{"rendered":"<p><strong>Zoran Vulletiq, nga Forumi Demokratik Qytetar ka th\u00ebn\u00eb se ekstradimin e Millan Radoj\u00e7iqit n\u00eb Kosov\u00eb ka qen\u00eb n\u00eb interesin m\u00eb t\u00eb mir\u00eb t\u00eb Serbis\u00eb, t\u00eb Kosov\u00ebs e, mbi t\u00eb gjitha, t\u00eb v\u00ebrtet\u00ebs.<\/strong><\/p>\n<p>\u201cPor p\u00ebr nj\u00eb vendim t\u00eb till\u00eb m\u00eb s\u00eb shumti varet nga politika e cila na ka sjell\u00eb n\u00eb k\u00ebt\u00eb situat\u00eb dhe \u00ebsht\u00eb e vetmja q\u00eb mund t\u00eb na nxjerr\u00eb nga kjo situat\u00eb tragjike\u201d, ka deklaruar Vulletiq n\u00eb \u201cLajmet e fundit\u201d, n\u00eb RTK, teksa sqaroi se ky vendim do t\u00eb ishte m\u00eb e mira n\u00eb p\u00ebrmir\u00ebsimin e gjendjes dhe t\u00eb raporteve mes Kosov\u00ebs e Serbis\u00eb.<\/p>\n<p>Ai m\u00eb tej sqaroi se nga nj\u00eb veprim i till\u00eb \u00ebsht\u00eb bazuar nga vet\u00eb deklarimi i Radoj\u00e7iqit, sipas t\u00eb cilit vet\u00eb ka qen\u00eb organizator i t\u00eb gjitha veprimeve n\u00eb Kosov\u00eb.<\/p>\n<p>Vulletiq, theksoi se\u201d meq\u00eb veprimi ishte kryer n\u00eb Kosov\u00eb, at\u00ebher\u00eb sipas ligjeve t\u00eb Serbis\u00eb p\u00ebrgjegj\u00ebsia i takon gjykatave t\u00eb Kosov\u00ebs ta trajtojn\u00eb k\u00ebt\u00eb vep\u00ebr\u201d.<\/p>\n<p>Tutje, Vulletiq sqaroi se n\u00eb aspektin politik, nj\u00eb veprim i prokuroris\u00eb serbe \u00ebsht\u00eb nj\u00eb vendim q\u00eb do ta \u00e7oj\u00eb Serbin\u00eb n\u00eb rrug\u00eb qorre n\u00eb raport me vendet e BE-s\u00eb, derisa shtoi se formimi i organizatave paraushtarake nuk \u00ebsht\u00eb e mundur t\u00eb krijohen pa dijen e njohurin\u00eb e organeve shtet\u00ebrore.<\/p>\n<p>M\u00eb tej, Vulletiq theksoi se sulmi 24 shtatorit ishte nj\u00eb skenar i p\u00ebrgatitur n\u00eb Beograd edhe n\u00eb bashk\u00ebpunim me sh\u00ebrbimin rus.<\/p>\n","protected":false},"excerpt":{"rendered":"<p>Zoran Vulletiq, nga Forumi Demokratik Qytetar ka th\u00ebn\u00eb se ekstradimin e Millan Radoj\u00e7iqit n\u00eb Kosov\u00eb ka qen\u00eb n\u00eb interesin m\u00eb t\u00eb mir\u00eb t\u00eb Serbis\u00eb, t\u00eb Kosov\u00ebs e, mbi t\u00eb gjitha, t\u00eb v\u00ebrtet\u00ebs. \u201cPor p\u00ebr nj\u00eb vendim t\u00eb till\u00eb m\u00eb s\u00eb shumti varet nga politika e cila na ka sjell\u00eb n\u00eb k\u00ebt\u00eb situat\u00eb dhe \u00ebsht\u00eb e [&hellip;]<\/p>\n","protected":false},"author":1,"featured_media":29998,"comment_status":"closed","ping_status":"closed","sticky":false,"template":"","format":"standard","meta":{"_monsterinsights_skip_tracking":false,"_monsterinsights_sitenote_active":false,"_monsterinsights_sitenote_note":"","_monsterinsights_sitenote_category":0,"_uf_show_specific_survey":0,"_uf_disable_surveys":false,"footnotes":""},"categories":[23,15],"tags":[2463],"yoast_head":"<!-- This site is optimized with the Yoast SEO plugin v21.5 - https:\/\/yoast.com\/wordpress\/plugins\/seo\/ -->\n<title>Zoran Vulletiq: Ekstradimi i Radoi\u00e7iqit n\u00eb Kosov\u00eb, n\u00eb interes t\u00eb s\u00eb v\u00ebrtet\u00ebs<\/title>\n<meta name=\"robots\" content=\"index, follow, max-snippet:-1, max-image-preview:large, max-video-preview:-1\" \/>\n<link rel=\"canonical\" href=\"https:\/\/permbledhja.com\/sq\/zoran-vulletiq-ekstradimi-i-radoiciqit-ne-kosove-ne-interes-te-se-vertetes\/\" \/>\n<meta property=\"og:locale\" content=\"sq_AL\" \/>\n<meta property=\"og:type\" content=\"article\" \/>\n<meta property=\"og:title\" content=\"Zoran Vulletiq: Ekstradimi i Radoi\u00e7iqit n\u00eb Kosov\u00eb, n\u00eb interes t\u00eb s\u00eb v\u00ebrtet\u00ebs\" \/>\n<meta property=\"og:description\" content=\"Zoran Vulletiq, nga Forumi Demokratik Qytetar ka th\u00ebn\u00eb se ekstradimin e Millan Radoj\u00e7iqit n\u00eb Kosov\u00eb ka qen\u00eb n\u00eb interesin m\u00eb t\u00eb mir\u00eb t\u00eb Serbis\u00eb, t\u00eb Kosov\u00ebs e, mbi t\u00eb gjitha, t\u00eb v\u00ebrtet\u00ebs. \u201cPor p\u00ebr nj\u00eb vendim t\u00eb till\u00eb m\u00eb s\u00eb shumti varet nga politika e cila na ka sjell\u00eb n\u00eb k\u00ebt\u00eb situat\u00eb dhe \u00ebsht\u00eb e [&hellip;]\" \/>\n<meta property=\"og:url\" content=\"https:\/\/permbledhja.com\/sq\/zoran-vulletiq-ekstradimi-i-radoiciqit-ne-kosove-ne-interes-te-se-vertetes\/\" \/>\n<meta property=\"og:site_name\" content=\"Ve\u00e7 artikuj p\u00ebrmbledh\u00ebs\" \/>\n<meta property=\"article:publisher\" content=\"https:\/\/www.facebook.com\/press07\/\" \/>\n<meta property=\"article:author\" content=\"https:\/\/www.facebook.com\/kafexhiu.muharrem\/\" \/>\n<meta property=\"article:published_time\" content=\"2023-10-05T21:23:16+00:00\" \/>\n<meta property=\"og:image\" content=\"https:\/\/permbledhja.com\/wp-content\/uploads\/2023\/10\/CD6F7B3E-4E56-4155-B314-28C4E3455AAB.jpeg\" \/>\n\t<meta property=\"og:image:width\" content=\"1071\" \/>\n\t<meta property=\"og:image:height\" content=\"775\" \/>\n\t<meta property=\"og:image:type\" content=\"image\/jpeg\" \/>\n<meta name=\"author\" content=\"P\u00ebrmbledhja\" \/>\n<meta name=\"twitter:card\" content=\"summary_large_image\" \/>\n<meta name=\"twitter:label1\" content=\"Written by\" \/>\n\t<meta name=\"twitter:data1\" content=\"P\u00ebrmbledhja\" \/>\n\t<meta name=\"twitter:label2\" content=\"Est. reading time\" \/>\n\t<meta name=\"twitter:data2\" content=\"1 minut\u00eb\" \/>\n<script type=\"application\/ld+json\" class=\"yoast-schema-graph\">{\"@context\":\"https:\/\/schema.org\",\"@graph\":[{\"@type\":\"Article\",\"@id\":\"https:\/\/permbledhja.com\/sq\/zoran-vulletiq-ekstradimi-i-radoiciqit-ne-kosove-ne-interes-te-se-vertetes\/#article\",\"isPartOf\":{\"@id\":\"https:\/\/permbledhja.com\/sq\/zoran-vulletiq-ekstradimi-i-radoiciqit-ne-kosove-ne-interes-te-se-vertetes\/\"},\"author\":{\"name\":\"P\u00ebrmbledhja\",\"@id\":\"https:\/\/permbledhja.com\/#\/schema\/person\/0d064377258d3221e50693947b9eb4fe\"},\"headline\":\"Zoran Vulletiq: Ekstradimi i Radoi\u00e7iqit n\u00eb Kosov\u00eb, n\u00eb interes t\u00eb s\u00eb v\u00ebrtet\u00ebs\",\"datePublished\":\"2023-10-05T21:23:16+00:00\",\"dateModified\":\"2023-10-05T21:23:16+00:00\",\"mainEntityOfPage\":{\"@id\":\"https:\/\/permbledhja.com\/sq\/zoran-vulletiq-ekstradimi-i-radoiciqit-ne-kosove-ne-interes-te-se-vertetes\/\"},\"wordCount\":255,\"publisher\":{\"@id\":\"https:\/\/permbledhja.com\/#organization\"},\"keywords\":[\"Zoran Vulletiq\"],\"articleSection\":[\"Komb\u00ebtare\",\"Lajme\"],\"inLanguage\":\"sq\"},{\"@type\":\"WebPage\",\"@id\":\"https:\/\/permbledhja.com\/sq\/zoran-vulletiq-ekstradimi-i-radoiciqit-ne-kosove-ne-interes-te-se-vertetes\/\",\"url\":\"https:\/\/permbledhja.com\/sq\/zoran-vulletiq-ekstradimi-i-radoiciqit-ne-kosove-ne-interes-te-se-vertetes\/\",\"name\":\"Zoran Vulletiq: Ekstradimi i Radoi\u00e7iqit n\u00eb Kosov\u00eb, n\u00eb interes t\u00eb s\u00eb v\u00ebrtet\u00ebs\",\"isPartOf\":{\"@id\":\"https:\/\/permbledhja.com\/#website\"},\"datePublished\":\"2023-10-05T21:23:16+00:00\",\"dateModified\":\"2023-10-05T21:23:16+00:00\",\"breadcrumb\":{\"@id\":\"https:\/\/permbledhja.com\/sq\/zoran-vulletiq-ekstradimi-i-radoiciqit-ne-kosove-ne-interes-te-se-vertetes\/#breadcrumb\"},\"inLanguage\":\"sq\",\"potentialAction\":[{\"@type\":\"ReadAction\",\"target\":[\"https:\/\/permbledhja.com\/sq\/zoran-vulletiq-ekstradimi-i-radoiciqit-ne-kosove-ne-interes-te-se-vertetes\/\"]}]},{\"@type\":\"BreadcrumbList\",\"@id\":\"https:\/\/permbledhja.com\/sq\/zoran-vulletiq-ekstradimi-i-radoiciqit-ne-kosove-ne-interes-te-se-vertetes\/#breadcrumb\",\"itemListElement\":[{\"@type\":\"ListItem\",\"position\":1,\"name\":\"Ballina\",\"item\":\"https:\/\/permbledhja.com\/sq\/\"},{\"@type\":\"ListItem\",\"position\":2,\"name\":\"Zoran Vulletiq: Ekstradimi i Radoi\u00e7iqit n\u00eb Kosov\u00eb, n\u00eb interes t\u00eb s\u00eb v\u00ebrtet\u00ebs\"}]},{\"@type\":\"WebSite\",\"@id\":\"https:\/\/permbledhja.com\/#website\",\"url\":\"https:\/\/permbledhja.com\/\",\"name\":\"Ve\u00e7 artikuj p\u00ebrmbledh\u00ebs\",\"description\":\"\",\"publisher\":{\"@id\":\"https:\/\/permbledhja.com\/#organization\"},\"potentialAction\":[{\"@type\":\"SearchAction\",\"target\":{\"@type\":\"EntryPoint\",\"urlTemplate\":\"https:\/\/permbledhja.com\/?s={search_term_string}\"},\"query-input\":\"required name=search_term_string\"}],\"inLanguage\":\"sq\"},{\"@type\":\"Organization\",\"@id\":\"https:\/\/permbledhja.com\/#organization\",\"name\":\"MK Media & Pr\",\"url\":\"https:\/\/permbledhja.com\/\",\"logo\":{\"@type\":\"ImageObject\",\"inLanguage\":\"sq\",\"@id\":\"https:\/\/permbledhja.com\/#\/schema\/logo\/image\/\",\"url\":\"https:\/\/permbledhja.com\/wp-content\/uploads\/2021\/12\/07-Press-Logo.jpg\",\"contentUrl\":\"https:\/\/permbledhja.com\/wp-content\/uploads\/2021\/12\/07-Press-Logo.jpg\",\"width\":512,\"height\":512,\"caption\":\"MK Media & Pr\"},\"image\":{\"@id\":\"https:\/\/permbledhja.com\/#\/schema\/logo\/image\/\"},\"sameAs\":[\"https:\/\/www.facebook.com\/press07\/\"]},{\"@type\":\"Person\",\"@id\":\"https:\/\/permbledhja.com\/#\/schema\/person\/0d064377258d3221e50693947b9eb4fe\",\"name\":\"P\u00ebrmbledhja\",\"image\":{\"@type\":\"ImageObject\",\"inLanguage\":\"sq\",\"@id\":\"https:\/\/permbledhja.com\/#\/schema\/person\/image\/\",\"url\":\"https:\/\/permbledhja.com\/wp-content\/uploads\/2026\/01\/452004717_1040944174702970_8932037511805513407_n-96x96.jpg\",\"contentUrl\":\"https:\/\/permbledhja.com\/wp-content\/uploads\/2026\/01\/452004717_1040944174702970_8932037511805513407_n-96x96.jpg\",\"caption\":\"P\u00ebrmbledhja\"},\"sameAs\":[\"https:\/\/www.facebook.com\/kafexhiu.muharrem\/\",\"https:\/\/www.instagram.com\/muharrem_kafexhiu\/\"],\"url\":\"https:\/\/permbledhja.com\/sq\/author\/admin\/\"}]}<\/script>\n<!-- \/ Yoast SEO plugin. -->","yoast_head_json":{"title":"Zoran Vulletiq: Ekstradimi i Radoi\u00e7iqit n\u00eb Kosov\u00eb, n\u00eb interes t\u00eb s\u00eb v\u00ebrtet\u00ebs","robots":{"index":"index","follow":"follow","max-snippet":"max-snippet:-1","max-image-preview":"max-image-preview:large","max-video-preview":"max-video-preview:-1"},"canonical":"https:\/\/permbledhja.com\/sq\/zoran-vulletiq-ekstradimi-i-radoiciqit-ne-kosove-ne-interes-te-se-vertetes\/","og_locale":"sq_AL","og_type":"article","og_title":"Zoran Vulletiq: Ekstradimi i Radoi\u00e7iqit n\u00eb Kosov\u00eb, n\u00eb interes t\u00eb s\u00eb v\u00ebrtet\u00ebs","og_description":"Zoran Vulletiq, nga Forumi Demokratik Qytetar ka th\u00ebn\u00eb se ekstradimin e Millan Radoj\u00e7iqit n\u00eb Kosov\u00eb ka qen\u00eb n\u00eb interesin m\u00eb t\u00eb mir\u00eb t\u00eb Serbis\u00eb, t\u00eb Kosov\u00ebs e, mbi t\u00eb gjitha, t\u00eb v\u00ebrtet\u00ebs. \u201cPor p\u00ebr nj\u00eb vendim t\u00eb till\u00eb m\u00eb s\u00eb shumti varet nga politika e cila na ka sjell\u00eb n\u00eb k\u00ebt\u00eb situat\u00eb dhe \u00ebsht\u00eb e [&hellip;]","og_url":"https:\/\/permbledhja.com\/sq\/zoran-vulletiq-ekstradimi-i-radoiciqit-ne-kosove-ne-interes-te-se-vertetes\/","og_site_name":"Ve\u00e7 artikuj p\u00ebrmbledh\u00ebs","article_publisher":"https:\/\/www.facebook.com\/press07\/","article_author":"https:\/\/www.facebook.com\/kafexhiu.muharrem\/","article_published_time":"2023-10-05T21:23:16+00:00","og_image":[{"width":1071,"height":775,"url":"https:\/\/permbledhja.com\/wp-content\/uploads\/2023\/10\/CD6F7B3E-4E56-4155-B314-28C4E3455AAB.jpeg","type":"image\/jpeg"}],"author":"P\u00ebrmbledhja","twitter_card":"summary_large_image","twitter_misc":{"Written by":"P\u00ebrmbledhja","Est. reading time":"1 minut\u00eb"},"schema":{"@context":"https:\/\/schema.org","@graph":[{"@type":"Article","@id":"https:\/\/permbledhja.com\/sq\/zoran-vulletiq-ekstradimi-i-radoiciqit-ne-kosove-ne-interes-te-se-vertetes\/#article","isPartOf":{"@id":"https:\/\/permbledhja.com\/sq\/zoran-vulletiq-ekstradimi-i-radoiciqit-ne-kosove-ne-interes-te-se-vertetes\/"},"author":{"name":"P\u00ebrmbledhja","@id":"https:\/\/permbledhja.com\/#\/schema\/person\/0d064377258d3221e50693947b9eb4fe"},"headline":"Zoran Vulletiq: Ekstradimi i Radoi\u00e7iqit n\u00eb Kosov\u00eb, n\u00eb interes t\u00eb s\u00eb v\u00ebrtet\u00ebs","datePublished":"2023-10-05T21:23:16+00:00","dateModified":"2023-10-05T21:23:16+00:00","mainEntityOfPage":{"@id":"https:\/\/permbledhja.com\/sq\/zoran-vulletiq-ekstradimi-i-radoiciqit-ne-kosove-ne-interes-te-se-vertetes\/"},"wordCount":255,"publisher":{"@id":"https:\/\/permbledhja.com\/#organization"},"keywords":["Zoran Vulletiq"],"articleSection":["Komb\u00ebtare","Lajme"],"inLanguage":"sq"},{"@type":"WebPage","@id":"https:\/\/permbledhja.com\/sq\/zoran-vulletiq-ekstradimi-i-radoiciqit-ne-kosove-ne-interes-te-se-vertetes\/","url":"https:\/\/permbledhja.com\/sq\/zoran-vulletiq-ekstradimi-i-radoiciqit-ne-kosove-ne-interes-te-se-vertetes\/","name":"Zoran Vulletiq: Ekstradimi i Radoi\u00e7iqit n\u00eb Kosov\u00eb, n\u00eb interes t\u00eb s\u00eb v\u00ebrtet\u00ebs","isPartOf":{"@id":"https:\/\/permbledhja.com\/#website"},"datePublished":"2023-10-05T21:23:16+00:00","dateModified":"2023-10-05T21:23:16+00:00","breadcrumb":{"@id":"https:\/\/permbledhja.com\/sq\/zoran-vulletiq-ekstradimi-i-radoiciqit-ne-kosove-ne-interes-te-se-vertetes\/#breadcrumb"},"inLanguage":"sq","potentialAction":[{"@type":"ReadAction","target":["https:\/\/permbledhja.com\/sq\/zoran-vulletiq-ekstradimi-i-radoiciqit-ne-kosove-ne-interes-te-se-vertetes\/"]}]},{"@type":"BreadcrumbList","@id":"https:\/\/permbledhja.com\/sq\/zoran-vulletiq-ekstradimi-i-radoiciqit-ne-kosove-ne-interes-te-se-vertetes\/#breadcrumb","itemListElement":[{"@type":"ListItem","position":1,"name":"Ballina","item":"https:\/\/permbledhja.com\/sq\/"},{"@type":"ListItem","position":2,"name":"Zoran Vulletiq: Ekstradimi i Radoi\u00e7iqit n\u00eb Kosov\u00eb, n\u00eb interes t\u00eb s\u00eb v\u00ebrtet\u00ebs"}]},{"@type":"WebSite","@id":"https:\/\/permbledhja.com\/#website","url":"https:\/\/permbledhja.com\/","name":"Ve\u00e7 artikuj p\u00ebrmbledh\u00ebs","description":"","publisher":{"@id":"https:\/\/permbledhja.com\/#organization"},"potentialAction":[{"@type":"SearchAction","target":{"@type":"EntryPoint","urlTemplate":"https:\/\/permbledhja.com\/?s={search_term_string}"},"query-input":"required name=search_term_string"}],"inLanguage":"sq"},{"@type":"Organization","@id":"https:\/\/permbledhja.com\/#organization","name":"MK Media & Pr","url":"https:\/\/permbledhja.com\/","logo":{"@type":"ImageObject","inLanguage":"sq","@id":"https:\/\/permbledhja.com\/#\/schema\/logo\/image\/","url":"https:\/\/permbledhja.com\/wp-content\/uploads\/2021\/12\/07-Press-Logo.jpg","contentUrl":"https:\/\/permbledhja.com\/wp-content\/uploads\/2021\/12\/07-Press-Logo.jpg","width":512,"height":512,"caption":"MK Media & Pr"},"image":{"@id":"https:\/\/permbledhja.com\/#\/schema\/logo\/image\/"},"sameAs":["https:\/\/www.facebook.com\/press07\/"]},{"@type":"Person","@id":"https:\/\/permbledhja.com\/#\/schema\/person\/0d064377258d3221e50693947b9eb4fe","name":"P\u00ebrmbledhja","image":{"@type":"ImageObject","inLanguage":"sq","@id":"https:\/\/permbledhja.com\/#\/schema\/person\/image\/","url":"https:\/\/permbledhja.com\/wp-content\/uploads\/2026\/01\/452004717_1040944174702970_8932037511805513407_n-96x96.jpg","contentUrl":"https:\/\/permbledhja.com\/wp-content\/uploads\/2026\/01\/452004717_1040944174702970_8932037511805513407_n-96x96.jpg","caption":"P\u00ebrmbledhja"},"sameAs":["https:\/\/www.facebook.com\/kafexhiu.muharrem\/","https:\/\/www.instagram.com\/muharrem_kafexhiu\/"],"url":"https:\/\/permbledhja.com\/sq\/author\/admin\/"}]}},"_links":{"self":[{"href":"https:\/\/permbledhja.com\/sq\/wp-json\/wp\/v2\/posts\/29997"}],"collection":[{"href":"https:\/\/permbledhja.com\/sq\/wp-json\/wp\/v2\/posts"}],"about":[{"href":"https:\/\/permbledhja.com\/sq\/wp-json\/wp\/v2\/types\/post"}],"author":[{"embeddable":true,"href":"https:\/\/permbledhja.com\/sq\/wp-json\/wp\/v2\/users\/1"}],"replies":[{"embeddable":true,"href":"https:\/\/permbledhja.com\/sq\/wp-json\/wp\/v2\/comments?post=29997"}],"version-history":[{"count":1,"href":"https:\/\/permbledhja.com\/sq\/wp-json\/wp\/v2\/posts\/29997\/revisions"}],"predecessor-version":[{"id":29999,"href":"https:\/\/permbledhja.com\/sq\/wp-json\/wp\/v2\/posts\/29997\/revisions\/29999"}],"wp:featuredmedia":[{"embeddable":true,"href":"https:\/\/permbledhja.com\/sq\/wp-json\/wp\/v2\/media\/29998"}],"wp:attachment":[{"href":"https:\/\/permbledhja.com\/sq\/wp-json\/wp\/v2\/media?parent=29997"}],"wp:term":[{"taxonomy":"category","embeddable":true,"href":"https:\/\/permbledhja.com\/sq\/wp-json\/wp\/v2\/categories?post=29997"},{"taxonomy":"post_tag","embeddable":true,"href":"https:\/\/permbledhja.com\/sq\/wp-json\/wp\/v2\/tags?post=29997"}],"curies":[{"name":"wp","href":"https:\/\/api.w.org\/{rel}","templated":true}]}}